{"id":18054,"date":"2009-04-16T23:15:46","date_gmt":"2009-04-16T21:15:46","guid":{"rendered":"http:\/\/www.visit-ulcinj.com\/blog\/?p=18054"},"modified":"2009-04-16T23:15:46","modified_gmt":"2009-04-16T21:15:46","slug":"arjani-komplekset-po-na-marrin-frymen","status":"publish","type":"post","link":"https:\/\/www.visit-ulcinj.com\/blog\/2009\/04\/16\/arjani-komplekset-po-na-marrin-frymen\/","title":{"rendered":"Arjani : Komplekset po na marrin frym\u00ebn"},"content":{"rendered":"<p><em><span class=\"newsdate\"><a href=\"http:\/\/www.visit-ulcinj.com\/blog\/wp-content\/uploads\/2009\/04\/arjani-debaton-me-adelen.jpg\"><img loading=\"lazy\" class=\"alignleft size-full wp-image-18055\" title=\"arjani-debaton-me-adelen-big-brother-albania-2\" src=\"http:\/\/www.visit-ulcinj.com\/blog\/wp-content\/uploads\/2009\/04\/arjani-debaton-me-adelen.jpg\" alt=\"arjani-debaton-me-adelen-big-brother-albania-2\" width=\"300\" height=\"205\" \/><\/a>14\/04\/09 01:45<\/span><\/em><\/p>\n<p>Adelajda, Arjani, Adi, Mimoza, Qetsori, Anjeza dhe Bjordi kan\u00eb qen\u00eb duke biseduar n\u00eb dhom\u00ebn e gjumit. Diskutimi \u00ebsht\u00eb zhvilluar rreth ish-banor\u00ebve t\u00eb sht\u00ebpis\u00eb e kryesisht rreth Mesid\u00ebs e Lirit\u00ebs, p\u00ebrsa u p\u00ebrkiste pozicionimeve ose jo pozicionimeve t\u00eb tyre n\u00eb loj\u00eb dhe opinioneve t\u00eb banor\u00ebve lidhur me k\u00ebt\u00eb. M\u00eb pas ata e kan\u00eb krahasuar veten me konkurent\u00ebt e Big Brother 1. \u201cK\u00ebtu \u00ebsht\u00eb plot me komplekse q\u00eb po na marrin frym\u00ebn!\u201d- ka th\u00ebn\u00eb Arjani. \u201cS\u2019kam \u00e7\u2019t\u00eb b\u00ebj. Un\u00eb k\u00ebshtu jam dhe pik\u00eb!\u201d \u2013 ka th\u00ebn\u00eb Adelajda. Adi i ka th\u00ebn\u00eb se ajo duhet ta mbronte kompleksitetin e vet. Adelajda e ka pyetur Arjanin se ku i shihte ai komplekset e saj dhe ai i \u00ebsht\u00eb p\u00ebrgjigjur se nisnin q\u00eb tek refuzimi i saj p\u00ebr t\u00eb dal\u00eb me rroba banje. Adelajda i ka th\u00ebn\u00eb se m\u00eb k\u00ebto komplekse ajo nuk i b\u00ebnte d\u00ebm askujt, p\u00ebrvec vetes. Arjani ka shtuar nuk i p\u00eblqente aspak, madje sipas tij, ishte acarues edhe pozicioni i saj \u201ct\u00ebrhiq e mos e k\u00ebput\u201d dhe p\u00ebr k\u00ebt\u00eb b\u00ebnte fajtor Bjordin. Adela ka shpjeguar se ndjehej mir\u00eb me Bjordin, ashtu sic ishin dhe s\u2019kishte nevoj\u00eb as t\u00eb puthej e as t\u00eb flinte n\u00eb nj\u00eb krevat. \u201cPse duhet ta puth un\u00eb se doni ju!\u201d \u2013 ka th\u00ebn\u00eb Adela dhe ka shtuar se edhe Bjordi ndihej me t\u00eb, po aq mir\u00eb sa ajo me Bjordin. \u201cMua ky m\u00eb ka th\u00ebn\u00eb tjet\u00ebr gj\u00eb!\u201d- ia ka kthyer Arjani Adelajdes q\u00eb n\u00eb fillim ka heshtur pastaj ka th\u00ebn\u00eb se Bjordi mund t\u00eb mendonte \u00e7\u2019t\u00eb donte. \u201cMos rreziko me gj\u00ebra t\u00eb pav\u00ebrteta!\u201d \u2013 i ka th\u00ebn\u00eb Adi Arjanit. Ky i fundit ka th\u00ebn\u00eb se nuk ishin aspak t\u00eb pav\u00ebrteta dhe ka shtuar se nj\u00eb marr\u00ebdh\u00ebnie si t\u00eb tyren, nuk e kishte par\u00eb asnj\u00ebher\u00eb. Adela e ka kund\u00ebrshtuar duke i th\u00ebn\u00eb se nuk duhet t\u00eb kishte detyrimisht nj\u00eb shembull tjet\u00ebr, q\u00eb marr\u00ebdh\u00ebnia e tyre t\u00eb quhej normale. \u201cKur t\u00eb dalim q\u00eb k\u00ebtu, do ta kuptosh se e ke ti gabim!\u201d \u2013 i ka th\u00ebn\u00eb Arjani. \u201cUn\u00eb mund ta kem gabim, por un\u00eb k\u00ebshtu e ndjej!- ka th\u00ebn\u00eb Adelajda, &#8211; p\u00ebr mua puthja \u00ebsht\u00eb shum\u00eb intime.\u201d Arjani i ka th\u00ebn\u00eb se m\u00eb intime ishin prekjet q\u00eb ata i b\u00ebnin nj\u00ebri-tjetrit, apo m\u00ebnyra sesi rrinin bashk\u00eb, sesa nj\u00eb puthje. \u201cTi sheh at\u00eb q\u00eb do t\u00eb shoh\u00ebsh!\u201d- i \u00ebsht\u00eb p\u00ebrgjigjur Adela. \u201cUn\u00eb shoh at\u00eb q\u00eb duket!\u201d \u2013 i ka th\u00ebn\u00eb Arjani. \u201cOse ju po luani dhe po luani fuqish\u00ebm!\u201d \u2013 ka shtuar ai m\u00eb pas.<br \/>\n\u201cNejse, faleminderit q\u00eb ma the!\u201d \u2013 i ka th\u00ebn\u00eb Adela duke shtuar se e vler\u00ebsonte v\u00ebrtet shum\u00eb faktin q\u00eb ai ia tha mendimin e tij hapur. Debati q\u00eb nj\u00eb moment u duk sikur u shua, rifilloi p\u00ebrs\u00ebri me p\u00ebrfshirjen n\u00eb t\u00eb edhe t\u00eb banor\u00ebve t\u00eb tjer\u00eb. Aida tha se edhe ajo e kishte ndjer\u00eb ekzistenc\u00ebn e k\u00ebtyre komplekseve, madje n\u00eb at\u00eb shkall\u00eb sa e kishin kompleksuar edhe at\u00eb vet. Duke ndryr\u00eb Adi tha se ishte ai q\u00eb e kishte b\u00ebr\u00eb gabim pyetjen fillestare, q\u00eb nxiti gjith\u00eb debatin dhe donte ta rregullonte, prandaj e formuloi ndryshe: \u201cKush \u00ebsht\u00eb m\u00eb i ndjekur Big Brother 1 apo Big Brother 2?\u201d. Arjani i tha se k\u00ebto ishin statistika q\u00eb ai nuk i njihte, por sipas tij c\u00ebshtja ishte n\u00ebse k\u00ebto realitete q\u00eb ata p\u00ebrfaq\u00ebsonin e progresonin apo e regresonin shoq\u00ebrin\u00eb shqiptare. \u201cN\u00ebse Adela do t\u00eb jet\u00eb pjes\u00eb e k\u00ebtij revolucioni, le t\u00eb puthet, por n\u00ebse nuk do, nuk do!\u201d \u2013 ka th\u00ebn\u00eb Adi. \u201cPse t\u00eb puth\u00ebsh nj\u00eb njeri q\u00eb do \u00ebsht\u00eb revolucion?!\u201d \u2013 i \u00ebsht\u00eb p\u00ebrgjigjur po me nj\u00eb pyetje Arjani. Sipas Adit, n\u00eb realitetin e Adel\u00ebs, ishte. Adelajda i ka th\u00ebn\u00eb Arjanit se n\u00ebse ai do ta njihte historin\u00eb e saj, nuk do t\u00eb fliste k\u00ebshtu dhe ai i \u00ebsht\u00eb p\u00ebrgjigjur se m\u00ebsa dinte ai, historia mes Adel\u00ebs dhe t\u00eb fejuarit t\u00eb saj ishte mbyllur dhe ai, po t\u00eb ishte vend t\u00eb ish- t\u00eb fejuarit t\u00eb saj, do ta vriste m\u00eb tep\u00ebr ky afeksion dymujor, sesa nj\u00eb puthje. Aida ka nd\u00ebrhyr\u00eb duke th\u00ebn\u00eb se ndoshta Adela nuk i kishte mbyllur p\u00ebrfundimisht gj\u00ebrat jasht\u00eb, por Adelajda i ka th\u00ebn\u00eb se nuk ishte k\u00ebshtu. \u201cMos ndoshta n\u00eb lidhjen jasht\u00eb i ka munguar ky lloj afeksioni?\u201d- ka th\u00ebn\u00eb Qetsori. Edhe p\u00ebr Arjanin, ishte pak a shum\u00eb k\u00ebshtu, q\u00eb n\u00eb lidhjen q\u00eb Adela kishte patur me ish-in e saj, i kishte munguar pik\u00ebrisht afeksioni apo t\u00eb ndjerit fem\u00ebr. \u201cM\u00eb mir\u00eb e l\u00ebm\u00eb k\u00ebt\u00eb debat tani, sepse po e personalizojm\u00eb shum\u00eb dhe e rimarrim n\u00eb nj\u00eb moment tjet\u00ebr!\u201d \u2013 ka p\u00ebrfunduar Arjani.<\/p>\n","protected":false},"excerpt":{"rendered":"<p>14\/04\/09 01:45 Adelajda, Arjani, Adi, Mimoza, Qetsori, Anjeza dhe Bjordi kan\u00eb qen\u00eb duke biseduar n\u00eb dhom\u00ebn e gjumit. Diskutimi \u00ebsht\u00eb zhvilluar rreth ish-banor\u00ebve t\u00eb sht\u00ebpis\u00eb e kryesisht rreth Mesid\u00ebs e Lirit\u00ebs, p\u00ebrsa u p\u00ebrkiste pozicionimeve ose jo pozicionimeve t\u00eb tyre n\u00eb loj\u00eb dhe opinioneve t\u00eb banor\u00ebve lidhur me k\u00ebt\u00eb. M\u00eb pas ata e kan\u00eb krahasuar [&hellip;]<\/p>\n","protected":false},"author":1,"featured_media":0,"comment_status":"open","ping_status":"closed","sticky":false,"template":"","format":"standard","meta":{"spay_email":"","jetpack_publicize_message":"","jetpack_is_tweetstorm":false,"jetpack_publicize_feature_enabled":true},"categories":[6502],"tags":[6529,8289,8934,5057,6506,6516,6712,7129,6522,6567,7365,6544,8276,6891,6693,6887],"jetpack_publicize_connections":[],"yoast_head":"<!-- This site is optimized with the Yoast SEO plugin v19.1 - https:\/\/yoast.com\/wordpress\/plugins\/seo\/ -->\n<title>Arjani : Komplekset po na marrin frym\u00c3\u00abn | Big Brother Albania 2<\/title>\n<meta name=\"description\" content=\"Big Brother Albania 2 - Adelajda, Arjani, Adi, Mimoza, Qetsori, Anjeza dhe Bjordi kan\u00c3\u00ab qen\u00c3\u00ab duke biseduar n\u00c3\u00ab dhom\u00c3\u00abn e gjumit. Diskutimi \u00c3\u00absht\u00c3\u00ab zhvilluar rreth ish-banor\u00c3\u00abve t\u00c3\u00ab sht\u00c3\u00abpis\u00c3\u00ab e kryesisht rreth Mesid\u00c3\u00abs e Lirit\u00c3\u00abs\" \/>\n<meta name=\"robots\" content=\"index, follow, max-snippet:-1, max-image-preview:large, max-video-preview:-1\" \/>\n<link rel=\"canonical\" href=\"https:\/\/www.visit-ulcinj.com\/blog\/2009\/04\/16\/arjani-komplekset-po-na-marrin-frymen\/\" \/>\n<meta property=\"og:locale\" content=\"en_US\" \/>\n<meta property=\"og:type\" content=\"article\" \/>\n<meta property=\"og:title\" content=\"Arjani : Komplekset po na marrin frym\u00c3\u00abn | Big Brother Albania 2\" \/>\n<meta property=\"og:description\" content=\"Big Brother Albania 2 - Adelajda, Arjani, Adi, Mimoza, Qetsori, Anjeza dhe Bjordi kan\u00c3\u00ab qen\u00c3\u00ab duke biseduar n\u00c3\u00ab dhom\u00c3\u00abn e gjumit. Diskutimi \u00c3\u00absht\u00c3\u00ab zhvilluar rreth ish-banor\u00c3\u00abve t\u00c3\u00ab sht\u00c3\u00abpis\u00c3\u00ab e kryesisht rreth Mesid\u00c3\u00abs e Lirit\u00c3\u00abs\" \/>\n<meta property=\"og:url\" content=\"https:\/\/www.visit-ulcinj.com\/blog\/2009\/04\/16\/arjani-komplekset-po-na-marrin-frymen\/\" \/>\n<meta property=\"og:site_name\" content=\"Lajme nga Ulqini\" \/>\n<meta property=\"article:published_time\" content=\"2009-04-16T21:15:46+00:00\" \/>\n<meta property=\"og:image\" content=\"http:\/\/www.visit-ulcinj.com\/blog\/wp-content\/uploads\/2009\/04\/arjani-debaton-me-adelen.jpg\" \/>\n<meta name=\"twitter:label1\" content=\"Written by\" \/>\n\t<meta name=\"twitter:data1\" content=\"ulqini\" \/>\n\t<meta name=\"twitter:label2\" content=\"Est. reading time\" \/>\n\t<meta name=\"twitter:data2\" content=\"4 minutes\" \/>\n<script type=\"application\/ld+json\" class=\"yoast-schema-graph\">{\"@context\":\"https:\/\/schema.org\",\"@graph\":[{\"@type\":\"WebSite\",\"@id\":\"https:\/\/www.visit-ulcinj.com\/blog\/#website\",\"url\":\"https:\/\/www.visit-ulcinj.com\/blog\/\",\"name\":\"Lajme nga Ulqini\",\"description\":\"Lajme,Vijesti,Ulqini,Ulqin,Crna Gora,Mali i Zi\",\"potentialAction\":[{\"@type\":\"SearchAction\",\"target\":{\"@type\":\"EntryPoint\",\"urlTemplate\":\"https:\/\/www.visit-ulcinj.com\/blog\/?s={search_term_string}\"},\"query-input\":\"required name=search_term_string\"}],\"inLanguage\":\"en-US\"},{\"@type\":\"ImageObject\",\"inLanguage\":\"en-US\",\"@id\":\"https:\/\/www.visit-ulcinj.com\/blog\/2009\/04\/16\/arjani-komplekset-po-na-marrin-frymen\/#primaryimage\",\"url\":\"http:\/\/www.visit-ulcinj.com\/blog\/wp-content\/uploads\/2009\/04\/arjani-debaton-me-adelen.jpg\",\"contentUrl\":\"http:\/\/www.visit-ulcinj.com\/blog\/wp-content\/uploads\/2009\/04\/arjani-debaton-me-adelen.jpg\"},{\"@type\":\"WebPage\",\"@id\":\"https:\/\/www.visit-ulcinj.com\/blog\/2009\/04\/16\/arjani-komplekset-po-na-marrin-frymen\/#webpage\",\"url\":\"https:\/\/www.visit-ulcinj.com\/blog\/2009\/04\/16\/arjani-komplekset-po-na-marrin-frymen\/\",\"name\":\"Arjani : Komplekset po na marrin frym\u00c3\u00abn | Big Brother Albania 2\",\"isPartOf\":{\"@id\":\"https:\/\/www.visit-ulcinj.com\/blog\/#website\"},\"primaryImageOfPage\":{\"@id\":\"https:\/\/www.visit-ulcinj.com\/blog\/2009\/04\/16\/arjani-komplekset-po-na-marrin-frymen\/#primaryimage\"},\"datePublished\":\"2009-04-16T21:15:46+00:00\",\"dateModified\":\"2009-04-16T21:15:46+00:00\",\"author\":{\"@id\":\"https:\/\/www.visit-ulcinj.com\/blog\/#\/schema\/person\/dcab619c614d3038751c63bc2aadc06d\"},\"description\":\"Big Brother Albania 2 - Adelajda, Arjani, Adi, Mimoza, Qetsori, Anjeza dhe Bjordi kan\u00c3\u00ab qen\u00c3\u00ab duke biseduar n\u00c3\u00ab dhom\u00c3\u00abn e gjumit. Diskutimi \u00c3\u00absht\u00c3\u00ab zhvilluar rreth ish-banor\u00c3\u00abve t\u00c3\u00ab sht\u00c3\u00abpis\u00c3\u00ab e kryesisht rreth Mesid\u00c3\u00abs e Lirit\u00c3\u00abs\",\"breadcrumb\":{\"@id\":\"https:\/\/www.visit-ulcinj.com\/blog\/2009\/04\/16\/arjani-komplekset-po-na-marrin-frymen\/#breadcrumb\"},\"inLanguage\":\"en-US\",\"potentialAction\":[{\"@type\":\"ReadAction\",\"target\":[\"https:\/\/www.visit-ulcinj.com\/blog\/2009\/04\/16\/arjani-komplekset-po-na-marrin-frymen\/\"]}]},{\"@type\":\"BreadcrumbList\",\"@id\":\"https:\/\/www.visit-ulcinj.com\/blog\/2009\/04\/16\/arjani-komplekset-po-na-marrin-frymen\/#breadcrumb\",\"itemListElement\":[{\"@type\":\"ListItem\",\"position\":1,\"name\":\"Arjani : Komplekset po na marrin frym\u00ebn\"}]},{\"@type\":\"Person\",\"@id\":\"https:\/\/www.visit-ulcinj.com\/blog\/#\/schema\/person\/dcab619c614d3038751c63bc2aadc06d\",\"name\":\"ulqini\",\"sameAs\":[\"http:\/\/www.visit-ulcinj.com\"],\"url\":\"https:\/\/www.visit-ulcinj.com\/blog\/author\/admin\/\"}]}<\/script>\n<!-- \/ Yoast SEO plugin. -->","yoast_head_json":{"title":"Arjani : Komplekset po na marrin frym\u00c3\u00abn | Big Brother Albania 2","description":"Big Brother Albania 2 - Adelajda, Arjani, Adi, Mimoza, Qetsori, Anjeza dhe Bjordi kan\u00c3\u00ab qen\u00c3\u00ab duke biseduar n\u00c3\u00ab dhom\u00c3\u00abn e gjumit. Diskutimi \u00c3\u00absht\u00c3\u00ab zhvilluar rreth ish-banor\u00c3\u00abve t\u00c3\u00ab sht\u00c3\u00abpis\u00c3\u00ab e kryesisht rreth Mesid\u00c3\u00abs e Lirit\u00c3\u00abs","robots":{"index":"index","follow":"follow","max-snippet":"max-snippet:-1","max-image-preview":"max-image-preview:large","max-video-preview":"max-video-preview:-1"},"canonical":"https:\/\/www.visit-ulcinj.com\/blog\/2009\/04\/16\/arjani-komplekset-po-na-marrin-frymen\/","og_locale":"en_US","og_type":"article","og_title":"Arjani : Komplekset po na marrin frym\u00c3\u00abn | Big Brother Albania 2","og_description":"Big Brother Albania 2 - Adelajda, Arjani, Adi, Mimoza, Qetsori, Anjeza dhe Bjordi kan\u00c3\u00ab qen\u00c3\u00ab duke biseduar n\u00c3\u00ab dhom\u00c3\u00abn e gjumit. Diskutimi \u00c3\u00absht\u00c3\u00ab zhvilluar rreth ish-banor\u00c3\u00abve t\u00c3\u00ab sht\u00c3\u00abpis\u00c3\u00ab e kryesisht rreth Mesid\u00c3\u00abs e Lirit\u00c3\u00abs","og_url":"https:\/\/www.visit-ulcinj.com\/blog\/2009\/04\/16\/arjani-komplekset-po-na-marrin-frymen\/","og_site_name":"Lajme nga Ulqini","article_published_time":"2009-04-16T21:15:46+00:00","og_image":[{"url":"http:\/\/www.visit-ulcinj.com\/blog\/wp-content\/uploads\/2009\/04\/arjani-debaton-me-adelen.jpg"}],"twitter_misc":{"Written by":"ulqini","Est. reading time":"4 minutes"},"schema":{"@context":"https:\/\/schema.org","@graph":[{"@type":"WebSite","@id":"https:\/\/www.visit-ulcinj.com\/blog\/#website","url":"https:\/\/www.visit-ulcinj.com\/blog\/","name":"Lajme nga Ulqini","description":"Lajme,Vijesti,Ulqini,Ulqin,Crna Gora,Mali i Zi","potentialAction":[{"@type":"SearchAction","target":{"@type":"EntryPoint","urlTemplate":"https:\/\/www.visit-ulcinj.com\/blog\/?s={search_term_string}"},"query-input":"required name=search_term_string"}],"inLanguage":"en-US"},{"@type":"ImageObject","inLanguage":"en-US","@id":"https:\/\/www.visit-ulcinj.com\/blog\/2009\/04\/16\/arjani-komplekset-po-na-marrin-frymen\/#primaryimage","url":"http:\/\/www.visit-ulcinj.com\/blog\/wp-content\/uploads\/2009\/04\/arjani-debaton-me-adelen.jpg","contentUrl":"http:\/\/www.visit-ulcinj.com\/blog\/wp-content\/uploads\/2009\/04\/arjani-debaton-me-adelen.jpg"},{"@type":"WebPage","@id":"https:\/\/www.visit-ulcinj.com\/blog\/2009\/04\/16\/arjani-komplekset-po-na-marrin-frymen\/#webpage","url":"https:\/\/www.visit-ulcinj.com\/blog\/2009\/04\/16\/arjani-komplekset-po-na-marrin-frymen\/","name":"Arjani : Komplekset po na marrin frym\u00c3\u00abn | Big Brother Albania 2","isPartOf":{"@id":"https:\/\/www.visit-ulcinj.com\/blog\/#website"},"primaryImageOfPage":{"@id":"https:\/\/www.visit-ulcinj.com\/blog\/2009\/04\/16\/arjani-komplekset-po-na-marrin-frymen\/#primaryimage"},"datePublished":"2009-04-16T21:15:46+00:00","dateModified":"2009-04-16T21:15:46+00:00","author":{"@id":"https:\/\/www.visit-ulcinj.com\/blog\/#\/schema\/person\/dcab619c614d3038751c63bc2aadc06d"},"description":"Big Brother Albania 2 - Adelajda, Arjani, Adi, Mimoza, Qetsori, Anjeza dhe Bjordi kan\u00c3\u00ab qen\u00c3\u00ab duke biseduar n\u00c3\u00ab dhom\u00c3\u00abn e gjumit. Diskutimi \u00c3\u00absht\u00c3\u00ab zhvilluar rreth ish-banor\u00c3\u00abve t\u00c3\u00ab sht\u00c3\u00abpis\u00c3\u00ab e kryesisht rreth Mesid\u00c3\u00abs e Lirit\u00c3\u00abs","breadcrumb":{"@id":"https:\/\/www.visit-ulcinj.com\/blog\/2009\/04\/16\/arjani-komplekset-po-na-marrin-frymen\/#breadcrumb"},"inLanguage":"en-US","potentialAction":[{"@type":"ReadAction","target":["https:\/\/www.visit-ulcinj.com\/blog\/2009\/04\/16\/arjani-komplekset-po-na-marrin-frymen\/"]}]},{"@type":"BreadcrumbList","@id":"https:\/\/www.visit-ulcinj.com\/blog\/2009\/04\/16\/arjani-komplekset-po-na-marrin-frymen\/#breadcrumb","itemListElement":[{"@type":"ListItem","position":1,"name":"Arjani : Komplekset po na marrin frym\u00ebn"}]},{"@type":"Person","@id":"https:\/\/www.visit-ulcinj.com\/blog\/#\/schema\/person\/dcab619c614d3038751c63bc2aadc06d","name":"ulqini","sameAs":["http:\/\/www.visit-ulcinj.com"],"url":"https:\/\/www.visit-ulcinj.com\/blog\/author\/admin\/"}]}},"jetpack_featured_media_url":"","jetpack_sharing_enabled":true,"jetpack_shortlink":"https:\/\/wp.me\/pe6lTn-4Hc","_links":{"self":[{"href":"https:\/\/www.visit-ulcinj.com\/blog\/wp-json\/wp\/v2\/posts\/18054"}],"collection":[{"href":"https:\/\/www.visit-ulcinj.com\/blog\/wp-json\/wp\/v2\/posts"}],"about":[{"href":"https:\/\/www.visit-ulcinj.com\/blog\/wp-json\/wp\/v2\/types\/post"}],"author":[{"embeddable":true,"href":"https:\/\/www.visit-ulcinj.com\/blog\/wp-json\/wp\/v2\/users\/1"}],"replies":[{"embeddable":true,"href":"https:\/\/www.visit-ulcinj.com\/blog\/wp-json\/wp\/v2\/comments?post=18054"}],"version-history":[{"count":0,"href":"https:\/\/www.visit-ulcinj.com\/blog\/wp-json\/wp\/v2\/posts\/18054\/revisions"}],"wp:attachment":[{"href":"https:\/\/www.visit-ulcinj.com\/blog\/wp-json\/wp\/v2\/media?parent=18054"}],"wp:term":[{"taxonomy":"category","embeddable":true,"href":"https:\/\/www.visit-ulcinj.com\/blog\/wp-json\/wp\/v2\/categories?post=18054"},{"taxonomy":"post_tag","embeddable":true,"href":"https:\/\/www.visit-ulcinj.com\/blog\/wp-json\/wp\/v2\/tags?post=18054"}],"curies":[{"name":"wp","href":"https:\/\/api.w.org\/{rel}","templated":true}]}}