{"id":18060,"date":"2009-04-16T23:32:40","date_gmt":"2009-04-16T21:32:40","guid":{"rendered":"http:\/\/www.visit-ulcinj.com\/blog\/?p=18060"},"modified":"2009-04-16T23:34:08","modified_gmt":"2009-04-16T21:34:08","slug":"ari-dhe-juna-po-i-jepni-shume-rendesi-adeles","status":"publish","type":"post","link":"https:\/\/www.visit-ulcinj.com\/blog\/2009\/04\/16\/ari-dhe-juna-po-i-jepni-shume-rendesi-adeles\/","title":{"rendered":"Ari dhe Juna : Po i jepni shum\u00eb r\u00ebnd\u00ebsi Adel\u00ebs"},"content":{"rendered":"<p><em><span class=\"newsdate\"><a href=\"http:\/\/www.visit-ulcinj.com\/blog\/wp-content\/uploads\/2009\/04\/imitojne-adelen-dhe-bjordin-copy.jpg\"><img loading=\"lazy\" class=\"size-full wp-image-18061 alignleft\" title=\"imitojne-adelen-dhe-bjordin-big-brother-albania-2\" src=\"http:\/\/www.visit-ulcinj.com\/blog\/wp-content\/uploads\/2009\/04\/imitojne-adelen-dhe-bjordin-copy.jpg\" alt=\"imitojne-adelen-dhe-bjordin-big-brother-albania-2\" width=\"300\" height=\"205\" \/><\/a>14\/04\/09 02:20<\/span><\/em><\/p>\n<p>Sipas Arjonit, sa m\u00eb shum\u00eb t\u00eb debatohej m\u00eb Adel\u00ebn, aq m\u00eb shum\u00eb r\u00ebnd\u00ebsi i jepnin figur\u00ebs s\u00eb saj dhe rrjedhimisht aq m\u00eb shum\u00eb rrezikonin t\u00eb nominuarit e tjer\u00eb t\u00eb dilnin nga sht\u00ebpia, duke qen\u00eb se telekamerat dhe publiku fokusoheshin tek ajo. Ai ka shtuar se q\u00eb t\u00eb vazhdosh t\u00eb q\u00ebndrosh n\u00eb sht\u00ebpi, duhet t\u2019i jap\u00ebsh sa m\u00eb pak r\u00ebnd\u00ebsi Adel\u00ebs. \u201cSa m\u00eb shum\u00eb r\u00ebnd\u00ebsi t\u2019i jap\u00ebsh Adel\u00ebsh, aq m\u00eb pak do t\u2019i jap\u00ebsh Sorit apo mua!\u201d \u2013 ka th\u00ebn\u00eb ai. Anjeza e kund\u00ebrshtuar duke i th\u00ebn\u00eb se nuk ishte k\u00ebshtu, por Arjoni ishte i bindur n\u00eb v\u00ebrtet\u00ebsin\u00eb e atyre q\u00eb thoshte. M\u00eb pas ai, Anjeza dhe Qetsori kan\u00eb qeshur me imitimin q\u00eb i b\u00ebn\u00eb Juna dhe Arjani, Bjordit dhe Adelajdes.<\/p>\n","protected":false},"excerpt":{"rendered":"<p>14\/04\/09 02:20 Sipas Arjonit, sa m\u00eb shum\u00eb t\u00eb debatohej m\u00eb Adel\u00ebn, aq m\u00eb shum\u00eb r\u00ebnd\u00ebsi i jepnin figur\u00ebs s\u00eb saj dhe rrjedhimisht aq m\u00eb shum\u00eb rrezikonin t\u00eb nominuarit e tjer\u00eb t\u00eb dilnin nga sht\u00ebpia, duke qen\u00eb se telekamerat dhe publiku fokusoheshin tek ajo. Ai ka shtuar se q\u00eb t\u00eb vazhdosh t\u00eb q\u00ebndrosh n\u00eb sht\u00ebpi, duhet [&hellip;]<\/p>\n","protected":false},"author":1,"featured_media":0,"comment_status":"open","ping_status":"closed","sticky":false,"template":"","format":"standard","meta":{"spay_email":"","jetpack_publicize_message":"","jetpack_is_tweetstorm":false,"jetpack_publicize_feature_enabled":true},"categories":[6502],"tags":[6529,8784,8934,5057,6506,6516,6712,7129,6522,1442,9011,6891,6693,6887],"jetpack_publicize_connections":[],"yoast_head":"<!-- This site is optimized with the Yoast SEO plugin v19.1 - https:\/\/yoast.com\/wordpress\/plugins\/seo\/ -->\n<title>Ari dhe Juna : Po i jepni shum\u00c3\u00ab r\u00c3\u00abnd\u00c3\u00absi Adel\u00c3\u00abs | Big Brother Albania 2<\/title>\n<meta name=\"description\" content=\"Big Brother Albania 2 - Sipas Arjonit, sa m\u00c3\u00ab shum\u00c3\u00ab t\u00c3\u00ab debatohej m\u00c3\u00ab Adel\u00c3\u00abn, aq m\u00c3\u00ab shum\u00c3\u00ab r\u00c3\u00abnd\u00c3\u00absi i jepnin figur\u00c3\u00abs s\u00c3\u00ab saj dhe rrjedhimisht aq m\u00c3\u00ab shum\u00c3\u00ab rrezikonin t\u00c3\u00ab nominuarit e tjer\u00c3\u00ab t\u00c3\u00ab dilnin nga sht\u00c3\u00abpia\" \/>\n<meta name=\"robots\" content=\"index, follow, max-snippet:-1, max-image-preview:large, max-video-preview:-1\" \/>\n<link rel=\"canonical\" href=\"https:\/\/www.visit-ulcinj.com\/blog\/2009\/04\/16\/ari-dhe-juna-po-i-jepni-shume-rendesi-adeles\/\" \/>\n<meta property=\"og:locale\" content=\"en_US\" \/>\n<meta property=\"og:type\" content=\"article\" \/>\n<meta property=\"og:title\" content=\"Ari dhe Juna : Po i jepni shum\u00c3\u00ab r\u00c3\u00abnd\u00c3\u00absi Adel\u00c3\u00abs | Big Brother Albania 2\" \/>\n<meta property=\"og:description\" content=\"Big Brother Albania 2 - Sipas Arjonit, sa m\u00c3\u00ab shum\u00c3\u00ab t\u00c3\u00ab debatohej m\u00c3\u00ab Adel\u00c3\u00abn, aq m\u00c3\u00ab shum\u00c3\u00ab r\u00c3\u00abnd\u00c3\u00absi i jepnin figur\u00c3\u00abs s\u00c3\u00ab saj dhe rrjedhimisht aq m\u00c3\u00ab shum\u00c3\u00ab rrezikonin t\u00c3\u00ab nominuarit e tjer\u00c3\u00ab t\u00c3\u00ab dilnin nga sht\u00c3\u00abpia\" \/>\n<meta property=\"og:url\" content=\"https:\/\/www.visit-ulcinj.com\/blog\/2009\/04\/16\/ari-dhe-juna-po-i-jepni-shume-rendesi-adeles\/\" \/>\n<meta property=\"og:site_name\" content=\"Lajme nga Ulqini\" \/>\n<meta property=\"article:published_time\" content=\"2009-04-16T21:32:40+00:00\" \/>\n<meta property=\"article:modified_time\" content=\"2009-04-16T21:34:08+00:00\" \/>\n<meta property=\"og:image\" content=\"http:\/\/www.visit-ulcinj.com\/blog\/wp-content\/uploads\/2009\/04\/imitojne-adelen-dhe-bjordin-copy.jpg\" \/>\n<meta name=\"twitter:label1\" content=\"Written by\" \/>\n\t<meta name=\"twitter:data1\" content=\"ulqini\" \/>\n\t<meta name=\"twitter:label2\" content=\"Est. reading time\" \/>\n\t<meta name=\"twitter:data2\" content=\"1 minute\" \/>\n<script type=\"application\/ld+json\" class=\"yoast-schema-graph\">{\"@context\":\"https:\/\/schema.org\",\"@graph\":[{\"@type\":\"WebSite\",\"@id\":\"https:\/\/www.visit-ulcinj.com\/blog\/#website\",\"url\":\"https:\/\/www.visit-ulcinj.com\/blog\/\",\"name\":\"Lajme nga Ulqini\",\"description\":\"Lajme,Vijesti,Ulqini,Ulqin,Crna Gora,Mali i Zi\",\"potentialAction\":[{\"@type\":\"SearchAction\",\"target\":{\"@type\":\"EntryPoint\",\"urlTemplate\":\"https:\/\/www.visit-ulcinj.com\/blog\/?s={search_term_string}\"},\"query-input\":\"required name=search_term_string\"}],\"inLanguage\":\"en-US\"},{\"@type\":\"ImageObject\",\"inLanguage\":\"en-US\",\"@id\":\"https:\/\/www.visit-ulcinj.com\/blog\/2009\/04\/16\/ari-dhe-juna-po-i-jepni-shume-rendesi-adeles\/#primaryimage\",\"url\":\"http:\/\/www.visit-ulcinj.com\/blog\/wp-content\/uploads\/2009\/04\/imitojne-adelen-dhe-bjordin-copy.jpg\",\"contentUrl\":\"http:\/\/www.visit-ulcinj.com\/blog\/wp-content\/uploads\/2009\/04\/imitojne-adelen-dhe-bjordin-copy.jpg\"},{\"@type\":\"WebPage\",\"@id\":\"https:\/\/www.visit-ulcinj.com\/blog\/2009\/04\/16\/ari-dhe-juna-po-i-jepni-shume-rendesi-adeles\/#webpage\",\"url\":\"https:\/\/www.visit-ulcinj.com\/blog\/2009\/04\/16\/ari-dhe-juna-po-i-jepni-shume-rendesi-adeles\/\",\"name\":\"Ari dhe Juna : Po i jepni shum\u00c3\u00ab r\u00c3\u00abnd\u00c3\u00absi Adel\u00c3\u00abs | Big Brother Albania 2\",\"isPartOf\":{\"@id\":\"https:\/\/www.visit-ulcinj.com\/blog\/#website\"},\"primaryImageOfPage\":{\"@id\":\"https:\/\/www.visit-ulcinj.com\/blog\/2009\/04\/16\/ari-dhe-juna-po-i-jepni-shume-rendesi-adeles\/#primaryimage\"},\"datePublished\":\"2009-04-16T21:32:40+00:00\",\"dateModified\":\"2009-04-16T21:34:08+00:00\",\"author\":{\"@id\":\"https:\/\/www.visit-ulcinj.com\/blog\/#\/schema\/person\/dcab619c614d3038751c63bc2aadc06d\"},\"description\":\"Big Brother Albania 2 - Sipas Arjonit, sa m\u00c3\u00ab shum\u00c3\u00ab t\u00c3\u00ab debatohej m\u00c3\u00ab Adel\u00c3\u00abn, aq m\u00c3\u00ab shum\u00c3\u00ab r\u00c3\u00abnd\u00c3\u00absi i jepnin figur\u00c3\u00abs s\u00c3\u00ab saj dhe rrjedhimisht aq m\u00c3\u00ab shum\u00c3\u00ab rrezikonin t\u00c3\u00ab nominuarit e tjer\u00c3\u00ab t\u00c3\u00ab dilnin nga sht\u00c3\u00abpia\",\"breadcrumb\":{\"@id\":\"https:\/\/www.visit-ulcinj.com\/blog\/2009\/04\/16\/ari-dhe-juna-po-i-jepni-shume-rendesi-adeles\/#breadcrumb\"},\"inLanguage\":\"en-US\",\"potentialAction\":[{\"@type\":\"ReadAction\",\"target\":[\"https:\/\/www.visit-ulcinj.com\/blog\/2009\/04\/16\/ari-dhe-juna-po-i-jepni-shume-rendesi-adeles\/\"]}]},{\"@type\":\"BreadcrumbList\",\"@id\":\"https:\/\/www.visit-ulcinj.com\/blog\/2009\/04\/16\/ari-dhe-juna-po-i-jepni-shume-rendesi-adeles\/#breadcrumb\",\"itemListElement\":[{\"@type\":\"ListItem\",\"position\":1,\"name\":\"Ari dhe Juna : Po i jepni shum\u00eb r\u00ebnd\u00ebsi Adel\u00ebs\"}]},{\"@type\":\"Person\",\"@id\":\"https:\/\/www.visit-ulcinj.com\/blog\/#\/schema\/person\/dcab619c614d3038751c63bc2aadc06d\",\"name\":\"ulqini\",\"sameAs\":[\"http:\/\/www.visit-ulcinj.com\"],\"url\":\"https:\/\/www.visit-ulcinj.com\/blog\/author\/admin\/\"}]}<\/script>\n<!-- \/ Yoast SEO plugin. -->","yoast_head_json":{"title":"Ari dhe Juna : Po i jepni shum\u00c3\u00ab r\u00c3\u00abnd\u00c3\u00absi Adel\u00c3\u00abs | Big Brother Albania 2","description":"Big Brother Albania 2 - Sipas Arjonit, sa m\u00c3\u00ab shum\u00c3\u00ab t\u00c3\u00ab debatohej m\u00c3\u00ab Adel\u00c3\u00abn, aq m\u00c3\u00ab shum\u00c3\u00ab r\u00c3\u00abnd\u00c3\u00absi i jepnin figur\u00c3\u00abs s\u00c3\u00ab saj dhe rrjedhimisht aq m\u00c3\u00ab shum\u00c3\u00ab rrezikonin t\u00c3\u00ab nominuarit e tjer\u00c3\u00ab t\u00c3\u00ab dilnin nga sht\u00c3\u00abpia","robots":{"index":"index","follow":"follow","max-snippet":"max-snippet:-1","max-image-preview":"max-image-preview:large","max-video-preview":"max-video-preview:-1"},"canonical":"https:\/\/www.visit-ulcinj.com\/blog\/2009\/04\/16\/ari-dhe-juna-po-i-jepni-shume-rendesi-adeles\/","og_locale":"en_US","og_type":"article","og_title":"Ari dhe Juna : Po i jepni shum\u00c3\u00ab r\u00c3\u00abnd\u00c3\u00absi Adel\u00c3\u00abs | Big Brother Albania 2","og_description":"Big Brother Albania 2 - Sipas Arjonit, sa m\u00c3\u00ab shum\u00c3\u00ab t\u00c3\u00ab debatohej m\u00c3\u00ab Adel\u00c3\u00abn, aq m\u00c3\u00ab shum\u00c3\u00ab r\u00c3\u00abnd\u00c3\u00absi i jepnin figur\u00c3\u00abs s\u00c3\u00ab saj dhe rrjedhimisht aq m\u00c3\u00ab shum\u00c3\u00ab rrezikonin t\u00c3\u00ab nominuarit e tjer\u00c3\u00ab t\u00c3\u00ab dilnin nga sht\u00c3\u00abpia","og_url":"https:\/\/www.visit-ulcinj.com\/blog\/2009\/04\/16\/ari-dhe-juna-po-i-jepni-shume-rendesi-adeles\/","og_site_name":"Lajme nga Ulqini","article_published_time":"2009-04-16T21:32:40+00:00","article_modified_time":"2009-04-16T21:34:08+00:00","og_image":[{"url":"http:\/\/www.visit-ulcinj.com\/blog\/wp-content\/uploads\/2009\/04\/imitojne-adelen-dhe-bjordin-copy.jpg"}],"twitter_misc":{"Written by":"ulqini","Est. reading time":"1 minute"},"schema":{"@context":"https:\/\/schema.org","@graph":[{"@type":"WebSite","@id":"https:\/\/www.visit-ulcinj.com\/blog\/#website","url":"https:\/\/www.visit-ulcinj.com\/blog\/","name":"Lajme nga Ulqini","description":"Lajme,Vijesti,Ulqini,Ulqin,Crna Gora,Mali i Zi","potentialAction":[{"@type":"SearchAction","target":{"@type":"EntryPoint","urlTemplate":"https:\/\/www.visit-ulcinj.com\/blog\/?s={search_term_string}"},"query-input":"required name=search_term_string"}],"inLanguage":"en-US"},{"@type":"ImageObject","inLanguage":"en-US","@id":"https:\/\/www.visit-ulcinj.com\/blog\/2009\/04\/16\/ari-dhe-juna-po-i-jepni-shume-rendesi-adeles\/#primaryimage","url":"http:\/\/www.visit-ulcinj.com\/blog\/wp-content\/uploads\/2009\/04\/imitojne-adelen-dhe-bjordin-copy.jpg","contentUrl":"http:\/\/www.visit-ulcinj.com\/blog\/wp-content\/uploads\/2009\/04\/imitojne-adelen-dhe-bjordin-copy.jpg"},{"@type":"WebPage","@id":"https:\/\/www.visit-ulcinj.com\/blog\/2009\/04\/16\/ari-dhe-juna-po-i-jepni-shume-rendesi-adeles\/#webpage","url":"https:\/\/www.visit-ulcinj.com\/blog\/2009\/04\/16\/ari-dhe-juna-po-i-jepni-shume-rendesi-adeles\/","name":"Ari dhe Juna : Po i jepni shum\u00c3\u00ab r\u00c3\u00abnd\u00c3\u00absi Adel\u00c3\u00abs | Big Brother Albania 2","isPartOf":{"@id":"https:\/\/www.visit-ulcinj.com\/blog\/#website"},"primaryImageOfPage":{"@id":"https:\/\/www.visit-ulcinj.com\/blog\/2009\/04\/16\/ari-dhe-juna-po-i-jepni-shume-rendesi-adeles\/#primaryimage"},"datePublished":"2009-04-16T21:32:40+00:00","dateModified":"2009-04-16T21:34:08+00:00","author":{"@id":"https:\/\/www.visit-ulcinj.com\/blog\/#\/schema\/person\/dcab619c614d3038751c63bc2aadc06d"},"description":"Big Brother Albania 2 - Sipas Arjonit, sa m\u00c3\u00ab shum\u00c3\u00ab t\u00c3\u00ab debatohej m\u00c3\u00ab Adel\u00c3\u00abn, aq m\u00c3\u00ab shum\u00c3\u00ab r\u00c3\u00abnd\u00c3\u00absi i jepnin figur\u00c3\u00abs s\u00c3\u00ab saj dhe rrjedhimisht aq m\u00c3\u00ab shum\u00c3\u00ab rrezikonin t\u00c3\u00ab nominuarit e tjer\u00c3\u00ab t\u00c3\u00ab dilnin nga sht\u00c3\u00abpia","breadcrumb":{"@id":"https:\/\/www.visit-ulcinj.com\/blog\/2009\/04\/16\/ari-dhe-juna-po-i-jepni-shume-rendesi-adeles\/#breadcrumb"},"inLanguage":"en-US","potentialAction":[{"@type":"ReadAction","target":["https:\/\/www.visit-ulcinj.com\/blog\/2009\/04\/16\/ari-dhe-juna-po-i-jepni-shume-rendesi-adeles\/"]}]},{"@type":"BreadcrumbList","@id":"https:\/\/www.visit-ulcinj.com\/blog\/2009\/04\/16\/ari-dhe-juna-po-i-jepni-shume-rendesi-adeles\/#breadcrumb","itemListElement":[{"@type":"ListItem","position":1,"name":"Ari dhe Juna : Po i jepni shum\u00eb r\u00ebnd\u00ebsi Adel\u00ebs"}]},{"@type":"Person","@id":"https:\/\/www.visit-ulcinj.com\/blog\/#\/schema\/person\/dcab619c614d3038751c63bc2aadc06d","name":"ulqini","sameAs":["http:\/\/www.visit-ulcinj.com"],"url":"https:\/\/www.visit-ulcinj.com\/blog\/author\/admin\/"}]}},"jetpack_featured_media_url":"","jetpack_sharing_enabled":true,"jetpack_shortlink":"https:\/\/wp.me\/pe6lTn-4Hi","_links":{"self":[{"href":"https:\/\/www.visit-ulcinj.com\/blog\/wp-json\/wp\/v2\/posts\/18060"}],"collection":[{"href":"https:\/\/www.visit-ulcinj.com\/blog\/wp-json\/wp\/v2\/posts"}],"about":[{"href":"https:\/\/www.visit-ulcinj.com\/blog\/wp-json\/wp\/v2\/types\/post"}],"author":[{"embeddable":true,"href":"https:\/\/www.visit-ulcinj.com\/blog\/wp-json\/wp\/v2\/users\/1"}],"replies":[{"embeddable":true,"href":"https:\/\/www.visit-ulcinj.com\/blog\/wp-json\/wp\/v2\/comments?post=18060"}],"version-history":[{"count":0,"href":"https:\/\/www.visit-ulcinj.com\/blog\/wp-json\/wp\/v2\/posts\/18060\/revisions"}],"wp:attachment":[{"href":"https:\/\/www.visit-ulcinj.com\/blog\/wp-json\/wp\/v2\/media?parent=18060"}],"wp:term":[{"taxonomy":"category","embeddable":true,"href":"https:\/\/www.visit-ulcinj.com\/blog\/wp-json\/wp\/v2\/categories?post=18060"},{"taxonomy":"post_tag","embeddable":true,"href":"https:\/\/www.visit-ulcinj.com\/blog\/wp-json\/wp\/v2\/tags?post=18060"}],"curies":[{"name":"wp","href":"https:\/\/api.w.org\/{rel}","templated":true}]}}