{"id":18065,"date":"2009-04-16T23:40:18","date_gmt":"2009-04-16T21:40:18","guid":{"rendered":"http:\/\/www.visit-ulcinj.com\/blog\/?p=18065"},"modified":"2009-04-16T23:40:18","modified_gmt":"2009-04-16T21:40:18","slug":"ari-iu-afruar-shume-mozes","status":"publish","type":"post","link":"https:\/\/www.visit-ulcinj.com\/blog\/2009\/04\/16\/ari-iu-afruar-shume-mozes\/","title":{"rendered":"Ari iu afruar shum\u00eb Moz\u00ebs"},"content":{"rendered":"<p><em><span class=\"newsdate\"><a href=\"http:\/\/www.visit-ulcinj.com\/blog\/wp-content\/uploads\/2009\/04\/arjonsoriper-moza-ari.jpg\"><img loading=\"lazy\" class=\"alignleft size-full wp-image-18066\" title=\"arjonsoriper-moza-ari-big-brother-albania-2\" src=\"http:\/\/www.visit-ulcinj.com\/blog\/wp-content\/uploads\/2009\/04\/arjonsoriper-moza-ari.jpg\" alt=\"arjonsoriper-moza-ari-big-brother-albania-2\" width=\"300\" height=\"205\" \/><\/a>14\/04\/09 12:08<\/span><\/em><\/p>\n<p>Arjoni dhe Sori, pasi jan\u00eb zgjuar, shkojn\u00eb p\u00ebr t\u00eb pir\u00eb kafen n\u00eb kop\u00ebsht. Nj\u00eb prej bisedave t\u00eb tyre \u00ebsht\u00eb ajo n\u00eb lidhje me Arin dhe Moz\u00ebn. Sori thot\u00eb se ka krijuar nj\u00eb p\u00ebrshtypje se Ari ka p\u00ebr t\u2019ia dal\u00eb mban\u00eb t\u00eb b\u00ebj\u00eb Moz\u00ebn p\u00ebr vete, duke treguar se nat\u00ebn e mbr\u00ebmshme ai i ishte afruar shum\u00eb asaj. Arjoni e pyet p\u00ebr sigurin\u00eb e asaj q\u00eb ai i thot\u00eb dhe m\u00eb pas i propozon Sorit nj\u00eb bast ku ai thot\u00eb se Ari nuk ka p\u00ebr ta kapur Moz\u00ebn, t\u00eb kund\u00ebrt\u00ebn e asaj q\u00eb mendon Sori. Arjoni shprehet me siguri t\u00eb plot\u00eb se p\u00ebrderisa ai nuk arriti t\u00eb krijonte nj\u00eb raport me t\u00eb, as Ari nuk ka p\u00ebr t\u00eb arritur gj\u00eb. Sipas tij, Moza \u00ebsht\u00eb nj\u00eb lojtare dhe po luan loj\u00ebn e saj sepse ka filluar t\u00eb ndjej\u00eb rrezikun dhe tani p\u00ebr tani, i intereson q\u00eb ta luaj\u00eb k\u00ebt\u00eb rol. Edhe Sori e pranon se Moza di t\u00eb luaj\u00eb, por ai mendon se edhe Ari \u00ebsht\u00eb shum\u00eb i shkath\u00ebt dhe mund t\u00eb ndodh\u00eb ndonj\u00eb gj\u00eb. Arjoni shprehet se tek vajzat si Moza, q\u00eb nuk kan\u00eb patur ndonj\u00eb lidhje m\u00eb par\u00eb me djem, \u00ebsht\u00eb edhe m\u00eb e v\u00ebshtir\u00eb q\u00eb t\u00eb ndodh\u00eb dicka.<\/p>\n","protected":false},"excerpt":{"rendered":"<p>14\/04\/09 12:08 Arjoni dhe Sori, pasi jan\u00eb zgjuar, shkojn\u00eb p\u00ebr t\u00eb pir\u00eb kafen n\u00eb kop\u00ebsht. Nj\u00eb prej bisedave t\u00eb tyre \u00ebsht\u00eb ajo n\u00eb lidhje me Arin dhe Moz\u00ebn. Sori thot\u00eb se ka krijuar nj\u00eb p\u00ebrshtypje se Ari ka p\u00ebr t\u2019ia dal\u00eb mban\u00eb t\u00eb b\u00ebj\u00eb Moz\u00ebn p\u00ebr vete, duke treguar se nat\u00ebn e mbr\u00ebmshme ai i [&hellip;]<\/p>\n","protected":false},"author":1,"featured_media":0,"comment_status":"open","ping_status":"closed","sticky":false,"template":"","format":"standard","meta":{"spay_email":"","jetpack_publicize_message":"","jetpack_is_tweetstorm":false,"jetpack_publicize_feature_enabled":true},"categories":[6502],"tags":[9237,8934,6525,5057,6506,6516,6712,7129,6544,8276,6891,6693,6887],"jetpack_publicize_connections":[],"yoast_head":"<!-- This site is optimized with the Yoast SEO plugin v19.1 - https:\/\/yoast.com\/wordpress\/plugins\/seo\/ -->\n<title>Ari iu afruar shum\u00c3\u00ab Moz\u00c3\u00abs | Big Brother Albania 2<\/title>\n<meta name=\"description\" content=\"Big Brother Albania 2 - Arjoni dhe Sori, pasi jan\u00c3\u00ab zgjuar, shkojn\u00c3\u00ab p\u00c3\u00abr t\u00c3\u00ab pir\u00c3\u00ab kafen n\u00c3\u00ab kop\u00c3\u00absht. Nj\u00c3\u00ab prej bisedave t\u00c3\u00ab tyre \u00c3\u00absht\u00c3\u00ab ajo n\u00c3\u00ab lidhje me Arin dhe Moz\u00c3\u00abn.\" \/>\n<meta name=\"robots\" content=\"index, follow, max-snippet:-1, max-image-preview:large, max-video-preview:-1\" \/>\n<link rel=\"canonical\" href=\"https:\/\/www.visit-ulcinj.com\/blog\/2009\/04\/16\/ari-iu-afruar-shume-mozes\/\" \/>\n<meta property=\"og:locale\" content=\"en_US\" \/>\n<meta property=\"og:type\" content=\"article\" \/>\n<meta property=\"og:title\" content=\"Ari iu afruar shum\u00c3\u00ab Moz\u00c3\u00abs | Big Brother Albania 2\" \/>\n<meta property=\"og:description\" content=\"Big Brother Albania 2 - Arjoni dhe Sori, pasi jan\u00c3\u00ab zgjuar, shkojn\u00c3\u00ab p\u00c3\u00abr t\u00c3\u00ab pir\u00c3\u00ab kafen n\u00c3\u00ab kop\u00c3\u00absht. Nj\u00c3\u00ab prej bisedave t\u00c3\u00ab tyre \u00c3\u00absht\u00c3\u00ab ajo n\u00c3\u00ab lidhje me Arin dhe Moz\u00c3\u00abn.\" \/>\n<meta property=\"og:url\" content=\"https:\/\/www.visit-ulcinj.com\/blog\/2009\/04\/16\/ari-iu-afruar-shume-mozes\/\" \/>\n<meta property=\"og:site_name\" content=\"Lajme nga Ulqini\" \/>\n<meta property=\"article:published_time\" content=\"2009-04-16T21:40:18+00:00\" \/>\n<meta property=\"og:image\" content=\"http:\/\/www.visit-ulcinj.com\/blog\/wp-content\/uploads\/2009\/04\/arjonsoriper-moza-ari.jpg\" \/>\n<meta name=\"twitter:label1\" content=\"Written by\" \/>\n\t<meta name=\"twitter:data1\" content=\"ulqini\" \/>\n\t<meta name=\"twitter:label2\" content=\"Est. reading time\" \/>\n\t<meta name=\"twitter:data2\" content=\"1 minute\" \/>\n<script type=\"application\/ld+json\" class=\"yoast-schema-graph\">{\"@context\":\"https:\/\/schema.org\",\"@graph\":[{\"@type\":\"WebSite\",\"@id\":\"https:\/\/www.visit-ulcinj.com\/blog\/#website\",\"url\":\"https:\/\/www.visit-ulcinj.com\/blog\/\",\"name\":\"Lajme nga Ulqini\",\"description\":\"Lajme,Vijesti,Ulqini,Ulqin,Crna Gora,Mali i Zi\",\"potentialAction\":[{\"@type\":\"SearchAction\",\"target\":{\"@type\":\"EntryPoint\",\"urlTemplate\":\"https:\/\/www.visit-ulcinj.com\/blog\/?s={search_term_string}\"},\"query-input\":\"required name=search_term_string\"}],\"inLanguage\":\"en-US\"},{\"@type\":\"ImageObject\",\"inLanguage\":\"en-US\",\"@id\":\"https:\/\/www.visit-ulcinj.com\/blog\/2009\/04\/16\/ari-iu-afruar-shume-mozes\/#primaryimage\",\"url\":\"http:\/\/www.visit-ulcinj.com\/blog\/wp-content\/uploads\/2009\/04\/arjonsoriper-moza-ari.jpg\",\"contentUrl\":\"http:\/\/www.visit-ulcinj.com\/blog\/wp-content\/uploads\/2009\/04\/arjonsoriper-moza-ari.jpg\"},{\"@type\":\"WebPage\",\"@id\":\"https:\/\/www.visit-ulcinj.com\/blog\/2009\/04\/16\/ari-iu-afruar-shume-mozes\/#webpage\",\"url\":\"https:\/\/www.visit-ulcinj.com\/blog\/2009\/04\/16\/ari-iu-afruar-shume-mozes\/\",\"name\":\"Ari iu afruar shum\u00c3\u00ab Moz\u00c3\u00abs | Big Brother Albania 2\",\"isPartOf\":{\"@id\":\"https:\/\/www.visit-ulcinj.com\/blog\/#website\"},\"primaryImageOfPage\":{\"@id\":\"https:\/\/www.visit-ulcinj.com\/blog\/2009\/04\/16\/ari-iu-afruar-shume-mozes\/#primaryimage\"},\"datePublished\":\"2009-04-16T21:40:18+00:00\",\"dateModified\":\"2009-04-16T21:40:18+00:00\",\"author\":{\"@id\":\"https:\/\/www.visit-ulcinj.com\/blog\/#\/schema\/person\/dcab619c614d3038751c63bc2aadc06d\"},\"description\":\"Big Brother Albania 2 - Arjoni dhe Sori, pasi jan\u00c3\u00ab zgjuar, shkojn\u00c3\u00ab p\u00c3\u00abr t\u00c3\u00ab pir\u00c3\u00ab kafen n\u00c3\u00ab kop\u00c3\u00absht. Nj\u00c3\u00ab prej bisedave t\u00c3\u00ab tyre \u00c3\u00absht\u00c3\u00ab ajo n\u00c3\u00ab lidhje me Arin dhe Moz\u00c3\u00abn.\",\"breadcrumb\":{\"@id\":\"https:\/\/www.visit-ulcinj.com\/blog\/2009\/04\/16\/ari-iu-afruar-shume-mozes\/#breadcrumb\"},\"inLanguage\":\"en-US\",\"potentialAction\":[{\"@type\":\"ReadAction\",\"target\":[\"https:\/\/www.visit-ulcinj.com\/blog\/2009\/04\/16\/ari-iu-afruar-shume-mozes\/\"]}]},{\"@type\":\"BreadcrumbList\",\"@id\":\"https:\/\/www.visit-ulcinj.com\/blog\/2009\/04\/16\/ari-iu-afruar-shume-mozes\/#breadcrumb\",\"itemListElement\":[{\"@type\":\"ListItem\",\"position\":1,\"name\":\"Ari iu afruar shum\u00eb Moz\u00ebs\"}]},{\"@type\":\"Person\",\"@id\":\"https:\/\/www.visit-ulcinj.com\/blog\/#\/schema\/person\/dcab619c614d3038751c63bc2aadc06d\",\"name\":\"ulqini\",\"sameAs\":[\"http:\/\/www.visit-ulcinj.com\"],\"url\":\"https:\/\/www.visit-ulcinj.com\/blog\/author\/admin\/\"}]}<\/script>\n<!-- \/ Yoast SEO plugin. -->","yoast_head_json":{"title":"Ari iu afruar shum\u00c3\u00ab Moz\u00c3\u00abs | Big Brother Albania 2","description":"Big Brother Albania 2 - Arjoni dhe Sori, pasi jan\u00c3\u00ab zgjuar, shkojn\u00c3\u00ab p\u00c3\u00abr t\u00c3\u00ab pir\u00c3\u00ab kafen n\u00c3\u00ab kop\u00c3\u00absht. Nj\u00c3\u00ab prej bisedave t\u00c3\u00ab tyre \u00c3\u00absht\u00c3\u00ab ajo n\u00c3\u00ab lidhje me Arin dhe Moz\u00c3\u00abn.","robots":{"index":"index","follow":"follow","max-snippet":"max-snippet:-1","max-image-preview":"max-image-preview:large","max-video-preview":"max-video-preview:-1"},"canonical":"https:\/\/www.visit-ulcinj.com\/blog\/2009\/04\/16\/ari-iu-afruar-shume-mozes\/","og_locale":"en_US","og_type":"article","og_title":"Ari iu afruar shum\u00c3\u00ab Moz\u00c3\u00abs | Big Brother Albania 2","og_description":"Big Brother Albania 2 - Arjoni dhe Sori, pasi jan\u00c3\u00ab zgjuar, shkojn\u00c3\u00ab p\u00c3\u00abr t\u00c3\u00ab pir\u00c3\u00ab kafen n\u00c3\u00ab kop\u00c3\u00absht. Nj\u00c3\u00ab prej bisedave t\u00c3\u00ab tyre \u00c3\u00absht\u00c3\u00ab ajo n\u00c3\u00ab lidhje me Arin dhe Moz\u00c3\u00abn.","og_url":"https:\/\/www.visit-ulcinj.com\/blog\/2009\/04\/16\/ari-iu-afruar-shume-mozes\/","og_site_name":"Lajme nga Ulqini","article_published_time":"2009-04-16T21:40:18+00:00","og_image":[{"url":"http:\/\/www.visit-ulcinj.com\/blog\/wp-content\/uploads\/2009\/04\/arjonsoriper-moza-ari.jpg"}],"twitter_misc":{"Written by":"ulqini","Est. reading time":"1 minute"},"schema":{"@context":"https:\/\/schema.org","@graph":[{"@type":"WebSite","@id":"https:\/\/www.visit-ulcinj.com\/blog\/#website","url":"https:\/\/www.visit-ulcinj.com\/blog\/","name":"Lajme nga Ulqini","description":"Lajme,Vijesti,Ulqini,Ulqin,Crna Gora,Mali i Zi","potentialAction":[{"@type":"SearchAction","target":{"@type":"EntryPoint","urlTemplate":"https:\/\/www.visit-ulcinj.com\/blog\/?s={search_term_string}"},"query-input":"required name=search_term_string"}],"inLanguage":"en-US"},{"@type":"ImageObject","inLanguage":"en-US","@id":"https:\/\/www.visit-ulcinj.com\/blog\/2009\/04\/16\/ari-iu-afruar-shume-mozes\/#primaryimage","url":"http:\/\/www.visit-ulcinj.com\/blog\/wp-content\/uploads\/2009\/04\/arjonsoriper-moza-ari.jpg","contentUrl":"http:\/\/www.visit-ulcinj.com\/blog\/wp-content\/uploads\/2009\/04\/arjonsoriper-moza-ari.jpg"},{"@type":"WebPage","@id":"https:\/\/www.visit-ulcinj.com\/blog\/2009\/04\/16\/ari-iu-afruar-shume-mozes\/#webpage","url":"https:\/\/www.visit-ulcinj.com\/blog\/2009\/04\/16\/ari-iu-afruar-shume-mozes\/","name":"Ari iu afruar shum\u00c3\u00ab Moz\u00c3\u00abs | Big Brother Albania 2","isPartOf":{"@id":"https:\/\/www.visit-ulcinj.com\/blog\/#website"},"primaryImageOfPage":{"@id":"https:\/\/www.visit-ulcinj.com\/blog\/2009\/04\/16\/ari-iu-afruar-shume-mozes\/#primaryimage"},"datePublished":"2009-04-16T21:40:18+00:00","dateModified":"2009-04-16T21:40:18+00:00","author":{"@id":"https:\/\/www.visit-ulcinj.com\/blog\/#\/schema\/person\/dcab619c614d3038751c63bc2aadc06d"},"description":"Big Brother Albania 2 - Arjoni dhe Sori, pasi jan\u00c3\u00ab zgjuar, shkojn\u00c3\u00ab p\u00c3\u00abr t\u00c3\u00ab pir\u00c3\u00ab kafen n\u00c3\u00ab kop\u00c3\u00absht. Nj\u00c3\u00ab prej bisedave t\u00c3\u00ab tyre \u00c3\u00absht\u00c3\u00ab ajo n\u00c3\u00ab lidhje me Arin dhe Moz\u00c3\u00abn.","breadcrumb":{"@id":"https:\/\/www.visit-ulcinj.com\/blog\/2009\/04\/16\/ari-iu-afruar-shume-mozes\/#breadcrumb"},"inLanguage":"en-US","potentialAction":[{"@type":"ReadAction","target":["https:\/\/www.visit-ulcinj.com\/blog\/2009\/04\/16\/ari-iu-afruar-shume-mozes\/"]}]},{"@type":"BreadcrumbList","@id":"https:\/\/www.visit-ulcinj.com\/blog\/2009\/04\/16\/ari-iu-afruar-shume-mozes\/#breadcrumb","itemListElement":[{"@type":"ListItem","position":1,"name":"Ari iu afruar shum\u00eb Moz\u00ebs"}]},{"@type":"Person","@id":"https:\/\/www.visit-ulcinj.com\/blog\/#\/schema\/person\/dcab619c614d3038751c63bc2aadc06d","name":"ulqini","sameAs":["http:\/\/www.visit-ulcinj.com"],"url":"https:\/\/www.visit-ulcinj.com\/blog\/author\/admin\/"}]}},"jetpack_featured_media_url":"","jetpack_sharing_enabled":true,"jetpack_shortlink":"https:\/\/wp.me\/pe6lTn-4Hn","_links":{"self":[{"href":"https:\/\/www.visit-ulcinj.com\/blog\/wp-json\/wp\/v2\/posts\/18065"}],"collection":[{"href":"https:\/\/www.visit-ulcinj.com\/blog\/wp-json\/wp\/v2\/posts"}],"about":[{"href":"https:\/\/www.visit-ulcinj.com\/blog\/wp-json\/wp\/v2\/types\/post"}],"author":[{"embeddable":true,"href":"https:\/\/www.visit-ulcinj.com\/blog\/wp-json\/wp\/v2\/users\/1"}],"replies":[{"embeddable":true,"href":"https:\/\/www.visit-ulcinj.com\/blog\/wp-json\/wp\/v2\/comments?post=18065"}],"version-history":[{"count":0,"href":"https:\/\/www.visit-ulcinj.com\/blog\/wp-json\/wp\/v2\/posts\/18065\/revisions"}],"wp:attachment":[{"href":"https:\/\/www.visit-ulcinj.com\/blog\/wp-json\/wp\/v2\/media?parent=18065"}],"wp:term":[{"taxonomy":"category","embeddable":true,"href":"https:\/\/www.visit-ulcinj.com\/blog\/wp-json\/wp\/v2\/categories?post=18065"},{"taxonomy":"post_tag","embeddable":true,"href":"https:\/\/www.visit-ulcinj.com\/blog\/wp-json\/wp\/v2\/tags?post=18065"}],"curies":[{"name":"wp","href":"https:\/\/api.w.org\/{rel}","templated":true}]}}