{"id":18073,"date":"2009-04-16T23:50:56","date_gmt":"2009-04-16T21:50:56","guid":{"rendered":"http:\/\/www.visit-ulcinj.com\/blog\/?p=18073"},"modified":"2009-04-16T23:50:56","modified_gmt":"2009-04-16T21:50:56","slug":"bjordi-dhe-adelajda-puthje-dhe-perqafime","status":"publish","type":"post","link":"https:\/\/www.visit-ulcinj.com\/blog\/2009\/04\/16\/bjordi-dhe-adelajda-puthje-dhe-perqafime\/","title":{"rendered":"Bjordi dhe Adelajda : Puthje dhe p\u00ebrqafime"},"content":{"rendered":"<p><a href=\"http:\/\/www.visit-ulcinj.com\/blog\/wp-content\/uploads\/2009\/04\/adelabjordiflirt-14p.jpg\"><img loading=\"lazy\" class=\"alignleft size-full wp-image-18074\" title=\"adelabjordiflirt-14-big-brother-albania-2\" src=\"http:\/\/www.visit-ulcinj.com\/blog\/wp-content\/uploads\/2009\/04\/adelabjordiflirt-14p.jpg\" alt=\"adelabjordiflirt-14-big-brother-albania-2\" width=\"300\" height=\"205\" \/><\/a><em><span class=\"newsdate\">14\/04\/09 14:00<\/span><\/em><\/p>\n<p>Bjordi shkon tek Adela q\u00eb q\u00ebndron shtrir\u00eb n\u00eb krevatin e saj, me rrobdishamb\u00ebr veshur, duke b\u00ebr\u00eb tualetin e m\u00ebngjesit. Ajo i uron nj\u00eb dit\u00eb t\u00eb mbar\u00eb dhe e puth n\u00eb faqe. Ata bisedojn\u00eb p\u00ebr gj\u00ebra t\u00eb p\u00ebrgjithshme dhe gjat\u00eb gjith\u00eb koh\u00ebs puthen e p\u00ebrqafohen. Bjordi dhe Adela q\u00ebndrojn\u00eb n\u00eb intimitet p\u00ebr minuta t\u00eb t\u00ebra, duke shk\u00ebmbyer puthje e p\u00ebrqafime t\u00eb shumta. Adela shprehet se n\u00ebse Arjoni dhe Anjeza do t\u00eb b\u00ebnin si ata n\u00eb ato momente, askush nuk do t\u2019i kishte th\u00ebn\u00eb asgj\u00eb, nd\u00ebrkoh\u00eb ata (Bjordin dhe Adel\u00ebn) nuk i l\u00ebn\u00eb rehat me komente. Ata vazhdojn\u00eb ti dhurojn\u00eb puthje e p\u00ebrqafime njeri-tjetrit dhe t\u00eb dy duken t\u00eb lumtur.<\/p>\n","protected":false},"excerpt":{"rendered":"<p>14\/04\/09 14:00 Bjordi shkon tek Adela q\u00eb q\u00ebndron shtrir\u00eb n\u00eb krevatin e saj, me rrobdishamb\u00ebr veshur, duke b\u00ebr\u00eb tualetin e m\u00ebngjesit. Ajo i uron nj\u00eb dit\u00eb t\u00eb mbar\u00eb dhe e puth n\u00eb faqe. Ata bisedojn\u00eb p\u00ebr gj\u00ebra t\u00eb p\u00ebrgjithshme dhe gjat\u00eb gjith\u00eb koh\u00ebs puthen e p\u00ebrqafohen. Bjordi dhe Adela q\u00ebndrojn\u00eb n\u00eb intimitet p\u00ebr minuta t\u00eb [&hellip;]<\/p>\n","protected":false},"author":1,"featured_media":0,"comment_status":"open","ping_status":"closed","sticky":false,"template":"","format":"standard","meta":{"spay_email":"","jetpack_publicize_message":"","jetpack_is_tweetstorm":false,"jetpack_publicize_feature_enabled":true},"categories":[6502],"tags":[6529,5057,6506,6516,6712,7129,6665,9240,6522,9241,9084,6891,6693,6887],"jetpack_publicize_connections":[],"yoast_head":"<!-- This site is optimized with the Yoast SEO plugin v19.1 - https:\/\/yoast.com\/wordpress\/plugins\/seo\/ -->\n<title>Bjordi dhe Adelajda : Puthje dhe p\u00c3\u00abrqafime | Big Brother Albania 2<\/title>\n<meta name=\"description\" content=\"Big Brother Albania 2 - Bjordi shkon tek Adela q\u00c3\u00ab q\u00c3\u00abndron shtrir\u00c3\u00ab n\u00c3\u00ab krevatin e saj, me rrobdishamb\u00c3\u00abr veshur, duke b\u00c3\u00abr\u00c3\u00ab tualetin e m\u00c3\u00abngjesit.\" \/>\n<meta name=\"robots\" content=\"index, follow, max-snippet:-1, max-image-preview:large, max-video-preview:-1\" \/>\n<link rel=\"canonical\" href=\"https:\/\/www.visit-ulcinj.com\/blog\/2009\/04\/16\/bjordi-dhe-adelajda-puthje-dhe-perqafime\/\" \/>\n<meta property=\"og:locale\" content=\"en_US\" \/>\n<meta property=\"og:type\" content=\"article\" \/>\n<meta property=\"og:title\" content=\"Bjordi dhe Adelajda : Puthje dhe p\u00c3\u00abrqafime | Big Brother Albania 2\" \/>\n<meta property=\"og:description\" content=\"Big Brother Albania 2 - Bjordi shkon tek Adela q\u00c3\u00ab q\u00c3\u00abndron shtrir\u00c3\u00ab n\u00c3\u00ab krevatin e saj, me rrobdishamb\u00c3\u00abr veshur, duke b\u00c3\u00abr\u00c3\u00ab tualetin e m\u00c3\u00abngjesit.\" \/>\n<meta property=\"og:url\" content=\"https:\/\/www.visit-ulcinj.com\/blog\/2009\/04\/16\/bjordi-dhe-adelajda-puthje-dhe-perqafime\/\" \/>\n<meta property=\"og:site_name\" content=\"Lajme nga Ulqini\" \/>\n<meta property=\"article:published_time\" content=\"2009-04-16T21:50:56+00:00\" \/>\n<meta property=\"og:image\" content=\"http:\/\/www.visit-ulcinj.com\/blog\/wp-content\/uploads\/2009\/04\/adelabjordiflirt-14p.jpg\" \/>\n<meta name=\"twitter:label1\" content=\"Written by\" \/>\n\t<meta name=\"twitter:data1\" content=\"ulqini\" \/>\n\t<meta name=\"twitter:label2\" content=\"Est. reading time\" \/>\n\t<meta name=\"twitter:data2\" content=\"1 minute\" \/>\n<script type=\"application\/ld+json\" class=\"yoast-schema-graph\">{\"@context\":\"https:\/\/schema.org\",\"@graph\":[{\"@type\":\"WebSite\",\"@id\":\"https:\/\/www.visit-ulcinj.com\/blog\/#website\",\"url\":\"https:\/\/www.visit-ulcinj.com\/blog\/\",\"name\":\"Lajme nga Ulqini\",\"description\":\"Lajme,Vijesti,Ulqini,Ulqin,Crna Gora,Mali i Zi\",\"potentialAction\":[{\"@type\":\"SearchAction\",\"target\":{\"@type\":\"EntryPoint\",\"urlTemplate\":\"https:\/\/www.visit-ulcinj.com\/blog\/?s={search_term_string}\"},\"query-input\":\"required name=search_term_string\"}],\"inLanguage\":\"en-US\"},{\"@type\":\"ImageObject\",\"inLanguage\":\"en-US\",\"@id\":\"https:\/\/www.visit-ulcinj.com\/blog\/2009\/04\/16\/bjordi-dhe-adelajda-puthje-dhe-perqafime\/#primaryimage\",\"url\":\"http:\/\/www.visit-ulcinj.com\/blog\/wp-content\/uploads\/2009\/04\/adelabjordiflirt-14p.jpg\",\"contentUrl\":\"http:\/\/www.visit-ulcinj.com\/blog\/wp-content\/uploads\/2009\/04\/adelabjordiflirt-14p.jpg\"},{\"@type\":\"WebPage\",\"@id\":\"https:\/\/www.visit-ulcinj.com\/blog\/2009\/04\/16\/bjordi-dhe-adelajda-puthje-dhe-perqafime\/#webpage\",\"url\":\"https:\/\/www.visit-ulcinj.com\/blog\/2009\/04\/16\/bjordi-dhe-adelajda-puthje-dhe-perqafime\/\",\"name\":\"Bjordi dhe Adelajda : Puthje dhe p\u00c3\u00abrqafime | Big Brother Albania 2\",\"isPartOf\":{\"@id\":\"https:\/\/www.visit-ulcinj.com\/blog\/#website\"},\"primaryImageOfPage\":{\"@id\":\"https:\/\/www.visit-ulcinj.com\/blog\/2009\/04\/16\/bjordi-dhe-adelajda-puthje-dhe-perqafime\/#primaryimage\"},\"datePublished\":\"2009-04-16T21:50:56+00:00\",\"dateModified\":\"2009-04-16T21:50:56+00:00\",\"author\":{\"@id\":\"https:\/\/www.visit-ulcinj.com\/blog\/#\/schema\/person\/dcab619c614d3038751c63bc2aadc06d\"},\"description\":\"Big Brother Albania 2 - Bjordi shkon tek Adela q\u00c3\u00ab q\u00c3\u00abndron shtrir\u00c3\u00ab n\u00c3\u00ab krevatin e saj, me rrobdishamb\u00c3\u00abr veshur, duke b\u00c3\u00abr\u00c3\u00ab tualetin e m\u00c3\u00abngjesit.\",\"breadcrumb\":{\"@id\":\"https:\/\/www.visit-ulcinj.com\/blog\/2009\/04\/16\/bjordi-dhe-adelajda-puthje-dhe-perqafime\/#breadcrumb\"},\"inLanguage\":\"en-US\",\"potentialAction\":[{\"@type\":\"ReadAction\",\"target\":[\"https:\/\/www.visit-ulcinj.com\/blog\/2009\/04\/16\/bjordi-dhe-adelajda-puthje-dhe-perqafime\/\"]}]},{\"@type\":\"BreadcrumbList\",\"@id\":\"https:\/\/www.visit-ulcinj.com\/blog\/2009\/04\/16\/bjordi-dhe-adelajda-puthje-dhe-perqafime\/#breadcrumb\",\"itemListElement\":[{\"@type\":\"ListItem\",\"position\":1,\"name\":\"Bjordi dhe Adelajda : Puthje dhe p\u00ebrqafime\"}]},{\"@type\":\"Person\",\"@id\":\"https:\/\/www.visit-ulcinj.com\/blog\/#\/schema\/person\/dcab619c614d3038751c63bc2aadc06d\",\"name\":\"ulqini\",\"sameAs\":[\"http:\/\/www.visit-ulcinj.com\"],\"url\":\"https:\/\/www.visit-ulcinj.com\/blog\/author\/admin\/\"}]}<\/script>\n<!-- \/ Yoast SEO plugin. -->","yoast_head_json":{"title":"Bjordi dhe Adelajda : Puthje dhe p\u00c3\u00abrqafime | Big Brother Albania 2","description":"Big Brother Albania 2 - Bjordi shkon tek Adela q\u00c3\u00ab q\u00c3\u00abndron shtrir\u00c3\u00ab n\u00c3\u00ab krevatin e saj, me rrobdishamb\u00c3\u00abr veshur, duke b\u00c3\u00abr\u00c3\u00ab tualetin e m\u00c3\u00abngjesit.","robots":{"index":"index","follow":"follow","max-snippet":"max-snippet:-1","max-image-preview":"max-image-preview:large","max-video-preview":"max-video-preview:-1"},"canonical":"https:\/\/www.visit-ulcinj.com\/blog\/2009\/04\/16\/bjordi-dhe-adelajda-puthje-dhe-perqafime\/","og_locale":"en_US","og_type":"article","og_title":"Bjordi dhe Adelajda : Puthje dhe p\u00c3\u00abrqafime | Big Brother Albania 2","og_description":"Big Brother Albania 2 - Bjordi shkon tek Adela q\u00c3\u00ab q\u00c3\u00abndron shtrir\u00c3\u00ab n\u00c3\u00ab krevatin e saj, me rrobdishamb\u00c3\u00abr veshur, duke b\u00c3\u00abr\u00c3\u00ab tualetin e m\u00c3\u00abngjesit.","og_url":"https:\/\/www.visit-ulcinj.com\/blog\/2009\/04\/16\/bjordi-dhe-adelajda-puthje-dhe-perqafime\/","og_site_name":"Lajme nga Ulqini","article_published_time":"2009-04-16T21:50:56+00:00","og_image":[{"url":"http:\/\/www.visit-ulcinj.com\/blog\/wp-content\/uploads\/2009\/04\/adelabjordiflirt-14p.jpg"}],"twitter_misc":{"Written by":"ulqini","Est. reading time":"1 minute"},"schema":{"@context":"https:\/\/schema.org","@graph":[{"@type":"WebSite","@id":"https:\/\/www.visit-ulcinj.com\/blog\/#website","url":"https:\/\/www.visit-ulcinj.com\/blog\/","name":"Lajme nga Ulqini","description":"Lajme,Vijesti,Ulqini,Ulqin,Crna Gora,Mali i Zi","potentialAction":[{"@type":"SearchAction","target":{"@type":"EntryPoint","urlTemplate":"https:\/\/www.visit-ulcinj.com\/blog\/?s={search_term_string}"},"query-input":"required name=search_term_string"}],"inLanguage":"en-US"},{"@type":"ImageObject","inLanguage":"en-US","@id":"https:\/\/www.visit-ulcinj.com\/blog\/2009\/04\/16\/bjordi-dhe-adelajda-puthje-dhe-perqafime\/#primaryimage","url":"http:\/\/www.visit-ulcinj.com\/blog\/wp-content\/uploads\/2009\/04\/adelabjordiflirt-14p.jpg","contentUrl":"http:\/\/www.visit-ulcinj.com\/blog\/wp-content\/uploads\/2009\/04\/adelabjordiflirt-14p.jpg"},{"@type":"WebPage","@id":"https:\/\/www.visit-ulcinj.com\/blog\/2009\/04\/16\/bjordi-dhe-adelajda-puthje-dhe-perqafime\/#webpage","url":"https:\/\/www.visit-ulcinj.com\/blog\/2009\/04\/16\/bjordi-dhe-adelajda-puthje-dhe-perqafime\/","name":"Bjordi dhe Adelajda : Puthje dhe p\u00c3\u00abrqafime | Big Brother Albania 2","isPartOf":{"@id":"https:\/\/www.visit-ulcinj.com\/blog\/#website"},"primaryImageOfPage":{"@id":"https:\/\/www.visit-ulcinj.com\/blog\/2009\/04\/16\/bjordi-dhe-adelajda-puthje-dhe-perqafime\/#primaryimage"},"datePublished":"2009-04-16T21:50:56+00:00","dateModified":"2009-04-16T21:50:56+00:00","author":{"@id":"https:\/\/www.visit-ulcinj.com\/blog\/#\/schema\/person\/dcab619c614d3038751c63bc2aadc06d"},"description":"Big Brother Albania 2 - Bjordi shkon tek Adela q\u00c3\u00ab q\u00c3\u00abndron shtrir\u00c3\u00ab n\u00c3\u00ab krevatin e saj, me rrobdishamb\u00c3\u00abr veshur, duke b\u00c3\u00abr\u00c3\u00ab tualetin e m\u00c3\u00abngjesit.","breadcrumb":{"@id":"https:\/\/www.visit-ulcinj.com\/blog\/2009\/04\/16\/bjordi-dhe-adelajda-puthje-dhe-perqafime\/#breadcrumb"},"inLanguage":"en-US","potentialAction":[{"@type":"ReadAction","target":["https:\/\/www.visit-ulcinj.com\/blog\/2009\/04\/16\/bjordi-dhe-adelajda-puthje-dhe-perqafime\/"]}]},{"@type":"BreadcrumbList","@id":"https:\/\/www.visit-ulcinj.com\/blog\/2009\/04\/16\/bjordi-dhe-adelajda-puthje-dhe-perqafime\/#breadcrumb","itemListElement":[{"@type":"ListItem","position":1,"name":"Bjordi dhe Adelajda : Puthje dhe p\u00ebrqafime"}]},{"@type":"Person","@id":"https:\/\/www.visit-ulcinj.com\/blog\/#\/schema\/person\/dcab619c614d3038751c63bc2aadc06d","name":"ulqini","sameAs":["http:\/\/www.visit-ulcinj.com"],"url":"https:\/\/www.visit-ulcinj.com\/blog\/author\/admin\/"}]}},"jetpack_featured_media_url":"","jetpack_sharing_enabled":true,"jetpack_shortlink":"https:\/\/wp.me\/pe6lTn-4Hv","_links":{"self":[{"href":"https:\/\/www.visit-ulcinj.com\/blog\/wp-json\/wp\/v2\/posts\/18073"}],"collection":[{"href":"https:\/\/www.visit-ulcinj.com\/blog\/wp-json\/wp\/v2\/posts"}],"about":[{"href":"https:\/\/www.visit-ulcinj.com\/blog\/wp-json\/wp\/v2\/types\/post"}],"author":[{"embeddable":true,"href":"https:\/\/www.visit-ulcinj.com\/blog\/wp-json\/wp\/v2\/users\/1"}],"replies":[{"embeddable":true,"href":"https:\/\/www.visit-ulcinj.com\/blog\/wp-json\/wp\/v2\/comments?post=18073"}],"version-history":[{"count":0,"href":"https:\/\/www.visit-ulcinj.com\/blog\/wp-json\/wp\/v2\/posts\/18073\/revisions"}],"wp:attachment":[{"href":"https:\/\/www.visit-ulcinj.com\/blog\/wp-json\/wp\/v2\/media?parent=18073"}],"wp:term":[{"taxonomy":"category","embeddable":true,"href":"https:\/\/www.visit-ulcinj.com\/blog\/wp-json\/wp\/v2\/categories?post=18073"},{"taxonomy":"post_tag","embeddable":true,"href":"https:\/\/www.visit-ulcinj.com\/blog\/wp-json\/wp\/v2\/tags?post=18073"}],"curies":[{"name":"wp","href":"https:\/\/api.w.org\/{rel}","templated":true}]}}