{"id":18125,"date":"2009-04-17T20:37:23","date_gmt":"2009-04-17T18:37:23","guid":{"rendered":"http:\/\/www.visit-ulcinj.com\/blog\/?p=18125"},"modified":"2009-04-17T20:37:23","modified_gmt":"2009-04-17T18:37:23","slug":"denim-per-banoret","status":"publish","type":"post","link":"https:\/\/www.visit-ulcinj.com\/blog\/2009\/04\/17\/denim-per-banoret\/","title":{"rendered":"D\u00ebnim p\u00ebr banor\u00ebt"},"content":{"rendered":"<p><a href=\"http:\/\/www.visit-ulcinj.com\/blog\/wp-content\/uploads\/2009\/04\/denimi-i-banoreve-big-brother-albania-2.jpg\"><img loading=\"lazy\" class=\"alignleft size-full wp-image-18126\" title=\"denimi-i-banoreve-big-brother-albania-2\" src=\"http:\/\/www.visit-ulcinj.com\/blog\/wp-content\/uploads\/2009\/04\/denimi-i-banoreve-big-brother-albania-2.jpg\" alt=\"denimi-i-banoreve-big-brother-albania-2\" width=\"300\" height=\"205\" \/><\/a><em><span class=\"newsdate\">14\/04\/09 18:59<\/span><\/em><\/p>\n<p>\u201cBig Brother\u201d duke par\u00eb q\u00eb Ari ka p\u00ebrs\u00ebritur disa veprime q\u00eb bien ndesh me rregulloren, vendos t`i jap\u00eb t\u00eb gjith\u00eb banor\u00ebve nj\u00eb d\u00ebnim. Ky vendim ka ardhur p\u00ebr t\u00eb gjith\u00eb p\u00ebr arsye se banor\u00ebt jetojn\u00eb n\u00eb grup, dhe zgjedhjet e nj\u00ebrit i p\u00ebsojn\u00eb, dhe i g\u00ebzojn\u00eb n\u00eb grup. D\u00ebnimi konsiston n\u00eb lidhjen me litar\u00eb me nj\u00ebri-tjetrin n\u00eb grupe prej kat\u00ebr dhe tre vetash. Ato jan\u00eb t\u00eb detyruar q\u00eb t\u00eb spostohen n\u00eb grupe, p\u00ebr t\u00eb koordinuar gjithcka, dhe nuk lejohen absolutisht q\u00eb t\u00eb zgjidhen nga litar\u00ebt qoft\u00eb edhe p\u00ebr t\u00eb p\u00ebrdorur tualetin apo p\u00ebr t`u shtrir\u00eb. Banor\u00ebt u ndan\u00eb n\u00eb grupe t\u00eb p\u00ebrcaktuara nga \u201cBig Brother\u2019. Grupi i par\u00eb p\u00ebrb\u00ebhej nga Ari, Adelajda, Aida dhe Qet\u00ebsori. Grupi i dyt\u00eb ishin Adi, Anjeza, Bjordi dhe Mimoza. N\u00eb grupi e tret\u00eb ishin Eltoni, Juna, Arjoni. N\u00eb momentin q\u00eb banor\u00ebt jan\u00eb v\u00ebn\u00eb n\u00eb dijeni t\u00eb d\u00ebnimit ato i kan\u00eb th\u00ebn\u00eb Arit:-\u201cTa kemi borxh!\u201d Gjith\u00ebsesi ato e mor\u00ebn me shum\u00eb sportivitet k\u00ebt\u00eb d\u00ebnim, duke u shprehur q\u00eb do jet\u00eb arg\u00ebtuese p\u00ebr ta. Arjoni b\u00ebn batuta me Anjez\u00ebn duke i th\u00ebn\u00eb:-\u201cImagjino kur t\u00eb gatuaj un\u00eb dhe Sori, do jemi 10 veta n\u00eb kuzhin\u00eb!\u201dAri u thot\u00eb banor\u00ebve:-\u201cN\u00eb k\u00ebt\u00eb m\u00ebnyr\u00eb rritet ndjenja e komunitetit!\u201d T\u00eb gjith\u00eb banor\u00ebt b\u00ebjn\u00eb batuta me Arin. Bjordi i thot\u00eb:-\u201cPo ti nuk ndihesh as fajtor!\u201d Ky d\u00ebnim ka krijuar shum\u00eb situata komike me banor\u00ebt.<\/p>\n","protected":false},"excerpt":{"rendered":"<p>14\/04\/09 18:59 \u201cBig Brother\u201d duke par\u00eb q\u00eb Ari ka p\u00ebrs\u00ebritur disa veprime q\u00eb bien ndesh me rregulloren, vendos t`i jap\u00eb t\u00eb gjith\u00eb banor\u00ebve nj\u00eb d\u00ebnim. Ky vendim ka ardhur p\u00ebr t\u00eb gjith\u00eb p\u00ebr arsye se banor\u00ebt jetojn\u00eb n\u00eb grup, dhe zgjedhjet e nj\u00ebrit i p\u00ebsojn\u00eb, dhe i g\u00ebzojn\u00eb n\u00eb grup. D\u00ebnimi konsiston n\u00eb lidhjen me [&hellip;]<\/p>\n","protected":false},"author":1,"featured_media":0,"comment_status":"open","ping_status":"closed","sticky":false,"template":"","format":"standard","meta":{"spay_email":"","jetpack_publicize_message":"","jetpack_is_tweetstorm":false,"jetpack_publicize_feature_enabled":true},"categories":[6502],"tags":[6529,6537,5057,6506,6516,6712,7129,6522,9263,8943,1442,6891,6693,6887],"jetpack_publicize_connections":[],"yoast_head":"<!-- This site is optimized with the Yoast SEO plugin v19.1 - https:\/\/yoast.com\/wordpress\/plugins\/seo\/ -->\n<title>D\u00c3\u00abnim p\u00c3\u00abr banor\u00c3\u00abt | Big Brother Albania 2<\/title>\n<meta name=\"description\" content=\"Big Brother Albania 2 - \u00e2\u20ac\u0153Big Brother\u00e2\u20ac\u009d duke par\u00c3\u00ab q\u00c3\u00ab Ari ka p\u00c3\u00abrs\u00c3\u00abritur disa veprime q\u00c3\u00ab bien ndesh me rregulloren, vendos t`i jap\u00c3\u00ab t\u00c3\u00ab gjith\u00c3\u00ab banor\u00c3\u00abve nj\u00c3\u00ab d\u00c3\u00abnim. Ky vendim ka ardhur p\u00c3\u00abr t\u00c3\u00ab gjith\u00c3\u00ab p\u00c3\u00abr arsye se banor\u00c3\u00abt jetojn\u00c3\u00ab n\u00c3\u00ab grup, dhe zgjedhjet e nj\u00c3\u00abrit i p\u00c3\u00absojn\u00c3\u00ab\" \/>\n<meta name=\"robots\" content=\"index, follow, max-snippet:-1, max-image-preview:large, max-video-preview:-1\" \/>\n<link rel=\"canonical\" href=\"https:\/\/www.visit-ulcinj.com\/blog\/2009\/04\/17\/denim-per-banoret\/\" \/>\n<meta property=\"og:locale\" content=\"en_US\" \/>\n<meta property=\"og:type\" content=\"article\" \/>\n<meta property=\"og:title\" content=\"D\u00c3\u00abnim p\u00c3\u00abr banor\u00c3\u00abt | Big Brother Albania 2\" \/>\n<meta property=\"og:description\" content=\"Big Brother Albania 2 - \u00e2\u20ac\u0153Big Brother\u00e2\u20ac\u009d duke par\u00c3\u00ab q\u00c3\u00ab Ari ka p\u00c3\u00abrs\u00c3\u00abritur disa veprime q\u00c3\u00ab bien ndesh me rregulloren, vendos t`i jap\u00c3\u00ab t\u00c3\u00ab gjith\u00c3\u00ab banor\u00c3\u00abve nj\u00c3\u00ab d\u00c3\u00abnim. Ky vendim ka ardhur p\u00c3\u00abr t\u00c3\u00ab gjith\u00c3\u00ab p\u00c3\u00abr arsye se banor\u00c3\u00abt jetojn\u00c3\u00ab n\u00c3\u00ab grup, dhe zgjedhjet e nj\u00c3\u00abrit i p\u00c3\u00absojn\u00c3\u00ab\" \/>\n<meta property=\"og:url\" content=\"https:\/\/www.visit-ulcinj.com\/blog\/2009\/04\/17\/denim-per-banoret\/\" \/>\n<meta property=\"og:site_name\" content=\"Lajme nga Ulqini\" \/>\n<meta property=\"article:published_time\" content=\"2009-04-17T18:37:23+00:00\" \/>\n<meta property=\"og:image\" content=\"http:\/\/www.visit-ulcinj.com\/blog\/wp-content\/uploads\/2009\/04\/denimi-i-banoreve-big-brother-albania-2.jpg\" \/>\n<meta name=\"twitter:label1\" content=\"Written by\" \/>\n\t<meta name=\"twitter:data1\" content=\"ulqini\" \/>\n\t<meta name=\"twitter:label2\" content=\"Est. reading time\" \/>\n\t<meta name=\"twitter:data2\" content=\"1 minute\" \/>\n<script type=\"application\/ld+json\" class=\"yoast-schema-graph\">{\"@context\":\"https:\/\/schema.org\",\"@graph\":[{\"@type\":\"WebSite\",\"@id\":\"https:\/\/www.visit-ulcinj.com\/blog\/#website\",\"url\":\"https:\/\/www.visit-ulcinj.com\/blog\/\",\"name\":\"Lajme nga Ulqini\",\"description\":\"Lajme,Vijesti,Ulqini,Ulqin,Crna Gora,Mali i Zi\",\"potentialAction\":[{\"@type\":\"SearchAction\",\"target\":{\"@type\":\"EntryPoint\",\"urlTemplate\":\"https:\/\/www.visit-ulcinj.com\/blog\/?s={search_term_string}\"},\"query-input\":\"required name=search_term_string\"}],\"inLanguage\":\"en-US\"},{\"@type\":\"ImageObject\",\"inLanguage\":\"en-US\",\"@id\":\"https:\/\/www.visit-ulcinj.com\/blog\/2009\/04\/17\/denim-per-banoret\/#primaryimage\",\"url\":\"http:\/\/www.visit-ulcinj.com\/blog\/wp-content\/uploads\/2009\/04\/denimi-i-banoreve-big-brother-albania-2.jpg\",\"contentUrl\":\"http:\/\/www.visit-ulcinj.com\/blog\/wp-content\/uploads\/2009\/04\/denimi-i-banoreve-big-brother-albania-2.jpg\"},{\"@type\":\"WebPage\",\"@id\":\"https:\/\/www.visit-ulcinj.com\/blog\/2009\/04\/17\/denim-per-banoret\/#webpage\",\"url\":\"https:\/\/www.visit-ulcinj.com\/blog\/2009\/04\/17\/denim-per-banoret\/\",\"name\":\"D\u00c3\u00abnim p\u00c3\u00abr banor\u00c3\u00abt | Big Brother Albania 2\",\"isPartOf\":{\"@id\":\"https:\/\/www.visit-ulcinj.com\/blog\/#website\"},\"primaryImageOfPage\":{\"@id\":\"https:\/\/www.visit-ulcinj.com\/blog\/2009\/04\/17\/denim-per-banoret\/#primaryimage\"},\"datePublished\":\"2009-04-17T18:37:23+00:00\",\"dateModified\":\"2009-04-17T18:37:23+00:00\",\"author\":{\"@id\":\"https:\/\/www.visit-ulcinj.com\/blog\/#\/schema\/person\/dcab619c614d3038751c63bc2aadc06d\"},\"description\":\"Big Brother Albania 2 - \u00e2\u20ac\u0153Big Brother\u00e2\u20ac\u009d duke par\u00c3\u00ab q\u00c3\u00ab Ari ka p\u00c3\u00abrs\u00c3\u00abritur disa veprime q\u00c3\u00ab bien ndesh me rregulloren, vendos t`i jap\u00c3\u00ab t\u00c3\u00ab gjith\u00c3\u00ab banor\u00c3\u00abve nj\u00c3\u00ab d\u00c3\u00abnim. Ky vendim ka ardhur p\u00c3\u00abr t\u00c3\u00ab gjith\u00c3\u00ab p\u00c3\u00abr arsye se banor\u00c3\u00abt jetojn\u00c3\u00ab n\u00c3\u00ab grup, dhe zgjedhjet e nj\u00c3\u00abrit i p\u00c3\u00absojn\u00c3\u00ab\",\"breadcrumb\":{\"@id\":\"https:\/\/www.visit-ulcinj.com\/blog\/2009\/04\/17\/denim-per-banoret\/#breadcrumb\"},\"inLanguage\":\"en-US\",\"potentialAction\":[{\"@type\":\"ReadAction\",\"target\":[\"https:\/\/www.visit-ulcinj.com\/blog\/2009\/04\/17\/denim-per-banoret\/\"]}]},{\"@type\":\"BreadcrumbList\",\"@id\":\"https:\/\/www.visit-ulcinj.com\/blog\/2009\/04\/17\/denim-per-banoret\/#breadcrumb\",\"itemListElement\":[{\"@type\":\"ListItem\",\"position\":1,\"name\":\"D\u00ebnim p\u00ebr banor\u00ebt\"}]},{\"@type\":\"Person\",\"@id\":\"https:\/\/www.visit-ulcinj.com\/blog\/#\/schema\/person\/dcab619c614d3038751c63bc2aadc06d\",\"name\":\"ulqini\",\"sameAs\":[\"http:\/\/www.visit-ulcinj.com\"],\"url\":\"https:\/\/www.visit-ulcinj.com\/blog\/author\/admin\/\"}]}<\/script>\n<!-- \/ Yoast SEO plugin. -->","yoast_head_json":{"title":"D\u00c3\u00abnim p\u00c3\u00abr banor\u00c3\u00abt | Big Brother Albania 2","description":"Big Brother Albania 2 - \u00e2\u20ac\u0153Big Brother\u00e2\u20ac\u009d duke par\u00c3\u00ab q\u00c3\u00ab Ari ka p\u00c3\u00abrs\u00c3\u00abritur disa veprime q\u00c3\u00ab bien ndesh me rregulloren, vendos t`i jap\u00c3\u00ab t\u00c3\u00ab gjith\u00c3\u00ab banor\u00c3\u00abve nj\u00c3\u00ab d\u00c3\u00abnim. Ky vendim ka ardhur p\u00c3\u00abr t\u00c3\u00ab gjith\u00c3\u00ab p\u00c3\u00abr arsye se banor\u00c3\u00abt jetojn\u00c3\u00ab n\u00c3\u00ab grup, dhe zgjedhjet e nj\u00c3\u00abrit i p\u00c3\u00absojn\u00c3\u00ab","robots":{"index":"index","follow":"follow","max-snippet":"max-snippet:-1","max-image-preview":"max-image-preview:large","max-video-preview":"max-video-preview:-1"},"canonical":"https:\/\/www.visit-ulcinj.com\/blog\/2009\/04\/17\/denim-per-banoret\/","og_locale":"en_US","og_type":"article","og_title":"D\u00c3\u00abnim p\u00c3\u00abr banor\u00c3\u00abt | Big Brother Albania 2","og_description":"Big Brother Albania 2 - \u00e2\u20ac\u0153Big Brother\u00e2\u20ac\u009d duke par\u00c3\u00ab q\u00c3\u00ab Ari ka p\u00c3\u00abrs\u00c3\u00abritur disa veprime q\u00c3\u00ab bien ndesh me rregulloren, vendos t`i jap\u00c3\u00ab t\u00c3\u00ab gjith\u00c3\u00ab banor\u00c3\u00abve nj\u00c3\u00ab d\u00c3\u00abnim. Ky vendim ka ardhur p\u00c3\u00abr t\u00c3\u00ab gjith\u00c3\u00ab p\u00c3\u00abr arsye se banor\u00c3\u00abt jetojn\u00c3\u00ab n\u00c3\u00ab grup, dhe zgjedhjet e nj\u00c3\u00abrit i p\u00c3\u00absojn\u00c3\u00ab","og_url":"https:\/\/www.visit-ulcinj.com\/blog\/2009\/04\/17\/denim-per-banoret\/","og_site_name":"Lajme nga Ulqini","article_published_time":"2009-04-17T18:37:23+00:00","og_image":[{"url":"http:\/\/www.visit-ulcinj.com\/blog\/wp-content\/uploads\/2009\/04\/denimi-i-banoreve-big-brother-albania-2.jpg"}],"twitter_misc":{"Written by":"ulqini","Est. reading time":"1 minute"},"schema":{"@context":"https:\/\/schema.org","@graph":[{"@type":"WebSite","@id":"https:\/\/www.visit-ulcinj.com\/blog\/#website","url":"https:\/\/www.visit-ulcinj.com\/blog\/","name":"Lajme nga Ulqini","description":"Lajme,Vijesti,Ulqini,Ulqin,Crna Gora,Mali i Zi","potentialAction":[{"@type":"SearchAction","target":{"@type":"EntryPoint","urlTemplate":"https:\/\/www.visit-ulcinj.com\/blog\/?s={search_term_string}"},"query-input":"required name=search_term_string"}],"inLanguage":"en-US"},{"@type":"ImageObject","inLanguage":"en-US","@id":"https:\/\/www.visit-ulcinj.com\/blog\/2009\/04\/17\/denim-per-banoret\/#primaryimage","url":"http:\/\/www.visit-ulcinj.com\/blog\/wp-content\/uploads\/2009\/04\/denimi-i-banoreve-big-brother-albania-2.jpg","contentUrl":"http:\/\/www.visit-ulcinj.com\/blog\/wp-content\/uploads\/2009\/04\/denimi-i-banoreve-big-brother-albania-2.jpg"},{"@type":"WebPage","@id":"https:\/\/www.visit-ulcinj.com\/blog\/2009\/04\/17\/denim-per-banoret\/#webpage","url":"https:\/\/www.visit-ulcinj.com\/blog\/2009\/04\/17\/denim-per-banoret\/","name":"D\u00c3\u00abnim p\u00c3\u00abr banor\u00c3\u00abt | Big Brother Albania 2","isPartOf":{"@id":"https:\/\/www.visit-ulcinj.com\/blog\/#website"},"primaryImageOfPage":{"@id":"https:\/\/www.visit-ulcinj.com\/blog\/2009\/04\/17\/denim-per-banoret\/#primaryimage"},"datePublished":"2009-04-17T18:37:23+00:00","dateModified":"2009-04-17T18:37:23+00:00","author":{"@id":"https:\/\/www.visit-ulcinj.com\/blog\/#\/schema\/person\/dcab619c614d3038751c63bc2aadc06d"},"description":"Big Brother Albania 2 - \u00e2\u20ac\u0153Big Brother\u00e2\u20ac\u009d duke par\u00c3\u00ab q\u00c3\u00ab Ari ka p\u00c3\u00abrs\u00c3\u00abritur disa veprime q\u00c3\u00ab bien ndesh me rregulloren, vendos t`i jap\u00c3\u00ab t\u00c3\u00ab gjith\u00c3\u00ab banor\u00c3\u00abve nj\u00c3\u00ab d\u00c3\u00abnim. Ky vendim ka ardhur p\u00c3\u00abr t\u00c3\u00ab gjith\u00c3\u00ab p\u00c3\u00abr arsye se banor\u00c3\u00abt jetojn\u00c3\u00ab n\u00c3\u00ab grup, dhe zgjedhjet e nj\u00c3\u00abrit i p\u00c3\u00absojn\u00c3\u00ab","breadcrumb":{"@id":"https:\/\/www.visit-ulcinj.com\/blog\/2009\/04\/17\/denim-per-banoret\/#breadcrumb"},"inLanguage":"en-US","potentialAction":[{"@type":"ReadAction","target":["https:\/\/www.visit-ulcinj.com\/blog\/2009\/04\/17\/denim-per-banoret\/"]}]},{"@type":"BreadcrumbList","@id":"https:\/\/www.visit-ulcinj.com\/blog\/2009\/04\/17\/denim-per-banoret\/#breadcrumb","itemListElement":[{"@type":"ListItem","position":1,"name":"D\u00ebnim p\u00ebr banor\u00ebt"}]},{"@type":"Person","@id":"https:\/\/www.visit-ulcinj.com\/blog\/#\/schema\/person\/dcab619c614d3038751c63bc2aadc06d","name":"ulqini","sameAs":["http:\/\/www.visit-ulcinj.com"],"url":"https:\/\/www.visit-ulcinj.com\/blog\/author\/admin\/"}]}},"jetpack_featured_media_url":"","jetpack_sharing_enabled":true,"jetpack_shortlink":"https:\/\/wp.me\/pe6lTn-4Il","_links":{"self":[{"href":"https:\/\/www.visit-ulcinj.com\/blog\/wp-json\/wp\/v2\/posts\/18125"}],"collection":[{"href":"https:\/\/www.visit-ulcinj.com\/blog\/wp-json\/wp\/v2\/posts"}],"about":[{"href":"https:\/\/www.visit-ulcinj.com\/blog\/wp-json\/wp\/v2\/types\/post"}],"author":[{"embeddable":true,"href":"https:\/\/www.visit-ulcinj.com\/blog\/wp-json\/wp\/v2\/users\/1"}],"replies":[{"embeddable":true,"href":"https:\/\/www.visit-ulcinj.com\/blog\/wp-json\/wp\/v2\/comments?post=18125"}],"version-history":[{"count":0,"href":"https:\/\/www.visit-ulcinj.com\/blog\/wp-json\/wp\/v2\/posts\/18125\/revisions"}],"wp:attachment":[{"href":"https:\/\/www.visit-ulcinj.com\/blog\/wp-json\/wp\/v2\/media?parent=18125"}],"wp:term":[{"taxonomy":"category","embeddable":true,"href":"https:\/\/www.visit-ulcinj.com\/blog\/wp-json\/wp\/v2\/categories?post=18125"},{"taxonomy":"post_tag","embeddable":true,"href":"https:\/\/www.visit-ulcinj.com\/blog\/wp-json\/wp\/v2\/tags?post=18125"}],"curies":[{"name":"wp","href":"https:\/\/api.w.org\/{rel}","templated":true}]}}