{"id":18128,"date":"2009-04-17T20:44:54","date_gmt":"2009-04-17T18:44:54","guid":{"rendered":"http:\/\/www.visit-ulcinj.com\/blog\/?p=18128"},"modified":"2009-04-17T20:44:54","modified_gmt":"2009-04-17T18:44:54","slug":"aida-bjordi-nuk-e-meriton-finalen","status":"publish","type":"post","link":"https:\/\/www.visit-ulcinj.com\/blog\/2009\/04\/17\/aida-bjordi-nuk-e-meriton-finalen\/","title":{"rendered":"Aida : Bjordi nuk e meriton finalen"},"content":{"rendered":"<p><strong><span class=\"newstitlec\"><\/span><\/strong><em><span class=\"newsdate\"><a href=\"http:\/\/www.visit-ulcinj.com\/blog\/wp-content\/uploads\/2009\/04\/ariaida-toni.jpg\"><img loading=\"lazy\" class=\"size-full wp-image-18043 alignleft\" title=\"ariaida-toni\" src=\"http:\/\/www.visit-ulcinj.com\/blog\/wp-content\/uploads\/2009\/04\/ariaida-toni.jpg\" alt=\"ariaida-toni\" width=\"300\" height=\"205\" \/><\/a>15\/04\/09 00:05<\/span><\/em><\/p>\n<p>Aida, Arjoni, Eltoni, Arjoni dhe Anjeza kan\u00eb diskutuar p\u00ebr Bjordin. \u201cBjordi nuk shkon n\u00eb nominim sepse t\u00eb gjith\u00eb do t\u00eb merren me ne t\u00eb rinjt\u00eb!\u201d \u2013 ka th\u00ebn\u00eb Eltoni, por sipas Arjonit nuk ishte k\u00ebshtu. \u201cBravo i qoft\u00eb n\u00ebse shkon deri n\u00eb finale, por mua si Aid\u00eb, do t\u00eb m\u00eb vinte shum\u00eb keq q\u00eb kushdo qoft\u00eb t\u00eb shkonte n\u00eb finale, vet\u00ebm me nj\u00eb nominim!\u201d- ka th\u00ebn\u00eb Aida. Ajo ka shtuar se nuk donte q\u00eb Bjordi t\u00eb dilte, por q\u00eb t\u00eb provonte t\u00eb nj\u00ebjt\u00ebn gj\u00eb q\u00eb kishin provuar ata duke qen\u00eb aq her\u00eb t\u00eb nominuar, sepse sipas saj nuk ishte e drejt\u00eb q\u00eb t\u00eb arrije deri aty duke qen\u00eb vet\u00ebm nj\u00eb apo dy her\u00eb i nominuar, nd\u00ebrkoh\u00eb q\u00eb t\u00eb tjer\u00ebve u ishte \u201cnxir\u00eb jeta\u201d. Sipas Arjonit, p\u00ebr Bjordin kishte qen\u00eb shum\u00eb e leht\u00eb, sepse n\u00ebse do t\u00eb kishte qen\u00eb n\u00eb nominim me Aid\u00ebn apo Qetsorin, do t\u00eb ishte sjell\u00eb ndryshe. \u201cBjordi ndihet shum\u00eb i sigurt\u00eb dhe vec k\u00ebsaj, v\u00ebshtir\u00eb q\u00eb publiku ta nxjerr\u00eb!\u201d \u2013 ka th\u00ebn\u00eb Ajoni. \u201cAi nuk e ka p\u00ebrjetuar fare loj\u00ebn!\u201d \u2013 ka th\u00ebn\u00eb Aida. Duke marr\u00eb si shembull, p\u00ebr t\u00eb argumentuar arsyetimin e saj Adelajden, Aida ka th\u00ebn\u00eb se pavar\u00ebsisht mosp\u00eblqimit t\u00eb k\u00ebsaj t\u00eb fundit, Adelajda e meritonte m\u00eb shum\u00eb finalen apo fitoren, sepse kishte qen\u00eb pes\u00eb-gjasht\u00eb her\u00eb n\u00eb nominim dhe e kishte p\u00ebrjetuar loj\u00ebn. Aida ka shtuar se ndoshta \u201czysha\u201d nuk e meritonte fitoren dhe se nuk kishte shum\u00eb p\u00ebr t\u00eb dh\u00ebn\u00eb, sepse e vog\u00ebl ishte edhe bota e saj, por ajo at\u00eb q\u00eb kishte, e kishte dh\u00ebn\u00eb. P\u00ebr mendimin e Eltonit, sigurin\u00eb q\u00eb Bjordi kishte, ia kishin dh\u00ebn\u00eb vet ata, sepse ishin pik\u00ebrisht ata q\u00eb nuk e kishin nominuar. Arjoni ka th\u00ebn\u00eb se ai dhe Aida nuk b\u00ebnin pjes\u00eb n\u00eb grupimin q\u00eb Eltoni faj\u00ebsoi. \u201c\u00cbsht\u00eb v\u00ebllai i vog\u00ebl ai, nuk nominohet!\u201d \u2013 ka th\u00ebn\u00eb Arjoni me ironi. Eltoni ka th\u00ebn\u00eb se brenda sht\u00ebpis\u00eb s\u00eb Big Brother ata ishin t\u00eb gjith\u00eb loj\u00ebtar\u00eb. \u201cV\u00eblla mbaje jasht\u00eb, por jo k\u00ebtu brenda!\u201d \u2013 ka th\u00ebn\u00eb ai. Sipas Eltonit dhe Aid\u00ebs Bjordi ishte shum\u00eb i zgjuar, por nuk jepte asgj\u00eb, p\u00ebrve\u00e7se rrinte \u201cpas fustanit t\u00eb Adel\u00ebs\u201d dhe flinte gjum\u00eb. \u201cP\u00ebr t\u00eb shkuar n\u00eb finale, duhet kaluar cdo etap\u00eb!\u201d \u2013 ka th\u00ebn\u00eb Aida.<\/p>\n","protected":false},"excerpt":{"rendered":"<p>15\/04\/09 00:05 Aida, Arjoni, Eltoni, Arjoni dhe Anjeza kan\u00eb diskutuar p\u00ebr Bjordin. \u201cBjordi nuk shkon n\u00eb nominim sepse t\u00eb gjith\u00eb do t\u00eb merren me ne t\u00eb rinjt\u00eb!\u201d \u2013 ka th\u00ebn\u00eb Eltoni, por sipas Arjonit nuk ishte k\u00ebshtu. \u201cBravo i qoft\u00eb n\u00ebse shkon deri n\u00eb finale, por mua si Aid\u00eb, do t\u00eb m\u00eb vinte shum\u00eb keq [&hellip;]<\/p>\n","protected":false},"author":1,"featured_media":0,"comment_status":"open","ping_status":"closed","sticky":false,"template":"","format":"standard","meta":{"spay_email":"","jetpack_publicize_message":"","jetpack_is_tweetstorm":false,"jetpack_publicize_feature_enabled":true},"categories":[6502],"tags":[6529,6537,8289,6525,5057,6506,6516,6712,7129,6522,8776,9264,6891,6693,6887],"jetpack_publicize_connections":[],"yoast_head":"<!-- This site is optimized with the Yoast SEO plugin v19.1 - https:\/\/yoast.com\/wordpress\/plugins\/seo\/ -->\n<title>Aida : Bjordi nuk e meriton finalen | Big Brother Albania 2<\/title>\n<meta name=\"description\" content=\"Big Brother Albania 2 - Aida, Arjoni, Eltoni, Arjoni dhe Anjeza kan\u00c3\u00ab diskutuar p\u00c3\u00abr Bjordin. \u00e2\u20ac\u0153Bjordi nuk shkon n\u00c3\u00ab nominim sepse t\u00c3\u00ab gjith\u00c3\u00ab do t\u00c3\u00ab merren me ne t\u00c3\u00ab rinjt\u00c3\u00ab!\u00e2\u20ac\u009d\" \/>\n<meta name=\"robots\" content=\"index, follow, max-snippet:-1, max-image-preview:large, max-video-preview:-1\" \/>\n<link rel=\"canonical\" href=\"https:\/\/www.visit-ulcinj.com\/blog\/2009\/04\/17\/aida-bjordi-nuk-e-meriton-finalen\/\" \/>\n<meta property=\"og:locale\" content=\"en_US\" \/>\n<meta property=\"og:type\" content=\"article\" \/>\n<meta property=\"og:title\" content=\"Aida : Bjordi nuk e meriton finalen | Big Brother Albania 2\" \/>\n<meta property=\"og:description\" content=\"Big Brother Albania 2 - Aida, Arjoni, Eltoni, Arjoni dhe Anjeza kan\u00c3\u00ab diskutuar p\u00c3\u00abr Bjordin. \u00e2\u20ac\u0153Bjordi nuk shkon n\u00c3\u00ab nominim sepse t\u00c3\u00ab gjith\u00c3\u00ab do t\u00c3\u00ab merren me ne t\u00c3\u00ab rinjt\u00c3\u00ab!\u00e2\u20ac\u009d\" \/>\n<meta property=\"og:url\" content=\"https:\/\/www.visit-ulcinj.com\/blog\/2009\/04\/17\/aida-bjordi-nuk-e-meriton-finalen\/\" \/>\n<meta property=\"og:site_name\" content=\"Lajme nga Ulqini\" \/>\n<meta property=\"article:published_time\" content=\"2009-04-17T18:44:54+00:00\" \/>\n<meta property=\"og:image\" content=\"http:\/\/www.visit-ulcinj.com\/blog\/wp-content\/uploads\/2009\/04\/ariaida-toni.jpg\" \/>\n<meta name=\"twitter:label1\" content=\"Written by\" \/>\n\t<meta name=\"twitter:data1\" content=\"ulqini\" \/>\n\t<meta name=\"twitter:label2\" content=\"Est. reading time\" \/>\n\t<meta name=\"twitter:data2\" content=\"2 minutes\" \/>\n<script type=\"application\/ld+json\" class=\"yoast-schema-graph\">{\"@context\":\"https:\/\/schema.org\",\"@graph\":[{\"@type\":\"WebSite\",\"@id\":\"https:\/\/www.visit-ulcinj.com\/blog\/#website\",\"url\":\"https:\/\/www.visit-ulcinj.com\/blog\/\",\"name\":\"Lajme nga Ulqini\",\"description\":\"Lajme,Vijesti,Ulqini,Ulqin,Crna Gora,Mali i Zi\",\"potentialAction\":[{\"@type\":\"SearchAction\",\"target\":{\"@type\":\"EntryPoint\",\"urlTemplate\":\"https:\/\/www.visit-ulcinj.com\/blog\/?s={search_term_string}\"},\"query-input\":\"required name=search_term_string\"}],\"inLanguage\":\"en-US\"},{\"@type\":\"ImageObject\",\"inLanguage\":\"en-US\",\"@id\":\"https:\/\/www.visit-ulcinj.com\/blog\/2009\/04\/17\/aida-bjordi-nuk-e-meriton-finalen\/#primaryimage\",\"url\":\"http:\/\/www.visit-ulcinj.com\/blog\/wp-content\/uploads\/2009\/04\/ariaida-toni.jpg\",\"contentUrl\":\"http:\/\/www.visit-ulcinj.com\/blog\/wp-content\/uploads\/2009\/04\/ariaida-toni.jpg\"},{\"@type\":\"WebPage\",\"@id\":\"https:\/\/www.visit-ulcinj.com\/blog\/2009\/04\/17\/aida-bjordi-nuk-e-meriton-finalen\/#webpage\",\"url\":\"https:\/\/www.visit-ulcinj.com\/blog\/2009\/04\/17\/aida-bjordi-nuk-e-meriton-finalen\/\",\"name\":\"Aida : Bjordi nuk e meriton finalen | Big Brother Albania 2\",\"isPartOf\":{\"@id\":\"https:\/\/www.visit-ulcinj.com\/blog\/#website\"},\"primaryImageOfPage\":{\"@id\":\"https:\/\/www.visit-ulcinj.com\/blog\/2009\/04\/17\/aida-bjordi-nuk-e-meriton-finalen\/#primaryimage\"},\"datePublished\":\"2009-04-17T18:44:54+00:00\",\"dateModified\":\"2009-04-17T18:44:54+00:00\",\"author\":{\"@id\":\"https:\/\/www.visit-ulcinj.com\/blog\/#\/schema\/person\/dcab619c614d3038751c63bc2aadc06d\"},\"description\":\"Big Brother Albania 2 - Aida, Arjoni, Eltoni, Arjoni dhe Anjeza kan\u00c3\u00ab diskutuar p\u00c3\u00abr Bjordin. \u00e2\u20ac\u0153Bjordi nuk shkon n\u00c3\u00ab nominim sepse t\u00c3\u00ab gjith\u00c3\u00ab do t\u00c3\u00ab merren me ne t\u00c3\u00ab rinjt\u00c3\u00ab!\u00e2\u20ac\u009d\",\"breadcrumb\":{\"@id\":\"https:\/\/www.visit-ulcinj.com\/blog\/2009\/04\/17\/aida-bjordi-nuk-e-meriton-finalen\/#breadcrumb\"},\"inLanguage\":\"en-US\",\"potentialAction\":[{\"@type\":\"ReadAction\",\"target\":[\"https:\/\/www.visit-ulcinj.com\/blog\/2009\/04\/17\/aida-bjordi-nuk-e-meriton-finalen\/\"]}]},{\"@type\":\"BreadcrumbList\",\"@id\":\"https:\/\/www.visit-ulcinj.com\/blog\/2009\/04\/17\/aida-bjordi-nuk-e-meriton-finalen\/#breadcrumb\",\"itemListElement\":[{\"@type\":\"ListItem\",\"position\":1,\"name\":\"Aida : Bjordi nuk e meriton finalen\"}]},{\"@type\":\"Person\",\"@id\":\"https:\/\/www.visit-ulcinj.com\/blog\/#\/schema\/person\/dcab619c614d3038751c63bc2aadc06d\",\"name\":\"ulqini\",\"sameAs\":[\"http:\/\/www.visit-ulcinj.com\"],\"url\":\"https:\/\/www.visit-ulcinj.com\/blog\/author\/admin\/\"}]}<\/script>\n<!-- \/ Yoast SEO plugin. -->","yoast_head_json":{"title":"Aida : Bjordi nuk e meriton finalen | Big Brother Albania 2","description":"Big Brother Albania 2 - Aida, Arjoni, Eltoni, Arjoni dhe Anjeza kan\u00c3\u00ab diskutuar p\u00c3\u00abr Bjordin. \u00e2\u20ac\u0153Bjordi nuk shkon n\u00c3\u00ab nominim sepse t\u00c3\u00ab gjith\u00c3\u00ab do t\u00c3\u00ab merren me ne t\u00c3\u00ab rinjt\u00c3\u00ab!\u00e2\u20ac\u009d","robots":{"index":"index","follow":"follow","max-snippet":"max-snippet:-1","max-image-preview":"max-image-preview:large","max-video-preview":"max-video-preview:-1"},"canonical":"https:\/\/www.visit-ulcinj.com\/blog\/2009\/04\/17\/aida-bjordi-nuk-e-meriton-finalen\/","og_locale":"en_US","og_type":"article","og_title":"Aida : Bjordi nuk e meriton finalen | Big Brother Albania 2","og_description":"Big Brother Albania 2 - Aida, Arjoni, Eltoni, Arjoni dhe Anjeza kan\u00c3\u00ab diskutuar p\u00c3\u00abr Bjordin. \u00e2\u20ac\u0153Bjordi nuk shkon n\u00c3\u00ab nominim sepse t\u00c3\u00ab gjith\u00c3\u00ab do t\u00c3\u00ab merren me ne t\u00c3\u00ab rinjt\u00c3\u00ab!\u00e2\u20ac\u009d","og_url":"https:\/\/www.visit-ulcinj.com\/blog\/2009\/04\/17\/aida-bjordi-nuk-e-meriton-finalen\/","og_site_name":"Lajme nga Ulqini","article_published_time":"2009-04-17T18:44:54+00:00","og_image":[{"url":"http:\/\/www.visit-ulcinj.com\/blog\/wp-content\/uploads\/2009\/04\/ariaida-toni.jpg"}],"twitter_misc":{"Written by":"ulqini","Est. reading time":"2 minutes"},"schema":{"@context":"https:\/\/schema.org","@graph":[{"@type":"WebSite","@id":"https:\/\/www.visit-ulcinj.com\/blog\/#website","url":"https:\/\/www.visit-ulcinj.com\/blog\/","name":"Lajme nga Ulqini","description":"Lajme,Vijesti,Ulqini,Ulqin,Crna Gora,Mali i Zi","potentialAction":[{"@type":"SearchAction","target":{"@type":"EntryPoint","urlTemplate":"https:\/\/www.visit-ulcinj.com\/blog\/?s={search_term_string}"},"query-input":"required name=search_term_string"}],"inLanguage":"en-US"},{"@type":"ImageObject","inLanguage":"en-US","@id":"https:\/\/www.visit-ulcinj.com\/blog\/2009\/04\/17\/aida-bjordi-nuk-e-meriton-finalen\/#primaryimage","url":"http:\/\/www.visit-ulcinj.com\/blog\/wp-content\/uploads\/2009\/04\/ariaida-toni.jpg","contentUrl":"http:\/\/www.visit-ulcinj.com\/blog\/wp-content\/uploads\/2009\/04\/ariaida-toni.jpg"},{"@type":"WebPage","@id":"https:\/\/www.visit-ulcinj.com\/blog\/2009\/04\/17\/aida-bjordi-nuk-e-meriton-finalen\/#webpage","url":"https:\/\/www.visit-ulcinj.com\/blog\/2009\/04\/17\/aida-bjordi-nuk-e-meriton-finalen\/","name":"Aida : Bjordi nuk e meriton finalen | Big Brother Albania 2","isPartOf":{"@id":"https:\/\/www.visit-ulcinj.com\/blog\/#website"},"primaryImageOfPage":{"@id":"https:\/\/www.visit-ulcinj.com\/blog\/2009\/04\/17\/aida-bjordi-nuk-e-meriton-finalen\/#primaryimage"},"datePublished":"2009-04-17T18:44:54+00:00","dateModified":"2009-04-17T18:44:54+00:00","author":{"@id":"https:\/\/www.visit-ulcinj.com\/blog\/#\/schema\/person\/dcab619c614d3038751c63bc2aadc06d"},"description":"Big Brother Albania 2 - Aida, Arjoni, Eltoni, Arjoni dhe Anjeza kan\u00c3\u00ab diskutuar p\u00c3\u00abr Bjordin. \u00e2\u20ac\u0153Bjordi nuk shkon n\u00c3\u00ab nominim sepse t\u00c3\u00ab gjith\u00c3\u00ab do t\u00c3\u00ab merren me ne t\u00c3\u00ab rinjt\u00c3\u00ab!\u00e2\u20ac\u009d","breadcrumb":{"@id":"https:\/\/www.visit-ulcinj.com\/blog\/2009\/04\/17\/aida-bjordi-nuk-e-meriton-finalen\/#breadcrumb"},"inLanguage":"en-US","potentialAction":[{"@type":"ReadAction","target":["https:\/\/www.visit-ulcinj.com\/blog\/2009\/04\/17\/aida-bjordi-nuk-e-meriton-finalen\/"]}]},{"@type":"BreadcrumbList","@id":"https:\/\/www.visit-ulcinj.com\/blog\/2009\/04\/17\/aida-bjordi-nuk-e-meriton-finalen\/#breadcrumb","itemListElement":[{"@type":"ListItem","position":1,"name":"Aida : Bjordi nuk e meriton finalen"}]},{"@type":"Person","@id":"https:\/\/www.visit-ulcinj.com\/blog\/#\/schema\/person\/dcab619c614d3038751c63bc2aadc06d","name":"ulqini","sameAs":["http:\/\/www.visit-ulcinj.com"],"url":"https:\/\/www.visit-ulcinj.com\/blog\/author\/admin\/"}]}},"jetpack_featured_media_url":"","jetpack_sharing_enabled":true,"jetpack_shortlink":"https:\/\/wp.me\/pe6lTn-4Io","_links":{"self":[{"href":"https:\/\/www.visit-ulcinj.com\/blog\/wp-json\/wp\/v2\/posts\/18128"}],"collection":[{"href":"https:\/\/www.visit-ulcinj.com\/blog\/wp-json\/wp\/v2\/posts"}],"about":[{"href":"https:\/\/www.visit-ulcinj.com\/blog\/wp-json\/wp\/v2\/types\/post"}],"author":[{"embeddable":true,"href":"https:\/\/www.visit-ulcinj.com\/blog\/wp-json\/wp\/v2\/users\/1"}],"replies":[{"embeddable":true,"href":"https:\/\/www.visit-ulcinj.com\/blog\/wp-json\/wp\/v2\/comments?post=18128"}],"version-history":[{"count":0,"href":"https:\/\/www.visit-ulcinj.com\/blog\/wp-json\/wp\/v2\/posts\/18128\/revisions"}],"wp:attachment":[{"href":"https:\/\/www.visit-ulcinj.com\/blog\/wp-json\/wp\/v2\/media?parent=18128"}],"wp:term":[{"taxonomy":"category","embeddable":true,"href":"https:\/\/www.visit-ulcinj.com\/blog\/wp-json\/wp\/v2\/categories?post=18128"},{"taxonomy":"post_tag","embeddable":true,"href":"https:\/\/www.visit-ulcinj.com\/blog\/wp-json\/wp\/v2\/tags?post=18128"}],"curies":[{"name":"wp","href":"https:\/\/api.w.org\/{rel}","templated":true}]}}