{"id":18134,"date":"2009-04-17T20:54:07","date_gmt":"2009-04-17T18:54:07","guid":{"rendered":"http:\/\/www.visit-ulcinj.com\/blog\/?p=18134"},"modified":"2009-04-17T20:54:07","modified_gmt":"2009-04-17T18:54:07","slug":"adelajda-puthja-e-zyshes-prove-jave","status":"publish","type":"post","link":"https:\/\/www.visit-ulcinj.com\/blog\/2009\/04\/17\/adelajda-puthja-e-zyshes-prove-jave\/","title":{"rendered":"Adelajda : Puthja e zyshes, prov\u00eb jave"},"content":{"rendered":"<p><em><span class=\"newsdate\"><a href=\"http:\/\/www.visit-ulcinj.com\/blog\/wp-content\/uploads\/2009\/04\/adi-per-puthjen-e-adeles-copy.jpg\"><img loading=\"lazy\" class=\"alignleft size-full wp-image-18135\" title=\"adi-per-puthjen-e-adeles-big-brother-albania-2\" src=\"http:\/\/www.visit-ulcinj.com\/blog\/wp-content\/uploads\/2009\/04\/adi-per-puthjen-e-adeles-copy.jpg\" alt=\"adi-per-puthjen-e-adeles-big-brother-albania-2\" width=\"300\" height=\"205\" \/><\/a>15\/04\/09 02:52<\/span><\/em><\/p>\n<p>Adi, Juna, Bjordi, Ari, Qetsori dhe Adelajda jan\u00eb mbledhur n\u00eb dhom\u00ebn e gjumit, duke biseduar e duke shk\u00ebmbyer batuta me nj\u00ebri-tjetrin. Nd\u00ebrkoh\u00eb, Ari dhe Eltoni e kishin lidhur Adin me litar dhe mundoheshin ta t\u00ebrhiqnin. M\u00eb pas e kan\u00eb lidhur k\u00ebmb\u00ebn e tij me t\u00eb Bjordit. Banor\u00ebt kan\u00eb vazhduar shakat\u00eb e tyre, Ari dhe Adi, duke p\u00ebrdorur mikrofonat kan\u00eb b\u00ebr\u00eb sikur flisnin n\u00eb telefon. M\u00eb pas Adi ka th\u00ebn\u00eb nj\u00eb shprehje q\u00eb i ka b\u00ebr\u00eb t\u00eb gjith\u00eb t\u00eb qeshin me lot\u00eb e Adel\u00ebn t\u00eb ulet p\u00ebrtok\u00eb nga t\u00eb qeshurat: \u201cKjo puthja jote o zyshe, ka p\u00ebr t\u00eb na u b\u00ebr\u00eb prov\u00eb jave!\u201d<\/p>\n","protected":false},"excerpt":{"rendered":"<p>15\/04\/09 02:52 Adi, Juna, Bjordi, Ari, Qetsori dhe Adelajda jan\u00eb mbledhur n\u00eb dhom\u00ebn e gjumit, duke biseduar e duke shk\u00ebmbyer batuta me nj\u00ebri-tjetrin. Nd\u00ebrkoh\u00eb, Ari dhe Eltoni e kishin lidhur Adin me litar dhe mundoheshin ta t\u00ebrhiqnin. M\u00eb pas e kan\u00eb lidhur k\u00ebmb\u00ebn e tij me t\u00eb Bjordit. Banor\u00ebt kan\u00eb vazhduar shakat\u00eb e tyre, Ari [&hellip;]<\/p>\n","protected":false},"author":1,"featured_media":0,"comment_status":"open","ping_status":"closed","sticky":false,"template":"","format":"standard","meta":{"spay_email":"","jetpack_publicize_message":"","jetpack_is_tweetstorm":false,"jetpack_publicize_feature_enabled":true},"categories":[6502],"tags":[6529,1414,8784,5057,6506,6516,6712,7129,6522,1442,6544,9265,6891,6693,6887],"jetpack_publicize_connections":[],"yoast_head":"<!-- This site is optimized with the Yoast SEO plugin v19.1 - https:\/\/yoast.com\/wordpress\/plugins\/seo\/ -->\n<title>Adelajda : Puthja e zyshes, prov\u00c3\u00ab jave | Big Brother Albania 2<\/title>\n<meta name=\"description\" content=\"Big Brother Albania 2 - Adi, Juna, Bjordi, Ari, Qetsori dhe Adelajda jan\u00c3\u00ab mbledhur n\u00c3\u00ab dhom\u00c3\u00abn e gjumit, duke biseduar e duke shk\u00c3\u00abmbyer batuta me nj\u00c3\u00abri-tjetrin\" \/>\n<meta name=\"robots\" content=\"index, follow, max-snippet:-1, max-image-preview:large, max-video-preview:-1\" \/>\n<link rel=\"canonical\" href=\"https:\/\/www.visit-ulcinj.com\/blog\/2009\/04\/17\/adelajda-puthja-e-zyshes-prove-jave\/\" \/>\n<meta property=\"og:locale\" content=\"en_US\" \/>\n<meta property=\"og:type\" content=\"article\" \/>\n<meta property=\"og:title\" content=\"Adelajda : Puthja e zyshes, prov\u00c3\u00ab jave | Big Brother Albania 2\" \/>\n<meta property=\"og:description\" content=\"Big Brother Albania 2 - Adi, Juna, Bjordi, Ari, Qetsori dhe Adelajda jan\u00c3\u00ab mbledhur n\u00c3\u00ab dhom\u00c3\u00abn e gjumit, duke biseduar e duke shk\u00c3\u00abmbyer batuta me nj\u00c3\u00abri-tjetrin\" \/>\n<meta property=\"og:url\" content=\"https:\/\/www.visit-ulcinj.com\/blog\/2009\/04\/17\/adelajda-puthja-e-zyshes-prove-jave\/\" \/>\n<meta property=\"og:site_name\" content=\"Lajme nga Ulqini\" \/>\n<meta property=\"article:published_time\" content=\"2009-04-17T18:54:07+00:00\" \/>\n<meta property=\"og:image\" content=\"http:\/\/www.visit-ulcinj.com\/blog\/wp-content\/uploads\/2009\/04\/adi-per-puthjen-e-adeles-copy.jpg\" \/>\n<meta name=\"twitter:label1\" content=\"Written by\" \/>\n\t<meta name=\"twitter:data1\" content=\"ulqini\" \/>\n\t<meta name=\"twitter:label2\" content=\"Est. reading time\" \/>\n\t<meta name=\"twitter:data2\" content=\"1 minute\" \/>\n<script type=\"application\/ld+json\" class=\"yoast-schema-graph\">{\"@context\":\"https:\/\/schema.org\",\"@graph\":[{\"@type\":\"WebSite\",\"@id\":\"https:\/\/www.visit-ulcinj.com\/blog\/#website\",\"url\":\"https:\/\/www.visit-ulcinj.com\/blog\/\",\"name\":\"Lajme nga Ulqini\",\"description\":\"Lajme,Vijesti,Ulqini,Ulqin,Crna Gora,Mali i Zi\",\"potentialAction\":[{\"@type\":\"SearchAction\",\"target\":{\"@type\":\"EntryPoint\",\"urlTemplate\":\"https:\/\/www.visit-ulcinj.com\/blog\/?s={search_term_string}\"},\"query-input\":\"required name=search_term_string\"}],\"inLanguage\":\"en-US\"},{\"@type\":\"ImageObject\",\"inLanguage\":\"en-US\",\"@id\":\"https:\/\/www.visit-ulcinj.com\/blog\/2009\/04\/17\/adelajda-puthja-e-zyshes-prove-jave\/#primaryimage\",\"url\":\"http:\/\/www.visit-ulcinj.com\/blog\/wp-content\/uploads\/2009\/04\/adi-per-puthjen-e-adeles-copy.jpg\",\"contentUrl\":\"http:\/\/www.visit-ulcinj.com\/blog\/wp-content\/uploads\/2009\/04\/adi-per-puthjen-e-adeles-copy.jpg\"},{\"@type\":\"WebPage\",\"@id\":\"https:\/\/www.visit-ulcinj.com\/blog\/2009\/04\/17\/adelajda-puthja-e-zyshes-prove-jave\/#webpage\",\"url\":\"https:\/\/www.visit-ulcinj.com\/blog\/2009\/04\/17\/adelajda-puthja-e-zyshes-prove-jave\/\",\"name\":\"Adelajda : Puthja e zyshes, prov\u00c3\u00ab jave | Big Brother Albania 2\",\"isPartOf\":{\"@id\":\"https:\/\/www.visit-ulcinj.com\/blog\/#website\"},\"primaryImageOfPage\":{\"@id\":\"https:\/\/www.visit-ulcinj.com\/blog\/2009\/04\/17\/adelajda-puthja-e-zyshes-prove-jave\/#primaryimage\"},\"datePublished\":\"2009-04-17T18:54:07+00:00\",\"dateModified\":\"2009-04-17T18:54:07+00:00\",\"author\":{\"@id\":\"https:\/\/www.visit-ulcinj.com\/blog\/#\/schema\/person\/dcab619c614d3038751c63bc2aadc06d\"},\"description\":\"Big Brother Albania 2 - Adi, Juna, Bjordi, Ari, Qetsori dhe Adelajda jan\u00c3\u00ab mbledhur n\u00c3\u00ab dhom\u00c3\u00abn e gjumit, duke biseduar e duke shk\u00c3\u00abmbyer batuta me nj\u00c3\u00abri-tjetrin\",\"breadcrumb\":{\"@id\":\"https:\/\/www.visit-ulcinj.com\/blog\/2009\/04\/17\/adelajda-puthja-e-zyshes-prove-jave\/#breadcrumb\"},\"inLanguage\":\"en-US\",\"potentialAction\":[{\"@type\":\"ReadAction\",\"target\":[\"https:\/\/www.visit-ulcinj.com\/blog\/2009\/04\/17\/adelajda-puthja-e-zyshes-prove-jave\/\"]}]},{\"@type\":\"BreadcrumbList\",\"@id\":\"https:\/\/www.visit-ulcinj.com\/blog\/2009\/04\/17\/adelajda-puthja-e-zyshes-prove-jave\/#breadcrumb\",\"itemListElement\":[{\"@type\":\"ListItem\",\"position\":1,\"name\":\"Adelajda : Puthja e zyshes, prov\u00eb jave\"}]},{\"@type\":\"Person\",\"@id\":\"https:\/\/www.visit-ulcinj.com\/blog\/#\/schema\/person\/dcab619c614d3038751c63bc2aadc06d\",\"name\":\"ulqini\",\"sameAs\":[\"http:\/\/www.visit-ulcinj.com\"],\"url\":\"https:\/\/www.visit-ulcinj.com\/blog\/author\/admin\/\"}]}<\/script>\n<!-- \/ Yoast SEO plugin. -->","yoast_head_json":{"title":"Adelajda : Puthja e zyshes, prov\u00c3\u00ab jave | Big Brother Albania 2","description":"Big Brother Albania 2 - Adi, Juna, Bjordi, Ari, Qetsori dhe Adelajda jan\u00c3\u00ab mbledhur n\u00c3\u00ab dhom\u00c3\u00abn e gjumit, duke biseduar e duke shk\u00c3\u00abmbyer batuta me nj\u00c3\u00abri-tjetrin","robots":{"index":"index","follow":"follow","max-snippet":"max-snippet:-1","max-image-preview":"max-image-preview:large","max-video-preview":"max-video-preview:-1"},"canonical":"https:\/\/www.visit-ulcinj.com\/blog\/2009\/04\/17\/adelajda-puthja-e-zyshes-prove-jave\/","og_locale":"en_US","og_type":"article","og_title":"Adelajda : Puthja e zyshes, prov\u00c3\u00ab jave | Big Brother Albania 2","og_description":"Big Brother Albania 2 - Adi, Juna, Bjordi, Ari, Qetsori dhe Adelajda jan\u00c3\u00ab mbledhur n\u00c3\u00ab dhom\u00c3\u00abn e gjumit, duke biseduar e duke shk\u00c3\u00abmbyer batuta me nj\u00c3\u00abri-tjetrin","og_url":"https:\/\/www.visit-ulcinj.com\/blog\/2009\/04\/17\/adelajda-puthja-e-zyshes-prove-jave\/","og_site_name":"Lajme nga Ulqini","article_published_time":"2009-04-17T18:54:07+00:00","og_image":[{"url":"http:\/\/www.visit-ulcinj.com\/blog\/wp-content\/uploads\/2009\/04\/adi-per-puthjen-e-adeles-copy.jpg"}],"twitter_misc":{"Written by":"ulqini","Est. reading time":"1 minute"},"schema":{"@context":"https:\/\/schema.org","@graph":[{"@type":"WebSite","@id":"https:\/\/www.visit-ulcinj.com\/blog\/#website","url":"https:\/\/www.visit-ulcinj.com\/blog\/","name":"Lajme nga Ulqini","description":"Lajme,Vijesti,Ulqini,Ulqin,Crna Gora,Mali i Zi","potentialAction":[{"@type":"SearchAction","target":{"@type":"EntryPoint","urlTemplate":"https:\/\/www.visit-ulcinj.com\/blog\/?s={search_term_string}"},"query-input":"required name=search_term_string"}],"inLanguage":"en-US"},{"@type":"ImageObject","inLanguage":"en-US","@id":"https:\/\/www.visit-ulcinj.com\/blog\/2009\/04\/17\/adelajda-puthja-e-zyshes-prove-jave\/#primaryimage","url":"http:\/\/www.visit-ulcinj.com\/blog\/wp-content\/uploads\/2009\/04\/adi-per-puthjen-e-adeles-copy.jpg","contentUrl":"http:\/\/www.visit-ulcinj.com\/blog\/wp-content\/uploads\/2009\/04\/adi-per-puthjen-e-adeles-copy.jpg"},{"@type":"WebPage","@id":"https:\/\/www.visit-ulcinj.com\/blog\/2009\/04\/17\/adelajda-puthja-e-zyshes-prove-jave\/#webpage","url":"https:\/\/www.visit-ulcinj.com\/blog\/2009\/04\/17\/adelajda-puthja-e-zyshes-prove-jave\/","name":"Adelajda : Puthja e zyshes, prov\u00c3\u00ab jave | Big Brother Albania 2","isPartOf":{"@id":"https:\/\/www.visit-ulcinj.com\/blog\/#website"},"primaryImageOfPage":{"@id":"https:\/\/www.visit-ulcinj.com\/blog\/2009\/04\/17\/adelajda-puthja-e-zyshes-prove-jave\/#primaryimage"},"datePublished":"2009-04-17T18:54:07+00:00","dateModified":"2009-04-17T18:54:07+00:00","author":{"@id":"https:\/\/www.visit-ulcinj.com\/blog\/#\/schema\/person\/dcab619c614d3038751c63bc2aadc06d"},"description":"Big Brother Albania 2 - Adi, Juna, Bjordi, Ari, Qetsori dhe Adelajda jan\u00c3\u00ab mbledhur n\u00c3\u00ab dhom\u00c3\u00abn e gjumit, duke biseduar e duke shk\u00c3\u00abmbyer batuta me nj\u00c3\u00abri-tjetrin","breadcrumb":{"@id":"https:\/\/www.visit-ulcinj.com\/blog\/2009\/04\/17\/adelajda-puthja-e-zyshes-prove-jave\/#breadcrumb"},"inLanguage":"en-US","potentialAction":[{"@type":"ReadAction","target":["https:\/\/www.visit-ulcinj.com\/blog\/2009\/04\/17\/adelajda-puthja-e-zyshes-prove-jave\/"]}]},{"@type":"BreadcrumbList","@id":"https:\/\/www.visit-ulcinj.com\/blog\/2009\/04\/17\/adelajda-puthja-e-zyshes-prove-jave\/#breadcrumb","itemListElement":[{"@type":"ListItem","position":1,"name":"Adelajda : Puthja e zyshes, prov\u00eb jave"}]},{"@type":"Person","@id":"https:\/\/www.visit-ulcinj.com\/blog\/#\/schema\/person\/dcab619c614d3038751c63bc2aadc06d","name":"ulqini","sameAs":["http:\/\/www.visit-ulcinj.com"],"url":"https:\/\/www.visit-ulcinj.com\/blog\/author\/admin\/"}]}},"jetpack_featured_media_url":"","jetpack_sharing_enabled":true,"jetpack_shortlink":"https:\/\/wp.me\/pe6lTn-4Iu","_links":{"self":[{"href":"https:\/\/www.visit-ulcinj.com\/blog\/wp-json\/wp\/v2\/posts\/18134"}],"collection":[{"href":"https:\/\/www.visit-ulcinj.com\/blog\/wp-json\/wp\/v2\/posts"}],"about":[{"href":"https:\/\/www.visit-ulcinj.com\/blog\/wp-json\/wp\/v2\/types\/post"}],"author":[{"embeddable":true,"href":"https:\/\/www.visit-ulcinj.com\/blog\/wp-json\/wp\/v2\/users\/1"}],"replies":[{"embeddable":true,"href":"https:\/\/www.visit-ulcinj.com\/blog\/wp-json\/wp\/v2\/comments?post=18134"}],"version-history":[{"count":0,"href":"https:\/\/www.visit-ulcinj.com\/blog\/wp-json\/wp\/v2\/posts\/18134\/revisions"}],"wp:attachment":[{"href":"https:\/\/www.visit-ulcinj.com\/blog\/wp-json\/wp\/v2\/media?parent=18134"}],"wp:term":[{"taxonomy":"category","embeddable":true,"href":"https:\/\/www.visit-ulcinj.com\/blog\/wp-json\/wp\/v2\/categories?post=18134"},{"taxonomy":"post_tag","embeddable":true,"href":"https:\/\/www.visit-ulcinj.com\/blog\/wp-json\/wp\/v2\/tags?post=18134"}],"curies":[{"name":"wp","href":"https:\/\/api.w.org\/{rel}","templated":true}]}}