{"id":18140,"date":"2009-04-17T20:58:50","date_gmt":"2009-04-17T18:58:50","guid":{"rendered":"http:\/\/www.visit-ulcinj.com\/blog\/?p=18140"},"modified":"2009-04-17T20:58:50","modified_gmt":"2009-04-17T18:58:50","slug":"arjani-dhe-mimoza-me-jep-oksigjen","status":"publish","type":"post","link":"https:\/\/www.visit-ulcinj.com\/blog\/2009\/04\/17\/arjani-dhe-mimoza-me-jep-oksigjen\/","title":{"rendered":"Arjani dhe Mimoza : M\u00eb jep oksigjen"},"content":{"rendered":"<p><em><span class=\"newsdate\"><a href=\"http:\/\/www.visit-ulcinj.com\/blog\/wp-content\/uploads\/2009\/04\/ari-arjon-moza.jpg\"><img loading=\"lazy\" class=\"alignleft size-full wp-image-18141\" title=\"ari-arjon-moza-big-brother-albania-2\" src=\"http:\/\/www.visit-ulcinj.com\/blog\/wp-content\/uploads\/2009\/04\/ari-arjon-moza.jpg\" alt=\"ari-arjon-moza-big-brother-albania-2\" width=\"300\" height=\"205\" \/><\/a>15\/04\/09 12:55<\/span><\/em><\/p>\n<p>Mimoza q\u00ebndron n\u00eb kuzhin\u00eb duke ngr\u00ebn\u00eb m\u00ebngjesin. Af\u00ebr saj shkon Ari i cili e mbush me komplimenta p\u00ebr bukurin\u00eb e saj. Ari ishte ai q\u00eb e zgjoi Moz\u00ebn nga gjumi duk e puthur e p\u00ebrk\u00ebdhelur. Ai i thot\u00eb se e p\u00eblqen shum\u00eb kur ajo ngrihet nga gjumi, me bukurin\u00eb dhe thjesht\u00ebsin\u00eb e saj. Edhe Sori i thot\u00eb se e ka k\u00ebshilluar Moz\u00ebn q\u00eb t\u00eb mos p\u00ebrdor\u00eb m\u00eb tualet n\u00eb m\u00ebngjes sepse ajo \u00ebsht\u00eb e bukur vet\u00eb, madje ai e krahason at\u00eb me nj\u00eb kukull. Ari vazhdon ta puth\u00eb e p\u00ebrk\u00ebdhel\u00eb at\u00eb. Moza i thot\u00eb q\u00eb t\u00eb largohet, por ai ia kthen se duhet ta puth\u00eb q\u00eb t\u00eb zgjohet e t\u00eb marr\u00eb pak oksigjen prej saj.<\/p>\n","protected":false},"excerpt":{"rendered":"<p>15\/04\/09 12:55 Mimoza q\u00ebndron n\u00eb kuzhin\u00eb duke ngr\u00ebn\u00eb m\u00ebngjesin. Af\u00ebr saj shkon Ari i cili e mbush me komplimenta p\u00ebr bukurin\u00eb e saj. Ari ishte ai q\u00eb e zgjoi Moz\u00ebn nga gjumi duk e puthur e p\u00ebrk\u00ebdhelur. Ai i thot\u00eb se e p\u00eblqen shum\u00eb kur ajo ngrihet nga gjumi, me bukurin\u00eb dhe thjesht\u00ebsin\u00eb e saj. [&hellip;]<\/p>\n","protected":false},"author":1,"featured_media":0,"comment_status":"open","ping_status":"closed","sticky":false,"template":"","format":"standard","meta":{"spay_email":"","jetpack_publicize_message":"","jetpack_is_tweetstorm":false,"jetpack_publicize_feature_enabled":true},"categories":[6502],"tags":[8934,5057,6506,6516,6712,7129,9266,6544,8276,6891,6693,6887],"jetpack_publicize_connections":[],"yoast_head":"<!-- This site is optimized with the Yoast SEO plugin v19.1 - https:\/\/yoast.com\/wordpress\/plugins\/seo\/ -->\n<title>Arjani dhe Mimoza : M\u00c3\u00ab jep oksigjen | Big Brother Albania 2<\/title>\n<meta name=\"description\" content=\"Big Brother Albania 2 - Mimoza q\u00c3\u00abndron n\u00c3\u00ab kuzhin\u00c3\u00ab duke ngr\u00c3\u00abn\u00c3\u00ab m\u00c3\u00abngjesin. Af\u00c3\u00abr saj shkon Ari i cili e mbush me komplimenta p\u00c3\u00abr bukurin\u00c3\u00ab e saj.\" \/>\n<meta name=\"robots\" content=\"index, follow, max-snippet:-1, max-image-preview:large, max-video-preview:-1\" \/>\n<link rel=\"canonical\" href=\"https:\/\/www.visit-ulcinj.com\/blog\/2009\/04\/17\/arjani-dhe-mimoza-me-jep-oksigjen\/\" \/>\n<meta property=\"og:locale\" content=\"en_US\" \/>\n<meta property=\"og:type\" content=\"article\" \/>\n<meta property=\"og:title\" content=\"Arjani dhe Mimoza : M\u00c3\u00ab jep oksigjen | Big Brother Albania 2\" \/>\n<meta property=\"og:description\" content=\"Big Brother Albania 2 - Mimoza q\u00c3\u00abndron n\u00c3\u00ab kuzhin\u00c3\u00ab duke ngr\u00c3\u00abn\u00c3\u00ab m\u00c3\u00abngjesin. Af\u00c3\u00abr saj shkon Ari i cili e mbush me komplimenta p\u00c3\u00abr bukurin\u00c3\u00ab e saj.\" \/>\n<meta property=\"og:url\" content=\"https:\/\/www.visit-ulcinj.com\/blog\/2009\/04\/17\/arjani-dhe-mimoza-me-jep-oksigjen\/\" \/>\n<meta property=\"og:site_name\" content=\"Lajme nga Ulqini\" \/>\n<meta property=\"article:published_time\" content=\"2009-04-17T18:58:50+00:00\" \/>\n<meta property=\"og:image\" content=\"http:\/\/www.visit-ulcinj.com\/blog\/wp-content\/uploads\/2009\/04\/ari-arjon-moza.jpg\" \/>\n<meta name=\"twitter:label1\" content=\"Written by\" \/>\n\t<meta name=\"twitter:data1\" content=\"ulqini\" \/>\n\t<meta name=\"twitter:label2\" content=\"Est. reading time\" \/>\n\t<meta name=\"twitter:data2\" content=\"1 minute\" \/>\n<script type=\"application\/ld+json\" class=\"yoast-schema-graph\">{\"@context\":\"https:\/\/schema.org\",\"@graph\":[{\"@type\":\"WebSite\",\"@id\":\"https:\/\/www.visit-ulcinj.com\/blog\/#website\",\"url\":\"https:\/\/www.visit-ulcinj.com\/blog\/\",\"name\":\"Lajme nga Ulqini\",\"description\":\"Lajme,Vijesti,Ulqini,Ulqin,Crna Gora,Mali i Zi\",\"potentialAction\":[{\"@type\":\"SearchAction\",\"target\":{\"@type\":\"EntryPoint\",\"urlTemplate\":\"https:\/\/www.visit-ulcinj.com\/blog\/?s={search_term_string}\"},\"query-input\":\"required name=search_term_string\"}],\"inLanguage\":\"en-US\"},{\"@type\":\"ImageObject\",\"inLanguage\":\"en-US\",\"@id\":\"https:\/\/www.visit-ulcinj.com\/blog\/2009\/04\/17\/arjani-dhe-mimoza-me-jep-oksigjen\/#primaryimage\",\"url\":\"http:\/\/www.visit-ulcinj.com\/blog\/wp-content\/uploads\/2009\/04\/ari-arjon-moza.jpg\",\"contentUrl\":\"http:\/\/www.visit-ulcinj.com\/blog\/wp-content\/uploads\/2009\/04\/ari-arjon-moza.jpg\"},{\"@type\":\"WebPage\",\"@id\":\"https:\/\/www.visit-ulcinj.com\/blog\/2009\/04\/17\/arjani-dhe-mimoza-me-jep-oksigjen\/#webpage\",\"url\":\"https:\/\/www.visit-ulcinj.com\/blog\/2009\/04\/17\/arjani-dhe-mimoza-me-jep-oksigjen\/\",\"name\":\"Arjani dhe Mimoza : M\u00c3\u00ab jep oksigjen | Big Brother Albania 2\",\"isPartOf\":{\"@id\":\"https:\/\/www.visit-ulcinj.com\/blog\/#website\"},\"primaryImageOfPage\":{\"@id\":\"https:\/\/www.visit-ulcinj.com\/blog\/2009\/04\/17\/arjani-dhe-mimoza-me-jep-oksigjen\/#primaryimage\"},\"datePublished\":\"2009-04-17T18:58:50+00:00\",\"dateModified\":\"2009-04-17T18:58:50+00:00\",\"author\":{\"@id\":\"https:\/\/www.visit-ulcinj.com\/blog\/#\/schema\/person\/dcab619c614d3038751c63bc2aadc06d\"},\"description\":\"Big Brother Albania 2 - Mimoza q\u00c3\u00abndron n\u00c3\u00ab kuzhin\u00c3\u00ab duke ngr\u00c3\u00abn\u00c3\u00ab m\u00c3\u00abngjesin. Af\u00c3\u00abr saj shkon Ari i cili e mbush me komplimenta p\u00c3\u00abr bukurin\u00c3\u00ab e saj.\",\"breadcrumb\":{\"@id\":\"https:\/\/www.visit-ulcinj.com\/blog\/2009\/04\/17\/arjani-dhe-mimoza-me-jep-oksigjen\/#breadcrumb\"},\"inLanguage\":\"en-US\",\"potentialAction\":[{\"@type\":\"ReadAction\",\"target\":[\"https:\/\/www.visit-ulcinj.com\/blog\/2009\/04\/17\/arjani-dhe-mimoza-me-jep-oksigjen\/\"]}]},{\"@type\":\"BreadcrumbList\",\"@id\":\"https:\/\/www.visit-ulcinj.com\/blog\/2009\/04\/17\/arjani-dhe-mimoza-me-jep-oksigjen\/#breadcrumb\",\"itemListElement\":[{\"@type\":\"ListItem\",\"position\":1,\"name\":\"Arjani dhe Mimoza : M\u00eb jep oksigjen\"}]},{\"@type\":\"Person\",\"@id\":\"https:\/\/www.visit-ulcinj.com\/blog\/#\/schema\/person\/dcab619c614d3038751c63bc2aadc06d\",\"name\":\"ulqini\",\"sameAs\":[\"http:\/\/www.visit-ulcinj.com\"],\"url\":\"https:\/\/www.visit-ulcinj.com\/blog\/author\/admin\/\"}]}<\/script>\n<!-- \/ Yoast SEO plugin. -->","yoast_head_json":{"title":"Arjani dhe Mimoza : M\u00c3\u00ab jep oksigjen | Big Brother Albania 2","description":"Big Brother Albania 2 - Mimoza q\u00c3\u00abndron n\u00c3\u00ab kuzhin\u00c3\u00ab duke ngr\u00c3\u00abn\u00c3\u00ab m\u00c3\u00abngjesin. Af\u00c3\u00abr saj shkon Ari i cili e mbush me komplimenta p\u00c3\u00abr bukurin\u00c3\u00ab e saj.","robots":{"index":"index","follow":"follow","max-snippet":"max-snippet:-1","max-image-preview":"max-image-preview:large","max-video-preview":"max-video-preview:-1"},"canonical":"https:\/\/www.visit-ulcinj.com\/blog\/2009\/04\/17\/arjani-dhe-mimoza-me-jep-oksigjen\/","og_locale":"en_US","og_type":"article","og_title":"Arjani dhe Mimoza : M\u00c3\u00ab jep oksigjen | Big Brother Albania 2","og_description":"Big Brother Albania 2 - Mimoza q\u00c3\u00abndron n\u00c3\u00ab kuzhin\u00c3\u00ab duke ngr\u00c3\u00abn\u00c3\u00ab m\u00c3\u00abngjesin. Af\u00c3\u00abr saj shkon Ari i cili e mbush me komplimenta p\u00c3\u00abr bukurin\u00c3\u00ab e saj.","og_url":"https:\/\/www.visit-ulcinj.com\/blog\/2009\/04\/17\/arjani-dhe-mimoza-me-jep-oksigjen\/","og_site_name":"Lajme nga Ulqini","article_published_time":"2009-04-17T18:58:50+00:00","og_image":[{"url":"http:\/\/www.visit-ulcinj.com\/blog\/wp-content\/uploads\/2009\/04\/ari-arjon-moza.jpg"}],"twitter_misc":{"Written by":"ulqini","Est. reading time":"1 minute"},"schema":{"@context":"https:\/\/schema.org","@graph":[{"@type":"WebSite","@id":"https:\/\/www.visit-ulcinj.com\/blog\/#website","url":"https:\/\/www.visit-ulcinj.com\/blog\/","name":"Lajme nga Ulqini","description":"Lajme,Vijesti,Ulqini,Ulqin,Crna Gora,Mali i Zi","potentialAction":[{"@type":"SearchAction","target":{"@type":"EntryPoint","urlTemplate":"https:\/\/www.visit-ulcinj.com\/blog\/?s={search_term_string}"},"query-input":"required name=search_term_string"}],"inLanguage":"en-US"},{"@type":"ImageObject","inLanguage":"en-US","@id":"https:\/\/www.visit-ulcinj.com\/blog\/2009\/04\/17\/arjani-dhe-mimoza-me-jep-oksigjen\/#primaryimage","url":"http:\/\/www.visit-ulcinj.com\/blog\/wp-content\/uploads\/2009\/04\/ari-arjon-moza.jpg","contentUrl":"http:\/\/www.visit-ulcinj.com\/blog\/wp-content\/uploads\/2009\/04\/ari-arjon-moza.jpg"},{"@type":"WebPage","@id":"https:\/\/www.visit-ulcinj.com\/blog\/2009\/04\/17\/arjani-dhe-mimoza-me-jep-oksigjen\/#webpage","url":"https:\/\/www.visit-ulcinj.com\/blog\/2009\/04\/17\/arjani-dhe-mimoza-me-jep-oksigjen\/","name":"Arjani dhe Mimoza : M\u00c3\u00ab jep oksigjen | Big Brother Albania 2","isPartOf":{"@id":"https:\/\/www.visit-ulcinj.com\/blog\/#website"},"primaryImageOfPage":{"@id":"https:\/\/www.visit-ulcinj.com\/blog\/2009\/04\/17\/arjani-dhe-mimoza-me-jep-oksigjen\/#primaryimage"},"datePublished":"2009-04-17T18:58:50+00:00","dateModified":"2009-04-17T18:58:50+00:00","author":{"@id":"https:\/\/www.visit-ulcinj.com\/blog\/#\/schema\/person\/dcab619c614d3038751c63bc2aadc06d"},"description":"Big Brother Albania 2 - Mimoza q\u00c3\u00abndron n\u00c3\u00ab kuzhin\u00c3\u00ab duke ngr\u00c3\u00abn\u00c3\u00ab m\u00c3\u00abngjesin. Af\u00c3\u00abr saj shkon Ari i cili e mbush me komplimenta p\u00c3\u00abr bukurin\u00c3\u00ab e saj.","breadcrumb":{"@id":"https:\/\/www.visit-ulcinj.com\/blog\/2009\/04\/17\/arjani-dhe-mimoza-me-jep-oksigjen\/#breadcrumb"},"inLanguage":"en-US","potentialAction":[{"@type":"ReadAction","target":["https:\/\/www.visit-ulcinj.com\/blog\/2009\/04\/17\/arjani-dhe-mimoza-me-jep-oksigjen\/"]}]},{"@type":"BreadcrumbList","@id":"https:\/\/www.visit-ulcinj.com\/blog\/2009\/04\/17\/arjani-dhe-mimoza-me-jep-oksigjen\/#breadcrumb","itemListElement":[{"@type":"ListItem","position":1,"name":"Arjani dhe Mimoza : M\u00eb jep oksigjen"}]},{"@type":"Person","@id":"https:\/\/www.visit-ulcinj.com\/blog\/#\/schema\/person\/dcab619c614d3038751c63bc2aadc06d","name":"ulqini","sameAs":["http:\/\/www.visit-ulcinj.com"],"url":"https:\/\/www.visit-ulcinj.com\/blog\/author\/admin\/"}]}},"jetpack_featured_media_url":"","jetpack_sharing_enabled":true,"jetpack_shortlink":"https:\/\/wp.me\/pe6lTn-4IA","_links":{"self":[{"href":"https:\/\/www.visit-ulcinj.com\/blog\/wp-json\/wp\/v2\/posts\/18140"}],"collection":[{"href":"https:\/\/www.visit-ulcinj.com\/blog\/wp-json\/wp\/v2\/posts"}],"about":[{"href":"https:\/\/www.visit-ulcinj.com\/blog\/wp-json\/wp\/v2\/types\/post"}],"author":[{"embeddable":true,"href":"https:\/\/www.visit-ulcinj.com\/blog\/wp-json\/wp\/v2\/users\/1"}],"replies":[{"embeddable":true,"href":"https:\/\/www.visit-ulcinj.com\/blog\/wp-json\/wp\/v2\/comments?post=18140"}],"version-history":[{"count":0,"href":"https:\/\/www.visit-ulcinj.com\/blog\/wp-json\/wp\/v2\/posts\/18140\/revisions"}],"wp:attachment":[{"href":"https:\/\/www.visit-ulcinj.com\/blog\/wp-json\/wp\/v2\/media?parent=18140"}],"wp:term":[{"taxonomy":"category","embeddable":true,"href":"https:\/\/www.visit-ulcinj.com\/blog\/wp-json\/wp\/v2\/categories?post=18140"},{"taxonomy":"post_tag","embeddable":true,"href":"https:\/\/www.visit-ulcinj.com\/blog\/wp-json\/wp\/v2\/tags?post=18140"}],"curies":[{"name":"wp","href":"https:\/\/api.w.org\/{rel}","templated":true}]}}