{"id":18144,"date":"2009-04-17T21:06:29","date_gmt":"2009-04-17T19:06:29","guid":{"rendered":"http:\/\/www.visit-ulcinj.com\/blog\/?p=18144"},"modified":"2009-04-17T21:06:29","modified_gmt":"2009-04-17T19:06:29","slug":"mimoza-dhe-qetsori-mund-te-dalin-serish-dy","status":"publish","type":"post","link":"https:\/\/www.visit-ulcinj.com\/blog\/2009\/04\/17\/mimoza-dhe-qetsori-mund-te-dalin-serish-dy\/","title":{"rendered":"Mimoza dhe Qetsori : Mund t\u00eb dalin s\u00ebrish dy"},"content":{"rendered":"<p><em><span class=\"newsdate\"><a href=\"http:\/\/www.visit-ulcinj.com\/blog\/wp-content\/uploads\/2009\/04\/mozasoridalja-15p.jpg\"><img loading=\"lazy\" class=\"alignleft size-full wp-image-18145\" title=\"mozasoridalja--big-brother-albania-2\" src=\"http:\/\/www.visit-ulcinj.com\/blog\/wp-content\/uploads\/2009\/04\/mozasoridalja-15p.jpg\" alt=\"mozasoridalja--big-brother-albania-2\" width=\"300\" height=\"205\" \/><\/a>15\/04\/09 15:54<\/span><\/em><\/p>\n<p>Moza thot\u00eb se ka krijuar p\u00ebrshtypjen se k\u00ebt\u00eb jav\u00eb kan\u00eb p\u00ebr t\u00eb dal\u00eb s\u00ebrish dy banor\u00eb: nj\u00eb nga t\u00eb nominuarit dhe nj\u00eb tjet\u00ebr q\u00eb do t\u00eb dal\u00eb direkt. Edhe Sori mendon t\u00eb nj\u00ebjt\u00ebn gj\u00eb sepse jan\u00eb shum\u00eb banor\u00eb n\u00eb sht\u00ebpi, nd\u00ebrsa koha ik\u00ebn. Moza thot\u00eb se kjo nuk \u00ebsht\u00eb e drejt\u00eb, por Sori i thot\u00eb se kjo \u00ebsht\u00eb nj\u00eb loj\u00eb. Ai thot\u00eb se askujt nuk i vjen mir\u00eb q\u00eb t\u00eb dali nj\u00eb shok, sidomos pa u nominuar, por megjithat\u00eb ata nuk mund t\u00eb q\u00ebndrojn\u00eb t\u00ebr\u00eb koh\u00ebn n\u00eb sht\u00ebpi, mes t\u00eb mirave. Moza tregon p\u00ebr Anin se gjat\u00eb gjith\u00eb dit\u00ebs s\u00eb shtun\u00eb shprehej se kishte shum\u00eb emocione, sikur e ndjente se do t\u2019i ndodhte dicka. Ajo tregon se i kishte th\u00ebn\u00eb se ai nuk ishte n\u00eb nominim e ndaj nuk duhet t\u00eb shqet\u00ebsohej, por atij ia ndjente zemra se do t\u00eb dilte. Ata vazhdojn\u00eb t\u00eb bisedojn\u00eb p\u00ebr Anin.<\/p>\n<p><strong><span class=\"newstitlec\">Arjon dhe Qetsroi : \u00a0Mund t\u00eb rrezikojm\u00eb t\u00eb dy\u201d<\/span><\/strong><br \/>\n<em><span class=\"newsdate\">15\/04\/09 16:20<\/span><\/em><\/p>\n<p>Sori, duke p\u00ebrgatitur drek\u00ebn me Arjonin, e pyet se si i duket kjo jav\u00eb dhe n\u00ebse ata t\u00eb dy rrezikojn\u00eb apo jo. Arjoni i p\u00ebrgjigjet me keqardhje se nj\u00eb nga ata t\u00eb dy mund t\u00eb rrezikoj\u00eb v\u00ebrtet\u00eb, por k\u00ebt\u00eb gj\u00eb e thot\u00eb se e ndjen dhe jo n\u00eb baz\u00eb t\u00eb llogaritjeve. Anjeza thot\u00eb se as njeri e as tjetri nuk rrezikojn\u00eb. Sori fillon t\u00eb analizoj\u00eb se p\u00ebrse ata t\u00eb dy mund t\u2019i nxjerrin nga sht\u00ebpia, n\u00eb cilat pika kan\u00eb gabuar q\u00eb publiku t\u2019i votoj\u00eb. Ai mendon se edhe publiku duhet ta ket\u00eb t\u00eb v\u00ebshtir\u00eb p\u00ebr t\u00eb zgjedhur se cilin t\u00eb largoj\u00eb. Anjeza thot\u00eb se publiku mund ta ket\u00eb edhe shum\u00eb t\u00eb thjesht\u00eb p\u00ebr t\u00eb zgjedhur. Sori thot\u00eb se ata thjesht\u00eb po ngren\u00eb hipoteza, pasi nuk mund t\u00eb din\u00eb asgj\u00eb. Sori llogarit se sa nominime kan\u00eb secili e duke par\u00eb se ata t\u00eb gjith\u00eb kan\u00eb nga shum\u00eb, mendon se realisht dikush nga ta duhet t\u00eb dal\u00eb, pasi jan\u00eb b\u00ebr\u00eb t\u00eb pad\u00ebshiruar n\u00eb sht\u00ebpi. Ai analizon se nj\u00eb aspekt \u00ebsht\u00eb se jan\u00eb konkurent\u00eb t\u00eb fort\u00eb, por jo t\u00eb gjith\u00eb mund t\u00eb konsiderohen t\u00eb till\u00eb dhe kjo e shtun\u00eb do ta tregoj\u00eb. Arjoni thot\u00eb p\u00ebr veten se atij i kishte ardhur radha s\u00ebrish p\u00ebr t\u2019u nominuar. Ata mendojn\u00eb se tani loj\u00ebs po i vjen fundi dhe se cdo dit\u00eb b\u00ebhet m\u00eb shum\u00eb interesante dhe e paparashikueshme.<\/p>\n<p><strong><span class=\"newstitlec\">Mund t\u00eb rrezikojm\u00eb t\u00eb dy<\/span><\/strong><br \/>\n<em><span class=\"newsdate\">15\/04\/09 16:20<\/span><\/em><\/p>\n<p>Sori, duke p\u00ebrgatitur drek\u00ebn me Arjonin, e pyet se si i duket kjo jav\u00eb dhe n\u00ebse ata t\u00eb dy rrezikojn\u00eb apo jo. Arjoni i p\u00ebrgjigjet me keqardhje se nj\u00eb nga ata t\u00eb dy mund t\u00eb rrezikoj\u00eb v\u00ebrtet\u00eb, por k\u00ebt\u00eb gj\u00eb e thot\u00eb se e ndjen dhe jo n\u00eb baz\u00eb t\u00eb llogaritjeve. Anjeza thot\u00eb se as njeri e as tjetri nuk rrezikojn\u00eb. Sori fillon t\u00eb analizoj\u00eb se p\u00ebrse ata t\u00eb dy mund t\u2019i nxjerrin nga sht\u00ebpia, n\u00eb cilat pika kan\u00eb gabuar q\u00eb publiku t\u2019i votoj\u00eb. Ai mendon se edhe publiku duhet ta ket\u00eb t\u00eb v\u00ebshtir\u00eb p\u00ebr t\u00eb zgjedhur se cilin t\u00eb largoj\u00eb. Anjeza thot\u00eb se publiku mund ta ket\u00eb edhe shum\u00eb t\u00eb thjesht\u00eb p\u00ebr t\u00eb zgjedhur. Sori thot\u00eb se ata thjesht\u00eb po ngren\u00eb hipoteza, pasi nuk mund t\u00eb din\u00eb asgj\u00eb. Sori llogarit se sa nominime kan\u00eb secili e duke par\u00eb se ata t\u00eb gjith\u00eb kan\u00eb nga shum\u00eb, mendon se realisht dikush nga ta duhet t\u00eb dal\u00eb, pasi jan\u00eb b\u00ebr\u00eb t\u00eb pad\u00ebshiruar n\u00eb sht\u00ebpi. Ai analizon se nj\u00eb aspekt \u00ebsht\u00eb se jan\u00eb konkurent\u00eb t\u00eb fort\u00eb, por jo t\u00eb gjith\u00eb mund t\u00eb konsiderohen t\u00eb till\u00eb dhe kjo e shtun\u00eb do ta tregoj\u00eb. Arjoni thot\u00eb p\u00ebr veten se atij i kishte ardhur radha s\u00ebrish p\u00ebr t\u2019u nominuar. Ata mendojn\u00eb se tani loj\u00ebs po i vjen fundi dhe se cdo dit\u00eb b\u00ebhet m\u00eb shum\u00eb interesante dhe e paparashikueshme.<\/p>\n","protected":false},"excerpt":{"rendered":"<p>15\/04\/09 15:54 Moza thot\u00eb se ka krijuar p\u00ebrshtypjen se k\u00ebt\u00eb jav\u00eb kan\u00eb p\u00ebr t\u00eb dal\u00eb s\u00ebrish dy banor\u00eb: nj\u00eb nga t\u00eb nominuarit dhe nj\u00eb tjet\u00ebr q\u00eb do t\u00eb dal\u00eb direkt. Edhe Sori mendon t\u00eb nj\u00ebjt\u00ebn gj\u00eb sepse jan\u00eb shum\u00eb banor\u00eb n\u00eb sht\u00ebpi, nd\u00ebrsa koha ik\u00ebn. Moza thot\u00eb se kjo nuk \u00ebsht\u00eb e drejt\u00eb, por Sori [&hellip;]<\/p>\n","protected":false},"author":1,"featured_media":0,"comment_status":"open","ping_status":"closed","sticky":false,"template":"","format":"standard","meta":{"spay_email":"","jetpack_publicize_message":"","jetpack_is_tweetstorm":false,"jetpack_publicize_feature_enabled":true},"categories":[6502],"tags":[5057,6506,6516,6712,7129,6544,9267,8276,6891,6693,6887],"jetpack_publicize_connections":[],"yoast_head":"<!-- This site is optimized with the Yoast SEO plugin v19.1 - https:\/\/yoast.com\/wordpress\/plugins\/seo\/ -->\n<title>Mimoza dhe Qetsori : Mund t\u00c3\u00ab dalin s\u00c3\u00abrish dy | Big Brother Albania 2<\/title>\n<meta name=\"description\" content=\"Big Brother Albania 2 - Moza thot\u00c3\u00ab se ka krijuar p\u00c3\u00abrshtypjen se k\u00c3\u00abt\u00c3\u00ab jav\u00c3\u00ab kan\u00c3\u00ab p\u00c3\u00abr t\u00c3\u00ab dal\u00c3\u00ab s\u00c3\u00abrish dy banor\u00c3\u00ab: nj\u00c3\u00ab nga t\u00c3\u00ab nominuarit dhe nj\u00c3\u00ab tjet\u00c3\u00abr q\u00c3\u00ab do t\u00c3\u00ab dal\u00c3\u00ab direkt.\" \/>\n<meta name=\"robots\" content=\"index, follow, max-snippet:-1, max-image-preview:large, max-video-preview:-1\" \/>\n<link rel=\"canonical\" href=\"https:\/\/www.visit-ulcinj.com\/blog\/2009\/04\/17\/mimoza-dhe-qetsori-mund-te-dalin-serish-dy\/\" \/>\n<meta property=\"og:locale\" content=\"en_US\" \/>\n<meta property=\"og:type\" content=\"article\" \/>\n<meta property=\"og:title\" content=\"Mimoza dhe Qetsori : Mund t\u00c3\u00ab dalin s\u00c3\u00abrish dy | Big Brother Albania 2\" \/>\n<meta property=\"og:description\" content=\"Big Brother Albania 2 - Moza thot\u00c3\u00ab se ka krijuar p\u00c3\u00abrshtypjen se k\u00c3\u00abt\u00c3\u00ab jav\u00c3\u00ab kan\u00c3\u00ab p\u00c3\u00abr t\u00c3\u00ab dal\u00c3\u00ab s\u00c3\u00abrish dy banor\u00c3\u00ab: nj\u00c3\u00ab nga t\u00c3\u00ab nominuarit dhe nj\u00c3\u00ab tjet\u00c3\u00abr q\u00c3\u00ab do t\u00c3\u00ab dal\u00c3\u00ab direkt.\" \/>\n<meta property=\"og:url\" content=\"https:\/\/www.visit-ulcinj.com\/blog\/2009\/04\/17\/mimoza-dhe-qetsori-mund-te-dalin-serish-dy\/\" \/>\n<meta property=\"og:site_name\" content=\"Lajme nga Ulqini\" \/>\n<meta property=\"article:published_time\" content=\"2009-04-17T19:06:29+00:00\" \/>\n<meta property=\"og:image\" content=\"http:\/\/www.visit-ulcinj.com\/blog\/wp-content\/uploads\/2009\/04\/mozasoridalja-15p.jpg\" \/>\n<meta name=\"twitter:label1\" content=\"Written by\" \/>\n\t<meta name=\"twitter:data1\" content=\"ulqini\" \/>\n\t<meta name=\"twitter:label2\" content=\"Est. reading time\" \/>\n\t<meta name=\"twitter:data2\" content=\"3 minutes\" \/>\n<script type=\"application\/ld+json\" class=\"yoast-schema-graph\">{\"@context\":\"https:\/\/schema.org\",\"@graph\":[{\"@type\":\"WebSite\",\"@id\":\"https:\/\/www.visit-ulcinj.com\/blog\/#website\",\"url\":\"https:\/\/www.visit-ulcinj.com\/blog\/\",\"name\":\"Lajme nga Ulqini\",\"description\":\"Lajme,Vijesti,Ulqini,Ulqin,Crna Gora,Mali i Zi\",\"potentialAction\":[{\"@type\":\"SearchAction\",\"target\":{\"@type\":\"EntryPoint\",\"urlTemplate\":\"https:\/\/www.visit-ulcinj.com\/blog\/?s={search_term_string}\"},\"query-input\":\"required name=search_term_string\"}],\"inLanguage\":\"en-US\"},{\"@type\":\"ImageObject\",\"inLanguage\":\"en-US\",\"@id\":\"https:\/\/www.visit-ulcinj.com\/blog\/2009\/04\/17\/mimoza-dhe-qetsori-mund-te-dalin-serish-dy\/#primaryimage\",\"url\":\"http:\/\/www.visit-ulcinj.com\/blog\/wp-content\/uploads\/2009\/04\/mozasoridalja-15p.jpg\",\"contentUrl\":\"http:\/\/www.visit-ulcinj.com\/blog\/wp-content\/uploads\/2009\/04\/mozasoridalja-15p.jpg\"},{\"@type\":\"WebPage\",\"@id\":\"https:\/\/www.visit-ulcinj.com\/blog\/2009\/04\/17\/mimoza-dhe-qetsori-mund-te-dalin-serish-dy\/#webpage\",\"url\":\"https:\/\/www.visit-ulcinj.com\/blog\/2009\/04\/17\/mimoza-dhe-qetsori-mund-te-dalin-serish-dy\/\",\"name\":\"Mimoza dhe Qetsori : Mund t\u00c3\u00ab dalin s\u00c3\u00abrish dy | Big Brother Albania 2\",\"isPartOf\":{\"@id\":\"https:\/\/www.visit-ulcinj.com\/blog\/#website\"},\"primaryImageOfPage\":{\"@id\":\"https:\/\/www.visit-ulcinj.com\/blog\/2009\/04\/17\/mimoza-dhe-qetsori-mund-te-dalin-serish-dy\/#primaryimage\"},\"datePublished\":\"2009-04-17T19:06:29+00:00\",\"dateModified\":\"2009-04-17T19:06:29+00:00\",\"author\":{\"@id\":\"https:\/\/www.visit-ulcinj.com\/blog\/#\/schema\/person\/dcab619c614d3038751c63bc2aadc06d\"},\"description\":\"Big Brother Albania 2 - Moza thot\u00c3\u00ab se ka krijuar p\u00c3\u00abrshtypjen se k\u00c3\u00abt\u00c3\u00ab jav\u00c3\u00ab kan\u00c3\u00ab p\u00c3\u00abr t\u00c3\u00ab dal\u00c3\u00ab s\u00c3\u00abrish dy banor\u00c3\u00ab: nj\u00c3\u00ab nga t\u00c3\u00ab nominuarit dhe nj\u00c3\u00ab tjet\u00c3\u00abr q\u00c3\u00ab do t\u00c3\u00ab dal\u00c3\u00ab direkt.\",\"breadcrumb\":{\"@id\":\"https:\/\/www.visit-ulcinj.com\/blog\/2009\/04\/17\/mimoza-dhe-qetsori-mund-te-dalin-serish-dy\/#breadcrumb\"},\"inLanguage\":\"en-US\",\"potentialAction\":[{\"@type\":\"ReadAction\",\"target\":[\"https:\/\/www.visit-ulcinj.com\/blog\/2009\/04\/17\/mimoza-dhe-qetsori-mund-te-dalin-serish-dy\/\"]}]},{\"@type\":\"BreadcrumbList\",\"@id\":\"https:\/\/www.visit-ulcinj.com\/blog\/2009\/04\/17\/mimoza-dhe-qetsori-mund-te-dalin-serish-dy\/#breadcrumb\",\"itemListElement\":[{\"@type\":\"ListItem\",\"position\":1,\"name\":\"Mimoza dhe Qetsori : Mund t\u00eb dalin s\u00ebrish dy\"}]},{\"@type\":\"Person\",\"@id\":\"https:\/\/www.visit-ulcinj.com\/blog\/#\/schema\/person\/dcab619c614d3038751c63bc2aadc06d\",\"name\":\"ulqini\",\"sameAs\":[\"http:\/\/www.visit-ulcinj.com\"],\"url\":\"https:\/\/www.visit-ulcinj.com\/blog\/author\/admin\/\"}]}<\/script>\n<!-- \/ Yoast SEO plugin. -->","yoast_head_json":{"title":"Mimoza dhe Qetsori : Mund t\u00c3\u00ab dalin s\u00c3\u00abrish dy | Big Brother Albania 2","description":"Big Brother Albania 2 - Moza thot\u00c3\u00ab se ka krijuar p\u00c3\u00abrshtypjen se k\u00c3\u00abt\u00c3\u00ab jav\u00c3\u00ab kan\u00c3\u00ab p\u00c3\u00abr t\u00c3\u00ab dal\u00c3\u00ab s\u00c3\u00abrish dy banor\u00c3\u00ab: nj\u00c3\u00ab nga t\u00c3\u00ab nominuarit dhe nj\u00c3\u00ab tjet\u00c3\u00abr q\u00c3\u00ab do t\u00c3\u00ab dal\u00c3\u00ab direkt.","robots":{"index":"index","follow":"follow","max-snippet":"max-snippet:-1","max-image-preview":"max-image-preview:large","max-video-preview":"max-video-preview:-1"},"canonical":"https:\/\/www.visit-ulcinj.com\/blog\/2009\/04\/17\/mimoza-dhe-qetsori-mund-te-dalin-serish-dy\/","og_locale":"en_US","og_type":"article","og_title":"Mimoza dhe Qetsori : Mund t\u00c3\u00ab dalin s\u00c3\u00abrish dy | Big Brother Albania 2","og_description":"Big Brother Albania 2 - Moza thot\u00c3\u00ab se ka krijuar p\u00c3\u00abrshtypjen se k\u00c3\u00abt\u00c3\u00ab jav\u00c3\u00ab kan\u00c3\u00ab p\u00c3\u00abr t\u00c3\u00ab dal\u00c3\u00ab s\u00c3\u00abrish dy banor\u00c3\u00ab: nj\u00c3\u00ab nga t\u00c3\u00ab nominuarit dhe nj\u00c3\u00ab tjet\u00c3\u00abr q\u00c3\u00ab do t\u00c3\u00ab dal\u00c3\u00ab direkt.","og_url":"https:\/\/www.visit-ulcinj.com\/blog\/2009\/04\/17\/mimoza-dhe-qetsori-mund-te-dalin-serish-dy\/","og_site_name":"Lajme nga Ulqini","article_published_time":"2009-04-17T19:06:29+00:00","og_image":[{"url":"http:\/\/www.visit-ulcinj.com\/blog\/wp-content\/uploads\/2009\/04\/mozasoridalja-15p.jpg"}],"twitter_misc":{"Written by":"ulqini","Est. reading time":"3 minutes"},"schema":{"@context":"https:\/\/schema.org","@graph":[{"@type":"WebSite","@id":"https:\/\/www.visit-ulcinj.com\/blog\/#website","url":"https:\/\/www.visit-ulcinj.com\/blog\/","name":"Lajme nga Ulqini","description":"Lajme,Vijesti,Ulqini,Ulqin,Crna Gora,Mali i Zi","potentialAction":[{"@type":"SearchAction","target":{"@type":"EntryPoint","urlTemplate":"https:\/\/www.visit-ulcinj.com\/blog\/?s={search_term_string}"},"query-input":"required name=search_term_string"}],"inLanguage":"en-US"},{"@type":"ImageObject","inLanguage":"en-US","@id":"https:\/\/www.visit-ulcinj.com\/blog\/2009\/04\/17\/mimoza-dhe-qetsori-mund-te-dalin-serish-dy\/#primaryimage","url":"http:\/\/www.visit-ulcinj.com\/blog\/wp-content\/uploads\/2009\/04\/mozasoridalja-15p.jpg","contentUrl":"http:\/\/www.visit-ulcinj.com\/blog\/wp-content\/uploads\/2009\/04\/mozasoridalja-15p.jpg"},{"@type":"WebPage","@id":"https:\/\/www.visit-ulcinj.com\/blog\/2009\/04\/17\/mimoza-dhe-qetsori-mund-te-dalin-serish-dy\/#webpage","url":"https:\/\/www.visit-ulcinj.com\/blog\/2009\/04\/17\/mimoza-dhe-qetsori-mund-te-dalin-serish-dy\/","name":"Mimoza dhe Qetsori : Mund t\u00c3\u00ab dalin s\u00c3\u00abrish dy | Big Brother Albania 2","isPartOf":{"@id":"https:\/\/www.visit-ulcinj.com\/blog\/#website"},"primaryImageOfPage":{"@id":"https:\/\/www.visit-ulcinj.com\/blog\/2009\/04\/17\/mimoza-dhe-qetsori-mund-te-dalin-serish-dy\/#primaryimage"},"datePublished":"2009-04-17T19:06:29+00:00","dateModified":"2009-04-17T19:06:29+00:00","author":{"@id":"https:\/\/www.visit-ulcinj.com\/blog\/#\/schema\/person\/dcab619c614d3038751c63bc2aadc06d"},"description":"Big Brother Albania 2 - Moza thot\u00c3\u00ab se ka krijuar p\u00c3\u00abrshtypjen se k\u00c3\u00abt\u00c3\u00ab jav\u00c3\u00ab kan\u00c3\u00ab p\u00c3\u00abr t\u00c3\u00ab dal\u00c3\u00ab s\u00c3\u00abrish dy banor\u00c3\u00ab: nj\u00c3\u00ab nga t\u00c3\u00ab nominuarit dhe nj\u00c3\u00ab tjet\u00c3\u00abr q\u00c3\u00ab do t\u00c3\u00ab dal\u00c3\u00ab direkt.","breadcrumb":{"@id":"https:\/\/www.visit-ulcinj.com\/blog\/2009\/04\/17\/mimoza-dhe-qetsori-mund-te-dalin-serish-dy\/#breadcrumb"},"inLanguage":"en-US","potentialAction":[{"@type":"ReadAction","target":["https:\/\/www.visit-ulcinj.com\/blog\/2009\/04\/17\/mimoza-dhe-qetsori-mund-te-dalin-serish-dy\/"]}]},{"@type":"BreadcrumbList","@id":"https:\/\/www.visit-ulcinj.com\/blog\/2009\/04\/17\/mimoza-dhe-qetsori-mund-te-dalin-serish-dy\/#breadcrumb","itemListElement":[{"@type":"ListItem","position":1,"name":"Mimoza dhe Qetsori : Mund t\u00eb dalin s\u00ebrish dy"}]},{"@type":"Person","@id":"https:\/\/www.visit-ulcinj.com\/blog\/#\/schema\/person\/dcab619c614d3038751c63bc2aadc06d","name":"ulqini","sameAs":["http:\/\/www.visit-ulcinj.com"],"url":"https:\/\/www.visit-ulcinj.com\/blog\/author\/admin\/"}]}},"jetpack_featured_media_url":"","jetpack_sharing_enabled":true,"jetpack_shortlink":"https:\/\/wp.me\/pe6lTn-4IE","_links":{"self":[{"href":"https:\/\/www.visit-ulcinj.com\/blog\/wp-json\/wp\/v2\/posts\/18144"}],"collection":[{"href":"https:\/\/www.visit-ulcinj.com\/blog\/wp-json\/wp\/v2\/posts"}],"about":[{"href":"https:\/\/www.visit-ulcinj.com\/blog\/wp-json\/wp\/v2\/types\/post"}],"author":[{"embeddable":true,"href":"https:\/\/www.visit-ulcinj.com\/blog\/wp-json\/wp\/v2\/users\/1"}],"replies":[{"embeddable":true,"href":"https:\/\/www.visit-ulcinj.com\/blog\/wp-json\/wp\/v2\/comments?post=18144"}],"version-history":[{"count":0,"href":"https:\/\/www.visit-ulcinj.com\/blog\/wp-json\/wp\/v2\/posts\/18144\/revisions"}],"wp:attachment":[{"href":"https:\/\/www.visit-ulcinj.com\/blog\/wp-json\/wp\/v2\/media?parent=18144"}],"wp:term":[{"taxonomy":"category","embeddable":true,"href":"https:\/\/www.visit-ulcinj.com\/blog\/wp-json\/wp\/v2\/categories?post=18144"},{"taxonomy":"post_tag","embeddable":true,"href":"https:\/\/www.visit-ulcinj.com\/blog\/wp-json\/wp\/v2\/tags?post=18144"}],"curies":[{"name":"wp","href":"https:\/\/api.w.org\/{rel}","templated":true}]}}