{"id":18147,"date":"2009-04-17T21:09:26","date_gmt":"2009-04-17T19:09:26","guid":{"rendered":"http:\/\/www.visit-ulcinj.com\/blog\/?p=18147"},"modified":"2009-04-17T21:09:26","modified_gmt":"2009-04-17T19:09:26","slug":"arjoni-mimoza-e-luan-bukur-rolin","status":"publish","type":"post","link":"https:\/\/www.visit-ulcinj.com\/blog\/2009\/04\/17\/arjoni-mimoza-e-luan-bukur-rolin\/","title":{"rendered":"Arjoni : Mimoza e luan bukur rolin"},"content":{"rendered":"<p><em><span class=\"newsdate\"><a href=\"http:\/\/www.visit-ulcinj.com\/blog\/wp-content\/uploads\/2009\/04\/arjoni-per-arin.jpg\"><img loading=\"lazy\" class=\"alignleft size-full wp-image-18148\" title=\"arjoni-per-arin-big-brother-albania-2\" src=\"http:\/\/www.visit-ulcinj.com\/blog\/wp-content\/uploads\/2009\/04\/arjoni-per-arin.jpg\" alt=\"arjoni-per-arin-big-brother-albania-2\" width=\"300\" height=\"205\" \/><\/a>15\/04\/09 18:22<\/span><\/em><\/p>\n<p>Arjoni dhe Anjeza duke gatuar diskutojn\u00eb p\u00ebr afrimin e Arit me Mimoz\u00ebn . Arjoni shprehet q\u00eb do d\u00ebshironte q\u00eb Ari t\u00eb arrij\u00eb ta b\u00ebj p\u00ebrvete Mimoz\u00ebn. Anjeza nuk beson q\u00eb do ndodh\u00eb kjo gj\u00eb. Ai thot\u00eb:-\u201cMimoza po e luan bukur rolin!\u201d Ato vazhdojn\u00eb diskutimin p\u00ebr Arin duke folur me pseudonimin \u2018bjondi\u2019. Ai thot\u00eb:-\u201cPo Bjondi se ka kuptuar k\u00ebt\u00eb gj\u00eb?\u201d Ajo i thot\u00eb q\u00eb ai ka ardhur \u2018me detyra\u2019, dhe shton:-\u201cPse mendon q\u00eb bjondi p\u00ebr kaq koh\u00eb, i lindi gjith\u00eb kjo d\u00ebshir\u00eb e madhe?!\u201d Arjoni i thot\u00eb q\u00eb dhe ai n\u00eb fillim kur hyri Anjeza shprehej:-\u201cKa ardhur me detyra sht\u00ebpie!\u201d Ajo i thot\u00eb q\u00eb do kishte q\u00ebn\u00eb m\u00eb mir\u00eb po t\u00eb kishte ardhur si mendonte ai, dhe shton:-\u201cUn\u00eb as me detyra klase nuk erdha!\u201d<\/p>\n","protected":false},"excerpt":{"rendered":"<p>15\/04\/09 18:22 Arjoni dhe Anjeza duke gatuar diskutojn\u00eb p\u00ebr afrimin e Arit me Mimoz\u00ebn . Arjoni shprehet q\u00eb do d\u00ebshironte q\u00eb Ari t\u00eb arrij\u00eb ta b\u00ebj p\u00ebrvete Mimoz\u00ebn. Anjeza nuk beson q\u00eb do ndodh\u00eb kjo gj\u00eb. Ai thot\u00eb:-\u201cMimoza po e luan bukur rolin!\u201d Ato vazhdojn\u00eb diskutimin p\u00ebr Arin duke folur me pseudonimin \u2018bjondi\u2019. Ai thot\u00eb:-\u201cPo [&hellip;]<\/p>\n","protected":false},"author":1,"featured_media":0,"comment_status":"open","ping_status":"closed","sticky":false,"template":"","format":"standard","meta":{"spay_email":"","jetpack_publicize_message":"","jetpack_is_tweetstorm":false,"jetpack_publicize_feature_enabled":true},"categories":[6502],"tags":[8289,8934,6525,5057,6506,6516,6712,7129,9268,6544,6891,6693,6887],"jetpack_publicize_connections":[],"yoast_head":"<!-- This site is optimized with the Yoast SEO plugin v19.1 - https:\/\/yoast.com\/wordpress\/plugins\/seo\/ -->\n<title>Arjoni : Mimoza e luan bukur rolin | Big Brother Albania 2<\/title>\n<meta name=\"description\" content=\"Big Brother Albania 2 - Arjoni dhe Anjeza duke gatuar diskutojn\u00c3\u00ab p\u00c3\u00abr afrimin e Arit me Mimoz\u00c3\u00abn . Arjoni shprehet q\u00c3\u00ab do d\u00c3\u00abshironte q\u00c3\u00ab Ari t\u00c3\u00ab arrij\u00c3\u00ab ta b\u00c3\u00abj p\u00c3\u00abrvete Mimoz\u00c3\u00abn.\" \/>\n<meta name=\"robots\" content=\"index, follow, max-snippet:-1, max-image-preview:large, max-video-preview:-1\" \/>\n<link rel=\"canonical\" href=\"https:\/\/www.visit-ulcinj.com\/blog\/2009\/04\/17\/arjoni-mimoza-e-luan-bukur-rolin\/\" \/>\n<meta property=\"og:locale\" content=\"en_US\" \/>\n<meta property=\"og:type\" content=\"article\" \/>\n<meta property=\"og:title\" content=\"Arjoni : Mimoza e luan bukur rolin | Big Brother Albania 2\" \/>\n<meta property=\"og:description\" content=\"Big Brother Albania 2 - Arjoni dhe Anjeza duke gatuar diskutojn\u00c3\u00ab p\u00c3\u00abr afrimin e Arit me Mimoz\u00c3\u00abn . Arjoni shprehet q\u00c3\u00ab do d\u00c3\u00abshironte q\u00c3\u00ab Ari t\u00c3\u00ab arrij\u00c3\u00ab ta b\u00c3\u00abj p\u00c3\u00abrvete Mimoz\u00c3\u00abn.\" \/>\n<meta property=\"og:url\" content=\"https:\/\/www.visit-ulcinj.com\/blog\/2009\/04\/17\/arjoni-mimoza-e-luan-bukur-rolin\/\" \/>\n<meta property=\"og:site_name\" content=\"Lajme nga Ulqini\" \/>\n<meta property=\"article:published_time\" content=\"2009-04-17T19:09:26+00:00\" \/>\n<meta property=\"og:image\" content=\"http:\/\/www.visit-ulcinj.com\/blog\/wp-content\/uploads\/2009\/04\/arjoni-per-arin.jpg\" \/>\n<meta name=\"twitter:label1\" content=\"Written by\" \/>\n\t<meta name=\"twitter:data1\" content=\"ulqini\" \/>\n\t<meta name=\"twitter:label2\" content=\"Est. reading time\" \/>\n\t<meta name=\"twitter:data2\" content=\"1 minute\" \/>\n<script type=\"application\/ld+json\" class=\"yoast-schema-graph\">{\"@context\":\"https:\/\/schema.org\",\"@graph\":[{\"@type\":\"WebSite\",\"@id\":\"https:\/\/www.visit-ulcinj.com\/blog\/#website\",\"url\":\"https:\/\/www.visit-ulcinj.com\/blog\/\",\"name\":\"Lajme nga Ulqini\",\"description\":\"Lajme,Vijesti,Ulqini,Ulqin,Crna Gora,Mali i Zi\",\"potentialAction\":[{\"@type\":\"SearchAction\",\"target\":{\"@type\":\"EntryPoint\",\"urlTemplate\":\"https:\/\/www.visit-ulcinj.com\/blog\/?s={search_term_string}\"},\"query-input\":\"required name=search_term_string\"}],\"inLanguage\":\"en-US\"},{\"@type\":\"ImageObject\",\"inLanguage\":\"en-US\",\"@id\":\"https:\/\/www.visit-ulcinj.com\/blog\/2009\/04\/17\/arjoni-mimoza-e-luan-bukur-rolin\/#primaryimage\",\"url\":\"http:\/\/www.visit-ulcinj.com\/blog\/wp-content\/uploads\/2009\/04\/arjoni-per-arin.jpg\",\"contentUrl\":\"http:\/\/www.visit-ulcinj.com\/blog\/wp-content\/uploads\/2009\/04\/arjoni-per-arin.jpg\"},{\"@type\":\"WebPage\",\"@id\":\"https:\/\/www.visit-ulcinj.com\/blog\/2009\/04\/17\/arjoni-mimoza-e-luan-bukur-rolin\/#webpage\",\"url\":\"https:\/\/www.visit-ulcinj.com\/blog\/2009\/04\/17\/arjoni-mimoza-e-luan-bukur-rolin\/\",\"name\":\"Arjoni : Mimoza e luan bukur rolin | Big Brother Albania 2\",\"isPartOf\":{\"@id\":\"https:\/\/www.visit-ulcinj.com\/blog\/#website\"},\"primaryImageOfPage\":{\"@id\":\"https:\/\/www.visit-ulcinj.com\/blog\/2009\/04\/17\/arjoni-mimoza-e-luan-bukur-rolin\/#primaryimage\"},\"datePublished\":\"2009-04-17T19:09:26+00:00\",\"dateModified\":\"2009-04-17T19:09:26+00:00\",\"author\":{\"@id\":\"https:\/\/www.visit-ulcinj.com\/blog\/#\/schema\/person\/dcab619c614d3038751c63bc2aadc06d\"},\"description\":\"Big Brother Albania 2 - Arjoni dhe Anjeza duke gatuar diskutojn\u00c3\u00ab p\u00c3\u00abr afrimin e Arit me Mimoz\u00c3\u00abn . Arjoni shprehet q\u00c3\u00ab do d\u00c3\u00abshironte q\u00c3\u00ab Ari t\u00c3\u00ab arrij\u00c3\u00ab ta b\u00c3\u00abj p\u00c3\u00abrvete Mimoz\u00c3\u00abn.\",\"breadcrumb\":{\"@id\":\"https:\/\/www.visit-ulcinj.com\/blog\/2009\/04\/17\/arjoni-mimoza-e-luan-bukur-rolin\/#breadcrumb\"},\"inLanguage\":\"en-US\",\"potentialAction\":[{\"@type\":\"ReadAction\",\"target\":[\"https:\/\/www.visit-ulcinj.com\/blog\/2009\/04\/17\/arjoni-mimoza-e-luan-bukur-rolin\/\"]}]},{\"@type\":\"BreadcrumbList\",\"@id\":\"https:\/\/www.visit-ulcinj.com\/blog\/2009\/04\/17\/arjoni-mimoza-e-luan-bukur-rolin\/#breadcrumb\",\"itemListElement\":[{\"@type\":\"ListItem\",\"position\":1,\"name\":\"Arjoni : Mimoza e luan bukur rolin\"}]},{\"@type\":\"Person\",\"@id\":\"https:\/\/www.visit-ulcinj.com\/blog\/#\/schema\/person\/dcab619c614d3038751c63bc2aadc06d\",\"name\":\"ulqini\",\"sameAs\":[\"http:\/\/www.visit-ulcinj.com\"],\"url\":\"https:\/\/www.visit-ulcinj.com\/blog\/author\/admin\/\"}]}<\/script>\n<!-- \/ Yoast SEO plugin. -->","yoast_head_json":{"title":"Arjoni : Mimoza e luan bukur rolin | Big Brother Albania 2","description":"Big Brother Albania 2 - Arjoni dhe Anjeza duke gatuar diskutojn\u00c3\u00ab p\u00c3\u00abr afrimin e Arit me Mimoz\u00c3\u00abn . Arjoni shprehet q\u00c3\u00ab do d\u00c3\u00abshironte q\u00c3\u00ab Ari t\u00c3\u00ab arrij\u00c3\u00ab ta b\u00c3\u00abj p\u00c3\u00abrvete Mimoz\u00c3\u00abn.","robots":{"index":"index","follow":"follow","max-snippet":"max-snippet:-1","max-image-preview":"max-image-preview:large","max-video-preview":"max-video-preview:-1"},"canonical":"https:\/\/www.visit-ulcinj.com\/blog\/2009\/04\/17\/arjoni-mimoza-e-luan-bukur-rolin\/","og_locale":"en_US","og_type":"article","og_title":"Arjoni : Mimoza e luan bukur rolin | Big Brother Albania 2","og_description":"Big Brother Albania 2 - Arjoni dhe Anjeza duke gatuar diskutojn\u00c3\u00ab p\u00c3\u00abr afrimin e Arit me Mimoz\u00c3\u00abn . Arjoni shprehet q\u00c3\u00ab do d\u00c3\u00abshironte q\u00c3\u00ab Ari t\u00c3\u00ab arrij\u00c3\u00ab ta b\u00c3\u00abj p\u00c3\u00abrvete Mimoz\u00c3\u00abn.","og_url":"https:\/\/www.visit-ulcinj.com\/blog\/2009\/04\/17\/arjoni-mimoza-e-luan-bukur-rolin\/","og_site_name":"Lajme nga Ulqini","article_published_time":"2009-04-17T19:09:26+00:00","og_image":[{"url":"http:\/\/www.visit-ulcinj.com\/blog\/wp-content\/uploads\/2009\/04\/arjoni-per-arin.jpg"}],"twitter_misc":{"Written by":"ulqini","Est. reading time":"1 minute"},"schema":{"@context":"https:\/\/schema.org","@graph":[{"@type":"WebSite","@id":"https:\/\/www.visit-ulcinj.com\/blog\/#website","url":"https:\/\/www.visit-ulcinj.com\/blog\/","name":"Lajme nga Ulqini","description":"Lajme,Vijesti,Ulqini,Ulqin,Crna Gora,Mali i Zi","potentialAction":[{"@type":"SearchAction","target":{"@type":"EntryPoint","urlTemplate":"https:\/\/www.visit-ulcinj.com\/blog\/?s={search_term_string}"},"query-input":"required name=search_term_string"}],"inLanguage":"en-US"},{"@type":"ImageObject","inLanguage":"en-US","@id":"https:\/\/www.visit-ulcinj.com\/blog\/2009\/04\/17\/arjoni-mimoza-e-luan-bukur-rolin\/#primaryimage","url":"http:\/\/www.visit-ulcinj.com\/blog\/wp-content\/uploads\/2009\/04\/arjoni-per-arin.jpg","contentUrl":"http:\/\/www.visit-ulcinj.com\/blog\/wp-content\/uploads\/2009\/04\/arjoni-per-arin.jpg"},{"@type":"WebPage","@id":"https:\/\/www.visit-ulcinj.com\/blog\/2009\/04\/17\/arjoni-mimoza-e-luan-bukur-rolin\/#webpage","url":"https:\/\/www.visit-ulcinj.com\/blog\/2009\/04\/17\/arjoni-mimoza-e-luan-bukur-rolin\/","name":"Arjoni : Mimoza e luan bukur rolin | Big Brother Albania 2","isPartOf":{"@id":"https:\/\/www.visit-ulcinj.com\/blog\/#website"},"primaryImageOfPage":{"@id":"https:\/\/www.visit-ulcinj.com\/blog\/2009\/04\/17\/arjoni-mimoza-e-luan-bukur-rolin\/#primaryimage"},"datePublished":"2009-04-17T19:09:26+00:00","dateModified":"2009-04-17T19:09:26+00:00","author":{"@id":"https:\/\/www.visit-ulcinj.com\/blog\/#\/schema\/person\/dcab619c614d3038751c63bc2aadc06d"},"description":"Big Brother Albania 2 - Arjoni dhe Anjeza duke gatuar diskutojn\u00c3\u00ab p\u00c3\u00abr afrimin e Arit me Mimoz\u00c3\u00abn . Arjoni shprehet q\u00c3\u00ab do d\u00c3\u00abshironte q\u00c3\u00ab Ari t\u00c3\u00ab arrij\u00c3\u00ab ta b\u00c3\u00abj p\u00c3\u00abrvete Mimoz\u00c3\u00abn.","breadcrumb":{"@id":"https:\/\/www.visit-ulcinj.com\/blog\/2009\/04\/17\/arjoni-mimoza-e-luan-bukur-rolin\/#breadcrumb"},"inLanguage":"en-US","potentialAction":[{"@type":"ReadAction","target":["https:\/\/www.visit-ulcinj.com\/blog\/2009\/04\/17\/arjoni-mimoza-e-luan-bukur-rolin\/"]}]},{"@type":"BreadcrumbList","@id":"https:\/\/www.visit-ulcinj.com\/blog\/2009\/04\/17\/arjoni-mimoza-e-luan-bukur-rolin\/#breadcrumb","itemListElement":[{"@type":"ListItem","position":1,"name":"Arjoni : Mimoza e luan bukur rolin"}]},{"@type":"Person","@id":"https:\/\/www.visit-ulcinj.com\/blog\/#\/schema\/person\/dcab619c614d3038751c63bc2aadc06d","name":"ulqini","sameAs":["http:\/\/www.visit-ulcinj.com"],"url":"https:\/\/www.visit-ulcinj.com\/blog\/author\/admin\/"}]}},"jetpack_featured_media_url":"","jetpack_sharing_enabled":true,"jetpack_shortlink":"https:\/\/wp.me\/pe6lTn-4IH","_links":{"self":[{"href":"https:\/\/www.visit-ulcinj.com\/blog\/wp-json\/wp\/v2\/posts\/18147"}],"collection":[{"href":"https:\/\/www.visit-ulcinj.com\/blog\/wp-json\/wp\/v2\/posts"}],"about":[{"href":"https:\/\/www.visit-ulcinj.com\/blog\/wp-json\/wp\/v2\/types\/post"}],"author":[{"embeddable":true,"href":"https:\/\/www.visit-ulcinj.com\/blog\/wp-json\/wp\/v2\/users\/1"}],"replies":[{"embeddable":true,"href":"https:\/\/www.visit-ulcinj.com\/blog\/wp-json\/wp\/v2\/comments?post=18147"}],"version-history":[{"count":0,"href":"https:\/\/www.visit-ulcinj.com\/blog\/wp-json\/wp\/v2\/posts\/18147\/revisions"}],"wp:attachment":[{"href":"https:\/\/www.visit-ulcinj.com\/blog\/wp-json\/wp\/v2\/media?parent=18147"}],"wp:term":[{"taxonomy":"category","embeddable":true,"href":"https:\/\/www.visit-ulcinj.com\/blog\/wp-json\/wp\/v2\/categories?post=18147"},{"taxonomy":"post_tag","embeddable":true,"href":"https:\/\/www.visit-ulcinj.com\/blog\/wp-json\/wp\/v2\/tags?post=18147"}],"curies":[{"name":"wp","href":"https:\/\/api.w.org\/{rel}","templated":true}]}}