{"id":18150,"date":"2009-04-17T21:15:38","date_gmt":"2009-04-17T19:15:38","guid":{"rendered":"http:\/\/www.visit-ulcinj.com\/blog\/?p=18150"},"modified":"2009-04-17T21:15:38","modified_gmt":"2009-04-17T19:15:38","slug":"adela-tia-shesim-puthjen-qetsorit","status":"publish","type":"post","link":"https:\/\/www.visit-ulcinj.com\/blog\/2009\/04\/17\/adela-tia-shesim-puthjen-qetsorit\/","title":{"rendered":"Adela : T`ia shesim puthjen Qetsorit ?!"},"content":{"rendered":"<p><em><span class=\"newsdate\"><a href=\"http:\/\/www.visit-ulcinj.com\/blog\/wp-content\/uploads\/2009\/04\/tratativa-per-puthjen.jpg\"><img loading=\"lazy\" class=\"alignleft size-full wp-image-18151\" title=\"tratativa-per-puthjen-big-brother-albania-2\" src=\"http:\/\/www.visit-ulcinj.com\/blog\/wp-content\/uploads\/2009\/04\/tratativa-per-puthjen.jpg\" alt=\"tratativa-per-puthjen-big-brother-albania-2\" width=\"300\" height=\"205\" \/><\/a>15\/04\/09 19:57<\/span><\/em><\/p>\n<p>Qetsori ka v\u00ebn\u00eb bast q\u00eb do jet\u00eb banori i par\u00eb q\u00eb do shikoj\u00eb puthjen e Bjordit me Adelajd\u00ebn. Ajo duke q\u00ebndruar shtrir\u00eb n\u00eb kop\u00ebsht me Bjordin diskuton p\u00ebr puthjen, dhe i thot\u00eb :-\u201cA t`ia shesim puthjen Qetsorit?!\u201d Ai \u00ebsht\u00eb dakort dhe ajo fillon b\u00ebn tratativa p\u00ebr puthjen. Ajo e pyet:-\u201cSori sa do na jap\u00ebsh?\u201d Qetsori i thot\u00eb q\u00eb meq\u00eb ato nuk jan\u00eb persona vip, shuma q\u00eb i ofron \u00ebsht\u00eb 5000 euro. Ato nuk bien dakort me cmimin dhe Bjordi propozon cmimin 10mij\u00eb euro. Ai mendon q\u00eb \u00ebsht\u00eb shtrenj\u00eb 10mij\u00eb euro nj\u00eb puthje. Qetsori u thot\u00eb:-\u201cN\u00ebse dal jasht\u00eb dhe marr vesh q\u00eb jeni puthur dhe un\u00eb nuk di gj\u00eb, do m\u00eb iki truri!\u201d Ai b\u00ebn sikur ik\u00ebn nga kop\u00ebshti dhe fshihet p\u00ebr t`i p\u00ebrgjuar. Ato shikojn\u00eb Qetsorin t\u00eb fshehur dhe fillojn\u00eb t\u00eb qeshin me t\u00eb duke b\u00ebr\u00eb batuta. Qetsori duke u larguar u thot\u00eb:-\u201cNgela 2 muaj q\u00eb ju rri nga mbrapa, dhe nuk po shikoj gj\u00eb!\u201d<\/p>\n","protected":false},"excerpt":{"rendered":"<p>15\/04\/09 19:57 Qetsori ka v\u00ebn\u00eb bast q\u00eb do jet\u00eb banori i par\u00eb q\u00eb do shikoj\u00eb puthjen e Bjordit me Adelajd\u00ebn. Ajo duke q\u00ebndruar shtrir\u00eb n\u00eb kop\u00ebsht me Bjordin diskuton p\u00ebr puthjen, dhe i thot\u00eb :-\u201cA t`ia shesim puthjen Qetsorit?!\u201d Ai \u00ebsht\u00eb dakort dhe ajo fillon b\u00ebn tratativa p\u00ebr puthjen. Ajo e pyet:-\u201cSori sa do na [&hellip;]<\/p>\n","protected":false},"author":1,"featured_media":0,"comment_status":"open","ping_status":"closed","sticky":false,"template":"","format":"standard","meta":{"spay_email":"","jetpack_publicize_message":"","jetpack_is_tweetstorm":false,"jetpack_publicize_feature_enabled":true},"categories":[6502],"tags":[9270,6529,5057,6506,6516,6712,7129,6522,8305,9269,6891,6693,6887],"jetpack_publicize_connections":[],"yoast_head":"<!-- This site is optimized with the Yoast SEO plugin v19.1 - https:\/\/yoast.com\/wordpress\/plugins\/seo\/ -->\n<title>Adela : T`ia shesim puthjen Qetsorit ?! | Big Brother Albania 2<\/title>\n<meta name=\"description\" content=\"Big Brother Albania 2 - Qetsori ka v\u00c3\u00abn\u00c3\u00ab bast q\u00c3\u00ab do jet\u00c3\u00ab banori i par\u00c3\u00ab q\u00c3\u00ab do shikoj\u00c3\u00ab puthjen e Bjordit me Adelajd\u00c3\u00abn. Ajo duke q\u00c3\u00abndruar shtrir\u00c3\u00ab n\u00c3\u00ab kop\u00c3\u00absht me Bjordin diskuton p\u00c3\u00abr puthjen\" \/>\n<meta name=\"robots\" content=\"index, follow, max-snippet:-1, max-image-preview:large, max-video-preview:-1\" \/>\n<link rel=\"canonical\" href=\"https:\/\/www.visit-ulcinj.com\/blog\/2009\/04\/17\/adela-tia-shesim-puthjen-qetsorit\/\" \/>\n<meta property=\"og:locale\" content=\"en_US\" \/>\n<meta property=\"og:type\" content=\"article\" \/>\n<meta property=\"og:title\" content=\"Adela : T`ia shesim puthjen Qetsorit ?! | Big Brother Albania 2\" \/>\n<meta property=\"og:description\" content=\"Big Brother Albania 2 - Qetsori ka v\u00c3\u00abn\u00c3\u00ab bast q\u00c3\u00ab do jet\u00c3\u00ab banori i par\u00c3\u00ab q\u00c3\u00ab do shikoj\u00c3\u00ab puthjen e Bjordit me Adelajd\u00c3\u00abn. Ajo duke q\u00c3\u00abndruar shtrir\u00c3\u00ab n\u00c3\u00ab kop\u00c3\u00absht me Bjordin diskuton p\u00c3\u00abr puthjen\" \/>\n<meta property=\"og:url\" content=\"https:\/\/www.visit-ulcinj.com\/blog\/2009\/04\/17\/adela-tia-shesim-puthjen-qetsorit\/\" \/>\n<meta property=\"og:site_name\" content=\"Lajme nga Ulqini\" \/>\n<meta property=\"article:published_time\" content=\"2009-04-17T19:15:38+00:00\" \/>\n<meta property=\"og:image\" content=\"http:\/\/www.visit-ulcinj.com\/blog\/wp-content\/uploads\/2009\/04\/tratativa-per-puthjen.jpg\" \/>\n<meta name=\"twitter:label1\" content=\"Written by\" \/>\n\t<meta name=\"twitter:data1\" content=\"ulqini\" \/>\n\t<meta name=\"twitter:label2\" content=\"Est. reading time\" \/>\n\t<meta name=\"twitter:data2\" content=\"1 minute\" \/>\n<script type=\"application\/ld+json\" class=\"yoast-schema-graph\">{\"@context\":\"https:\/\/schema.org\",\"@graph\":[{\"@type\":\"WebSite\",\"@id\":\"https:\/\/www.visit-ulcinj.com\/blog\/#website\",\"url\":\"https:\/\/www.visit-ulcinj.com\/blog\/\",\"name\":\"Lajme nga Ulqini\",\"description\":\"Lajme,Vijesti,Ulqini,Ulqin,Crna Gora,Mali i Zi\",\"potentialAction\":[{\"@type\":\"SearchAction\",\"target\":{\"@type\":\"EntryPoint\",\"urlTemplate\":\"https:\/\/www.visit-ulcinj.com\/blog\/?s={search_term_string}\"},\"query-input\":\"required name=search_term_string\"}],\"inLanguage\":\"en-US\"},{\"@type\":\"ImageObject\",\"inLanguage\":\"en-US\",\"@id\":\"https:\/\/www.visit-ulcinj.com\/blog\/2009\/04\/17\/adela-tia-shesim-puthjen-qetsorit\/#primaryimage\",\"url\":\"http:\/\/www.visit-ulcinj.com\/blog\/wp-content\/uploads\/2009\/04\/tratativa-per-puthjen.jpg\",\"contentUrl\":\"http:\/\/www.visit-ulcinj.com\/blog\/wp-content\/uploads\/2009\/04\/tratativa-per-puthjen.jpg\"},{\"@type\":\"WebPage\",\"@id\":\"https:\/\/www.visit-ulcinj.com\/blog\/2009\/04\/17\/adela-tia-shesim-puthjen-qetsorit\/#webpage\",\"url\":\"https:\/\/www.visit-ulcinj.com\/blog\/2009\/04\/17\/adela-tia-shesim-puthjen-qetsorit\/\",\"name\":\"Adela : T`ia shesim puthjen Qetsorit ?! | Big Brother Albania 2\",\"isPartOf\":{\"@id\":\"https:\/\/www.visit-ulcinj.com\/blog\/#website\"},\"primaryImageOfPage\":{\"@id\":\"https:\/\/www.visit-ulcinj.com\/blog\/2009\/04\/17\/adela-tia-shesim-puthjen-qetsorit\/#primaryimage\"},\"datePublished\":\"2009-04-17T19:15:38+00:00\",\"dateModified\":\"2009-04-17T19:15:38+00:00\",\"author\":{\"@id\":\"https:\/\/www.visit-ulcinj.com\/blog\/#\/schema\/person\/dcab619c614d3038751c63bc2aadc06d\"},\"description\":\"Big Brother Albania 2 - Qetsori ka v\u00c3\u00abn\u00c3\u00ab bast q\u00c3\u00ab do jet\u00c3\u00ab banori i par\u00c3\u00ab q\u00c3\u00ab do shikoj\u00c3\u00ab puthjen e Bjordit me Adelajd\u00c3\u00abn. Ajo duke q\u00c3\u00abndruar shtrir\u00c3\u00ab n\u00c3\u00ab kop\u00c3\u00absht me Bjordin diskuton p\u00c3\u00abr puthjen\",\"breadcrumb\":{\"@id\":\"https:\/\/www.visit-ulcinj.com\/blog\/2009\/04\/17\/adela-tia-shesim-puthjen-qetsorit\/#breadcrumb\"},\"inLanguage\":\"en-US\",\"potentialAction\":[{\"@type\":\"ReadAction\",\"target\":[\"https:\/\/www.visit-ulcinj.com\/blog\/2009\/04\/17\/adela-tia-shesim-puthjen-qetsorit\/\"]}]},{\"@type\":\"BreadcrumbList\",\"@id\":\"https:\/\/www.visit-ulcinj.com\/blog\/2009\/04\/17\/adela-tia-shesim-puthjen-qetsorit\/#breadcrumb\",\"itemListElement\":[{\"@type\":\"ListItem\",\"position\":1,\"name\":\"Adela : T`ia shesim puthjen Qetsorit ?!\"}]},{\"@type\":\"Person\",\"@id\":\"https:\/\/www.visit-ulcinj.com\/blog\/#\/schema\/person\/dcab619c614d3038751c63bc2aadc06d\",\"name\":\"ulqini\",\"sameAs\":[\"http:\/\/www.visit-ulcinj.com\"],\"url\":\"https:\/\/www.visit-ulcinj.com\/blog\/author\/admin\/\"}]}<\/script>\n<!-- \/ Yoast SEO plugin. -->","yoast_head_json":{"title":"Adela : T`ia shesim puthjen Qetsorit ?! | Big Brother Albania 2","description":"Big Brother Albania 2 - Qetsori ka v\u00c3\u00abn\u00c3\u00ab bast q\u00c3\u00ab do jet\u00c3\u00ab banori i par\u00c3\u00ab q\u00c3\u00ab do shikoj\u00c3\u00ab puthjen e Bjordit me Adelajd\u00c3\u00abn. Ajo duke q\u00c3\u00abndruar shtrir\u00c3\u00ab n\u00c3\u00ab kop\u00c3\u00absht me Bjordin diskuton p\u00c3\u00abr puthjen","robots":{"index":"index","follow":"follow","max-snippet":"max-snippet:-1","max-image-preview":"max-image-preview:large","max-video-preview":"max-video-preview:-1"},"canonical":"https:\/\/www.visit-ulcinj.com\/blog\/2009\/04\/17\/adela-tia-shesim-puthjen-qetsorit\/","og_locale":"en_US","og_type":"article","og_title":"Adela : T`ia shesim puthjen Qetsorit ?! | Big Brother Albania 2","og_description":"Big Brother Albania 2 - Qetsori ka v\u00c3\u00abn\u00c3\u00ab bast q\u00c3\u00ab do jet\u00c3\u00ab banori i par\u00c3\u00ab q\u00c3\u00ab do shikoj\u00c3\u00ab puthjen e Bjordit me Adelajd\u00c3\u00abn. Ajo duke q\u00c3\u00abndruar shtrir\u00c3\u00ab n\u00c3\u00ab kop\u00c3\u00absht me Bjordin diskuton p\u00c3\u00abr puthjen","og_url":"https:\/\/www.visit-ulcinj.com\/blog\/2009\/04\/17\/adela-tia-shesim-puthjen-qetsorit\/","og_site_name":"Lajme nga Ulqini","article_published_time":"2009-04-17T19:15:38+00:00","og_image":[{"url":"http:\/\/www.visit-ulcinj.com\/blog\/wp-content\/uploads\/2009\/04\/tratativa-per-puthjen.jpg"}],"twitter_misc":{"Written by":"ulqini","Est. reading time":"1 minute"},"schema":{"@context":"https:\/\/schema.org","@graph":[{"@type":"WebSite","@id":"https:\/\/www.visit-ulcinj.com\/blog\/#website","url":"https:\/\/www.visit-ulcinj.com\/blog\/","name":"Lajme nga Ulqini","description":"Lajme,Vijesti,Ulqini,Ulqin,Crna Gora,Mali i Zi","potentialAction":[{"@type":"SearchAction","target":{"@type":"EntryPoint","urlTemplate":"https:\/\/www.visit-ulcinj.com\/blog\/?s={search_term_string}"},"query-input":"required name=search_term_string"}],"inLanguage":"en-US"},{"@type":"ImageObject","inLanguage":"en-US","@id":"https:\/\/www.visit-ulcinj.com\/blog\/2009\/04\/17\/adela-tia-shesim-puthjen-qetsorit\/#primaryimage","url":"http:\/\/www.visit-ulcinj.com\/blog\/wp-content\/uploads\/2009\/04\/tratativa-per-puthjen.jpg","contentUrl":"http:\/\/www.visit-ulcinj.com\/blog\/wp-content\/uploads\/2009\/04\/tratativa-per-puthjen.jpg"},{"@type":"WebPage","@id":"https:\/\/www.visit-ulcinj.com\/blog\/2009\/04\/17\/adela-tia-shesim-puthjen-qetsorit\/#webpage","url":"https:\/\/www.visit-ulcinj.com\/blog\/2009\/04\/17\/adela-tia-shesim-puthjen-qetsorit\/","name":"Adela : T`ia shesim puthjen Qetsorit ?! | Big Brother Albania 2","isPartOf":{"@id":"https:\/\/www.visit-ulcinj.com\/blog\/#website"},"primaryImageOfPage":{"@id":"https:\/\/www.visit-ulcinj.com\/blog\/2009\/04\/17\/adela-tia-shesim-puthjen-qetsorit\/#primaryimage"},"datePublished":"2009-04-17T19:15:38+00:00","dateModified":"2009-04-17T19:15:38+00:00","author":{"@id":"https:\/\/www.visit-ulcinj.com\/blog\/#\/schema\/person\/dcab619c614d3038751c63bc2aadc06d"},"description":"Big Brother Albania 2 - Qetsori ka v\u00c3\u00abn\u00c3\u00ab bast q\u00c3\u00ab do jet\u00c3\u00ab banori i par\u00c3\u00ab q\u00c3\u00ab do shikoj\u00c3\u00ab puthjen e Bjordit me Adelajd\u00c3\u00abn. Ajo duke q\u00c3\u00abndruar shtrir\u00c3\u00ab n\u00c3\u00ab kop\u00c3\u00absht me Bjordin diskuton p\u00c3\u00abr puthjen","breadcrumb":{"@id":"https:\/\/www.visit-ulcinj.com\/blog\/2009\/04\/17\/adela-tia-shesim-puthjen-qetsorit\/#breadcrumb"},"inLanguage":"en-US","potentialAction":[{"@type":"ReadAction","target":["https:\/\/www.visit-ulcinj.com\/blog\/2009\/04\/17\/adela-tia-shesim-puthjen-qetsorit\/"]}]},{"@type":"BreadcrumbList","@id":"https:\/\/www.visit-ulcinj.com\/blog\/2009\/04\/17\/adela-tia-shesim-puthjen-qetsorit\/#breadcrumb","itemListElement":[{"@type":"ListItem","position":1,"name":"Adela : T`ia shesim puthjen Qetsorit ?!"}]},{"@type":"Person","@id":"https:\/\/www.visit-ulcinj.com\/blog\/#\/schema\/person\/dcab619c614d3038751c63bc2aadc06d","name":"ulqini","sameAs":["http:\/\/www.visit-ulcinj.com"],"url":"https:\/\/www.visit-ulcinj.com\/blog\/author\/admin\/"}]}},"jetpack_featured_media_url":"","jetpack_sharing_enabled":true,"jetpack_shortlink":"https:\/\/wp.me\/pe6lTn-4IK","_links":{"self":[{"href":"https:\/\/www.visit-ulcinj.com\/blog\/wp-json\/wp\/v2\/posts\/18150"}],"collection":[{"href":"https:\/\/www.visit-ulcinj.com\/blog\/wp-json\/wp\/v2\/posts"}],"about":[{"href":"https:\/\/www.visit-ulcinj.com\/blog\/wp-json\/wp\/v2\/types\/post"}],"author":[{"embeddable":true,"href":"https:\/\/www.visit-ulcinj.com\/blog\/wp-json\/wp\/v2\/users\/1"}],"replies":[{"embeddable":true,"href":"https:\/\/www.visit-ulcinj.com\/blog\/wp-json\/wp\/v2\/comments?post=18150"}],"version-history":[{"count":0,"href":"https:\/\/www.visit-ulcinj.com\/blog\/wp-json\/wp\/v2\/posts\/18150\/revisions"}],"wp:attachment":[{"href":"https:\/\/www.visit-ulcinj.com\/blog\/wp-json\/wp\/v2\/media?parent=18150"}],"wp:term":[{"taxonomy":"category","embeddable":true,"href":"https:\/\/www.visit-ulcinj.com\/blog\/wp-json\/wp\/v2\/categories?post=18150"},{"taxonomy":"post_tag","embeddable":true,"href":"https:\/\/www.visit-ulcinj.com\/blog\/wp-json\/wp\/v2\/tags?post=18150"}],"curies":[{"name":"wp","href":"https:\/\/api.w.org\/{rel}","templated":true}]}}