{"id":18156,"date":"2009-04-17T21:20:26","date_gmt":"2009-04-17T19:20:26","guid":{"rendered":"http:\/\/www.visit-ulcinj.com\/blog\/?p=18156"},"modified":"2009-04-17T21:20:26","modified_gmt":"2009-04-17T19:20:26","slug":"adelajda-ti-ke-ndryshuar-prej-nesh","status":"publish","type":"post","link":"https:\/\/www.visit-ulcinj.com\/blog\/2009\/04\/17\/adelajda-ti-ke-ndryshuar-prej-nesh\/","title":{"rendered":"Adelajda : Ti ke ndryshuar prej nesh"},"content":{"rendered":"<p>\u00a0<\/p>\n<div id=\"content\"><em><span class=\"newsdate\"><a href=\"http:\/\/www.visit-ulcinj.com\/blog\/wp-content\/uploads\/2009\/04\/adeladebati.jpg\"><img loading=\"lazy\" class=\"alignleft size-full wp-image-18157\" title=\"adeladebati-big-brother-albania-2\" src=\"http:\/\/www.visit-ulcinj.com\/blog\/wp-content\/uploads\/2009\/04\/adeladebati.jpg\" alt=\"adeladebati-big-brother-albania-2\" width=\"300\" height=\"205\" \/><\/a>16\/04\/09 01:53<\/span><\/em><\/p>\n<p>Aida gjat\u00eb gjith\u00eb diskutimit, ngre z\u00ebrin me djemt\u00eb se ata her\u00eb pas here e banalizojn\u00eb bised\u00ebn. Ajo ua v\u00eb k\u00ebt\u00eb gj\u00eb n\u00eb dukje shpesh q\u00eb t\u00eb b\u00ebjn\u00eb nj\u00eb bised\u00eb m\u00eb serioze, n\u00eb nivel shoq\u00ebror dhe jo ta degradojn\u00eb at\u00eb. Kjo gj\u00eb, ndikon q\u00eb ajo t\u00eb kapet me fjal\u00eb me banor\u00ebt. Adela nd\u00ebrhyn duke i th\u00ebn\u00eb Aid\u00ebs q\u00eb mjaft nd\u00ebrhyri n\u00eb debat duke th\u00ebn\u00eb gjith\u00eb koh\u00ebs t\u00eb nj\u00ebjtat gj\u00ebra sepse u kuptua mesazhi i saj. Aida ia kthen se n\u00eb radh\u00eb t\u00eb par\u00eb \u00ebsht\u00eb arritje q\u00eb Adela n\u00eb shoq\u00ebrin\u00eb e tyre dhe n\u00eb temat p\u00ebr diskutim t\u00eb k\u00ebtij lloji, q\u00ebndron dhe nuk largohet si dikur. Ajo shton se t\u00eb pakt\u00ebn Adela gjeti nj\u00eb arsye p\u00ebr t\u00eb nd\u00ebrhyr\u00eb n\u00eb bised\u00eb sepse deri n\u00eb at\u00eb koh\u00eb nuk a folur fare. Juna i jep t\u00eb drejt\u00ebn Adel\u00ebs q\u00eb t\u00eb thoj\u00eb mendimin e saj dhe ajo tregon se \u00ebsht\u00eb plot\u00ebsisht dakord me cfar\u00eb u tha p\u00ebr p\u00ebrkufizimin e mentalitetit t\u00eb hapur e t\u00eb mbyllur. Adela mendon se shoq\u00ebria n\u00eb t\u00eb cil\u00ebn rritet dhe jeton nj\u00eb vajz\u00eb, ndikon n\u00eb formimin e karakterit t\u00eb saj. Ajo shton se kur nj\u00eb njeri rritet dhe \u00ebsht\u00eb n\u00eb gjendje q\u00eb t\u00eb kuptoj\u00eb, t\u00eb logjikoj\u00eb dhe vler\u00ebsoj\u00eb se cfar\u00eb \u00ebsht\u00eb m\u00eb e mira dhe m\u00eb e drejta p\u00ebr t\u00eb, vendos q\u00eb t\u00eb ndryshoj\u00eb ose jo sjelljen e tij e duke iu p\u00ebrshtatur k\u00ebshtu mentalitetit t\u00eb hapur.<\/p><\/div>\n<p>?<\/p>\n","protected":false},"excerpt":{"rendered":"<p>\u00a0 16\/04\/09 01:53 Aida gjat\u00eb gjith\u00eb diskutimit, ngre z\u00ebrin me djemt\u00eb se ata her\u00eb pas here e banalizojn\u00eb bised\u00ebn. Ajo ua v\u00eb k\u00ebt\u00eb gj\u00eb n\u00eb dukje shpesh q\u00eb t\u00eb b\u00ebjn\u00eb nj\u00eb bised\u00eb m\u00eb serioze, n\u00eb nivel shoq\u00ebror dhe jo ta degradojn\u00eb at\u00eb. Kjo gj\u00eb, ndikon q\u00eb ajo t\u00eb kapet me fjal\u00eb me banor\u00ebt. Adela nd\u00ebrhyn [&hellip;]<\/p>\n","protected":false},"author":1,"featured_media":0,"comment_status":"open","ping_status":"closed","sticky":false,"template":"","format":"standard","meta":{"spay_email":"","jetpack_publicize_message":"","jetpack_is_tweetstorm":false,"jetpack_publicize_feature_enabled":true},"categories":[6502],"tags":[6529,6537,5057,6506,6516,6712,7129,6522,1442,6891,6693,6887],"jetpack_publicize_connections":[],"yoast_head":"<!-- This site is optimized with the Yoast SEO plugin v19.1 - https:\/\/yoast.com\/wordpress\/plugins\/seo\/ -->\n<title>Adelajda : Ti ke ndryshuar prej nesh | Big Brother Albania 2<\/title>\n<meta name=\"description\" content=\"Big Brother Albania 2 - Aida gjat\u00c3\u00ab gjith\u00c3\u00ab diskutimit, ngre z\u00c3\u00abrin me djemt\u00c3\u00ab se ata her\u00c3\u00ab pas here e banalizojn\u00c3\u00ab bised\u00c3\u00abn. Ajo ua v\u00c3\u00ab k\u00c3\u00abt\u00c3\u00ab gj\u00c3\u00ab n\u00c3\u00ab dukje shpesh q\u00c3\u00ab t\u00c3\u00ab b\u00c3\u00abjn\u00c3\u00ab nj\u00c3\u00ab bised\u00c3\u00ab m\u00c3\u00ab serioze, n\u00c3\u00ab nivel shoq\u00c3\u00abror dhe jo ta degradojn\u00c3\u00ab at\u00c3\u00ab.\" \/>\n<meta name=\"robots\" content=\"index, follow, max-snippet:-1, max-image-preview:large, max-video-preview:-1\" \/>\n<link rel=\"canonical\" href=\"https:\/\/www.visit-ulcinj.com\/blog\/2009\/04\/17\/adelajda-ti-ke-ndryshuar-prej-nesh\/\" \/>\n<meta property=\"og:locale\" content=\"en_US\" \/>\n<meta property=\"og:type\" content=\"article\" \/>\n<meta property=\"og:title\" content=\"Adelajda : Ti ke ndryshuar prej nesh | Big Brother Albania 2\" \/>\n<meta property=\"og:description\" content=\"Big Brother Albania 2 - Aida gjat\u00c3\u00ab gjith\u00c3\u00ab diskutimit, ngre z\u00c3\u00abrin me djemt\u00c3\u00ab se ata her\u00c3\u00ab pas here e banalizojn\u00c3\u00ab bised\u00c3\u00abn. Ajo ua v\u00c3\u00ab k\u00c3\u00abt\u00c3\u00ab gj\u00c3\u00ab n\u00c3\u00ab dukje shpesh q\u00c3\u00ab t\u00c3\u00ab b\u00c3\u00abjn\u00c3\u00ab nj\u00c3\u00ab bised\u00c3\u00ab m\u00c3\u00ab serioze, n\u00c3\u00ab nivel shoq\u00c3\u00abror dhe jo ta degradojn\u00c3\u00ab at\u00c3\u00ab.\" \/>\n<meta property=\"og:url\" content=\"https:\/\/www.visit-ulcinj.com\/blog\/2009\/04\/17\/adelajda-ti-ke-ndryshuar-prej-nesh\/\" \/>\n<meta property=\"og:site_name\" content=\"Lajme nga Ulqini\" \/>\n<meta property=\"article:published_time\" content=\"2009-04-17T19:20:26+00:00\" \/>\n<meta property=\"og:image\" content=\"http:\/\/www.visit-ulcinj.com\/blog\/wp-content\/uploads\/2009\/04\/adeladebati.jpg\" \/>\n<meta name=\"twitter:label1\" content=\"Written by\" \/>\n\t<meta name=\"twitter:data1\" content=\"ulqini\" \/>\n\t<meta name=\"twitter:label2\" content=\"Est. reading time\" \/>\n\t<meta name=\"twitter:data2\" content=\"1 minute\" \/>\n<script type=\"application\/ld+json\" class=\"yoast-schema-graph\">{\"@context\":\"https:\/\/schema.org\",\"@graph\":[{\"@type\":\"WebSite\",\"@id\":\"https:\/\/www.visit-ulcinj.com\/blog\/#website\",\"url\":\"https:\/\/www.visit-ulcinj.com\/blog\/\",\"name\":\"Lajme nga Ulqini\",\"description\":\"Lajme,Vijesti,Ulqini,Ulqin,Crna Gora,Mali i Zi\",\"potentialAction\":[{\"@type\":\"SearchAction\",\"target\":{\"@type\":\"EntryPoint\",\"urlTemplate\":\"https:\/\/www.visit-ulcinj.com\/blog\/?s={search_term_string}\"},\"query-input\":\"required name=search_term_string\"}],\"inLanguage\":\"en-US\"},{\"@type\":\"ImageObject\",\"inLanguage\":\"en-US\",\"@id\":\"https:\/\/www.visit-ulcinj.com\/blog\/2009\/04\/17\/adelajda-ti-ke-ndryshuar-prej-nesh\/#primaryimage\",\"url\":\"http:\/\/www.visit-ulcinj.com\/blog\/wp-content\/uploads\/2009\/04\/adeladebati.jpg\",\"contentUrl\":\"http:\/\/www.visit-ulcinj.com\/blog\/wp-content\/uploads\/2009\/04\/adeladebati.jpg\"},{\"@type\":\"WebPage\",\"@id\":\"https:\/\/www.visit-ulcinj.com\/blog\/2009\/04\/17\/adelajda-ti-ke-ndryshuar-prej-nesh\/#webpage\",\"url\":\"https:\/\/www.visit-ulcinj.com\/blog\/2009\/04\/17\/adelajda-ti-ke-ndryshuar-prej-nesh\/\",\"name\":\"Adelajda : Ti ke ndryshuar prej nesh | Big Brother Albania 2\",\"isPartOf\":{\"@id\":\"https:\/\/www.visit-ulcinj.com\/blog\/#website\"},\"primaryImageOfPage\":{\"@id\":\"https:\/\/www.visit-ulcinj.com\/blog\/2009\/04\/17\/adelajda-ti-ke-ndryshuar-prej-nesh\/#primaryimage\"},\"datePublished\":\"2009-04-17T19:20:26+00:00\",\"dateModified\":\"2009-04-17T19:20:26+00:00\",\"author\":{\"@id\":\"https:\/\/www.visit-ulcinj.com\/blog\/#\/schema\/person\/dcab619c614d3038751c63bc2aadc06d\"},\"description\":\"Big Brother Albania 2 - Aida gjat\u00c3\u00ab gjith\u00c3\u00ab diskutimit, ngre z\u00c3\u00abrin me djemt\u00c3\u00ab se ata her\u00c3\u00ab pas here e banalizojn\u00c3\u00ab bised\u00c3\u00abn. Ajo ua v\u00c3\u00ab k\u00c3\u00abt\u00c3\u00ab gj\u00c3\u00ab n\u00c3\u00ab dukje shpesh q\u00c3\u00ab t\u00c3\u00ab b\u00c3\u00abjn\u00c3\u00ab nj\u00c3\u00ab bised\u00c3\u00ab m\u00c3\u00ab serioze, n\u00c3\u00ab nivel shoq\u00c3\u00abror dhe jo ta degradojn\u00c3\u00ab at\u00c3\u00ab.\",\"breadcrumb\":{\"@id\":\"https:\/\/www.visit-ulcinj.com\/blog\/2009\/04\/17\/adelajda-ti-ke-ndryshuar-prej-nesh\/#breadcrumb\"},\"inLanguage\":\"en-US\",\"potentialAction\":[{\"@type\":\"ReadAction\",\"target\":[\"https:\/\/www.visit-ulcinj.com\/blog\/2009\/04\/17\/adelajda-ti-ke-ndryshuar-prej-nesh\/\"]}]},{\"@type\":\"BreadcrumbList\",\"@id\":\"https:\/\/www.visit-ulcinj.com\/blog\/2009\/04\/17\/adelajda-ti-ke-ndryshuar-prej-nesh\/#breadcrumb\",\"itemListElement\":[{\"@type\":\"ListItem\",\"position\":1,\"name\":\"Adelajda : Ti ke ndryshuar prej nesh\"}]},{\"@type\":\"Person\",\"@id\":\"https:\/\/www.visit-ulcinj.com\/blog\/#\/schema\/person\/dcab619c614d3038751c63bc2aadc06d\",\"name\":\"ulqini\",\"sameAs\":[\"http:\/\/www.visit-ulcinj.com\"],\"url\":\"https:\/\/www.visit-ulcinj.com\/blog\/author\/admin\/\"}]}<\/script>\n<!-- \/ Yoast SEO plugin. -->","yoast_head_json":{"title":"Adelajda : Ti ke ndryshuar prej nesh | Big Brother Albania 2","description":"Big Brother Albania 2 - Aida gjat\u00c3\u00ab gjith\u00c3\u00ab diskutimit, ngre z\u00c3\u00abrin me djemt\u00c3\u00ab se ata her\u00c3\u00ab pas here e banalizojn\u00c3\u00ab bised\u00c3\u00abn. Ajo ua v\u00c3\u00ab k\u00c3\u00abt\u00c3\u00ab gj\u00c3\u00ab n\u00c3\u00ab dukje shpesh q\u00c3\u00ab t\u00c3\u00ab b\u00c3\u00abjn\u00c3\u00ab nj\u00c3\u00ab bised\u00c3\u00ab m\u00c3\u00ab serioze, n\u00c3\u00ab nivel shoq\u00c3\u00abror dhe jo ta degradojn\u00c3\u00ab at\u00c3\u00ab.","robots":{"index":"index","follow":"follow","max-snippet":"max-snippet:-1","max-image-preview":"max-image-preview:large","max-video-preview":"max-video-preview:-1"},"canonical":"https:\/\/www.visit-ulcinj.com\/blog\/2009\/04\/17\/adelajda-ti-ke-ndryshuar-prej-nesh\/","og_locale":"en_US","og_type":"article","og_title":"Adelajda : Ti ke ndryshuar prej nesh | Big Brother Albania 2","og_description":"Big Brother Albania 2 - Aida gjat\u00c3\u00ab gjith\u00c3\u00ab diskutimit, ngre z\u00c3\u00abrin me djemt\u00c3\u00ab se ata her\u00c3\u00ab pas here e banalizojn\u00c3\u00ab bised\u00c3\u00abn. Ajo ua v\u00c3\u00ab k\u00c3\u00abt\u00c3\u00ab gj\u00c3\u00ab n\u00c3\u00ab dukje shpesh q\u00c3\u00ab t\u00c3\u00ab b\u00c3\u00abjn\u00c3\u00ab nj\u00c3\u00ab bised\u00c3\u00ab m\u00c3\u00ab serioze, n\u00c3\u00ab nivel shoq\u00c3\u00abror dhe jo ta degradojn\u00c3\u00ab at\u00c3\u00ab.","og_url":"https:\/\/www.visit-ulcinj.com\/blog\/2009\/04\/17\/adelajda-ti-ke-ndryshuar-prej-nesh\/","og_site_name":"Lajme nga Ulqini","article_published_time":"2009-04-17T19:20:26+00:00","og_image":[{"url":"http:\/\/www.visit-ulcinj.com\/blog\/wp-content\/uploads\/2009\/04\/adeladebati.jpg"}],"twitter_misc":{"Written by":"ulqini","Est. reading time":"1 minute"},"schema":{"@context":"https:\/\/schema.org","@graph":[{"@type":"WebSite","@id":"https:\/\/www.visit-ulcinj.com\/blog\/#website","url":"https:\/\/www.visit-ulcinj.com\/blog\/","name":"Lajme nga Ulqini","description":"Lajme,Vijesti,Ulqini,Ulqin,Crna Gora,Mali i Zi","potentialAction":[{"@type":"SearchAction","target":{"@type":"EntryPoint","urlTemplate":"https:\/\/www.visit-ulcinj.com\/blog\/?s={search_term_string}"},"query-input":"required name=search_term_string"}],"inLanguage":"en-US"},{"@type":"ImageObject","inLanguage":"en-US","@id":"https:\/\/www.visit-ulcinj.com\/blog\/2009\/04\/17\/adelajda-ti-ke-ndryshuar-prej-nesh\/#primaryimage","url":"http:\/\/www.visit-ulcinj.com\/blog\/wp-content\/uploads\/2009\/04\/adeladebati.jpg","contentUrl":"http:\/\/www.visit-ulcinj.com\/blog\/wp-content\/uploads\/2009\/04\/adeladebati.jpg"},{"@type":"WebPage","@id":"https:\/\/www.visit-ulcinj.com\/blog\/2009\/04\/17\/adelajda-ti-ke-ndryshuar-prej-nesh\/#webpage","url":"https:\/\/www.visit-ulcinj.com\/blog\/2009\/04\/17\/adelajda-ti-ke-ndryshuar-prej-nesh\/","name":"Adelajda : Ti ke ndryshuar prej nesh | Big Brother Albania 2","isPartOf":{"@id":"https:\/\/www.visit-ulcinj.com\/blog\/#website"},"primaryImageOfPage":{"@id":"https:\/\/www.visit-ulcinj.com\/blog\/2009\/04\/17\/adelajda-ti-ke-ndryshuar-prej-nesh\/#primaryimage"},"datePublished":"2009-04-17T19:20:26+00:00","dateModified":"2009-04-17T19:20:26+00:00","author":{"@id":"https:\/\/www.visit-ulcinj.com\/blog\/#\/schema\/person\/dcab619c614d3038751c63bc2aadc06d"},"description":"Big Brother Albania 2 - Aida gjat\u00c3\u00ab gjith\u00c3\u00ab diskutimit, ngre z\u00c3\u00abrin me djemt\u00c3\u00ab se ata her\u00c3\u00ab pas here e banalizojn\u00c3\u00ab bised\u00c3\u00abn. Ajo ua v\u00c3\u00ab k\u00c3\u00abt\u00c3\u00ab gj\u00c3\u00ab n\u00c3\u00ab dukje shpesh q\u00c3\u00ab t\u00c3\u00ab b\u00c3\u00abjn\u00c3\u00ab nj\u00c3\u00ab bised\u00c3\u00ab m\u00c3\u00ab serioze, n\u00c3\u00ab nivel shoq\u00c3\u00abror dhe jo ta degradojn\u00c3\u00ab at\u00c3\u00ab.","breadcrumb":{"@id":"https:\/\/www.visit-ulcinj.com\/blog\/2009\/04\/17\/adelajda-ti-ke-ndryshuar-prej-nesh\/#breadcrumb"},"inLanguage":"en-US","potentialAction":[{"@type":"ReadAction","target":["https:\/\/www.visit-ulcinj.com\/blog\/2009\/04\/17\/adelajda-ti-ke-ndryshuar-prej-nesh\/"]}]},{"@type":"BreadcrumbList","@id":"https:\/\/www.visit-ulcinj.com\/blog\/2009\/04\/17\/adelajda-ti-ke-ndryshuar-prej-nesh\/#breadcrumb","itemListElement":[{"@type":"ListItem","position":1,"name":"Adelajda : Ti ke ndryshuar prej nesh"}]},{"@type":"Person","@id":"https:\/\/www.visit-ulcinj.com\/blog\/#\/schema\/person\/dcab619c614d3038751c63bc2aadc06d","name":"ulqini","sameAs":["http:\/\/www.visit-ulcinj.com"],"url":"https:\/\/www.visit-ulcinj.com\/blog\/author\/admin\/"}]}},"jetpack_featured_media_url":"","jetpack_sharing_enabled":true,"jetpack_shortlink":"https:\/\/wp.me\/pe6lTn-4IQ","_links":{"self":[{"href":"https:\/\/www.visit-ulcinj.com\/blog\/wp-json\/wp\/v2\/posts\/18156"}],"collection":[{"href":"https:\/\/www.visit-ulcinj.com\/blog\/wp-json\/wp\/v2\/posts"}],"about":[{"href":"https:\/\/www.visit-ulcinj.com\/blog\/wp-json\/wp\/v2\/types\/post"}],"author":[{"embeddable":true,"href":"https:\/\/www.visit-ulcinj.com\/blog\/wp-json\/wp\/v2\/users\/1"}],"replies":[{"embeddable":true,"href":"https:\/\/www.visit-ulcinj.com\/blog\/wp-json\/wp\/v2\/comments?post=18156"}],"version-history":[{"count":0,"href":"https:\/\/www.visit-ulcinj.com\/blog\/wp-json\/wp\/v2\/posts\/18156\/revisions"}],"wp:attachment":[{"href":"https:\/\/www.visit-ulcinj.com\/blog\/wp-json\/wp\/v2\/media?parent=18156"}],"wp:term":[{"taxonomy":"category","embeddable":true,"href":"https:\/\/www.visit-ulcinj.com\/blog\/wp-json\/wp\/v2\/categories?post=18156"},{"taxonomy":"post_tag","embeddable":true,"href":"https:\/\/www.visit-ulcinj.com\/blog\/wp-json\/wp\/v2\/tags?post=18156"}],"curies":[{"name":"wp","href":"https:\/\/api.w.org\/{rel}","templated":true}]}}