{"id":18159,"date":"2009-04-17T21:22:44","date_gmt":"2009-04-17T19:22:44","guid":{"rendered":"http:\/\/www.visit-ulcinj.com\/blog\/?p=18159"},"modified":"2009-04-17T21:22:44","modified_gmt":"2009-04-17T19:22:44","slug":"juna-realiteti-ne-shqiperi","status":"publish","type":"post","link":"https:\/\/www.visit-ulcinj.com\/blog\/2009\/04\/17\/juna-realiteti-ne-shqiperi\/","title":{"rendered":"Juna : Realiteti n\u00eb Shqip\u00ebri"},"content":{"rendered":"<p><em><span class=\"newsdate\"><a href=\"http:\/\/www.visit-ulcinj.com\/blog\/wp-content\/uploads\/2009\/04\/juna-debati.jpg\"><img loading=\"lazy\" class=\"alignleft size-full wp-image-18160\" title=\"juna-debati-big-brotheer-albania-2\" src=\"http:\/\/www.visit-ulcinj.com\/blog\/wp-content\/uploads\/2009\/04\/juna-debati.jpg\" alt=\"juna-debati-big-brotheer-albania-2\" width=\"300\" height=\"205\" \/><\/a>16\/04\/09 02:27<\/span><\/em><\/p>\n<p>Juna pyet p\u00ebr realitetin n\u00eb Shqip\u00ebri: shoq\u00ebria shqiptare dominohet nga shoq\u00ebria me mentalitet t\u00eb hapur apo t\u00eb mbyllur. Adi mendon se shoq\u00ebria shqiptare \u00ebsht\u00eb shum\u00eb konservatore duke dh\u00ebn\u00eb dhe shembuj nga jeta reale. Adela mendon se nuk \u00ebsht\u00eb aq ekstrem sa e thot\u00eb Adi por q\u00eb dominohet nga shoq\u00ebria e mbyllur. Ari kund\u00ebrshton mendimin e Adel\u00ebs duke i th\u00ebn\u00eb se p\u00ebrdit\u00eb ka n\u00eb kronikat e lajmeve ngjarje ku flitet se nuk pranohen disa sjellje q\u00eb mund t\u00eb mos jen\u00eb fare jasht\u00eb normave nga shoq\u00ebria shqiptare. Banor\u00ebt mendojn\u00eb se nj\u00eb rol kyc n\u00eb emancipim ka masmedia, duke i ofruar njer\u00ebzve shembuj t\u00eb nj\u00eb realiteti ndryshe.<\/p>\n","protected":false},"excerpt":{"rendered":"<p>16\/04\/09 02:27 Juna pyet p\u00ebr realitetin n\u00eb Shqip\u00ebri: shoq\u00ebria shqiptare dominohet nga shoq\u00ebria me mentalitet t\u00eb hapur apo t\u00eb mbyllur. Adi mendon se shoq\u00ebria shqiptare \u00ebsht\u00eb shum\u00eb konservatore duke dh\u00ebn\u00eb dhe shembuj nga jeta reale. Adela mendon se nuk \u00ebsht\u00eb aq ekstrem sa e thot\u00eb Adi por q\u00eb dominohet nga shoq\u00ebria e mbyllur. Ari kund\u00ebrshton [&hellip;]<\/p>\n","protected":false},"author":1,"featured_media":0,"comment_status":"open","ping_status":"closed","sticky":false,"template":"","format":"standard","meta":{"spay_email":"","jetpack_publicize_message":"","jetpack_is_tweetstorm":false,"jetpack_publicize_feature_enabled":true},"categories":[6502],"tags":[6529,1414,8784,8934,5057,6506,6516,6712,7129,1442,9011,9272,6891,6693,6887],"jetpack_publicize_connections":[],"yoast_head":"<!-- This site is optimized with the Yoast SEO plugin v19.1 - https:\/\/yoast.com\/wordpress\/plugins\/seo\/ -->\n<title>Juna : Realiteti n\u00c3\u00ab Shqip\u00c3\u00abri | Big Brother Albania 2<\/title>\n<meta name=\"description\" content=\"Big Brother Albania 2 - Juna pyet p\u00c3\u00abr realitetin n\u00c3\u00ab Shqip\u00c3\u00abri: shoq\u00c3\u00abria shqiptare dominohet nga shoq\u00c3\u00abria me mentalitet t\u00c3\u00ab hapur apo t\u00c3\u00ab mbyllur.\" \/>\n<meta name=\"robots\" content=\"index, follow, max-snippet:-1, max-image-preview:large, max-video-preview:-1\" \/>\n<link rel=\"canonical\" href=\"https:\/\/www.visit-ulcinj.com\/blog\/2009\/04\/17\/juna-realiteti-ne-shqiperi\/\" \/>\n<meta property=\"og:locale\" content=\"en_US\" \/>\n<meta property=\"og:type\" content=\"article\" \/>\n<meta property=\"og:title\" content=\"Juna : Realiteti n\u00c3\u00ab Shqip\u00c3\u00abri | Big Brother Albania 2\" \/>\n<meta property=\"og:description\" content=\"Big Brother Albania 2 - Juna pyet p\u00c3\u00abr realitetin n\u00c3\u00ab Shqip\u00c3\u00abri: shoq\u00c3\u00abria shqiptare dominohet nga shoq\u00c3\u00abria me mentalitet t\u00c3\u00ab hapur apo t\u00c3\u00ab mbyllur.\" \/>\n<meta property=\"og:url\" content=\"https:\/\/www.visit-ulcinj.com\/blog\/2009\/04\/17\/juna-realiteti-ne-shqiperi\/\" \/>\n<meta property=\"og:site_name\" content=\"Lajme nga Ulqini\" \/>\n<meta property=\"article:published_time\" content=\"2009-04-17T19:22:44+00:00\" \/>\n<meta property=\"og:image\" content=\"http:\/\/www.visit-ulcinj.com\/blog\/wp-content\/uploads\/2009\/04\/juna-debati.jpg\" \/>\n<meta name=\"twitter:label1\" content=\"Written by\" \/>\n\t<meta name=\"twitter:data1\" content=\"ulqini\" \/>\n\t<meta name=\"twitter:label2\" content=\"Est. reading time\" \/>\n\t<meta name=\"twitter:data2\" content=\"1 minute\" \/>\n<script type=\"application\/ld+json\" class=\"yoast-schema-graph\">{\"@context\":\"https:\/\/schema.org\",\"@graph\":[{\"@type\":\"WebSite\",\"@id\":\"https:\/\/www.visit-ulcinj.com\/blog\/#website\",\"url\":\"https:\/\/www.visit-ulcinj.com\/blog\/\",\"name\":\"Lajme nga Ulqini\",\"description\":\"Lajme,Vijesti,Ulqini,Ulqin,Crna Gora,Mali i Zi\",\"potentialAction\":[{\"@type\":\"SearchAction\",\"target\":{\"@type\":\"EntryPoint\",\"urlTemplate\":\"https:\/\/www.visit-ulcinj.com\/blog\/?s={search_term_string}\"},\"query-input\":\"required name=search_term_string\"}],\"inLanguage\":\"en-US\"},{\"@type\":\"ImageObject\",\"inLanguage\":\"en-US\",\"@id\":\"https:\/\/www.visit-ulcinj.com\/blog\/2009\/04\/17\/juna-realiteti-ne-shqiperi\/#primaryimage\",\"url\":\"http:\/\/www.visit-ulcinj.com\/blog\/wp-content\/uploads\/2009\/04\/juna-debati.jpg\",\"contentUrl\":\"http:\/\/www.visit-ulcinj.com\/blog\/wp-content\/uploads\/2009\/04\/juna-debati.jpg\"},{\"@type\":\"WebPage\",\"@id\":\"https:\/\/www.visit-ulcinj.com\/blog\/2009\/04\/17\/juna-realiteti-ne-shqiperi\/#webpage\",\"url\":\"https:\/\/www.visit-ulcinj.com\/blog\/2009\/04\/17\/juna-realiteti-ne-shqiperi\/\",\"name\":\"Juna : Realiteti n\u00c3\u00ab Shqip\u00c3\u00abri | Big Brother Albania 2\",\"isPartOf\":{\"@id\":\"https:\/\/www.visit-ulcinj.com\/blog\/#website\"},\"primaryImageOfPage\":{\"@id\":\"https:\/\/www.visit-ulcinj.com\/blog\/2009\/04\/17\/juna-realiteti-ne-shqiperi\/#primaryimage\"},\"datePublished\":\"2009-04-17T19:22:44+00:00\",\"dateModified\":\"2009-04-17T19:22:44+00:00\",\"author\":{\"@id\":\"https:\/\/www.visit-ulcinj.com\/blog\/#\/schema\/person\/dcab619c614d3038751c63bc2aadc06d\"},\"description\":\"Big Brother Albania 2 - Juna pyet p\u00c3\u00abr realitetin n\u00c3\u00ab Shqip\u00c3\u00abri: shoq\u00c3\u00abria shqiptare dominohet nga shoq\u00c3\u00abria me mentalitet t\u00c3\u00ab hapur apo t\u00c3\u00ab mbyllur.\",\"breadcrumb\":{\"@id\":\"https:\/\/www.visit-ulcinj.com\/blog\/2009\/04\/17\/juna-realiteti-ne-shqiperi\/#breadcrumb\"},\"inLanguage\":\"en-US\",\"potentialAction\":[{\"@type\":\"ReadAction\",\"target\":[\"https:\/\/www.visit-ulcinj.com\/blog\/2009\/04\/17\/juna-realiteti-ne-shqiperi\/\"]}]},{\"@type\":\"BreadcrumbList\",\"@id\":\"https:\/\/www.visit-ulcinj.com\/blog\/2009\/04\/17\/juna-realiteti-ne-shqiperi\/#breadcrumb\",\"itemListElement\":[{\"@type\":\"ListItem\",\"position\":1,\"name\":\"Juna : Realiteti n\u00eb Shqip\u00ebri\"}]},{\"@type\":\"Person\",\"@id\":\"https:\/\/www.visit-ulcinj.com\/blog\/#\/schema\/person\/dcab619c614d3038751c63bc2aadc06d\",\"name\":\"ulqini\",\"sameAs\":[\"http:\/\/www.visit-ulcinj.com\"],\"url\":\"https:\/\/www.visit-ulcinj.com\/blog\/author\/admin\/\"}]}<\/script>\n<!-- \/ Yoast SEO plugin. -->","yoast_head_json":{"title":"Juna : Realiteti n\u00c3\u00ab Shqip\u00c3\u00abri | Big Brother Albania 2","description":"Big Brother Albania 2 - Juna pyet p\u00c3\u00abr realitetin n\u00c3\u00ab Shqip\u00c3\u00abri: shoq\u00c3\u00abria shqiptare dominohet nga shoq\u00c3\u00abria me mentalitet t\u00c3\u00ab hapur apo t\u00c3\u00ab mbyllur.","robots":{"index":"index","follow":"follow","max-snippet":"max-snippet:-1","max-image-preview":"max-image-preview:large","max-video-preview":"max-video-preview:-1"},"canonical":"https:\/\/www.visit-ulcinj.com\/blog\/2009\/04\/17\/juna-realiteti-ne-shqiperi\/","og_locale":"en_US","og_type":"article","og_title":"Juna : Realiteti n\u00c3\u00ab Shqip\u00c3\u00abri | Big Brother Albania 2","og_description":"Big Brother Albania 2 - Juna pyet p\u00c3\u00abr realitetin n\u00c3\u00ab Shqip\u00c3\u00abri: shoq\u00c3\u00abria shqiptare dominohet nga shoq\u00c3\u00abria me mentalitet t\u00c3\u00ab hapur apo t\u00c3\u00ab mbyllur.","og_url":"https:\/\/www.visit-ulcinj.com\/blog\/2009\/04\/17\/juna-realiteti-ne-shqiperi\/","og_site_name":"Lajme nga Ulqini","article_published_time":"2009-04-17T19:22:44+00:00","og_image":[{"url":"http:\/\/www.visit-ulcinj.com\/blog\/wp-content\/uploads\/2009\/04\/juna-debati.jpg"}],"twitter_misc":{"Written by":"ulqini","Est. reading time":"1 minute"},"schema":{"@context":"https:\/\/schema.org","@graph":[{"@type":"WebSite","@id":"https:\/\/www.visit-ulcinj.com\/blog\/#website","url":"https:\/\/www.visit-ulcinj.com\/blog\/","name":"Lajme nga Ulqini","description":"Lajme,Vijesti,Ulqini,Ulqin,Crna Gora,Mali i Zi","potentialAction":[{"@type":"SearchAction","target":{"@type":"EntryPoint","urlTemplate":"https:\/\/www.visit-ulcinj.com\/blog\/?s={search_term_string}"},"query-input":"required name=search_term_string"}],"inLanguage":"en-US"},{"@type":"ImageObject","inLanguage":"en-US","@id":"https:\/\/www.visit-ulcinj.com\/blog\/2009\/04\/17\/juna-realiteti-ne-shqiperi\/#primaryimage","url":"http:\/\/www.visit-ulcinj.com\/blog\/wp-content\/uploads\/2009\/04\/juna-debati.jpg","contentUrl":"http:\/\/www.visit-ulcinj.com\/blog\/wp-content\/uploads\/2009\/04\/juna-debati.jpg"},{"@type":"WebPage","@id":"https:\/\/www.visit-ulcinj.com\/blog\/2009\/04\/17\/juna-realiteti-ne-shqiperi\/#webpage","url":"https:\/\/www.visit-ulcinj.com\/blog\/2009\/04\/17\/juna-realiteti-ne-shqiperi\/","name":"Juna : Realiteti n\u00c3\u00ab Shqip\u00c3\u00abri | Big Brother Albania 2","isPartOf":{"@id":"https:\/\/www.visit-ulcinj.com\/blog\/#website"},"primaryImageOfPage":{"@id":"https:\/\/www.visit-ulcinj.com\/blog\/2009\/04\/17\/juna-realiteti-ne-shqiperi\/#primaryimage"},"datePublished":"2009-04-17T19:22:44+00:00","dateModified":"2009-04-17T19:22:44+00:00","author":{"@id":"https:\/\/www.visit-ulcinj.com\/blog\/#\/schema\/person\/dcab619c614d3038751c63bc2aadc06d"},"description":"Big Brother Albania 2 - Juna pyet p\u00c3\u00abr realitetin n\u00c3\u00ab Shqip\u00c3\u00abri: shoq\u00c3\u00abria shqiptare dominohet nga shoq\u00c3\u00abria me mentalitet t\u00c3\u00ab hapur apo t\u00c3\u00ab mbyllur.","breadcrumb":{"@id":"https:\/\/www.visit-ulcinj.com\/blog\/2009\/04\/17\/juna-realiteti-ne-shqiperi\/#breadcrumb"},"inLanguage":"en-US","potentialAction":[{"@type":"ReadAction","target":["https:\/\/www.visit-ulcinj.com\/blog\/2009\/04\/17\/juna-realiteti-ne-shqiperi\/"]}]},{"@type":"BreadcrumbList","@id":"https:\/\/www.visit-ulcinj.com\/blog\/2009\/04\/17\/juna-realiteti-ne-shqiperi\/#breadcrumb","itemListElement":[{"@type":"ListItem","position":1,"name":"Juna : Realiteti n\u00eb Shqip\u00ebri"}]},{"@type":"Person","@id":"https:\/\/www.visit-ulcinj.com\/blog\/#\/schema\/person\/dcab619c614d3038751c63bc2aadc06d","name":"ulqini","sameAs":["http:\/\/www.visit-ulcinj.com"],"url":"https:\/\/www.visit-ulcinj.com\/blog\/author\/admin\/"}]}},"jetpack_featured_media_url":"","jetpack_sharing_enabled":true,"jetpack_shortlink":"https:\/\/wp.me\/pe6lTn-4IT","_links":{"self":[{"href":"https:\/\/www.visit-ulcinj.com\/blog\/wp-json\/wp\/v2\/posts\/18159"}],"collection":[{"href":"https:\/\/www.visit-ulcinj.com\/blog\/wp-json\/wp\/v2\/posts"}],"about":[{"href":"https:\/\/www.visit-ulcinj.com\/blog\/wp-json\/wp\/v2\/types\/post"}],"author":[{"embeddable":true,"href":"https:\/\/www.visit-ulcinj.com\/blog\/wp-json\/wp\/v2\/users\/1"}],"replies":[{"embeddable":true,"href":"https:\/\/www.visit-ulcinj.com\/blog\/wp-json\/wp\/v2\/comments?post=18159"}],"version-history":[{"count":0,"href":"https:\/\/www.visit-ulcinj.com\/blog\/wp-json\/wp\/v2\/posts\/18159\/revisions"}],"wp:attachment":[{"href":"https:\/\/www.visit-ulcinj.com\/blog\/wp-json\/wp\/v2\/media?parent=18159"}],"wp:term":[{"taxonomy":"category","embeddable":true,"href":"https:\/\/www.visit-ulcinj.com\/blog\/wp-json\/wp\/v2\/categories?post=18159"},{"taxonomy":"post_tag","embeddable":true,"href":"https:\/\/www.visit-ulcinj.com\/blog\/wp-json\/wp\/v2\/tags?post=18159"}],"curies":[{"name":"wp","href":"https:\/\/api.w.org\/{rel}","templated":true}]}}