{"id":18163,"date":"2009-04-17T23:00:40","date_gmt":"2009-04-17T21:00:40","guid":{"rendered":"http:\/\/www.visit-ulcinj.com\/blog\/?p=18163"},"modified":"2009-04-17T21:31:39","modified_gmt":"2009-04-17T19:31:39","slug":"aida-kam-frike-te-fle-aty","status":"publish","type":"post","link":"https:\/\/www.visit-ulcinj.com\/blog\/2009\/04\/17\/aida-kam-frike-te-fle-aty\/","title":{"rendered":"Aida : Kam frik\u00eb t\u00eb fle aty"},"content":{"rendered":"<p><em><span class=\"newsdate\"><a href=\"http:\/\/www.visit-ulcinj.com\/blog\/wp-content\/uploads\/2009\/04\/aida-per-krevatin.jpg\"><img loading=\"lazy\" class=\"alignleft size-full wp-image-18164\" title=\"aida-per-krevatin-big-brother-albania-2\" src=\"http:\/\/www.visit-ulcinj.com\/blog\/wp-content\/uploads\/2009\/04\/aida-per-krevatin.jpg\" alt=\"aida-per-krevatin-big-brother-albania-2\" width=\"300\" height=\"205\" \/><\/a>16\/04\/09 03:21<\/span><\/em><\/p>\n<p>Aida shkon t\u00eb flej\u00eb n\u00eb krevatin ku fle gjithmon\u00eb me Arjoni dhe Anjez\u00ebn. Ata t\u00eb dy jan\u00eb shtrir\u00eb q\u00eb m\u00eb par\u00eb p\u00ebr t\u00eb fjetur. Aida q\u00ebndron pak dhe ngrihet. Ajo thot\u00eb se e ndjen veten t\u00eb tep\u00ebrt tani mes tyre, p\u00ebr m\u00eb tep\u00ebr q\u00eb nuk ndodhet dhe asnj\u00eb banor tjet\u00ebr n\u00eb dhom\u00eb. Aida shprehet se i flihet, por mund t\u00eb ngjaj\u00eb keq n\u00ebse q\u00ebndron aty me ta. Ata qeshin me fjal\u00ebt e saja. Arjoni i thot\u00eb q\u00eb t\u00eb flej\u00eb tek krevati i Arit, por Aida nuk pranon duke th\u00ebn\u00eb se ka frik\u00eb t\u00eb flej\u00eb aty sepse t\u00eb gjith\u00eb ata q\u00eb kan\u00eb fjetur me par\u00eb n\u00eb at\u00eb krevat, kan\u00eb dal\u00eb.<\/p>\n","protected":false},"excerpt":{"rendered":"<p>16\/04\/09 03:21 Aida shkon t\u00eb flej\u00eb n\u00eb krevatin ku fle gjithmon\u00eb me Arjoni dhe Anjez\u00ebn. Ata t\u00eb dy jan\u00eb shtrir\u00eb q\u00eb m\u00eb par\u00eb p\u00ebr t\u00eb fjetur. Aida q\u00ebndron pak dhe ngrihet. Ajo thot\u00eb se e ndjen veten t\u00eb tep\u00ebrt tani mes tyre, p\u00ebr m\u00eb tep\u00ebr q\u00eb nuk ndodhet dhe asnj\u00eb banor tjet\u00ebr n\u00eb dhom\u00eb. Aida [&hellip;]<\/p>\n","protected":false},"author":1,"featured_media":0,"comment_status":"open","ping_status":"closed","sticky":false,"template":"","format":"standard","meta":{"spay_email":"","jetpack_publicize_message":"","jetpack_is_tweetstorm":false,"jetpack_publicize_feature_enabled":true},"categories":[6502],"tags":[6537,8934,6525,5057,6506,6516,6712,7129,6891,6693,6887],"jetpack_publicize_connections":[],"yoast_head":"<!-- This site is optimized with the Yoast SEO plugin v19.1 - https:\/\/yoast.com\/wordpress\/plugins\/seo\/ -->\n<title>Aida : Kam frik\u00c3\u00ab t\u00c3\u00ab fle aty | Big Brother Albania 2<\/title>\n<meta name=\"description\" content=\"Big Brother Albania 2 - Aida shkon t\u00c3\u00ab flej\u00c3\u00ab n\u00c3\u00ab krevatin ku fle gjithmon\u00c3\u00ab me Arjoni dhe Anjez\u00c3\u00abn. Ata t\u00c3\u00ab dy jan\u00c3\u00ab shtrir\u00c3\u00ab q\u00c3\u00ab m\u00c3\u00ab par\u00c3\u00ab p\u00c3\u00abr t\u00c3\u00ab fjetur. Aida q\u00c3\u00abndron pak dhe ngrihet.\" \/>\n<meta name=\"robots\" content=\"index, follow, max-snippet:-1, max-image-preview:large, max-video-preview:-1\" \/>\n<link rel=\"canonical\" href=\"https:\/\/www.visit-ulcinj.com\/blog\/2009\/04\/17\/aida-kam-frike-te-fle-aty\/\" \/>\n<meta property=\"og:locale\" content=\"en_US\" \/>\n<meta property=\"og:type\" content=\"article\" \/>\n<meta property=\"og:title\" content=\"Aida : Kam frik\u00c3\u00ab t\u00c3\u00ab fle aty | Big Brother Albania 2\" \/>\n<meta property=\"og:description\" content=\"Big Brother Albania 2 - Aida shkon t\u00c3\u00ab flej\u00c3\u00ab n\u00c3\u00ab krevatin ku fle gjithmon\u00c3\u00ab me Arjoni dhe Anjez\u00c3\u00abn. Ata t\u00c3\u00ab dy jan\u00c3\u00ab shtrir\u00c3\u00ab q\u00c3\u00ab m\u00c3\u00ab par\u00c3\u00ab p\u00c3\u00abr t\u00c3\u00ab fjetur. Aida q\u00c3\u00abndron pak dhe ngrihet.\" \/>\n<meta property=\"og:url\" content=\"https:\/\/www.visit-ulcinj.com\/blog\/2009\/04\/17\/aida-kam-frike-te-fle-aty\/\" \/>\n<meta property=\"og:site_name\" content=\"Lajme nga Ulqini\" \/>\n<meta property=\"article:published_time\" content=\"2009-04-17T21:00:40+00:00\" \/>\n<meta property=\"article:modified_time\" content=\"2009-04-17T19:31:39+00:00\" \/>\n<meta property=\"og:image\" content=\"http:\/\/www.visit-ulcinj.com\/blog\/wp-content\/uploads\/2009\/04\/aida-per-krevatin.jpg\" \/>\n<meta name=\"twitter:label1\" content=\"Written by\" \/>\n\t<meta name=\"twitter:data1\" content=\"ulqini\" \/>\n\t<meta name=\"twitter:label2\" content=\"Est. reading time\" \/>\n\t<meta name=\"twitter:data2\" content=\"1 minute\" \/>\n<script type=\"application\/ld+json\" class=\"yoast-schema-graph\">{\"@context\":\"https:\/\/schema.org\",\"@graph\":[{\"@type\":\"WebSite\",\"@id\":\"https:\/\/www.visit-ulcinj.com\/blog\/#website\",\"url\":\"https:\/\/www.visit-ulcinj.com\/blog\/\",\"name\":\"Lajme nga Ulqini\",\"description\":\"Lajme,Vijesti,Ulqini,Ulqin,Crna Gora,Mali i Zi\",\"potentialAction\":[{\"@type\":\"SearchAction\",\"target\":{\"@type\":\"EntryPoint\",\"urlTemplate\":\"https:\/\/www.visit-ulcinj.com\/blog\/?s={search_term_string}\"},\"query-input\":\"required name=search_term_string\"}],\"inLanguage\":\"en-US\"},{\"@type\":\"ImageObject\",\"inLanguage\":\"en-US\",\"@id\":\"https:\/\/www.visit-ulcinj.com\/blog\/2009\/04\/17\/aida-kam-frike-te-fle-aty\/#primaryimage\",\"url\":\"http:\/\/www.visit-ulcinj.com\/blog\/wp-content\/uploads\/2009\/04\/aida-per-krevatin.jpg\",\"contentUrl\":\"http:\/\/www.visit-ulcinj.com\/blog\/wp-content\/uploads\/2009\/04\/aida-per-krevatin.jpg\"},{\"@type\":\"WebPage\",\"@id\":\"https:\/\/www.visit-ulcinj.com\/blog\/2009\/04\/17\/aida-kam-frike-te-fle-aty\/#webpage\",\"url\":\"https:\/\/www.visit-ulcinj.com\/blog\/2009\/04\/17\/aida-kam-frike-te-fle-aty\/\",\"name\":\"Aida : Kam frik\u00c3\u00ab t\u00c3\u00ab fle aty | Big Brother Albania 2\",\"isPartOf\":{\"@id\":\"https:\/\/www.visit-ulcinj.com\/blog\/#website\"},\"primaryImageOfPage\":{\"@id\":\"https:\/\/www.visit-ulcinj.com\/blog\/2009\/04\/17\/aida-kam-frike-te-fle-aty\/#primaryimage\"},\"datePublished\":\"2009-04-17T21:00:40+00:00\",\"dateModified\":\"2009-04-17T19:31:39+00:00\",\"author\":{\"@id\":\"https:\/\/www.visit-ulcinj.com\/blog\/#\/schema\/person\/dcab619c614d3038751c63bc2aadc06d\"},\"description\":\"Big Brother Albania 2 - Aida shkon t\u00c3\u00ab flej\u00c3\u00ab n\u00c3\u00ab krevatin ku fle gjithmon\u00c3\u00ab me Arjoni dhe Anjez\u00c3\u00abn. Ata t\u00c3\u00ab dy jan\u00c3\u00ab shtrir\u00c3\u00ab q\u00c3\u00ab m\u00c3\u00ab par\u00c3\u00ab p\u00c3\u00abr t\u00c3\u00ab fjetur. Aida q\u00c3\u00abndron pak dhe ngrihet.\",\"breadcrumb\":{\"@id\":\"https:\/\/www.visit-ulcinj.com\/blog\/2009\/04\/17\/aida-kam-frike-te-fle-aty\/#breadcrumb\"},\"inLanguage\":\"en-US\",\"potentialAction\":[{\"@type\":\"ReadAction\",\"target\":[\"https:\/\/www.visit-ulcinj.com\/blog\/2009\/04\/17\/aida-kam-frike-te-fle-aty\/\"]}]},{\"@type\":\"BreadcrumbList\",\"@id\":\"https:\/\/www.visit-ulcinj.com\/blog\/2009\/04\/17\/aida-kam-frike-te-fle-aty\/#breadcrumb\",\"itemListElement\":[{\"@type\":\"ListItem\",\"position\":1,\"name\":\"Aida : Kam frik\u00eb t\u00eb fle aty\"}]},{\"@type\":\"Person\",\"@id\":\"https:\/\/www.visit-ulcinj.com\/blog\/#\/schema\/person\/dcab619c614d3038751c63bc2aadc06d\",\"name\":\"ulqini\",\"sameAs\":[\"http:\/\/www.visit-ulcinj.com\"],\"url\":\"https:\/\/www.visit-ulcinj.com\/blog\/author\/admin\/\"}]}<\/script>\n<!-- \/ Yoast SEO plugin. -->","yoast_head_json":{"title":"Aida : Kam frik\u00c3\u00ab t\u00c3\u00ab fle aty | Big Brother Albania 2","description":"Big Brother Albania 2 - Aida shkon t\u00c3\u00ab flej\u00c3\u00ab n\u00c3\u00ab krevatin ku fle gjithmon\u00c3\u00ab me Arjoni dhe Anjez\u00c3\u00abn. Ata t\u00c3\u00ab dy jan\u00c3\u00ab shtrir\u00c3\u00ab q\u00c3\u00ab m\u00c3\u00ab par\u00c3\u00ab p\u00c3\u00abr t\u00c3\u00ab fjetur. Aida q\u00c3\u00abndron pak dhe ngrihet.","robots":{"index":"index","follow":"follow","max-snippet":"max-snippet:-1","max-image-preview":"max-image-preview:large","max-video-preview":"max-video-preview:-1"},"canonical":"https:\/\/www.visit-ulcinj.com\/blog\/2009\/04\/17\/aida-kam-frike-te-fle-aty\/","og_locale":"en_US","og_type":"article","og_title":"Aida : Kam frik\u00c3\u00ab t\u00c3\u00ab fle aty | Big Brother Albania 2","og_description":"Big Brother Albania 2 - Aida shkon t\u00c3\u00ab flej\u00c3\u00ab n\u00c3\u00ab krevatin ku fle gjithmon\u00c3\u00ab me Arjoni dhe Anjez\u00c3\u00abn. Ata t\u00c3\u00ab dy jan\u00c3\u00ab shtrir\u00c3\u00ab q\u00c3\u00ab m\u00c3\u00ab par\u00c3\u00ab p\u00c3\u00abr t\u00c3\u00ab fjetur. Aida q\u00c3\u00abndron pak dhe ngrihet.","og_url":"https:\/\/www.visit-ulcinj.com\/blog\/2009\/04\/17\/aida-kam-frike-te-fle-aty\/","og_site_name":"Lajme nga Ulqini","article_published_time":"2009-04-17T21:00:40+00:00","article_modified_time":"2009-04-17T19:31:39+00:00","og_image":[{"url":"http:\/\/www.visit-ulcinj.com\/blog\/wp-content\/uploads\/2009\/04\/aida-per-krevatin.jpg"}],"twitter_misc":{"Written by":"ulqini","Est. reading time":"1 minute"},"schema":{"@context":"https:\/\/schema.org","@graph":[{"@type":"WebSite","@id":"https:\/\/www.visit-ulcinj.com\/blog\/#website","url":"https:\/\/www.visit-ulcinj.com\/blog\/","name":"Lajme nga Ulqini","description":"Lajme,Vijesti,Ulqini,Ulqin,Crna Gora,Mali i Zi","potentialAction":[{"@type":"SearchAction","target":{"@type":"EntryPoint","urlTemplate":"https:\/\/www.visit-ulcinj.com\/blog\/?s={search_term_string}"},"query-input":"required name=search_term_string"}],"inLanguage":"en-US"},{"@type":"ImageObject","inLanguage":"en-US","@id":"https:\/\/www.visit-ulcinj.com\/blog\/2009\/04\/17\/aida-kam-frike-te-fle-aty\/#primaryimage","url":"http:\/\/www.visit-ulcinj.com\/blog\/wp-content\/uploads\/2009\/04\/aida-per-krevatin.jpg","contentUrl":"http:\/\/www.visit-ulcinj.com\/blog\/wp-content\/uploads\/2009\/04\/aida-per-krevatin.jpg"},{"@type":"WebPage","@id":"https:\/\/www.visit-ulcinj.com\/blog\/2009\/04\/17\/aida-kam-frike-te-fle-aty\/#webpage","url":"https:\/\/www.visit-ulcinj.com\/blog\/2009\/04\/17\/aida-kam-frike-te-fle-aty\/","name":"Aida : Kam frik\u00c3\u00ab t\u00c3\u00ab fle aty | Big Brother Albania 2","isPartOf":{"@id":"https:\/\/www.visit-ulcinj.com\/blog\/#website"},"primaryImageOfPage":{"@id":"https:\/\/www.visit-ulcinj.com\/blog\/2009\/04\/17\/aida-kam-frike-te-fle-aty\/#primaryimage"},"datePublished":"2009-04-17T21:00:40+00:00","dateModified":"2009-04-17T19:31:39+00:00","author":{"@id":"https:\/\/www.visit-ulcinj.com\/blog\/#\/schema\/person\/dcab619c614d3038751c63bc2aadc06d"},"description":"Big Brother Albania 2 - Aida shkon t\u00c3\u00ab flej\u00c3\u00ab n\u00c3\u00ab krevatin ku fle gjithmon\u00c3\u00ab me Arjoni dhe Anjez\u00c3\u00abn. Ata t\u00c3\u00ab dy jan\u00c3\u00ab shtrir\u00c3\u00ab q\u00c3\u00ab m\u00c3\u00ab par\u00c3\u00ab p\u00c3\u00abr t\u00c3\u00ab fjetur. Aida q\u00c3\u00abndron pak dhe ngrihet.","breadcrumb":{"@id":"https:\/\/www.visit-ulcinj.com\/blog\/2009\/04\/17\/aida-kam-frike-te-fle-aty\/#breadcrumb"},"inLanguage":"en-US","potentialAction":[{"@type":"ReadAction","target":["https:\/\/www.visit-ulcinj.com\/blog\/2009\/04\/17\/aida-kam-frike-te-fle-aty\/"]}]},{"@type":"BreadcrumbList","@id":"https:\/\/www.visit-ulcinj.com\/blog\/2009\/04\/17\/aida-kam-frike-te-fle-aty\/#breadcrumb","itemListElement":[{"@type":"ListItem","position":1,"name":"Aida : Kam frik\u00eb t\u00eb fle aty"}]},{"@type":"Person","@id":"https:\/\/www.visit-ulcinj.com\/blog\/#\/schema\/person\/dcab619c614d3038751c63bc2aadc06d","name":"ulqini","sameAs":["http:\/\/www.visit-ulcinj.com"],"url":"https:\/\/www.visit-ulcinj.com\/blog\/author\/admin\/"}]}},"jetpack_featured_media_url":"","jetpack_sharing_enabled":true,"jetpack_shortlink":"https:\/\/wp.me\/pe6lTn-4IX","_links":{"self":[{"href":"https:\/\/www.visit-ulcinj.com\/blog\/wp-json\/wp\/v2\/posts\/18163"}],"collection":[{"href":"https:\/\/www.visit-ulcinj.com\/blog\/wp-json\/wp\/v2\/posts"}],"about":[{"href":"https:\/\/www.visit-ulcinj.com\/blog\/wp-json\/wp\/v2\/types\/post"}],"author":[{"embeddable":true,"href":"https:\/\/www.visit-ulcinj.com\/blog\/wp-json\/wp\/v2\/users\/1"}],"replies":[{"embeddable":true,"href":"https:\/\/www.visit-ulcinj.com\/blog\/wp-json\/wp\/v2\/comments?post=18163"}],"version-history":[{"count":0,"href":"https:\/\/www.visit-ulcinj.com\/blog\/wp-json\/wp\/v2\/posts\/18163\/revisions"}],"wp:attachment":[{"href":"https:\/\/www.visit-ulcinj.com\/blog\/wp-json\/wp\/v2\/media?parent=18163"}],"wp:term":[{"taxonomy":"category","embeddable":true,"href":"https:\/\/www.visit-ulcinj.com\/blog\/wp-json\/wp\/v2\/categories?post=18163"},{"taxonomy":"post_tag","embeddable":true,"href":"https:\/\/www.visit-ulcinj.com\/blog\/wp-json\/wp\/v2\/tags?post=18163"}],"curies":[{"name":"wp","href":"https:\/\/api.w.org\/{rel}","templated":true}]}}