{"id":18166,"date":"2009-04-17T23:00:16","date_gmt":"2009-04-17T21:00:16","guid":{"rendered":"http:\/\/www.visit-ulcinj.com\/blog\/?p=18166"},"modified":"2009-04-17T21:34:33","modified_gmt":"2009-04-17T19:34:33","slug":"juna-mjaft-me-puthjen-e-tyre","status":"publish","type":"post","link":"https:\/\/www.visit-ulcinj.com\/blog\/2009\/04\/17\/juna-mjaft-me-puthjen-e-tyre\/","title":{"rendered":"Juna : Mjaft me puthjen e tyre"},"content":{"rendered":"<p><em><span class=\"newsdate\"><a href=\"http:\/\/www.visit-ulcinj.com\/blog\/wp-content\/uploads\/2009\/04\/per-adelen-juna.jpg\"><img loading=\"lazy\" class=\"alignleft size-full wp-image-18167\" title=\"per-adelen-juna-big-brother-albania-2\" src=\"http:\/\/www.visit-ulcinj.com\/blog\/wp-content\/uploads\/2009\/04\/per-adelen-juna.jpg\" alt=\"per-adelen-juna-big-brother-albania-2\" width=\"300\" height=\"205\" \/><\/a>16\/04\/09 03:50<\/span><\/em><\/p>\n<p>Juna duke folur s\u00ebrish p\u00ebr debatin q\u00eb drejtoi, thot\u00eb se n\u00ebse shoq\u00ebria shqiptare nuk do t\u00eb ishte e emancipuar, at\u00ebher\u00eb nuk do ta pranonte shown e Big Brother-it. Ajo sjell si shembull se do t\u00eb kishin nxjerr\u00eb at\u00eb nga loja e jo Anin q\u00eb kishte nj\u00eb mentalitet m\u00eb t\u00eb mbyllur se ajo. N\u00eb k\u00ebt\u00eb m\u00ebnyr\u00eb ajo fillon t\u00eb diskutoj\u00eb edhe p\u00ebr disa nga banor\u00ebt, q\u00eb e mbajn\u00eb veten si t\u00eb emancipuar e nd\u00ebrkoh\u00eb merren gjith\u00eb dit\u00ebn duke diskutuar mbi nj\u00eb puthje (t\u00eb Bjordit dhe Adel\u00ebs) q\u00eb nuk ka asnj\u00eb r\u00ebnd\u00ebsi apo habi n\u00eb nj\u00eb shoq\u00ebri t\u00eb emancipuar. Ajo thot\u00eb se puthja e tyre \u00ebsht\u00eb trajtuar shum\u00eb si tem\u00eb. Aida tregon se \u00ebsht\u00eb munduar t\u2019i luftoj\u00eb t\u00eb tjer\u00ebt q\u00eb t\u00eb mos merren m\u00eb me k\u00ebt\u00eb c\u00ebshtje, madje ajo thot\u00eb se nuk arrin as t\u00eb konceptoj\u00eb dot q\u00eb nj\u00eb njeri q\u00eb ka ndjenja p\u00ebr dik\u00eb tjet\u00ebr, nuk arrin q\u00eb ta konsumoj\u00eb ndjenj\u00ebn e saj me at\u00eb person. Sipas saj, kjo gj\u00eb \u00ebsht\u00eb b\u00ebr\u00eb film duke i dh\u00ebn\u00eb shum\u00eb r\u00ebnd\u00ebsi. Juna tregon se nj\u00eb dit\u00eb m\u00eb par\u00eb kishte biseduar me Adel\u00ebn n\u00eb lidhje me jet\u00ebn e saj, prind\u00ebrit dhe se cfar\u00eb do t\u00eb b\u00ebnte ajo p\u00ebr t\u00eb ndryshuar veten; n\u00ebse e b\u00ebnt\u00eb do ta b\u00ebnte n\u00eb sht\u00ebpi apo jasht\u00eb saj. Adela i kishte th\u00ebn\u00eb se n\u00eb sht\u00ebpi nuk kishte nd\u00ebrmend t\u00eb b\u00ebnte asgj\u00eb m\u00eb shum\u00eb nga cfar\u00eb kishte b\u00ebr\u00eb deri m\u00eb tani, nd\u00ebrsa jasht\u00eb ishin t\u00eb tjera gj\u00ebra. Juna thekson se duke ditur k\u00ebt\u00eb gj\u00eb nga Adela, \u00ebsht\u00eb e kot\u00eb q\u00eb ata t\u00eb merren me nj\u00eb puthje q\u00eb nuk ka nd\u00ebrmend kush q\u00eb ta jap\u00eb dhe se kjo \u00ebsht\u00eb humbje kohe si p\u00ebr t\u00eb edhe p\u00ebr t\u00eb tjer\u00ebt. Arjoni mendon se Juna ka t\u00eb drejt\u00eb n\u00eb at\u00eb q\u00eb thot\u00eb dhe mendon se duke i kushtuar kaq r\u00ebnd\u00ebsi, Adela dhe Bjordi po b\u00ebjn\u00eb nj\u00eb show brenda show-t dhe t\u00eb gjith\u00eb t\u00eb tjer\u00ebt jan\u00eb protagonist\u00eb. Juna u k\u00ebrkon banor\u00ebve q\u00eb mos t\u00eb merren m\u00eb me k\u00ebt\u00eb gj\u00eb sepse ata show-n mund ta b\u00ebjn\u00eb vet\u00eb dhe t\u00eb tjer\u00ebt t\u00eb merren me veten e tyre dhe loj\u00ebn p\u00ebr t\u00eb cil\u00ebn kan\u00eb ardhur.<\/p>\n","protected":false},"excerpt":{"rendered":"<p>16\/04\/09 03:50 Juna duke folur s\u00ebrish p\u00ebr debatin q\u00eb drejtoi, thot\u00eb se n\u00ebse shoq\u00ebria shqiptare nuk do t\u00eb ishte e emancipuar, at\u00ebher\u00eb nuk do ta pranonte shown e Big Brother-it. Ajo sjell si shembull se do t\u00eb kishin nxjerr\u00eb at\u00eb nga loja e jo Anin q\u00eb kishte nj\u00eb mentalitet m\u00eb t\u00eb mbyllur se ajo. N\u00eb [&hellip;]<\/p>\n","protected":false},"author":1,"featured_media":0,"comment_status":"open","ping_status":"closed","sticky":false,"template":"","format":"standard","meta":{"spay_email":"","jetpack_publicize_message":"","jetpack_is_tweetstorm":false,"jetpack_publicize_feature_enabled":true},"categories":[6502],"tags":[6529,5057,6506,6516,6712,7129,6522,1442,9011,6891,6693,6887],"jetpack_publicize_connections":[],"yoast_head":"<!-- This site is optimized with the Yoast SEO plugin v19.1 - https:\/\/yoast.com\/wordpress\/plugins\/seo\/ -->\n<title>Juna : Mjaft me puthjen e tyre | Big Brother Albania 2<\/title>\n<meta name=\"description\" content=\"Big Brother Albania 2 - Juna duke folur s\u00c3\u00abrish p\u00c3\u00abr debatin q\u00c3\u00ab drejtoi, thot\u00c3\u00ab se n\u00c3\u00abse shoq\u00c3\u00abria shqiptare nuk do t\u00c3\u00ab ishte e emancipuar, at\u00c3\u00abher\u00c3\u00ab nuk do ta pranonte shown e Big Brother-it.\" \/>\n<meta name=\"robots\" content=\"index, follow, max-snippet:-1, max-image-preview:large, max-video-preview:-1\" \/>\n<link rel=\"canonical\" href=\"https:\/\/www.visit-ulcinj.com\/blog\/2009\/04\/17\/juna-mjaft-me-puthjen-e-tyre\/\" \/>\n<meta property=\"og:locale\" content=\"en_US\" \/>\n<meta property=\"og:type\" content=\"article\" \/>\n<meta property=\"og:title\" content=\"Juna : Mjaft me puthjen e tyre | Big Brother Albania 2\" \/>\n<meta property=\"og:description\" content=\"Big Brother Albania 2 - Juna duke folur s\u00c3\u00abrish p\u00c3\u00abr debatin q\u00c3\u00ab drejtoi, thot\u00c3\u00ab se n\u00c3\u00abse shoq\u00c3\u00abria shqiptare nuk do t\u00c3\u00ab ishte e emancipuar, at\u00c3\u00abher\u00c3\u00ab nuk do ta pranonte shown e Big Brother-it.\" \/>\n<meta property=\"og:url\" content=\"https:\/\/www.visit-ulcinj.com\/blog\/2009\/04\/17\/juna-mjaft-me-puthjen-e-tyre\/\" \/>\n<meta property=\"og:site_name\" content=\"Lajme nga Ulqini\" \/>\n<meta property=\"article:published_time\" content=\"2009-04-17T21:00:16+00:00\" \/>\n<meta property=\"article:modified_time\" content=\"2009-04-17T19:34:33+00:00\" \/>\n<meta property=\"og:image\" content=\"http:\/\/www.visit-ulcinj.com\/blog\/wp-content\/uploads\/2009\/04\/per-adelen-juna.jpg\" \/>\n<meta name=\"twitter:label1\" content=\"Written by\" \/>\n\t<meta name=\"twitter:data1\" content=\"ulqini\" \/>\n\t<meta name=\"twitter:label2\" content=\"Est. reading time\" \/>\n\t<meta name=\"twitter:data2\" content=\"2 minutes\" \/>\n<script type=\"application\/ld+json\" class=\"yoast-schema-graph\">{\"@context\":\"https:\/\/schema.org\",\"@graph\":[{\"@type\":\"WebSite\",\"@id\":\"https:\/\/www.visit-ulcinj.com\/blog\/#website\",\"url\":\"https:\/\/www.visit-ulcinj.com\/blog\/\",\"name\":\"Lajme nga Ulqini\",\"description\":\"Lajme,Vijesti,Ulqini,Ulqin,Crna Gora,Mali i Zi\",\"potentialAction\":[{\"@type\":\"SearchAction\",\"target\":{\"@type\":\"EntryPoint\",\"urlTemplate\":\"https:\/\/www.visit-ulcinj.com\/blog\/?s={search_term_string}\"},\"query-input\":\"required name=search_term_string\"}],\"inLanguage\":\"en-US\"},{\"@type\":\"ImageObject\",\"inLanguage\":\"en-US\",\"@id\":\"https:\/\/www.visit-ulcinj.com\/blog\/2009\/04\/17\/juna-mjaft-me-puthjen-e-tyre\/#primaryimage\",\"url\":\"http:\/\/www.visit-ulcinj.com\/blog\/wp-content\/uploads\/2009\/04\/per-adelen-juna.jpg\",\"contentUrl\":\"http:\/\/www.visit-ulcinj.com\/blog\/wp-content\/uploads\/2009\/04\/per-adelen-juna.jpg\"},{\"@type\":\"WebPage\",\"@id\":\"https:\/\/www.visit-ulcinj.com\/blog\/2009\/04\/17\/juna-mjaft-me-puthjen-e-tyre\/#webpage\",\"url\":\"https:\/\/www.visit-ulcinj.com\/blog\/2009\/04\/17\/juna-mjaft-me-puthjen-e-tyre\/\",\"name\":\"Juna : Mjaft me puthjen e tyre | Big Brother Albania 2\",\"isPartOf\":{\"@id\":\"https:\/\/www.visit-ulcinj.com\/blog\/#website\"},\"primaryImageOfPage\":{\"@id\":\"https:\/\/www.visit-ulcinj.com\/blog\/2009\/04\/17\/juna-mjaft-me-puthjen-e-tyre\/#primaryimage\"},\"datePublished\":\"2009-04-17T21:00:16+00:00\",\"dateModified\":\"2009-04-17T19:34:33+00:00\",\"author\":{\"@id\":\"https:\/\/www.visit-ulcinj.com\/blog\/#\/schema\/person\/dcab619c614d3038751c63bc2aadc06d\"},\"description\":\"Big Brother Albania 2 - Juna duke folur s\u00c3\u00abrish p\u00c3\u00abr debatin q\u00c3\u00ab drejtoi, thot\u00c3\u00ab se n\u00c3\u00abse shoq\u00c3\u00abria shqiptare nuk do t\u00c3\u00ab ishte e emancipuar, at\u00c3\u00abher\u00c3\u00ab nuk do ta pranonte shown e Big Brother-it.\",\"breadcrumb\":{\"@id\":\"https:\/\/www.visit-ulcinj.com\/blog\/2009\/04\/17\/juna-mjaft-me-puthjen-e-tyre\/#breadcrumb\"},\"inLanguage\":\"en-US\",\"potentialAction\":[{\"@type\":\"ReadAction\",\"target\":[\"https:\/\/www.visit-ulcinj.com\/blog\/2009\/04\/17\/juna-mjaft-me-puthjen-e-tyre\/\"]}]},{\"@type\":\"BreadcrumbList\",\"@id\":\"https:\/\/www.visit-ulcinj.com\/blog\/2009\/04\/17\/juna-mjaft-me-puthjen-e-tyre\/#breadcrumb\",\"itemListElement\":[{\"@type\":\"ListItem\",\"position\":1,\"name\":\"Juna : Mjaft me puthjen e tyre\"}]},{\"@type\":\"Person\",\"@id\":\"https:\/\/www.visit-ulcinj.com\/blog\/#\/schema\/person\/dcab619c614d3038751c63bc2aadc06d\",\"name\":\"ulqini\",\"sameAs\":[\"http:\/\/www.visit-ulcinj.com\"],\"url\":\"https:\/\/www.visit-ulcinj.com\/blog\/author\/admin\/\"}]}<\/script>\n<!-- \/ Yoast SEO plugin. -->","yoast_head_json":{"title":"Juna : Mjaft me puthjen e tyre | Big Brother Albania 2","description":"Big Brother Albania 2 - Juna duke folur s\u00c3\u00abrish p\u00c3\u00abr debatin q\u00c3\u00ab drejtoi, thot\u00c3\u00ab se n\u00c3\u00abse shoq\u00c3\u00abria shqiptare nuk do t\u00c3\u00ab ishte e emancipuar, at\u00c3\u00abher\u00c3\u00ab nuk do ta pranonte shown e Big Brother-it.","robots":{"index":"index","follow":"follow","max-snippet":"max-snippet:-1","max-image-preview":"max-image-preview:large","max-video-preview":"max-video-preview:-1"},"canonical":"https:\/\/www.visit-ulcinj.com\/blog\/2009\/04\/17\/juna-mjaft-me-puthjen-e-tyre\/","og_locale":"en_US","og_type":"article","og_title":"Juna : Mjaft me puthjen e tyre | Big Brother Albania 2","og_description":"Big Brother Albania 2 - Juna duke folur s\u00c3\u00abrish p\u00c3\u00abr debatin q\u00c3\u00ab drejtoi, thot\u00c3\u00ab se n\u00c3\u00abse shoq\u00c3\u00abria shqiptare nuk do t\u00c3\u00ab ishte e emancipuar, at\u00c3\u00abher\u00c3\u00ab nuk do ta pranonte shown e Big Brother-it.","og_url":"https:\/\/www.visit-ulcinj.com\/blog\/2009\/04\/17\/juna-mjaft-me-puthjen-e-tyre\/","og_site_name":"Lajme nga Ulqini","article_published_time":"2009-04-17T21:00:16+00:00","article_modified_time":"2009-04-17T19:34:33+00:00","og_image":[{"url":"http:\/\/www.visit-ulcinj.com\/blog\/wp-content\/uploads\/2009\/04\/per-adelen-juna.jpg"}],"twitter_misc":{"Written by":"ulqini","Est. reading time":"2 minutes"},"schema":{"@context":"https:\/\/schema.org","@graph":[{"@type":"WebSite","@id":"https:\/\/www.visit-ulcinj.com\/blog\/#website","url":"https:\/\/www.visit-ulcinj.com\/blog\/","name":"Lajme nga Ulqini","description":"Lajme,Vijesti,Ulqini,Ulqin,Crna Gora,Mali i Zi","potentialAction":[{"@type":"SearchAction","target":{"@type":"EntryPoint","urlTemplate":"https:\/\/www.visit-ulcinj.com\/blog\/?s={search_term_string}"},"query-input":"required name=search_term_string"}],"inLanguage":"en-US"},{"@type":"ImageObject","inLanguage":"en-US","@id":"https:\/\/www.visit-ulcinj.com\/blog\/2009\/04\/17\/juna-mjaft-me-puthjen-e-tyre\/#primaryimage","url":"http:\/\/www.visit-ulcinj.com\/blog\/wp-content\/uploads\/2009\/04\/per-adelen-juna.jpg","contentUrl":"http:\/\/www.visit-ulcinj.com\/blog\/wp-content\/uploads\/2009\/04\/per-adelen-juna.jpg"},{"@type":"WebPage","@id":"https:\/\/www.visit-ulcinj.com\/blog\/2009\/04\/17\/juna-mjaft-me-puthjen-e-tyre\/#webpage","url":"https:\/\/www.visit-ulcinj.com\/blog\/2009\/04\/17\/juna-mjaft-me-puthjen-e-tyre\/","name":"Juna : Mjaft me puthjen e tyre | Big Brother Albania 2","isPartOf":{"@id":"https:\/\/www.visit-ulcinj.com\/blog\/#website"},"primaryImageOfPage":{"@id":"https:\/\/www.visit-ulcinj.com\/blog\/2009\/04\/17\/juna-mjaft-me-puthjen-e-tyre\/#primaryimage"},"datePublished":"2009-04-17T21:00:16+00:00","dateModified":"2009-04-17T19:34:33+00:00","author":{"@id":"https:\/\/www.visit-ulcinj.com\/blog\/#\/schema\/person\/dcab619c614d3038751c63bc2aadc06d"},"description":"Big Brother Albania 2 - Juna duke folur s\u00c3\u00abrish p\u00c3\u00abr debatin q\u00c3\u00ab drejtoi, thot\u00c3\u00ab se n\u00c3\u00abse shoq\u00c3\u00abria shqiptare nuk do t\u00c3\u00ab ishte e emancipuar, at\u00c3\u00abher\u00c3\u00ab nuk do ta pranonte shown e Big Brother-it.","breadcrumb":{"@id":"https:\/\/www.visit-ulcinj.com\/blog\/2009\/04\/17\/juna-mjaft-me-puthjen-e-tyre\/#breadcrumb"},"inLanguage":"en-US","potentialAction":[{"@type":"ReadAction","target":["https:\/\/www.visit-ulcinj.com\/blog\/2009\/04\/17\/juna-mjaft-me-puthjen-e-tyre\/"]}]},{"@type":"BreadcrumbList","@id":"https:\/\/www.visit-ulcinj.com\/blog\/2009\/04\/17\/juna-mjaft-me-puthjen-e-tyre\/#breadcrumb","itemListElement":[{"@type":"ListItem","position":1,"name":"Juna : Mjaft me puthjen e tyre"}]},{"@type":"Person","@id":"https:\/\/www.visit-ulcinj.com\/blog\/#\/schema\/person\/dcab619c614d3038751c63bc2aadc06d","name":"ulqini","sameAs":["http:\/\/www.visit-ulcinj.com"],"url":"https:\/\/www.visit-ulcinj.com\/blog\/author\/admin\/"}]}},"jetpack_featured_media_url":"","jetpack_sharing_enabled":true,"jetpack_shortlink":"https:\/\/wp.me\/pe6lTn-4J0","_links":{"self":[{"href":"https:\/\/www.visit-ulcinj.com\/blog\/wp-json\/wp\/v2\/posts\/18166"}],"collection":[{"href":"https:\/\/www.visit-ulcinj.com\/blog\/wp-json\/wp\/v2\/posts"}],"about":[{"href":"https:\/\/www.visit-ulcinj.com\/blog\/wp-json\/wp\/v2\/types\/post"}],"author":[{"embeddable":true,"href":"https:\/\/www.visit-ulcinj.com\/blog\/wp-json\/wp\/v2\/users\/1"}],"replies":[{"embeddable":true,"href":"https:\/\/www.visit-ulcinj.com\/blog\/wp-json\/wp\/v2\/comments?post=18166"}],"version-history":[{"count":0,"href":"https:\/\/www.visit-ulcinj.com\/blog\/wp-json\/wp\/v2\/posts\/18166\/revisions"}],"wp:attachment":[{"href":"https:\/\/www.visit-ulcinj.com\/blog\/wp-json\/wp\/v2\/media?parent=18166"}],"wp:term":[{"taxonomy":"category","embeddable":true,"href":"https:\/\/www.visit-ulcinj.com\/blog\/wp-json\/wp\/v2\/categories?post=18166"},{"taxonomy":"post_tag","embeddable":true,"href":"https:\/\/www.visit-ulcinj.com\/blog\/wp-json\/wp\/v2\/tags?post=18166"}],"curies":[{"name":"wp","href":"https:\/\/api.w.org\/{rel}","templated":true}]}}