{"id":18169,"date":"2009-04-17T23:00:57","date_gmt":"2009-04-17T21:00:57","guid":{"rendered":"http:\/\/www.visit-ulcinj.com\/blog\/?p=18169"},"modified":"2009-04-17T21:38:34","modified_gmt":"2009-04-17T19:38:34","slug":"bjordi-po-behet-si-adela","status":"publish","type":"post","link":"https:\/\/www.visit-ulcinj.com\/blog\/2009\/04\/17\/bjordi-po-behet-si-adela\/","title":{"rendered":"Bjordi po b\u00ebhet si Adela"},"content":{"rendered":"<p><em><span class=\"newsdate\"><a href=\"http:\/\/www.visit-ulcinj.com\/blog\/wp-content\/uploads\/2009\/04\/per-bjordin-thashetheme.jpg\"><img loading=\"lazy\" class=\"alignleft size-full wp-image-18171\" title=\"per-bjordin-thashetheme-big-brother-albania-2\" src=\"http:\/\/www.visit-ulcinj.com\/blog\/wp-content\/uploads\/2009\/04\/per-bjordin-thashetheme.jpg\" alt=\"per-bjordin-thashetheme-big-brother-albania-2\" width=\"300\" height=\"205\" \/><\/a>16\/04\/09 04:25<\/span><\/em><\/p>\n<p>Disa nga banor\u00ebt, t\u00eb mbledhur n\u00eb dhom\u00ebn e gjumit, vazhdojn\u00eb t\u00eb flasin p\u00ebr t\u00eb tjer\u00ebt. Arjoni thot\u00eb se Bjordi, gjat\u00eb k\u00ebtij diskutimi, foli t\u00eb kund\u00ebrt\u00ebn e asaj q\u00eb kishte th\u00ebn\u00eb m\u00eb par\u00eb. Ai tregon se Bjordi, gjat\u00eb diskutimit t\u00eb temave t\u00eb tjera, kishte th\u00ebn\u00eb se respektonte t\u00eb gjitha vajzat dhe nuk b\u00ebnte asnj\u00eb diferencim mes tyre, nd\u00ebrsa n\u00eb debatin e sot\u00ebm ai u shpreh se i p\u00eblqenin vajzat me mentalitet t\u00eb mbyllur dhe ato me mentalitet t\u00eb hapur i kishte sa p\u00ebr t\u00eb kaluar koh\u00ebn. Arjoni mendon se Bjordi k\u00ebt\u00eb gj\u00eb e tha vet\u00ebm se rri me Adel\u00ebn e p\u00ebr ta p\u00ebrkrahur at\u00eb, ndq\u00ebrkoh\u00eb q\u00eb ai nuk \u00ebsht\u00eb ashtu. Ai thot\u00eb se n\u00eb vend q\u00eb Adela t\u00eb b\u00ebhet si Bjordi, \u00ebsht\u00eb b\u00ebr\u00eb Bjordi si Adela. Aida i konfirmon t\u00eb gjitha k\u00ebto q\u00eb thot\u00eb Arjoni dhe u kujton banor\u00ebve se cfar\u00eb ka th\u00ebn\u00eb Bjordi n\u00eb tem\u00ebn \u201cSex and the City\u201d. Ata mendojn\u00eb se Bjordi edhe k\u00ebt\u00eb gj\u00eb q\u00eb tha, nuk e komentoi sic b\u00ebn zakonisht sespe nuk kishte se cfar\u00eb t\u00eb thoshte. Juna thot\u00eb se Bjordi e ka aft\u00ebsin\u00eb ti komentoj\u00eb bisedat e tij sepse k\u00ebt\u00eb gj\u00eb e ka v\u00ebn\u00eb re gjat\u00eb diskutimeve me t\u00eb dhe shton se ka respekt p\u00ebr t\u00eb.<\/p>\n","protected":false},"excerpt":{"rendered":"<p>16\/04\/09 04:25 Disa nga banor\u00ebt, t\u00eb mbledhur n\u00eb dhom\u00ebn e gjumit, vazhdojn\u00eb t\u00eb flasin p\u00ebr t\u00eb tjer\u00ebt. Arjoni thot\u00eb se Bjordi, gjat\u00eb k\u00ebtij diskutimi, foli t\u00eb kund\u00ebrt\u00ebn e asaj q\u00eb kishte th\u00ebn\u00eb m\u00eb par\u00eb. Ai tregon se Bjordi, gjat\u00eb diskutimit t\u00eb temave t\u00eb tjera, kishte th\u00ebn\u00eb se respektonte t\u00eb gjitha vajzat dhe nuk b\u00ebnte asnj\u00eb [&hellip;]<\/p>\n","protected":false},"author":1,"featured_media":0,"comment_status":"open","ping_status":"closed","sticky":false,"template":"","format":"standard","meta":{"spay_email":"","jetpack_publicize_message":"","jetpack_is_tweetstorm":false,"jetpack_publicize_feature_enabled":true},"categories":[6502],"tags":[6529,6537,8934,6525,5057,6506,6516,6712,7129,6522,6544,6891,6693,6887],"jetpack_publicize_connections":[],"yoast_head":"<!-- This site is optimized with the Yoast SEO plugin v19.1 - https:\/\/yoast.com\/wordpress\/plugins\/seo\/ -->\n<title>Bjordi po b\u00c3\u00abhet si Adela | Big Brother Albania 2<\/title>\n<meta name=\"description\" content=\"Big Brother Albania 2 - Disa nga banor\u00c3\u00abt, t\u00c3\u00ab mbledhur n\u00c3\u00ab dhom\u00c3\u00abn e gjumit, vazhdojn\u00c3\u00ab t\u00c3\u00ab flasin p\u00c3\u00abr t\u00c3\u00ab tjer\u00c3\u00abt. Arjoni thot\u00c3\u00ab se Bjordi, gjat\u00c3\u00ab k\u00c3\u00abtij diskutimi, foli t\u00c3\u00ab kund\u00c3\u00abrt\u00c3\u00abn e asaj q\u00c3\u00ab kishte th\u00c3\u00abn\u00c3\u00ab m\u00c3\u00ab par\u00c3\u00ab.\" \/>\n<meta name=\"robots\" content=\"index, follow, max-snippet:-1, max-image-preview:large, max-video-preview:-1\" \/>\n<link rel=\"canonical\" href=\"https:\/\/www.visit-ulcinj.com\/blog\/2009\/04\/17\/bjordi-po-behet-si-adela\/\" \/>\n<meta property=\"og:locale\" content=\"en_US\" \/>\n<meta property=\"og:type\" content=\"article\" \/>\n<meta property=\"og:title\" content=\"Bjordi po b\u00c3\u00abhet si Adela | Big Brother Albania 2\" \/>\n<meta property=\"og:description\" content=\"Big Brother Albania 2 - Disa nga banor\u00c3\u00abt, t\u00c3\u00ab mbledhur n\u00c3\u00ab dhom\u00c3\u00abn e gjumit, vazhdojn\u00c3\u00ab t\u00c3\u00ab flasin p\u00c3\u00abr t\u00c3\u00ab tjer\u00c3\u00abt. Arjoni thot\u00c3\u00ab se Bjordi, gjat\u00c3\u00ab k\u00c3\u00abtij diskutimi, foli t\u00c3\u00ab kund\u00c3\u00abrt\u00c3\u00abn e asaj q\u00c3\u00ab kishte th\u00c3\u00abn\u00c3\u00ab m\u00c3\u00ab par\u00c3\u00ab.\" \/>\n<meta property=\"og:url\" content=\"https:\/\/www.visit-ulcinj.com\/blog\/2009\/04\/17\/bjordi-po-behet-si-adela\/\" \/>\n<meta property=\"og:site_name\" content=\"Lajme nga Ulqini\" \/>\n<meta property=\"article:published_time\" content=\"2009-04-17T21:00:57+00:00\" \/>\n<meta property=\"article:modified_time\" content=\"2009-04-17T19:38:34+00:00\" \/>\n<meta property=\"og:image\" content=\"http:\/\/www.visit-ulcinj.com\/blog\/wp-content\/uploads\/2009\/04\/per-bjordin-thashetheme.jpg\" \/>\n<meta name=\"twitter:label1\" content=\"Written by\" \/>\n\t<meta name=\"twitter:data1\" content=\"ulqini\" \/>\n\t<meta name=\"twitter:label2\" content=\"Est. reading time\" \/>\n\t<meta name=\"twitter:data2\" content=\"1 minute\" \/>\n<script type=\"application\/ld+json\" class=\"yoast-schema-graph\">{\"@context\":\"https:\/\/schema.org\",\"@graph\":[{\"@type\":\"WebSite\",\"@id\":\"https:\/\/www.visit-ulcinj.com\/blog\/#website\",\"url\":\"https:\/\/www.visit-ulcinj.com\/blog\/\",\"name\":\"Lajme nga Ulqini\",\"description\":\"Lajme,Vijesti,Ulqini,Ulqin,Crna Gora,Mali i Zi\",\"potentialAction\":[{\"@type\":\"SearchAction\",\"target\":{\"@type\":\"EntryPoint\",\"urlTemplate\":\"https:\/\/www.visit-ulcinj.com\/blog\/?s={search_term_string}\"},\"query-input\":\"required name=search_term_string\"}],\"inLanguage\":\"en-US\"},{\"@type\":\"ImageObject\",\"inLanguage\":\"en-US\",\"@id\":\"https:\/\/www.visit-ulcinj.com\/blog\/2009\/04\/17\/bjordi-po-behet-si-adela\/#primaryimage\",\"url\":\"http:\/\/www.visit-ulcinj.com\/blog\/wp-content\/uploads\/2009\/04\/per-bjordin-thashetheme.jpg\",\"contentUrl\":\"http:\/\/www.visit-ulcinj.com\/blog\/wp-content\/uploads\/2009\/04\/per-bjordin-thashetheme.jpg\"},{\"@type\":\"WebPage\",\"@id\":\"https:\/\/www.visit-ulcinj.com\/blog\/2009\/04\/17\/bjordi-po-behet-si-adela\/#webpage\",\"url\":\"https:\/\/www.visit-ulcinj.com\/blog\/2009\/04\/17\/bjordi-po-behet-si-adela\/\",\"name\":\"Bjordi po b\u00c3\u00abhet si Adela | Big Brother Albania 2\",\"isPartOf\":{\"@id\":\"https:\/\/www.visit-ulcinj.com\/blog\/#website\"},\"primaryImageOfPage\":{\"@id\":\"https:\/\/www.visit-ulcinj.com\/blog\/2009\/04\/17\/bjordi-po-behet-si-adela\/#primaryimage\"},\"datePublished\":\"2009-04-17T21:00:57+00:00\",\"dateModified\":\"2009-04-17T19:38:34+00:00\",\"author\":{\"@id\":\"https:\/\/www.visit-ulcinj.com\/blog\/#\/schema\/person\/dcab619c614d3038751c63bc2aadc06d\"},\"description\":\"Big Brother Albania 2 - Disa nga banor\u00c3\u00abt, t\u00c3\u00ab mbledhur n\u00c3\u00ab dhom\u00c3\u00abn e gjumit, vazhdojn\u00c3\u00ab t\u00c3\u00ab flasin p\u00c3\u00abr t\u00c3\u00ab tjer\u00c3\u00abt. Arjoni thot\u00c3\u00ab se Bjordi, gjat\u00c3\u00ab k\u00c3\u00abtij diskutimi, foli t\u00c3\u00ab kund\u00c3\u00abrt\u00c3\u00abn e asaj q\u00c3\u00ab kishte th\u00c3\u00abn\u00c3\u00ab m\u00c3\u00ab par\u00c3\u00ab.\",\"breadcrumb\":{\"@id\":\"https:\/\/www.visit-ulcinj.com\/blog\/2009\/04\/17\/bjordi-po-behet-si-adela\/#breadcrumb\"},\"inLanguage\":\"en-US\",\"potentialAction\":[{\"@type\":\"ReadAction\",\"target\":[\"https:\/\/www.visit-ulcinj.com\/blog\/2009\/04\/17\/bjordi-po-behet-si-adela\/\"]}]},{\"@type\":\"BreadcrumbList\",\"@id\":\"https:\/\/www.visit-ulcinj.com\/blog\/2009\/04\/17\/bjordi-po-behet-si-adela\/#breadcrumb\",\"itemListElement\":[{\"@type\":\"ListItem\",\"position\":1,\"name\":\"Bjordi po b\u00ebhet si Adela\"}]},{\"@type\":\"Person\",\"@id\":\"https:\/\/www.visit-ulcinj.com\/blog\/#\/schema\/person\/dcab619c614d3038751c63bc2aadc06d\",\"name\":\"ulqini\",\"sameAs\":[\"http:\/\/www.visit-ulcinj.com\"],\"url\":\"https:\/\/www.visit-ulcinj.com\/blog\/author\/admin\/\"}]}<\/script>\n<!-- \/ Yoast SEO plugin. -->","yoast_head_json":{"title":"Bjordi po b\u00c3\u00abhet si Adela | Big Brother Albania 2","description":"Big Brother Albania 2 - Disa nga banor\u00c3\u00abt, t\u00c3\u00ab mbledhur n\u00c3\u00ab dhom\u00c3\u00abn e gjumit, vazhdojn\u00c3\u00ab t\u00c3\u00ab flasin p\u00c3\u00abr t\u00c3\u00ab tjer\u00c3\u00abt. Arjoni thot\u00c3\u00ab se Bjordi, gjat\u00c3\u00ab k\u00c3\u00abtij diskutimi, foli t\u00c3\u00ab kund\u00c3\u00abrt\u00c3\u00abn e asaj q\u00c3\u00ab kishte th\u00c3\u00abn\u00c3\u00ab m\u00c3\u00ab par\u00c3\u00ab.","robots":{"index":"index","follow":"follow","max-snippet":"max-snippet:-1","max-image-preview":"max-image-preview:large","max-video-preview":"max-video-preview:-1"},"canonical":"https:\/\/www.visit-ulcinj.com\/blog\/2009\/04\/17\/bjordi-po-behet-si-adela\/","og_locale":"en_US","og_type":"article","og_title":"Bjordi po b\u00c3\u00abhet si Adela | Big Brother Albania 2","og_description":"Big Brother Albania 2 - Disa nga banor\u00c3\u00abt, t\u00c3\u00ab mbledhur n\u00c3\u00ab dhom\u00c3\u00abn e gjumit, vazhdojn\u00c3\u00ab t\u00c3\u00ab flasin p\u00c3\u00abr t\u00c3\u00ab tjer\u00c3\u00abt. Arjoni thot\u00c3\u00ab se Bjordi, gjat\u00c3\u00ab k\u00c3\u00abtij diskutimi, foli t\u00c3\u00ab kund\u00c3\u00abrt\u00c3\u00abn e asaj q\u00c3\u00ab kishte th\u00c3\u00abn\u00c3\u00ab m\u00c3\u00ab par\u00c3\u00ab.","og_url":"https:\/\/www.visit-ulcinj.com\/blog\/2009\/04\/17\/bjordi-po-behet-si-adela\/","og_site_name":"Lajme nga Ulqini","article_published_time":"2009-04-17T21:00:57+00:00","article_modified_time":"2009-04-17T19:38:34+00:00","og_image":[{"url":"http:\/\/www.visit-ulcinj.com\/blog\/wp-content\/uploads\/2009\/04\/per-bjordin-thashetheme.jpg"}],"twitter_misc":{"Written by":"ulqini","Est. reading time":"1 minute"},"schema":{"@context":"https:\/\/schema.org","@graph":[{"@type":"WebSite","@id":"https:\/\/www.visit-ulcinj.com\/blog\/#website","url":"https:\/\/www.visit-ulcinj.com\/blog\/","name":"Lajme nga Ulqini","description":"Lajme,Vijesti,Ulqini,Ulqin,Crna Gora,Mali i Zi","potentialAction":[{"@type":"SearchAction","target":{"@type":"EntryPoint","urlTemplate":"https:\/\/www.visit-ulcinj.com\/blog\/?s={search_term_string}"},"query-input":"required name=search_term_string"}],"inLanguage":"en-US"},{"@type":"ImageObject","inLanguage":"en-US","@id":"https:\/\/www.visit-ulcinj.com\/blog\/2009\/04\/17\/bjordi-po-behet-si-adela\/#primaryimage","url":"http:\/\/www.visit-ulcinj.com\/blog\/wp-content\/uploads\/2009\/04\/per-bjordin-thashetheme.jpg","contentUrl":"http:\/\/www.visit-ulcinj.com\/blog\/wp-content\/uploads\/2009\/04\/per-bjordin-thashetheme.jpg"},{"@type":"WebPage","@id":"https:\/\/www.visit-ulcinj.com\/blog\/2009\/04\/17\/bjordi-po-behet-si-adela\/#webpage","url":"https:\/\/www.visit-ulcinj.com\/blog\/2009\/04\/17\/bjordi-po-behet-si-adela\/","name":"Bjordi po b\u00c3\u00abhet si Adela | Big Brother Albania 2","isPartOf":{"@id":"https:\/\/www.visit-ulcinj.com\/blog\/#website"},"primaryImageOfPage":{"@id":"https:\/\/www.visit-ulcinj.com\/blog\/2009\/04\/17\/bjordi-po-behet-si-adela\/#primaryimage"},"datePublished":"2009-04-17T21:00:57+00:00","dateModified":"2009-04-17T19:38:34+00:00","author":{"@id":"https:\/\/www.visit-ulcinj.com\/blog\/#\/schema\/person\/dcab619c614d3038751c63bc2aadc06d"},"description":"Big Brother Albania 2 - Disa nga banor\u00c3\u00abt, t\u00c3\u00ab mbledhur n\u00c3\u00ab dhom\u00c3\u00abn e gjumit, vazhdojn\u00c3\u00ab t\u00c3\u00ab flasin p\u00c3\u00abr t\u00c3\u00ab tjer\u00c3\u00abt. Arjoni thot\u00c3\u00ab se Bjordi, gjat\u00c3\u00ab k\u00c3\u00abtij diskutimi, foli t\u00c3\u00ab kund\u00c3\u00abrt\u00c3\u00abn e asaj q\u00c3\u00ab kishte th\u00c3\u00abn\u00c3\u00ab m\u00c3\u00ab par\u00c3\u00ab.","breadcrumb":{"@id":"https:\/\/www.visit-ulcinj.com\/blog\/2009\/04\/17\/bjordi-po-behet-si-adela\/#breadcrumb"},"inLanguage":"en-US","potentialAction":[{"@type":"ReadAction","target":["https:\/\/www.visit-ulcinj.com\/blog\/2009\/04\/17\/bjordi-po-behet-si-adela\/"]}]},{"@type":"BreadcrumbList","@id":"https:\/\/www.visit-ulcinj.com\/blog\/2009\/04\/17\/bjordi-po-behet-si-adela\/#breadcrumb","itemListElement":[{"@type":"ListItem","position":1,"name":"Bjordi po b\u00ebhet si Adela"}]},{"@type":"Person","@id":"https:\/\/www.visit-ulcinj.com\/blog\/#\/schema\/person\/dcab619c614d3038751c63bc2aadc06d","name":"ulqini","sameAs":["http:\/\/www.visit-ulcinj.com"],"url":"https:\/\/www.visit-ulcinj.com\/blog\/author\/admin\/"}]}},"jetpack_featured_media_url":"","jetpack_sharing_enabled":true,"jetpack_shortlink":"https:\/\/wp.me\/pe6lTn-4J3","_links":{"self":[{"href":"https:\/\/www.visit-ulcinj.com\/blog\/wp-json\/wp\/v2\/posts\/18169"}],"collection":[{"href":"https:\/\/www.visit-ulcinj.com\/blog\/wp-json\/wp\/v2\/posts"}],"about":[{"href":"https:\/\/www.visit-ulcinj.com\/blog\/wp-json\/wp\/v2\/types\/post"}],"author":[{"embeddable":true,"href":"https:\/\/www.visit-ulcinj.com\/blog\/wp-json\/wp\/v2\/users\/1"}],"replies":[{"embeddable":true,"href":"https:\/\/www.visit-ulcinj.com\/blog\/wp-json\/wp\/v2\/comments?post=18169"}],"version-history":[{"count":0,"href":"https:\/\/www.visit-ulcinj.com\/blog\/wp-json\/wp\/v2\/posts\/18169\/revisions"}],"wp:attachment":[{"href":"https:\/\/www.visit-ulcinj.com\/blog\/wp-json\/wp\/v2\/media?parent=18169"}],"wp:term":[{"taxonomy":"category","embeddable":true,"href":"https:\/\/www.visit-ulcinj.com\/blog\/wp-json\/wp\/v2\/categories?post=18169"},{"taxonomy":"post_tag","embeddable":true,"href":"https:\/\/www.visit-ulcinj.com\/blog\/wp-json\/wp\/v2\/tags?post=18169"}],"curies":[{"name":"wp","href":"https:\/\/api.w.org\/{rel}","templated":true}]}}