{"id":18173,"date":"2009-04-17T21:41:23","date_gmt":"2009-04-17T19:41:23","guid":{"rendered":"http:\/\/www.visit-ulcinj.com\/blog\/?p=18173"},"modified":"2009-04-17T21:41:23","modified_gmt":"2009-04-17T19:41:23","slug":"eltoni-do-ta-beja-mozen-si-kate-moss","status":"publish","type":"post","link":"https:\/\/www.visit-ulcinj.com\/blog\/2009\/04\/17\/eltoni-do-ta-beja-mozen-si-kate-moss\/","title":{"rendered":"Eltoni : Do ta b\u00ebja Moz\u00ebn si Kate Moss"},"content":{"rendered":"<p><em><span class=\"newsdate\"><a href=\"http:\/\/www.visit-ulcinj.com\/blog\/wp-content\/uploads\/2009\/04\/toniajoni-per-mozen-copy.jpg\"><img loading=\"lazy\" class=\"alignleft size-full wp-image-18174\" title=\"toniajoni-per-mozen-big-brother-albania-2\" src=\"http:\/\/www.visit-ulcinj.com\/blog\/wp-content\/uploads\/2009\/04\/toniajoni-per-mozen-copy.jpg\" alt=\"toniajoni-per-mozen-big-brother-albania-2\" width=\"300\" height=\"205\" \/><\/a>16\/04\/09 14:21<\/span><\/em><\/p>\n<p>\u201cMoza \u00ebsht\u00eb b\u00ebr\u00eb shum\u00eb e mir\u00eb sot!\u201d- ka th\u00ebn\u00eb Arjoni, duke biseduar me Anjez\u00ebn dhe Eltonin. Ky i fundit i ka th\u00ebn\u00eb se Mimoza ishte p\u00ebrdit\u00eb shum\u00eb e mir\u00eb. M\u00eb pas ai ka shtuar se po t\u00eb merrej me mod\u00eb, do ta b\u00ebnte Moz\u00ebn si Kate Moss. Sipas Arjonit, ajo ishte e mir\u00eb ashtu sic ishte. P\u00ebr t\u00eb dy djemt\u00eb nganj\u00ebher\u00eb ajo e tepronte n\u00eb tualetin q\u00eb p\u00ebrdorte.<\/p>\n","protected":false},"excerpt":{"rendered":"<p>16\/04\/09 14:21 \u201cMoza \u00ebsht\u00eb b\u00ebr\u00eb shum\u00eb e mir\u00eb sot!\u201d- ka th\u00ebn\u00eb Arjoni, duke biseduar me Anjez\u00ebn dhe Eltonin. Ky i fundit i ka th\u00ebn\u00eb se Mimoza ishte p\u00ebrdit\u00eb shum\u00eb e mir\u00eb. M\u00eb pas ai ka shtuar se po t\u00eb merrej me mod\u00eb, do ta b\u00ebnte Moz\u00ebn si Kate Moss. Sipas Arjonit, ajo ishte e mir\u00eb [&hellip;]<\/p>\n","protected":false},"author":1,"featured_media":0,"comment_status":"open","ping_status":"closed","sticky":false,"template":"","format":"standard","meta":{"spay_email":"","jetpack_publicize_message":"","jetpack_is_tweetstorm":false,"jetpack_publicize_feature_enabled":true},"categories":[6502],"tags":[8289,6525,5057,6506,6516,6712,7129,8943,9273,6544,6891,6693,6887],"jetpack_publicize_connections":[],"yoast_head":"<!-- This site is optimized with the Yoast SEO plugin v19.1 - https:\/\/yoast.com\/wordpress\/plugins\/seo\/ -->\n<title>Eltoni : Do ta b\u00c3\u00abja Moz\u00c3\u00abn si Kate Moss | Big Brother Albania 2<\/title>\n<meta name=\"description\" content=\"Big Brother Albania 2 - \u00e2\u20ac\u0153Moza \u00c3\u00absht\u00c3\u00ab b\u00c3\u00abr\u00c3\u00ab shum\u00c3\u00ab e mir\u00c3\u00ab sot!\u00e2\u20ac\u009d- ka th\u00c3\u00abn\u00c3\u00ab Arjoni, duke biseduar me Anjez\u00c3\u00abn dhe Eltonin. Ky i fundit i ka th\u00c3\u00abn\u00c3\u00ab se Mimoza ishte p\u00c3\u00abrdit\u00c3\u00ab shum\u00c3\u00ab e mir\u00c3\u00ab.\" \/>\n<meta name=\"robots\" content=\"index, follow, max-snippet:-1, max-image-preview:large, max-video-preview:-1\" \/>\n<link rel=\"canonical\" href=\"https:\/\/www.visit-ulcinj.com\/blog\/2009\/04\/17\/eltoni-do-ta-beja-mozen-si-kate-moss\/\" \/>\n<meta property=\"og:locale\" content=\"en_US\" \/>\n<meta property=\"og:type\" content=\"article\" \/>\n<meta property=\"og:title\" content=\"Eltoni : Do ta b\u00c3\u00abja Moz\u00c3\u00abn si Kate Moss | Big Brother Albania 2\" \/>\n<meta property=\"og:description\" content=\"Big Brother Albania 2 - \u00e2\u20ac\u0153Moza \u00c3\u00absht\u00c3\u00ab b\u00c3\u00abr\u00c3\u00ab shum\u00c3\u00ab e mir\u00c3\u00ab sot!\u00e2\u20ac\u009d- ka th\u00c3\u00abn\u00c3\u00ab Arjoni, duke biseduar me Anjez\u00c3\u00abn dhe Eltonin. Ky i fundit i ka th\u00c3\u00abn\u00c3\u00ab se Mimoza ishte p\u00c3\u00abrdit\u00c3\u00ab shum\u00c3\u00ab e mir\u00c3\u00ab.\" \/>\n<meta property=\"og:url\" content=\"https:\/\/www.visit-ulcinj.com\/blog\/2009\/04\/17\/eltoni-do-ta-beja-mozen-si-kate-moss\/\" \/>\n<meta property=\"og:site_name\" content=\"Lajme nga Ulqini\" \/>\n<meta property=\"article:published_time\" content=\"2009-04-17T19:41:23+00:00\" \/>\n<meta property=\"og:image\" content=\"http:\/\/www.visit-ulcinj.com\/blog\/wp-content\/uploads\/2009\/04\/toniajoni-per-mozen-copy.jpg\" \/>\n<meta name=\"twitter:label1\" content=\"Written by\" \/>\n\t<meta name=\"twitter:data1\" content=\"ulqini\" \/>\n<script type=\"application\/ld+json\" class=\"yoast-schema-graph\">{\"@context\":\"https:\/\/schema.org\",\"@graph\":[{\"@type\":\"WebSite\",\"@id\":\"https:\/\/www.visit-ulcinj.com\/blog\/#website\",\"url\":\"https:\/\/www.visit-ulcinj.com\/blog\/\",\"name\":\"Lajme nga Ulqini\",\"description\":\"Lajme,Vijesti,Ulqini,Ulqin,Crna Gora,Mali i Zi\",\"potentialAction\":[{\"@type\":\"SearchAction\",\"target\":{\"@type\":\"EntryPoint\",\"urlTemplate\":\"https:\/\/www.visit-ulcinj.com\/blog\/?s={search_term_string}\"},\"query-input\":\"required name=search_term_string\"}],\"inLanguage\":\"en-US\"},{\"@type\":\"ImageObject\",\"inLanguage\":\"en-US\",\"@id\":\"https:\/\/www.visit-ulcinj.com\/blog\/2009\/04\/17\/eltoni-do-ta-beja-mozen-si-kate-moss\/#primaryimage\",\"url\":\"http:\/\/www.visit-ulcinj.com\/blog\/wp-content\/uploads\/2009\/04\/toniajoni-per-mozen-copy.jpg\",\"contentUrl\":\"http:\/\/www.visit-ulcinj.com\/blog\/wp-content\/uploads\/2009\/04\/toniajoni-per-mozen-copy.jpg\"},{\"@type\":\"WebPage\",\"@id\":\"https:\/\/www.visit-ulcinj.com\/blog\/2009\/04\/17\/eltoni-do-ta-beja-mozen-si-kate-moss\/#webpage\",\"url\":\"https:\/\/www.visit-ulcinj.com\/blog\/2009\/04\/17\/eltoni-do-ta-beja-mozen-si-kate-moss\/\",\"name\":\"Eltoni : Do ta b\u00c3\u00abja Moz\u00c3\u00abn si Kate Moss | Big Brother Albania 2\",\"isPartOf\":{\"@id\":\"https:\/\/www.visit-ulcinj.com\/blog\/#website\"},\"primaryImageOfPage\":{\"@id\":\"https:\/\/www.visit-ulcinj.com\/blog\/2009\/04\/17\/eltoni-do-ta-beja-mozen-si-kate-moss\/#primaryimage\"},\"datePublished\":\"2009-04-17T19:41:23+00:00\",\"dateModified\":\"2009-04-17T19:41:23+00:00\",\"author\":{\"@id\":\"https:\/\/www.visit-ulcinj.com\/blog\/#\/schema\/person\/dcab619c614d3038751c63bc2aadc06d\"},\"description\":\"Big Brother Albania 2 - \u00e2\u20ac\u0153Moza \u00c3\u00absht\u00c3\u00ab b\u00c3\u00abr\u00c3\u00ab shum\u00c3\u00ab e mir\u00c3\u00ab sot!\u00e2\u20ac\u009d- ka th\u00c3\u00abn\u00c3\u00ab Arjoni, duke biseduar me Anjez\u00c3\u00abn dhe Eltonin. Ky i fundit i ka th\u00c3\u00abn\u00c3\u00ab se Mimoza ishte p\u00c3\u00abrdit\u00c3\u00ab shum\u00c3\u00ab e mir\u00c3\u00ab.\",\"breadcrumb\":{\"@id\":\"https:\/\/www.visit-ulcinj.com\/blog\/2009\/04\/17\/eltoni-do-ta-beja-mozen-si-kate-moss\/#breadcrumb\"},\"inLanguage\":\"en-US\",\"potentialAction\":[{\"@type\":\"ReadAction\",\"target\":[\"https:\/\/www.visit-ulcinj.com\/blog\/2009\/04\/17\/eltoni-do-ta-beja-mozen-si-kate-moss\/\"]}]},{\"@type\":\"BreadcrumbList\",\"@id\":\"https:\/\/www.visit-ulcinj.com\/blog\/2009\/04\/17\/eltoni-do-ta-beja-mozen-si-kate-moss\/#breadcrumb\",\"itemListElement\":[{\"@type\":\"ListItem\",\"position\":1,\"name\":\"Eltoni : Do ta b\u00ebja Moz\u00ebn si Kate Moss\"}]},{\"@type\":\"Person\",\"@id\":\"https:\/\/www.visit-ulcinj.com\/blog\/#\/schema\/person\/dcab619c614d3038751c63bc2aadc06d\",\"name\":\"ulqini\",\"sameAs\":[\"http:\/\/www.visit-ulcinj.com\"],\"url\":\"https:\/\/www.visit-ulcinj.com\/blog\/author\/admin\/\"}]}<\/script>\n<!-- \/ Yoast SEO plugin. -->","yoast_head_json":{"title":"Eltoni : Do ta b\u00c3\u00abja Moz\u00c3\u00abn si Kate Moss | Big Brother Albania 2","description":"Big Brother Albania 2 - \u00e2\u20ac\u0153Moza \u00c3\u00absht\u00c3\u00ab b\u00c3\u00abr\u00c3\u00ab shum\u00c3\u00ab e mir\u00c3\u00ab sot!\u00e2\u20ac\u009d- ka th\u00c3\u00abn\u00c3\u00ab Arjoni, duke biseduar me Anjez\u00c3\u00abn dhe Eltonin. Ky i fundit i ka th\u00c3\u00abn\u00c3\u00ab se Mimoza ishte p\u00c3\u00abrdit\u00c3\u00ab shum\u00c3\u00ab e mir\u00c3\u00ab.","robots":{"index":"index","follow":"follow","max-snippet":"max-snippet:-1","max-image-preview":"max-image-preview:large","max-video-preview":"max-video-preview:-1"},"canonical":"https:\/\/www.visit-ulcinj.com\/blog\/2009\/04\/17\/eltoni-do-ta-beja-mozen-si-kate-moss\/","og_locale":"en_US","og_type":"article","og_title":"Eltoni : Do ta b\u00c3\u00abja Moz\u00c3\u00abn si Kate Moss | Big Brother Albania 2","og_description":"Big Brother Albania 2 - \u00e2\u20ac\u0153Moza \u00c3\u00absht\u00c3\u00ab b\u00c3\u00abr\u00c3\u00ab shum\u00c3\u00ab e mir\u00c3\u00ab sot!\u00e2\u20ac\u009d- ka th\u00c3\u00abn\u00c3\u00ab Arjoni, duke biseduar me Anjez\u00c3\u00abn dhe Eltonin. Ky i fundit i ka th\u00c3\u00abn\u00c3\u00ab se Mimoza ishte p\u00c3\u00abrdit\u00c3\u00ab shum\u00c3\u00ab e mir\u00c3\u00ab.","og_url":"https:\/\/www.visit-ulcinj.com\/blog\/2009\/04\/17\/eltoni-do-ta-beja-mozen-si-kate-moss\/","og_site_name":"Lajme nga Ulqini","article_published_time":"2009-04-17T19:41:23+00:00","og_image":[{"url":"http:\/\/www.visit-ulcinj.com\/blog\/wp-content\/uploads\/2009\/04\/toniajoni-per-mozen-copy.jpg"}],"twitter_misc":{"Written by":"ulqini"},"schema":{"@context":"https:\/\/schema.org","@graph":[{"@type":"WebSite","@id":"https:\/\/www.visit-ulcinj.com\/blog\/#website","url":"https:\/\/www.visit-ulcinj.com\/blog\/","name":"Lajme nga Ulqini","description":"Lajme,Vijesti,Ulqini,Ulqin,Crna Gora,Mali i Zi","potentialAction":[{"@type":"SearchAction","target":{"@type":"EntryPoint","urlTemplate":"https:\/\/www.visit-ulcinj.com\/blog\/?s={search_term_string}"},"query-input":"required name=search_term_string"}],"inLanguage":"en-US"},{"@type":"ImageObject","inLanguage":"en-US","@id":"https:\/\/www.visit-ulcinj.com\/blog\/2009\/04\/17\/eltoni-do-ta-beja-mozen-si-kate-moss\/#primaryimage","url":"http:\/\/www.visit-ulcinj.com\/blog\/wp-content\/uploads\/2009\/04\/toniajoni-per-mozen-copy.jpg","contentUrl":"http:\/\/www.visit-ulcinj.com\/blog\/wp-content\/uploads\/2009\/04\/toniajoni-per-mozen-copy.jpg"},{"@type":"WebPage","@id":"https:\/\/www.visit-ulcinj.com\/blog\/2009\/04\/17\/eltoni-do-ta-beja-mozen-si-kate-moss\/#webpage","url":"https:\/\/www.visit-ulcinj.com\/blog\/2009\/04\/17\/eltoni-do-ta-beja-mozen-si-kate-moss\/","name":"Eltoni : Do ta b\u00c3\u00abja Moz\u00c3\u00abn si Kate Moss | Big Brother Albania 2","isPartOf":{"@id":"https:\/\/www.visit-ulcinj.com\/blog\/#website"},"primaryImageOfPage":{"@id":"https:\/\/www.visit-ulcinj.com\/blog\/2009\/04\/17\/eltoni-do-ta-beja-mozen-si-kate-moss\/#primaryimage"},"datePublished":"2009-04-17T19:41:23+00:00","dateModified":"2009-04-17T19:41:23+00:00","author":{"@id":"https:\/\/www.visit-ulcinj.com\/blog\/#\/schema\/person\/dcab619c614d3038751c63bc2aadc06d"},"description":"Big Brother Albania 2 - \u00e2\u20ac\u0153Moza \u00c3\u00absht\u00c3\u00ab b\u00c3\u00abr\u00c3\u00ab shum\u00c3\u00ab e mir\u00c3\u00ab sot!\u00e2\u20ac\u009d- ka th\u00c3\u00abn\u00c3\u00ab Arjoni, duke biseduar me Anjez\u00c3\u00abn dhe Eltonin. Ky i fundit i ka th\u00c3\u00abn\u00c3\u00ab se Mimoza ishte p\u00c3\u00abrdit\u00c3\u00ab shum\u00c3\u00ab e mir\u00c3\u00ab.","breadcrumb":{"@id":"https:\/\/www.visit-ulcinj.com\/blog\/2009\/04\/17\/eltoni-do-ta-beja-mozen-si-kate-moss\/#breadcrumb"},"inLanguage":"en-US","potentialAction":[{"@type":"ReadAction","target":["https:\/\/www.visit-ulcinj.com\/blog\/2009\/04\/17\/eltoni-do-ta-beja-mozen-si-kate-moss\/"]}]},{"@type":"BreadcrumbList","@id":"https:\/\/www.visit-ulcinj.com\/blog\/2009\/04\/17\/eltoni-do-ta-beja-mozen-si-kate-moss\/#breadcrumb","itemListElement":[{"@type":"ListItem","position":1,"name":"Eltoni : Do ta b\u00ebja Moz\u00ebn si Kate Moss"}]},{"@type":"Person","@id":"https:\/\/www.visit-ulcinj.com\/blog\/#\/schema\/person\/dcab619c614d3038751c63bc2aadc06d","name":"ulqini","sameAs":["http:\/\/www.visit-ulcinj.com"],"url":"https:\/\/www.visit-ulcinj.com\/blog\/author\/admin\/"}]}},"jetpack_featured_media_url":"","jetpack_sharing_enabled":true,"jetpack_shortlink":"https:\/\/wp.me\/pe6lTn-4J7","_links":{"self":[{"href":"https:\/\/www.visit-ulcinj.com\/blog\/wp-json\/wp\/v2\/posts\/18173"}],"collection":[{"href":"https:\/\/www.visit-ulcinj.com\/blog\/wp-json\/wp\/v2\/posts"}],"about":[{"href":"https:\/\/www.visit-ulcinj.com\/blog\/wp-json\/wp\/v2\/types\/post"}],"author":[{"embeddable":true,"href":"https:\/\/www.visit-ulcinj.com\/blog\/wp-json\/wp\/v2\/users\/1"}],"replies":[{"embeddable":true,"href":"https:\/\/www.visit-ulcinj.com\/blog\/wp-json\/wp\/v2\/comments?post=18173"}],"version-history":[{"count":0,"href":"https:\/\/www.visit-ulcinj.com\/blog\/wp-json\/wp\/v2\/posts\/18173\/revisions"}],"wp:attachment":[{"href":"https:\/\/www.visit-ulcinj.com\/blog\/wp-json\/wp\/v2\/media?parent=18173"}],"wp:term":[{"taxonomy":"category","embeddable":true,"href":"https:\/\/www.visit-ulcinj.com\/blog\/wp-json\/wp\/v2\/categories?post=18173"},{"taxonomy":"post_tag","embeddable":true,"href":"https:\/\/www.visit-ulcinj.com\/blog\/wp-json\/wp\/v2\/tags?post=18173"}],"curies":[{"name":"wp","href":"https:\/\/api.w.org\/{rel}","templated":true}]}}