{"id":18179,"date":"2009-04-17T21:56:03","date_gmt":"2009-04-17T19:56:03","guid":{"rendered":"http:\/\/www.visit-ulcinj.com\/blog\/?p=18179"},"modified":"2009-04-17T21:56:03","modified_gmt":"2009-04-17T19:56:03","slug":"juna-madam-adelajda","status":"publish","type":"post","link":"https:\/\/www.visit-ulcinj.com\/blog\/2009\/04\/17\/juna-madam-adelajda\/","title":{"rendered":"Juna : Madam Adelajda"},"content":{"rendered":"<p><em><a href=\"http:\/\/www.visit-ulcinj.com\/blog\/wp-content\/uploads\/2009\/04\/juna-flet-per-adelajden.jpg\"><img loading=\"lazy\" class=\"alignleft size-full wp-image-18180\" title=\"juna-flet-per-adelajden-big-brother-albania-2\" src=\"http:\/\/www.visit-ulcinj.com\/blog\/wp-content\/uploads\/2009\/04\/juna-flet-per-adelajden.jpg\" alt=\"juna-flet-per-adelajden-big-brother-albania-2\" width=\"300\" height=\"205\" \/><\/a>17\/04\/09 02:56<\/em><br \/>\nJuna ka imituar m\u00ebnyr\u00ebn e t\u00eb folurit t\u00eb Adel\u00ebs dhe ka th\u00ebn\u00eb se ajo b\u00ebrtet e ul\u00ebret gjith\u00eb dit\u00ebn. Ajo ka th\u00ebn\u00eb gjithashtu se ishte 31 vjece dhe nuk kishte nerva p\u00ebr k\u00ebto gj\u00ebra. \u201cNes\u00ebr, pasnes\u00ebr i duhet th\u00ebn\u00eb ndonj\u00eb fjal\u00eb, q\u00eb ta mbledhi pak mendjen!\u201d \u2013 ka th\u00ebn\u00eb ajo. Aida e ka pyetyr se p\u00ebr k\u00eb e kishte. \u201cP\u00ebr madam Adeljaden, &#8211; ka th\u00ebn\u00eb Juna, &#8211; ka gjith\u00eb dit\u00ebn q\u00eb vet\u00ebm b\u00ebrtet!\u201d Sipas Jun\u00ebs nuk ishte aspak t\u00eb normale q\u00eb dikush t\u00eb fliste e t\u00eb ul\u00ebriste gjith\u00eb dit\u00ebn p\u00ebr cdo gj\u00eb, pasi nuk jetonte vet\u00ebm, por n\u00eb komunitet. \u201cS\u2019ka as ndonj\u00eb z\u00eb t\u00eb bukur q\u00eb t\u00eb kesh k\u00ebnaq\u00ebsi ta d\u00ebgjosh!\u201d \u2013 ka th\u00ebn\u00eb ajo.<\/p>\n","protected":false},"excerpt":{"rendered":"<p>17\/04\/09 02:56 Juna ka imituar m\u00ebnyr\u00ebn e t\u00eb folurit t\u00eb Adel\u00ebs dhe ka th\u00ebn\u00eb se ajo b\u00ebrtet e ul\u00ebret gjith\u00eb dit\u00ebn. Ajo ka th\u00ebn\u00eb gjithashtu se ishte 31 vjece dhe nuk kishte nerva p\u00ebr k\u00ebto gj\u00ebra. \u201cNes\u00ebr, pasnes\u00ebr i duhet th\u00ebn\u00eb ndonj\u00eb fjal\u00eb, q\u00eb ta mbledhi pak mendjen!\u201d \u2013 ka th\u00ebn\u00eb ajo. Aida e ka [&hellip;]<\/p>\n","protected":false},"author":1,"featured_media":0,"comment_status":"open","ping_status":"closed","sticky":false,"template":"","format":"standard","meta":{"spay_email":"","jetpack_publicize_message":"","jetpack_is_tweetstorm":false,"jetpack_publicize_feature_enabled":true},"categories":[6502],"tags":[6529,6537,5057,6506,6516,6712,7129,6522,1442,9011,6891,6693,6887],"jetpack_publicize_connections":[],"yoast_head":"<!-- This site is optimized with the Yoast SEO plugin v19.1 - https:\/\/yoast.com\/wordpress\/plugins\/seo\/ -->\n<title>Juna : Madam Adelajda | Big Brother Albania 2<\/title>\n<meta name=\"description\" content=\"Big Brother Albania 2 - Juna ka imituar m\u00c3\u00abnyr\u00c3\u00abn e t\u00c3\u00ab folurit t\u00c3\u00ab Adel\u00c3\u00abs dhe ka th\u00c3\u00abn\u00c3\u00ab se ajo b\u00c3\u00abrtet e ul\u00c3\u00abret gjith\u00c3\u00ab dit\u00c3\u00abn. Ajo ka th\u00c3\u00abn\u00c3\u00ab gjithashtu se ishte 31 vjece dhe nuk kishte nerva p\u00c3\u00abr k\u00c3\u00abto gj\u00c3\u00abra.\" \/>\n<meta name=\"robots\" content=\"index, follow, max-snippet:-1, max-image-preview:large, max-video-preview:-1\" \/>\n<link rel=\"canonical\" href=\"https:\/\/www.visit-ulcinj.com\/blog\/2009\/04\/17\/juna-madam-adelajda\/\" \/>\n<meta property=\"og:locale\" content=\"en_US\" \/>\n<meta property=\"og:type\" content=\"article\" \/>\n<meta property=\"og:title\" content=\"Juna : Madam Adelajda | Big Brother Albania 2\" \/>\n<meta property=\"og:description\" content=\"Big Brother Albania 2 - Juna ka imituar m\u00c3\u00abnyr\u00c3\u00abn e t\u00c3\u00ab folurit t\u00c3\u00ab Adel\u00c3\u00abs dhe ka th\u00c3\u00abn\u00c3\u00ab se ajo b\u00c3\u00abrtet e ul\u00c3\u00abret gjith\u00c3\u00ab dit\u00c3\u00abn. Ajo ka th\u00c3\u00abn\u00c3\u00ab gjithashtu se ishte 31 vjece dhe nuk kishte nerva p\u00c3\u00abr k\u00c3\u00abto gj\u00c3\u00abra.\" \/>\n<meta property=\"og:url\" content=\"https:\/\/www.visit-ulcinj.com\/blog\/2009\/04\/17\/juna-madam-adelajda\/\" \/>\n<meta property=\"og:site_name\" content=\"Lajme nga Ulqini\" \/>\n<meta property=\"article:published_time\" content=\"2009-04-17T19:56:03+00:00\" \/>\n<meta property=\"og:image\" content=\"http:\/\/www.visit-ulcinj.com\/blog\/wp-content\/uploads\/2009\/04\/juna-flet-per-adelajden.jpg\" \/>\n<meta name=\"twitter:label1\" content=\"Written by\" \/>\n\t<meta name=\"twitter:data1\" content=\"ulqini\" \/>\n\t<meta name=\"twitter:label2\" content=\"Est. reading time\" \/>\n\t<meta name=\"twitter:data2\" content=\"1 minute\" \/>\n<script type=\"application\/ld+json\" class=\"yoast-schema-graph\">{\"@context\":\"https:\/\/schema.org\",\"@graph\":[{\"@type\":\"WebSite\",\"@id\":\"https:\/\/www.visit-ulcinj.com\/blog\/#website\",\"url\":\"https:\/\/www.visit-ulcinj.com\/blog\/\",\"name\":\"Lajme nga Ulqini\",\"description\":\"Lajme,Vijesti,Ulqini,Ulqin,Crna Gora,Mali i Zi\",\"potentialAction\":[{\"@type\":\"SearchAction\",\"target\":{\"@type\":\"EntryPoint\",\"urlTemplate\":\"https:\/\/www.visit-ulcinj.com\/blog\/?s={search_term_string}\"},\"query-input\":\"required name=search_term_string\"}],\"inLanguage\":\"en-US\"},{\"@type\":\"ImageObject\",\"inLanguage\":\"en-US\",\"@id\":\"https:\/\/www.visit-ulcinj.com\/blog\/2009\/04\/17\/juna-madam-adelajda\/#primaryimage\",\"url\":\"http:\/\/www.visit-ulcinj.com\/blog\/wp-content\/uploads\/2009\/04\/juna-flet-per-adelajden.jpg\",\"contentUrl\":\"http:\/\/www.visit-ulcinj.com\/blog\/wp-content\/uploads\/2009\/04\/juna-flet-per-adelajden.jpg\"},{\"@type\":\"WebPage\",\"@id\":\"https:\/\/www.visit-ulcinj.com\/blog\/2009\/04\/17\/juna-madam-adelajda\/#webpage\",\"url\":\"https:\/\/www.visit-ulcinj.com\/blog\/2009\/04\/17\/juna-madam-adelajda\/\",\"name\":\"Juna : Madam Adelajda | Big Brother Albania 2\",\"isPartOf\":{\"@id\":\"https:\/\/www.visit-ulcinj.com\/blog\/#website\"},\"primaryImageOfPage\":{\"@id\":\"https:\/\/www.visit-ulcinj.com\/blog\/2009\/04\/17\/juna-madam-adelajda\/#primaryimage\"},\"datePublished\":\"2009-04-17T19:56:03+00:00\",\"dateModified\":\"2009-04-17T19:56:03+00:00\",\"author\":{\"@id\":\"https:\/\/www.visit-ulcinj.com\/blog\/#\/schema\/person\/dcab619c614d3038751c63bc2aadc06d\"},\"description\":\"Big Brother Albania 2 - Juna ka imituar m\u00c3\u00abnyr\u00c3\u00abn e t\u00c3\u00ab folurit t\u00c3\u00ab Adel\u00c3\u00abs dhe ka th\u00c3\u00abn\u00c3\u00ab se ajo b\u00c3\u00abrtet e ul\u00c3\u00abret gjith\u00c3\u00ab dit\u00c3\u00abn. Ajo ka th\u00c3\u00abn\u00c3\u00ab gjithashtu se ishte 31 vjece dhe nuk kishte nerva p\u00c3\u00abr k\u00c3\u00abto gj\u00c3\u00abra.\",\"breadcrumb\":{\"@id\":\"https:\/\/www.visit-ulcinj.com\/blog\/2009\/04\/17\/juna-madam-adelajda\/#breadcrumb\"},\"inLanguage\":\"en-US\",\"potentialAction\":[{\"@type\":\"ReadAction\",\"target\":[\"https:\/\/www.visit-ulcinj.com\/blog\/2009\/04\/17\/juna-madam-adelajda\/\"]}]},{\"@type\":\"BreadcrumbList\",\"@id\":\"https:\/\/www.visit-ulcinj.com\/blog\/2009\/04\/17\/juna-madam-adelajda\/#breadcrumb\",\"itemListElement\":[{\"@type\":\"ListItem\",\"position\":1,\"name\":\"Juna : Madam Adelajda\"}]},{\"@type\":\"Person\",\"@id\":\"https:\/\/www.visit-ulcinj.com\/blog\/#\/schema\/person\/dcab619c614d3038751c63bc2aadc06d\",\"name\":\"ulqini\",\"sameAs\":[\"http:\/\/www.visit-ulcinj.com\"],\"url\":\"https:\/\/www.visit-ulcinj.com\/blog\/author\/admin\/\"}]}<\/script>\n<!-- \/ Yoast SEO plugin. -->","yoast_head_json":{"title":"Juna : Madam Adelajda | Big Brother Albania 2","description":"Big Brother Albania 2 - Juna ka imituar m\u00c3\u00abnyr\u00c3\u00abn e t\u00c3\u00ab folurit t\u00c3\u00ab Adel\u00c3\u00abs dhe ka th\u00c3\u00abn\u00c3\u00ab se ajo b\u00c3\u00abrtet e ul\u00c3\u00abret gjith\u00c3\u00ab dit\u00c3\u00abn. Ajo ka th\u00c3\u00abn\u00c3\u00ab gjithashtu se ishte 31 vjece dhe nuk kishte nerva p\u00c3\u00abr k\u00c3\u00abto gj\u00c3\u00abra.","robots":{"index":"index","follow":"follow","max-snippet":"max-snippet:-1","max-image-preview":"max-image-preview:large","max-video-preview":"max-video-preview:-1"},"canonical":"https:\/\/www.visit-ulcinj.com\/blog\/2009\/04\/17\/juna-madam-adelajda\/","og_locale":"en_US","og_type":"article","og_title":"Juna : Madam Adelajda | Big Brother Albania 2","og_description":"Big Brother Albania 2 - Juna ka imituar m\u00c3\u00abnyr\u00c3\u00abn e t\u00c3\u00ab folurit t\u00c3\u00ab Adel\u00c3\u00abs dhe ka th\u00c3\u00abn\u00c3\u00ab se ajo b\u00c3\u00abrtet e ul\u00c3\u00abret gjith\u00c3\u00ab dit\u00c3\u00abn. Ajo ka th\u00c3\u00abn\u00c3\u00ab gjithashtu se ishte 31 vjece dhe nuk kishte nerva p\u00c3\u00abr k\u00c3\u00abto gj\u00c3\u00abra.","og_url":"https:\/\/www.visit-ulcinj.com\/blog\/2009\/04\/17\/juna-madam-adelajda\/","og_site_name":"Lajme nga Ulqini","article_published_time":"2009-04-17T19:56:03+00:00","og_image":[{"url":"http:\/\/www.visit-ulcinj.com\/blog\/wp-content\/uploads\/2009\/04\/juna-flet-per-adelajden.jpg"}],"twitter_misc":{"Written by":"ulqini","Est. reading time":"1 minute"},"schema":{"@context":"https:\/\/schema.org","@graph":[{"@type":"WebSite","@id":"https:\/\/www.visit-ulcinj.com\/blog\/#website","url":"https:\/\/www.visit-ulcinj.com\/blog\/","name":"Lajme nga Ulqini","description":"Lajme,Vijesti,Ulqini,Ulqin,Crna Gora,Mali i Zi","potentialAction":[{"@type":"SearchAction","target":{"@type":"EntryPoint","urlTemplate":"https:\/\/www.visit-ulcinj.com\/blog\/?s={search_term_string}"},"query-input":"required name=search_term_string"}],"inLanguage":"en-US"},{"@type":"ImageObject","inLanguage":"en-US","@id":"https:\/\/www.visit-ulcinj.com\/blog\/2009\/04\/17\/juna-madam-adelajda\/#primaryimage","url":"http:\/\/www.visit-ulcinj.com\/blog\/wp-content\/uploads\/2009\/04\/juna-flet-per-adelajden.jpg","contentUrl":"http:\/\/www.visit-ulcinj.com\/blog\/wp-content\/uploads\/2009\/04\/juna-flet-per-adelajden.jpg"},{"@type":"WebPage","@id":"https:\/\/www.visit-ulcinj.com\/blog\/2009\/04\/17\/juna-madam-adelajda\/#webpage","url":"https:\/\/www.visit-ulcinj.com\/blog\/2009\/04\/17\/juna-madam-adelajda\/","name":"Juna : Madam Adelajda | Big Brother Albania 2","isPartOf":{"@id":"https:\/\/www.visit-ulcinj.com\/blog\/#website"},"primaryImageOfPage":{"@id":"https:\/\/www.visit-ulcinj.com\/blog\/2009\/04\/17\/juna-madam-adelajda\/#primaryimage"},"datePublished":"2009-04-17T19:56:03+00:00","dateModified":"2009-04-17T19:56:03+00:00","author":{"@id":"https:\/\/www.visit-ulcinj.com\/blog\/#\/schema\/person\/dcab619c614d3038751c63bc2aadc06d"},"description":"Big Brother Albania 2 - Juna ka imituar m\u00c3\u00abnyr\u00c3\u00abn e t\u00c3\u00ab folurit t\u00c3\u00ab Adel\u00c3\u00abs dhe ka th\u00c3\u00abn\u00c3\u00ab se ajo b\u00c3\u00abrtet e ul\u00c3\u00abret gjith\u00c3\u00ab dit\u00c3\u00abn. Ajo ka th\u00c3\u00abn\u00c3\u00ab gjithashtu se ishte 31 vjece dhe nuk kishte nerva p\u00c3\u00abr k\u00c3\u00abto gj\u00c3\u00abra.","breadcrumb":{"@id":"https:\/\/www.visit-ulcinj.com\/blog\/2009\/04\/17\/juna-madam-adelajda\/#breadcrumb"},"inLanguage":"en-US","potentialAction":[{"@type":"ReadAction","target":["https:\/\/www.visit-ulcinj.com\/blog\/2009\/04\/17\/juna-madam-adelajda\/"]}]},{"@type":"BreadcrumbList","@id":"https:\/\/www.visit-ulcinj.com\/blog\/2009\/04\/17\/juna-madam-adelajda\/#breadcrumb","itemListElement":[{"@type":"ListItem","position":1,"name":"Juna : Madam Adelajda"}]},{"@type":"Person","@id":"https:\/\/www.visit-ulcinj.com\/blog\/#\/schema\/person\/dcab619c614d3038751c63bc2aadc06d","name":"ulqini","sameAs":["http:\/\/www.visit-ulcinj.com"],"url":"https:\/\/www.visit-ulcinj.com\/blog\/author\/admin\/"}]}},"jetpack_featured_media_url":"","jetpack_sharing_enabled":true,"jetpack_shortlink":"https:\/\/wp.me\/pe6lTn-4Jd","_links":{"self":[{"href":"https:\/\/www.visit-ulcinj.com\/blog\/wp-json\/wp\/v2\/posts\/18179"}],"collection":[{"href":"https:\/\/www.visit-ulcinj.com\/blog\/wp-json\/wp\/v2\/posts"}],"about":[{"href":"https:\/\/www.visit-ulcinj.com\/blog\/wp-json\/wp\/v2\/types\/post"}],"author":[{"embeddable":true,"href":"https:\/\/www.visit-ulcinj.com\/blog\/wp-json\/wp\/v2\/users\/1"}],"replies":[{"embeddable":true,"href":"https:\/\/www.visit-ulcinj.com\/blog\/wp-json\/wp\/v2\/comments?post=18179"}],"version-history":[{"count":0,"href":"https:\/\/www.visit-ulcinj.com\/blog\/wp-json\/wp\/v2\/posts\/18179\/revisions"}],"wp:attachment":[{"href":"https:\/\/www.visit-ulcinj.com\/blog\/wp-json\/wp\/v2\/media?parent=18179"}],"wp:term":[{"taxonomy":"category","embeddable":true,"href":"https:\/\/www.visit-ulcinj.com\/blog\/wp-json\/wp\/v2\/categories?post=18179"},{"taxonomy":"post_tag","embeddable":true,"href":"https:\/\/www.visit-ulcinj.com\/blog\/wp-json\/wp\/v2\/tags?post=18179"}],"curies":[{"name":"wp","href":"https:\/\/api.w.org\/{rel}","templated":true}]}}