{"id":18185,"date":"2009-04-18T00:22:24","date_gmt":"2009-04-17T22:22:24","guid":{"rendered":"http:\/\/www.visit-ulcinj.com\/blog\/?p=18185"},"modified":"2009-04-18T00:22:24","modified_gmt":"2009-04-17T22:22:24","slug":"adelajda-juna-e-kaloi-masen","status":"publish","type":"post","link":"https:\/\/www.visit-ulcinj.com\/blog\/2009\/04\/18\/adelajda-juna-e-kaloi-masen\/","title":{"rendered":"Adelajda : Juna e kaloi mas\u00ebn"},"content":{"rendered":"<p><em><span class=\"newsdate\"><a href=\"http:\/\/www.visit-ulcinj.com\/blog\/wp-content\/uploads\/2009\/04\/adelamoza-per-junen-big-brother-albania-2.jpg\"><img loading=\"lazy\" class=\"alignleft size-full wp-image-18186\" title=\"adelamoza-per-junen-big-brother-albania-2\" src=\"http:\/\/www.visit-ulcinj.com\/blog\/wp-content\/uploads\/2009\/04\/adelamoza-per-junen-big-brother-albania-2.jpg\" alt=\"adelamoza-per-junen-big-brother-albania-2\" width=\"300\" height=\"205\" \/><\/a>16\/04\/09 15:35<\/span><\/em><\/p>\n<p>Adelajda dhe Mimoza duke par\u00eb sjelljen e Junid\u00ebs n\u00eb lidhje me Adin fillojn\u00eb komentojn\u00eb p\u00ebr k\u00ebt\u00eb gj\u00eb. Mimoza thot\u00eb q\u00eb Junid\u00ebs i p\u00eblqen Adi , por ky i fundit nuk ja kthen sa ajo. Adelajda e kund\u00ebrshton duke i th\u00ebn\u00eb q\u00eb Adi nuk e p\u00eblqen fare at\u00eb. por \u00ebsht\u00eb i edukuar dhe nuk i thot\u00eb dot ik. Ajo p\u00ebr t\u00eb p\u00ebrforcuar m\u00eb shum\u00eb iden\u00eb e Mimoz\u00ebs thot\u00eb:-\u201cJun\u00ebs duket q\u00eb i p\u00eblqen, se i shkon gjith\u00eb dit\u00ebn mbrapa!\u201d Sipsa mendimit t\u00eb saj nuk mund t\u00eb sillesh si Junida me nj\u00eb person q\u00eb ke tre dit\u00eb q\u00eb e ke njohur. Mimoza vazhdon mendimin duke th\u00ebn\u00eb:-\u201cNuk mund t\u00eb sillesh ashtu duke e ditur q\u00eb Adi ka nj\u00eb person jasht\u00eb!\u201d Adelajda thot\u00eb:-\u201cKjo sjellje nuk m\u00eb p\u00eblqen, t\u00eb pakt\u00ebn t\u00eb priste t\u00eb kalonte java. E kaloi mas\u00ebn!\u201d Sipas Mimoz\u00ebs Junida kur hyri u afrua m\u00eb shum\u00eb me Qetsorin, dhe pastaj kaloi tek Adi<\/p>\n","protected":false},"excerpt":{"rendered":"<p>16\/04\/09 15:35 Adelajda dhe Mimoza duke par\u00eb sjelljen e Junid\u00ebs n\u00eb lidhje me Adin fillojn\u00eb komentojn\u00eb p\u00ebr k\u00ebt\u00eb gj\u00eb. Mimoza thot\u00eb q\u00eb Junid\u00ebs i p\u00eblqen Adi , por ky i fundit nuk ja kthen sa ajo. Adelajda e kund\u00ebrshton duke i th\u00ebn\u00eb q\u00eb Adi nuk e p\u00eblqen fare at\u00eb. por \u00ebsht\u00eb i edukuar dhe nuk [&hellip;]<\/p>\n","protected":false},"author":1,"featured_media":0,"comment_status":"open","ping_status":"closed","sticky":false,"template":"","format":"standard","meta":{"spay_email":"","jetpack_publicize_message":"","jetpack_is_tweetstorm":false,"jetpack_publicize_feature_enabled":true},"categories":[6502],"tags":[6529,5057,6506,6516,6712,7129,6522,1442,8938,6544,6891,6693,6887],"jetpack_publicize_connections":[],"yoast_head":"<!-- This site is optimized with the Yoast SEO plugin v19.1 - https:\/\/yoast.com\/wordpress\/plugins\/seo\/ -->\n<title>Adelajda : Juna e kaloi mas\u00c3\u00abn | Big Brother Albania 2<\/title>\n<meta name=\"description\" content=\"Big Brother Albania 2 - Adelajda dhe Mimoza duke par\u00c3\u00ab sjelljen e Junid\u00c3\u00abs n\u00c3\u00ab lidhje me Adin fillojn\u00c3\u00ab komentojn\u00c3\u00ab p\u00c3\u00abr k\u00c3\u00abt\u00c3\u00ab gj\u00c3\u00ab. Mimoza thot\u00c3\u00ab q\u00c3\u00ab Junid\u00c3\u00abs i p\u00c3\u00ablqen Adi\" \/>\n<meta name=\"robots\" content=\"index, follow, max-snippet:-1, max-image-preview:large, max-video-preview:-1\" \/>\n<link rel=\"canonical\" href=\"https:\/\/www.visit-ulcinj.com\/blog\/2009\/04\/18\/adelajda-juna-e-kaloi-masen\/\" \/>\n<meta property=\"og:locale\" content=\"en_US\" \/>\n<meta property=\"og:type\" content=\"article\" \/>\n<meta property=\"og:title\" content=\"Adelajda : Juna e kaloi mas\u00c3\u00abn | Big Brother Albania 2\" \/>\n<meta property=\"og:description\" content=\"Big Brother Albania 2 - Adelajda dhe Mimoza duke par\u00c3\u00ab sjelljen e Junid\u00c3\u00abs n\u00c3\u00ab lidhje me Adin fillojn\u00c3\u00ab komentojn\u00c3\u00ab p\u00c3\u00abr k\u00c3\u00abt\u00c3\u00ab gj\u00c3\u00ab. Mimoza thot\u00c3\u00ab q\u00c3\u00ab Junid\u00c3\u00abs i p\u00c3\u00ablqen Adi\" \/>\n<meta property=\"og:url\" content=\"https:\/\/www.visit-ulcinj.com\/blog\/2009\/04\/18\/adelajda-juna-e-kaloi-masen\/\" \/>\n<meta property=\"og:site_name\" content=\"Lajme nga Ulqini\" \/>\n<meta property=\"article:published_time\" content=\"2009-04-17T22:22:24+00:00\" \/>\n<meta property=\"og:image\" content=\"http:\/\/www.visit-ulcinj.com\/blog\/wp-content\/uploads\/2009\/04\/adelamoza-per-junen-big-brother-albania-2.jpg\" \/>\n<meta name=\"twitter:label1\" content=\"Written by\" \/>\n\t<meta name=\"twitter:data1\" content=\"ulqini\" \/>\n\t<meta name=\"twitter:label2\" content=\"Est. reading time\" \/>\n\t<meta name=\"twitter:data2\" content=\"1 minute\" \/>\n<script type=\"application\/ld+json\" class=\"yoast-schema-graph\">{\"@context\":\"https:\/\/schema.org\",\"@graph\":[{\"@type\":\"WebSite\",\"@id\":\"https:\/\/www.visit-ulcinj.com\/blog\/#website\",\"url\":\"https:\/\/www.visit-ulcinj.com\/blog\/\",\"name\":\"Lajme nga Ulqini\",\"description\":\"Lajme,Vijesti,Ulqini,Ulqin,Crna Gora,Mali i Zi\",\"potentialAction\":[{\"@type\":\"SearchAction\",\"target\":{\"@type\":\"EntryPoint\",\"urlTemplate\":\"https:\/\/www.visit-ulcinj.com\/blog\/?s={search_term_string}\"},\"query-input\":\"required name=search_term_string\"}],\"inLanguage\":\"en-US\"},{\"@type\":\"ImageObject\",\"inLanguage\":\"en-US\",\"@id\":\"https:\/\/www.visit-ulcinj.com\/blog\/2009\/04\/18\/adelajda-juna-e-kaloi-masen\/#primaryimage\",\"url\":\"http:\/\/www.visit-ulcinj.com\/blog\/wp-content\/uploads\/2009\/04\/adelamoza-per-junen-big-brother-albania-2.jpg\",\"contentUrl\":\"http:\/\/www.visit-ulcinj.com\/blog\/wp-content\/uploads\/2009\/04\/adelamoza-per-junen-big-brother-albania-2.jpg\"},{\"@type\":\"WebPage\",\"@id\":\"https:\/\/www.visit-ulcinj.com\/blog\/2009\/04\/18\/adelajda-juna-e-kaloi-masen\/#webpage\",\"url\":\"https:\/\/www.visit-ulcinj.com\/blog\/2009\/04\/18\/adelajda-juna-e-kaloi-masen\/\",\"name\":\"Adelajda : Juna e kaloi mas\u00c3\u00abn | Big Brother Albania 2\",\"isPartOf\":{\"@id\":\"https:\/\/www.visit-ulcinj.com\/blog\/#website\"},\"primaryImageOfPage\":{\"@id\":\"https:\/\/www.visit-ulcinj.com\/blog\/2009\/04\/18\/adelajda-juna-e-kaloi-masen\/#primaryimage\"},\"datePublished\":\"2009-04-17T22:22:24+00:00\",\"dateModified\":\"2009-04-17T22:22:24+00:00\",\"author\":{\"@id\":\"https:\/\/www.visit-ulcinj.com\/blog\/#\/schema\/person\/dcab619c614d3038751c63bc2aadc06d\"},\"description\":\"Big Brother Albania 2 - Adelajda dhe Mimoza duke par\u00c3\u00ab sjelljen e Junid\u00c3\u00abs n\u00c3\u00ab lidhje me Adin fillojn\u00c3\u00ab komentojn\u00c3\u00ab p\u00c3\u00abr k\u00c3\u00abt\u00c3\u00ab gj\u00c3\u00ab. Mimoza thot\u00c3\u00ab q\u00c3\u00ab Junid\u00c3\u00abs i p\u00c3\u00ablqen Adi\",\"breadcrumb\":{\"@id\":\"https:\/\/www.visit-ulcinj.com\/blog\/2009\/04\/18\/adelajda-juna-e-kaloi-masen\/#breadcrumb\"},\"inLanguage\":\"en-US\",\"potentialAction\":[{\"@type\":\"ReadAction\",\"target\":[\"https:\/\/www.visit-ulcinj.com\/blog\/2009\/04\/18\/adelajda-juna-e-kaloi-masen\/\"]}]},{\"@type\":\"BreadcrumbList\",\"@id\":\"https:\/\/www.visit-ulcinj.com\/blog\/2009\/04\/18\/adelajda-juna-e-kaloi-masen\/#breadcrumb\",\"itemListElement\":[{\"@type\":\"ListItem\",\"position\":1,\"name\":\"Adelajda : Juna e kaloi mas\u00ebn\"}]},{\"@type\":\"Person\",\"@id\":\"https:\/\/www.visit-ulcinj.com\/blog\/#\/schema\/person\/dcab619c614d3038751c63bc2aadc06d\",\"name\":\"ulqini\",\"sameAs\":[\"http:\/\/www.visit-ulcinj.com\"],\"url\":\"https:\/\/www.visit-ulcinj.com\/blog\/author\/admin\/\"}]}<\/script>\n<!-- \/ Yoast SEO plugin. -->","yoast_head_json":{"title":"Adelajda : Juna e kaloi mas\u00c3\u00abn | Big Brother Albania 2","description":"Big Brother Albania 2 - Adelajda dhe Mimoza duke par\u00c3\u00ab sjelljen e Junid\u00c3\u00abs n\u00c3\u00ab lidhje me Adin fillojn\u00c3\u00ab komentojn\u00c3\u00ab p\u00c3\u00abr k\u00c3\u00abt\u00c3\u00ab gj\u00c3\u00ab. Mimoza thot\u00c3\u00ab q\u00c3\u00ab Junid\u00c3\u00abs i p\u00c3\u00ablqen Adi","robots":{"index":"index","follow":"follow","max-snippet":"max-snippet:-1","max-image-preview":"max-image-preview:large","max-video-preview":"max-video-preview:-1"},"canonical":"https:\/\/www.visit-ulcinj.com\/blog\/2009\/04\/18\/adelajda-juna-e-kaloi-masen\/","og_locale":"en_US","og_type":"article","og_title":"Adelajda : Juna e kaloi mas\u00c3\u00abn | Big Brother Albania 2","og_description":"Big Brother Albania 2 - Adelajda dhe Mimoza duke par\u00c3\u00ab sjelljen e Junid\u00c3\u00abs n\u00c3\u00ab lidhje me Adin fillojn\u00c3\u00ab komentojn\u00c3\u00ab p\u00c3\u00abr k\u00c3\u00abt\u00c3\u00ab gj\u00c3\u00ab. Mimoza thot\u00c3\u00ab q\u00c3\u00ab Junid\u00c3\u00abs i p\u00c3\u00ablqen Adi","og_url":"https:\/\/www.visit-ulcinj.com\/blog\/2009\/04\/18\/adelajda-juna-e-kaloi-masen\/","og_site_name":"Lajme nga Ulqini","article_published_time":"2009-04-17T22:22:24+00:00","og_image":[{"url":"http:\/\/www.visit-ulcinj.com\/blog\/wp-content\/uploads\/2009\/04\/adelamoza-per-junen-big-brother-albania-2.jpg"}],"twitter_misc":{"Written by":"ulqini","Est. reading time":"1 minute"},"schema":{"@context":"https:\/\/schema.org","@graph":[{"@type":"WebSite","@id":"https:\/\/www.visit-ulcinj.com\/blog\/#website","url":"https:\/\/www.visit-ulcinj.com\/blog\/","name":"Lajme nga Ulqini","description":"Lajme,Vijesti,Ulqini,Ulqin,Crna Gora,Mali i Zi","potentialAction":[{"@type":"SearchAction","target":{"@type":"EntryPoint","urlTemplate":"https:\/\/www.visit-ulcinj.com\/blog\/?s={search_term_string}"},"query-input":"required name=search_term_string"}],"inLanguage":"en-US"},{"@type":"ImageObject","inLanguage":"en-US","@id":"https:\/\/www.visit-ulcinj.com\/blog\/2009\/04\/18\/adelajda-juna-e-kaloi-masen\/#primaryimage","url":"http:\/\/www.visit-ulcinj.com\/blog\/wp-content\/uploads\/2009\/04\/adelamoza-per-junen-big-brother-albania-2.jpg","contentUrl":"http:\/\/www.visit-ulcinj.com\/blog\/wp-content\/uploads\/2009\/04\/adelamoza-per-junen-big-brother-albania-2.jpg"},{"@type":"WebPage","@id":"https:\/\/www.visit-ulcinj.com\/blog\/2009\/04\/18\/adelajda-juna-e-kaloi-masen\/#webpage","url":"https:\/\/www.visit-ulcinj.com\/blog\/2009\/04\/18\/adelajda-juna-e-kaloi-masen\/","name":"Adelajda : Juna e kaloi mas\u00c3\u00abn | Big Brother Albania 2","isPartOf":{"@id":"https:\/\/www.visit-ulcinj.com\/blog\/#website"},"primaryImageOfPage":{"@id":"https:\/\/www.visit-ulcinj.com\/blog\/2009\/04\/18\/adelajda-juna-e-kaloi-masen\/#primaryimage"},"datePublished":"2009-04-17T22:22:24+00:00","dateModified":"2009-04-17T22:22:24+00:00","author":{"@id":"https:\/\/www.visit-ulcinj.com\/blog\/#\/schema\/person\/dcab619c614d3038751c63bc2aadc06d"},"description":"Big Brother Albania 2 - Adelajda dhe Mimoza duke par\u00c3\u00ab sjelljen e Junid\u00c3\u00abs n\u00c3\u00ab lidhje me Adin fillojn\u00c3\u00ab komentojn\u00c3\u00ab p\u00c3\u00abr k\u00c3\u00abt\u00c3\u00ab gj\u00c3\u00ab. Mimoza thot\u00c3\u00ab q\u00c3\u00ab Junid\u00c3\u00abs i p\u00c3\u00ablqen Adi","breadcrumb":{"@id":"https:\/\/www.visit-ulcinj.com\/blog\/2009\/04\/18\/adelajda-juna-e-kaloi-masen\/#breadcrumb"},"inLanguage":"en-US","potentialAction":[{"@type":"ReadAction","target":["https:\/\/www.visit-ulcinj.com\/blog\/2009\/04\/18\/adelajda-juna-e-kaloi-masen\/"]}]},{"@type":"BreadcrumbList","@id":"https:\/\/www.visit-ulcinj.com\/blog\/2009\/04\/18\/adelajda-juna-e-kaloi-masen\/#breadcrumb","itemListElement":[{"@type":"ListItem","position":1,"name":"Adelajda : Juna e kaloi mas\u00ebn"}]},{"@type":"Person","@id":"https:\/\/www.visit-ulcinj.com\/blog\/#\/schema\/person\/dcab619c614d3038751c63bc2aadc06d","name":"ulqini","sameAs":["http:\/\/www.visit-ulcinj.com"],"url":"https:\/\/www.visit-ulcinj.com\/blog\/author\/admin\/"}]}},"jetpack_featured_media_url":"","jetpack_sharing_enabled":true,"jetpack_shortlink":"https:\/\/wp.me\/pe6lTn-4Jj","_links":{"self":[{"href":"https:\/\/www.visit-ulcinj.com\/blog\/wp-json\/wp\/v2\/posts\/18185"}],"collection":[{"href":"https:\/\/www.visit-ulcinj.com\/blog\/wp-json\/wp\/v2\/posts"}],"about":[{"href":"https:\/\/www.visit-ulcinj.com\/blog\/wp-json\/wp\/v2\/types\/post"}],"author":[{"embeddable":true,"href":"https:\/\/www.visit-ulcinj.com\/blog\/wp-json\/wp\/v2\/users\/1"}],"replies":[{"embeddable":true,"href":"https:\/\/www.visit-ulcinj.com\/blog\/wp-json\/wp\/v2\/comments?post=18185"}],"version-history":[{"count":0,"href":"https:\/\/www.visit-ulcinj.com\/blog\/wp-json\/wp\/v2\/posts\/18185\/revisions"}],"wp:attachment":[{"href":"https:\/\/www.visit-ulcinj.com\/blog\/wp-json\/wp\/v2\/media?parent=18185"}],"wp:term":[{"taxonomy":"category","embeddable":true,"href":"https:\/\/www.visit-ulcinj.com\/blog\/wp-json\/wp\/v2\/categories?post=18185"},{"taxonomy":"post_tag","embeddable":true,"href":"https:\/\/www.visit-ulcinj.com\/blog\/wp-json\/wp\/v2\/tags?post=18185"}],"curies":[{"name":"wp","href":"https:\/\/api.w.org\/{rel}","templated":true}]}}