{"id":18214,"date":"2009-04-18T10:17:32","date_gmt":"2009-04-18T08:17:32","guid":{"rendered":"http:\/\/www.visit-ulcinj.com\/blog\/?p=18214"},"modified":"2009-04-18T10:17:32","modified_gmt":"2009-04-18T08:17:32","slug":"dentisti-ne-big-brother","status":"publish","type":"post","link":"https:\/\/www.visit-ulcinj.com\/blog\/2009\/04\/18\/dentisti-ne-big-brother\/","title":{"rendered":"Dentisti n\u00eb Big Brother"},"content":{"rendered":"<p><em><span class=\"newsdate\"><a href=\"http:\/\/www.visit-ulcinj.com\/blog\/wp-content\/uploads\/2009\/04\/dentisti.jpg\"><img loading=\"lazy\" class=\"alignleft size-full wp-image-18215\" title=\"dentisti-big-brother-albania-2\" src=\"http:\/\/www.visit-ulcinj.com\/blog\/wp-content\/uploads\/2009\/04\/dentisti.jpg\" alt=\"dentisti-big-brother-albania-2\" width=\"300\" height=\"205\" \/><\/a>16\/04\/09 19:51<\/span><\/em><\/p>\n<p>\u201cBig Brother\u201d ka menduar p\u00ebr sh\u00ebndetin e banor\u00ebve, duke i ofruar nj\u00eb sh\u00ebrbim nga klinika stomatologjike \u201cPerla Dent\u201d. Ari \u00ebsht\u00eb banori i par\u00eb q\u00eb ka b\u00ebr\u00eb vizit\u00ebn dhe i \u00ebsht\u00eb n\u00ebnshtruar sh\u00ebrbimeve t\u00eb saj, duke u pasuar m\u00eb pas nga t\u00eb gjith\u00eb banor\u00ebt me rradh\u00eb. T\u00eb gjith\u00eb banor\u00ebt i kan\u00eb treguar dentistit problemet e tyre me dh\u00ebmb\u00ebt, dhe ai \u00ebsht\u00eb munduar t`u zgjidh\u00eb t\u00eb gjitha problemet e tyre.<\/p>\n","protected":false},"excerpt":{"rendered":"<p>16\/04\/09 19:51 \u201cBig Brother\u201d ka menduar p\u00ebr sh\u00ebndetin e banor\u00ebve, duke i ofruar nj\u00eb sh\u00ebrbim nga klinika stomatologjike \u201cPerla Dent\u201d. Ari \u00ebsht\u00eb banori i par\u00eb q\u00eb ka b\u00ebr\u00eb vizit\u00ebn dhe i \u00ebsht\u00eb n\u00ebnshtruar sh\u00ebrbimeve t\u00eb saj, duke u pasuar m\u00eb pas nga t\u00eb gjith\u00eb banor\u00ebt me rradh\u00eb. T\u00eb gjith\u00eb banor\u00ebt i kan\u00eb treguar dentistit problemet [&hellip;]<\/p>\n","protected":false},"author":1,"featured_media":0,"comment_status":"open","ping_status":"closed","sticky":false,"template":"","format":"standard","meta":{"spay_email":"","jetpack_publicize_message":"","jetpack_is_tweetstorm":false,"jetpack_publicize_feature_enabled":true},"categories":[6502],"tags":[8784,8934,5057,6506,6516,6712,7129,9288,9289,6891,6693,6887],"jetpack_publicize_connections":[],"yoast_head":"<!-- This site is optimized with the Yoast SEO plugin v19.1 - https:\/\/yoast.com\/wordpress\/plugins\/seo\/ -->\n<title>Dentisti n\u00c3\u00ab Big Brother | Big Brother Albania 2<\/title>\n<meta name=\"description\" content=\"Big Brother Albania 2 - \u00e2\u20ac\u0153Big Brother\u00e2\u20ac\u009d ka menduar p\u00c3\u00abr sh\u00c3\u00abndetin e banor\u00c3\u00abve, duke i ofruar nj\u00c3\u00ab sh\u00c3\u00abrbim nga klinika stomatologjike \u00e2\u20ac\u0153Perla Dent\u00e2\u20ac\u009d. Ari \u00c3\u00absht\u00c3\u00ab banori i par\u00c3\u00ab q\u00c3\u00ab ka b\u00c3\u00abr\u00c3\u00ab vizit\u00c3\u00abn dhe i \u00c3\u00absht\u00c3\u00ab n\u00c3\u00abnshtruar sh\u00c3\u00abrbimeve t\u00c3\u00ab saj\" \/>\n<meta name=\"robots\" content=\"index, follow, max-snippet:-1, max-image-preview:large, max-video-preview:-1\" \/>\n<link rel=\"canonical\" href=\"https:\/\/www.visit-ulcinj.com\/blog\/2009\/04\/18\/dentisti-ne-big-brother\/\" \/>\n<meta property=\"og:locale\" content=\"en_US\" \/>\n<meta property=\"og:type\" content=\"article\" \/>\n<meta property=\"og:title\" content=\"Dentisti n\u00c3\u00ab Big Brother | Big Brother Albania 2\" \/>\n<meta property=\"og:description\" content=\"Big Brother Albania 2 - \u00e2\u20ac\u0153Big Brother\u00e2\u20ac\u009d ka menduar p\u00c3\u00abr sh\u00c3\u00abndetin e banor\u00c3\u00abve, duke i ofruar nj\u00c3\u00ab sh\u00c3\u00abrbim nga klinika stomatologjike \u00e2\u20ac\u0153Perla Dent\u00e2\u20ac\u009d. Ari \u00c3\u00absht\u00c3\u00ab banori i par\u00c3\u00ab q\u00c3\u00ab ka b\u00c3\u00abr\u00c3\u00ab vizit\u00c3\u00abn dhe i \u00c3\u00absht\u00c3\u00ab n\u00c3\u00abnshtruar sh\u00c3\u00abrbimeve t\u00c3\u00ab saj\" \/>\n<meta property=\"og:url\" content=\"https:\/\/www.visit-ulcinj.com\/blog\/2009\/04\/18\/dentisti-ne-big-brother\/\" \/>\n<meta property=\"og:site_name\" content=\"Lajme nga Ulqini\" \/>\n<meta property=\"article:published_time\" content=\"2009-04-18T08:17:32+00:00\" \/>\n<meta property=\"og:image\" content=\"http:\/\/www.visit-ulcinj.com\/blog\/wp-content\/uploads\/2009\/04\/dentisti.jpg\" \/>\n<meta name=\"twitter:label1\" content=\"Written by\" \/>\n\t<meta name=\"twitter:data1\" content=\"ulqini\" \/>\n<script type=\"application\/ld+json\" class=\"yoast-schema-graph\">{\"@context\":\"https:\/\/schema.org\",\"@graph\":[{\"@type\":\"WebSite\",\"@id\":\"https:\/\/www.visit-ulcinj.com\/blog\/#website\",\"url\":\"https:\/\/www.visit-ulcinj.com\/blog\/\",\"name\":\"Lajme nga Ulqini\",\"description\":\"Lajme,Vijesti,Ulqini,Ulqin,Crna Gora,Mali i Zi\",\"potentialAction\":[{\"@type\":\"SearchAction\",\"target\":{\"@type\":\"EntryPoint\",\"urlTemplate\":\"https:\/\/www.visit-ulcinj.com\/blog\/?s={search_term_string}\"},\"query-input\":\"required name=search_term_string\"}],\"inLanguage\":\"en-US\"},{\"@type\":\"ImageObject\",\"inLanguage\":\"en-US\",\"@id\":\"https:\/\/www.visit-ulcinj.com\/blog\/2009\/04\/18\/dentisti-ne-big-brother\/#primaryimage\",\"url\":\"http:\/\/www.visit-ulcinj.com\/blog\/wp-content\/uploads\/2009\/04\/dentisti.jpg\",\"contentUrl\":\"http:\/\/www.visit-ulcinj.com\/blog\/wp-content\/uploads\/2009\/04\/dentisti.jpg\"},{\"@type\":\"WebPage\",\"@id\":\"https:\/\/www.visit-ulcinj.com\/blog\/2009\/04\/18\/dentisti-ne-big-brother\/#webpage\",\"url\":\"https:\/\/www.visit-ulcinj.com\/blog\/2009\/04\/18\/dentisti-ne-big-brother\/\",\"name\":\"Dentisti n\u00c3\u00ab Big Brother | Big Brother Albania 2\",\"isPartOf\":{\"@id\":\"https:\/\/www.visit-ulcinj.com\/blog\/#website\"},\"primaryImageOfPage\":{\"@id\":\"https:\/\/www.visit-ulcinj.com\/blog\/2009\/04\/18\/dentisti-ne-big-brother\/#primaryimage\"},\"datePublished\":\"2009-04-18T08:17:32+00:00\",\"dateModified\":\"2009-04-18T08:17:32+00:00\",\"author\":{\"@id\":\"https:\/\/www.visit-ulcinj.com\/blog\/#\/schema\/person\/dcab619c614d3038751c63bc2aadc06d\"},\"description\":\"Big Brother Albania 2 - \u00e2\u20ac\u0153Big Brother\u00e2\u20ac\u009d ka menduar p\u00c3\u00abr sh\u00c3\u00abndetin e banor\u00c3\u00abve, duke i ofruar nj\u00c3\u00ab sh\u00c3\u00abrbim nga klinika stomatologjike \u00e2\u20ac\u0153Perla Dent\u00e2\u20ac\u009d. Ari \u00c3\u00absht\u00c3\u00ab banori i par\u00c3\u00ab q\u00c3\u00ab ka b\u00c3\u00abr\u00c3\u00ab vizit\u00c3\u00abn dhe i \u00c3\u00absht\u00c3\u00ab n\u00c3\u00abnshtruar sh\u00c3\u00abrbimeve t\u00c3\u00ab saj\",\"breadcrumb\":{\"@id\":\"https:\/\/www.visit-ulcinj.com\/blog\/2009\/04\/18\/dentisti-ne-big-brother\/#breadcrumb\"},\"inLanguage\":\"en-US\",\"potentialAction\":[{\"@type\":\"ReadAction\",\"target\":[\"https:\/\/www.visit-ulcinj.com\/blog\/2009\/04\/18\/dentisti-ne-big-brother\/\"]}]},{\"@type\":\"BreadcrumbList\",\"@id\":\"https:\/\/www.visit-ulcinj.com\/blog\/2009\/04\/18\/dentisti-ne-big-brother\/#breadcrumb\",\"itemListElement\":[{\"@type\":\"ListItem\",\"position\":1,\"name\":\"Dentisti n\u00eb Big Brother\"}]},{\"@type\":\"Person\",\"@id\":\"https:\/\/www.visit-ulcinj.com\/blog\/#\/schema\/person\/dcab619c614d3038751c63bc2aadc06d\",\"name\":\"ulqini\",\"sameAs\":[\"http:\/\/www.visit-ulcinj.com\"],\"url\":\"https:\/\/www.visit-ulcinj.com\/blog\/author\/admin\/\"}]}<\/script>\n<!-- \/ Yoast SEO plugin. -->","yoast_head_json":{"title":"Dentisti n\u00c3\u00ab Big Brother | Big Brother Albania 2","description":"Big Brother Albania 2 - \u00e2\u20ac\u0153Big Brother\u00e2\u20ac\u009d ka menduar p\u00c3\u00abr sh\u00c3\u00abndetin e banor\u00c3\u00abve, duke i ofruar nj\u00c3\u00ab sh\u00c3\u00abrbim nga klinika stomatologjike \u00e2\u20ac\u0153Perla Dent\u00e2\u20ac\u009d. Ari \u00c3\u00absht\u00c3\u00ab banori i par\u00c3\u00ab q\u00c3\u00ab ka b\u00c3\u00abr\u00c3\u00ab vizit\u00c3\u00abn dhe i \u00c3\u00absht\u00c3\u00ab n\u00c3\u00abnshtruar sh\u00c3\u00abrbimeve t\u00c3\u00ab saj","robots":{"index":"index","follow":"follow","max-snippet":"max-snippet:-1","max-image-preview":"max-image-preview:large","max-video-preview":"max-video-preview:-1"},"canonical":"https:\/\/www.visit-ulcinj.com\/blog\/2009\/04\/18\/dentisti-ne-big-brother\/","og_locale":"en_US","og_type":"article","og_title":"Dentisti n\u00c3\u00ab Big Brother | Big Brother Albania 2","og_description":"Big Brother Albania 2 - \u00e2\u20ac\u0153Big Brother\u00e2\u20ac\u009d ka menduar p\u00c3\u00abr sh\u00c3\u00abndetin e banor\u00c3\u00abve, duke i ofruar nj\u00c3\u00ab sh\u00c3\u00abrbim nga klinika stomatologjike \u00e2\u20ac\u0153Perla Dent\u00e2\u20ac\u009d. Ari \u00c3\u00absht\u00c3\u00ab banori i par\u00c3\u00ab q\u00c3\u00ab ka b\u00c3\u00abr\u00c3\u00ab vizit\u00c3\u00abn dhe i \u00c3\u00absht\u00c3\u00ab n\u00c3\u00abnshtruar sh\u00c3\u00abrbimeve t\u00c3\u00ab saj","og_url":"https:\/\/www.visit-ulcinj.com\/blog\/2009\/04\/18\/dentisti-ne-big-brother\/","og_site_name":"Lajme nga Ulqini","article_published_time":"2009-04-18T08:17:32+00:00","og_image":[{"url":"http:\/\/www.visit-ulcinj.com\/blog\/wp-content\/uploads\/2009\/04\/dentisti.jpg"}],"twitter_misc":{"Written by":"ulqini"},"schema":{"@context":"https:\/\/schema.org","@graph":[{"@type":"WebSite","@id":"https:\/\/www.visit-ulcinj.com\/blog\/#website","url":"https:\/\/www.visit-ulcinj.com\/blog\/","name":"Lajme nga Ulqini","description":"Lajme,Vijesti,Ulqini,Ulqin,Crna Gora,Mali i Zi","potentialAction":[{"@type":"SearchAction","target":{"@type":"EntryPoint","urlTemplate":"https:\/\/www.visit-ulcinj.com\/blog\/?s={search_term_string}"},"query-input":"required name=search_term_string"}],"inLanguage":"en-US"},{"@type":"ImageObject","inLanguage":"en-US","@id":"https:\/\/www.visit-ulcinj.com\/blog\/2009\/04\/18\/dentisti-ne-big-brother\/#primaryimage","url":"http:\/\/www.visit-ulcinj.com\/blog\/wp-content\/uploads\/2009\/04\/dentisti.jpg","contentUrl":"http:\/\/www.visit-ulcinj.com\/blog\/wp-content\/uploads\/2009\/04\/dentisti.jpg"},{"@type":"WebPage","@id":"https:\/\/www.visit-ulcinj.com\/blog\/2009\/04\/18\/dentisti-ne-big-brother\/#webpage","url":"https:\/\/www.visit-ulcinj.com\/blog\/2009\/04\/18\/dentisti-ne-big-brother\/","name":"Dentisti n\u00c3\u00ab Big Brother | Big Brother Albania 2","isPartOf":{"@id":"https:\/\/www.visit-ulcinj.com\/blog\/#website"},"primaryImageOfPage":{"@id":"https:\/\/www.visit-ulcinj.com\/blog\/2009\/04\/18\/dentisti-ne-big-brother\/#primaryimage"},"datePublished":"2009-04-18T08:17:32+00:00","dateModified":"2009-04-18T08:17:32+00:00","author":{"@id":"https:\/\/www.visit-ulcinj.com\/blog\/#\/schema\/person\/dcab619c614d3038751c63bc2aadc06d"},"description":"Big Brother Albania 2 - \u00e2\u20ac\u0153Big Brother\u00e2\u20ac\u009d ka menduar p\u00c3\u00abr sh\u00c3\u00abndetin e banor\u00c3\u00abve, duke i ofruar nj\u00c3\u00ab sh\u00c3\u00abrbim nga klinika stomatologjike \u00e2\u20ac\u0153Perla Dent\u00e2\u20ac\u009d. Ari \u00c3\u00absht\u00c3\u00ab banori i par\u00c3\u00ab q\u00c3\u00ab ka b\u00c3\u00abr\u00c3\u00ab vizit\u00c3\u00abn dhe i \u00c3\u00absht\u00c3\u00ab n\u00c3\u00abnshtruar sh\u00c3\u00abrbimeve t\u00c3\u00ab saj","breadcrumb":{"@id":"https:\/\/www.visit-ulcinj.com\/blog\/2009\/04\/18\/dentisti-ne-big-brother\/#breadcrumb"},"inLanguage":"en-US","potentialAction":[{"@type":"ReadAction","target":["https:\/\/www.visit-ulcinj.com\/blog\/2009\/04\/18\/dentisti-ne-big-brother\/"]}]},{"@type":"BreadcrumbList","@id":"https:\/\/www.visit-ulcinj.com\/blog\/2009\/04\/18\/dentisti-ne-big-brother\/#breadcrumb","itemListElement":[{"@type":"ListItem","position":1,"name":"Dentisti n\u00eb Big Brother"}]},{"@type":"Person","@id":"https:\/\/www.visit-ulcinj.com\/blog\/#\/schema\/person\/dcab619c614d3038751c63bc2aadc06d","name":"ulqini","sameAs":["http:\/\/www.visit-ulcinj.com"],"url":"https:\/\/www.visit-ulcinj.com\/blog\/author\/admin\/"}]}},"jetpack_featured_media_url":"","jetpack_sharing_enabled":true,"jetpack_shortlink":"https:\/\/wp.me\/pe6lTn-4JM","_links":{"self":[{"href":"https:\/\/www.visit-ulcinj.com\/blog\/wp-json\/wp\/v2\/posts\/18214"}],"collection":[{"href":"https:\/\/www.visit-ulcinj.com\/blog\/wp-json\/wp\/v2\/posts"}],"about":[{"href":"https:\/\/www.visit-ulcinj.com\/blog\/wp-json\/wp\/v2\/types\/post"}],"author":[{"embeddable":true,"href":"https:\/\/www.visit-ulcinj.com\/blog\/wp-json\/wp\/v2\/users\/1"}],"replies":[{"embeddable":true,"href":"https:\/\/www.visit-ulcinj.com\/blog\/wp-json\/wp\/v2\/comments?post=18214"}],"version-history":[{"count":0,"href":"https:\/\/www.visit-ulcinj.com\/blog\/wp-json\/wp\/v2\/posts\/18214\/revisions"}],"wp:attachment":[{"href":"https:\/\/www.visit-ulcinj.com\/blog\/wp-json\/wp\/v2\/media?parent=18214"}],"wp:term":[{"taxonomy":"category","embeddable":true,"href":"https:\/\/www.visit-ulcinj.com\/blog\/wp-json\/wp\/v2\/categories?post=18214"},{"taxonomy":"post_tag","embeddable":true,"href":"https:\/\/www.visit-ulcinj.com\/blog\/wp-json\/wp\/v2\/tags?post=18214"}],"curies":[{"name":"wp","href":"https:\/\/api.w.org\/{rel}","templated":true}]}}