{"id":18221,"date":"2009-04-18T10:22:49","date_gmt":"2009-04-18T08:22:49","guid":{"rendered":"http:\/\/www.visit-ulcinj.com\/blog\/?p=18221"},"modified":"2009-04-18T10:22:49","modified_gmt":"2009-04-18T08:22:49","slug":"arjan-moza-vetem-fytyren-ka-te-bukur","status":"publish","type":"post","link":"https:\/\/www.visit-ulcinj.com\/blog\/2009\/04\/18\/arjan-moza-vetem-fytyren-ka-te-bukur\/","title":{"rendered":"Arjan : Moza vet\u00ebm fytyr\u00ebn ka t\u00eb bukur"},"content":{"rendered":"<p><em><span class=\"newsdate\"><a href=\"http:\/\/www.visit-ulcinj.com\/blog\/wp-content\/uploads\/2009\/04\/ari-per-paraqitjen-e-mozes-big-brother-albania-2.jpg\"><img loading=\"lazy\" class=\"alignleft size-full wp-image-18222\" title=\"ari-per-paraqitjen-e-mozes-big-brother-albania-2\" src=\"http:\/\/www.visit-ulcinj.com\/blog\/wp-content\/uploads\/2009\/04\/ari-per-paraqitjen-e-mozes-big-brother-albania-2.jpg\" alt=\"ari-per-paraqitjen-e-mozes-big-brother-albania-2\" width=\"300\" height=\"205\" \/><\/a>17\/04\/09 00:00<\/span><\/em><\/p>\n<p>\u201cJe trashur!\u201d \u2013 i ka th\u00ebn\u00eb Ari Mimoz\u00ebs. Ajo i ka th\u00ebn\u00eb se nj\u00ebher\u00eb sh\u00ebndoshej, nj\u00ebher\u00eb dob\u00ebsohej, por nuk e dinte pse. Megjithat\u00eb \u00ebsht\u00eb shprehur e k\u00ebnaqur p\u00ebr sh\u00ebndetin q\u00eb mund t\u00eb kishte marr\u00eb, pasi, sipas saj, kishte nevoj\u00eb. Adelajda ka th\u00ebn\u00eb se gjithsesi, Mimoza ishte shum\u00eb e mir\u00eb. \u201c\u00cbsht\u00eb e mir\u00eb se \u00ebsht\u00eb e vog\u00ebl!\u201d \u2013 ka th\u00ebn\u00eb Qetsori. Nd\u00ebrsa sipas Arjanit, Mimoza vet\u00ebm fytyr\u00ebn kishte t\u00eb bukur, asgj\u00eb tjet\u00ebr. \u201cMoza \u00ebsht\u00eb e \u00ebmb\u00ebl, se asnj\u00eb paramet\u00ebr tjet\u00ebr s\u2019ka! Trupin s\u2019e ka t\u00eb mir\u00eb, gush\u00ebn s\u2019e ka t\u00eb mir\u00eb&#8230;K\u00eb quani t\u00eb mir\u00eb ju se na \u00e7udit\u00ebt?!\u201d \u2013 ka th\u00ebn\u00eb ai.<\/p>\n","protected":false},"excerpt":{"rendered":"<p>17\/04\/09 00:00 \u201cJe trashur!\u201d \u2013 i ka th\u00ebn\u00eb Ari Mimoz\u00ebs. Ajo i ka th\u00ebn\u00eb se nj\u00ebher\u00eb sh\u00ebndoshej, nj\u00ebher\u00eb dob\u00ebsohej, por nuk e dinte pse. Megjithat\u00eb \u00ebsht\u00eb shprehur e k\u00ebnaqur p\u00ebr sh\u00ebndetin q\u00eb mund t\u00eb kishte marr\u00eb, pasi, sipas saj, kishte nevoj\u00eb. Adelajda ka th\u00ebn\u00eb se gjithsesi, Mimoza ishte shum\u00eb e mir\u00eb. \u201c\u00cbsht\u00eb e mir\u00eb se [&hellip;]<\/p>\n","protected":false},"author":1,"featured_media":0,"comment_status":"open","ping_status":"closed","sticky":false,"template":"","format":"standard","meta":{"spay_email":"","jetpack_publicize_message":"","jetpack_is_tweetstorm":false,"jetpack_publicize_feature_enabled":true},"categories":[6502],"tags":[8934,5057,6506,6516,6712,7129,9293,6544,6891,6693,6887,9292],"jetpack_publicize_connections":[],"yoast_head":"<!-- This site is optimized with the Yoast SEO plugin v19.1 - https:\/\/yoast.com\/wordpress\/plugins\/seo\/ -->\n<title>Arjan : Moza vet\u00c3\u00abm fytyr\u00c3\u00abn ka t\u00c3\u00ab bukur | Big Brother Albania 2<\/title>\n<meta name=\"description\" content=\"Big Brother Albania 2 - \u00e2\u20ac\u0153Je trashur!\u00e2\u20ac\u009d \u00e2\u20ac\u201c i ka th\u00c3\u00abn\u00c3\u00ab Ari Mimoz\u00c3\u00abs. Ajo i ka th\u00c3\u00abn\u00c3\u00ab se nj\u00c3\u00abher\u00c3\u00ab sh\u00c3\u00abndoshej, nj\u00c3\u00abher\u00c3\u00ab dob\u00c3\u00absohej, por nuk e dinte pse. Megjithat\u00c3\u00ab \u00c3\u00absht\u00c3\u00ab shprehur e k\u00c3\u00abnaqur p\u00c3\u00abr sh\u00c3\u00abndetin q\u00c3\u00ab mund t\u00c3\u00ab kishte marr\u00c3\u00ab\" \/>\n<meta name=\"robots\" content=\"index, follow, max-snippet:-1, max-image-preview:large, max-video-preview:-1\" \/>\n<link rel=\"canonical\" href=\"https:\/\/www.visit-ulcinj.com\/blog\/2009\/04\/18\/arjan-moza-vetem-fytyren-ka-te-bukur\/\" \/>\n<meta property=\"og:locale\" content=\"en_US\" \/>\n<meta property=\"og:type\" content=\"article\" \/>\n<meta property=\"og:title\" content=\"Arjan : Moza vet\u00c3\u00abm fytyr\u00c3\u00abn ka t\u00c3\u00ab bukur | Big Brother Albania 2\" \/>\n<meta property=\"og:description\" content=\"Big Brother Albania 2 - \u00e2\u20ac\u0153Je trashur!\u00e2\u20ac\u009d \u00e2\u20ac\u201c i ka th\u00c3\u00abn\u00c3\u00ab Ari Mimoz\u00c3\u00abs. Ajo i ka th\u00c3\u00abn\u00c3\u00ab se nj\u00c3\u00abher\u00c3\u00ab sh\u00c3\u00abndoshej, nj\u00c3\u00abher\u00c3\u00ab dob\u00c3\u00absohej, por nuk e dinte pse. Megjithat\u00c3\u00ab \u00c3\u00absht\u00c3\u00ab shprehur e k\u00c3\u00abnaqur p\u00c3\u00abr sh\u00c3\u00abndetin q\u00c3\u00ab mund t\u00c3\u00ab kishte marr\u00c3\u00ab\" \/>\n<meta property=\"og:url\" content=\"https:\/\/www.visit-ulcinj.com\/blog\/2009\/04\/18\/arjan-moza-vetem-fytyren-ka-te-bukur\/\" \/>\n<meta property=\"og:site_name\" content=\"Lajme nga Ulqini\" \/>\n<meta property=\"article:published_time\" content=\"2009-04-18T08:22:49+00:00\" \/>\n<meta property=\"og:image\" content=\"http:\/\/www.visit-ulcinj.com\/blog\/wp-content\/uploads\/2009\/04\/ari-per-paraqitjen-e-mozes-big-brother-albania-2.jpg\" \/>\n<meta name=\"twitter:label1\" content=\"Written by\" \/>\n\t<meta name=\"twitter:data1\" content=\"ulqini\" \/>\n\t<meta name=\"twitter:label2\" content=\"Est. reading time\" \/>\n\t<meta name=\"twitter:data2\" content=\"1 minute\" \/>\n<script type=\"application\/ld+json\" class=\"yoast-schema-graph\">{\"@context\":\"https:\/\/schema.org\",\"@graph\":[{\"@type\":\"WebSite\",\"@id\":\"https:\/\/www.visit-ulcinj.com\/blog\/#website\",\"url\":\"https:\/\/www.visit-ulcinj.com\/blog\/\",\"name\":\"Lajme nga Ulqini\",\"description\":\"Lajme,Vijesti,Ulqini,Ulqin,Crna Gora,Mali i Zi\",\"potentialAction\":[{\"@type\":\"SearchAction\",\"target\":{\"@type\":\"EntryPoint\",\"urlTemplate\":\"https:\/\/www.visit-ulcinj.com\/blog\/?s={search_term_string}\"},\"query-input\":\"required name=search_term_string\"}],\"inLanguage\":\"en-US\"},{\"@type\":\"ImageObject\",\"inLanguage\":\"en-US\",\"@id\":\"https:\/\/www.visit-ulcinj.com\/blog\/2009\/04\/18\/arjan-moza-vetem-fytyren-ka-te-bukur\/#primaryimage\",\"url\":\"http:\/\/www.visit-ulcinj.com\/blog\/wp-content\/uploads\/2009\/04\/ari-per-paraqitjen-e-mozes-big-brother-albania-2.jpg\",\"contentUrl\":\"http:\/\/www.visit-ulcinj.com\/blog\/wp-content\/uploads\/2009\/04\/ari-per-paraqitjen-e-mozes-big-brother-albania-2.jpg\"},{\"@type\":\"WebPage\",\"@id\":\"https:\/\/www.visit-ulcinj.com\/blog\/2009\/04\/18\/arjan-moza-vetem-fytyren-ka-te-bukur\/#webpage\",\"url\":\"https:\/\/www.visit-ulcinj.com\/blog\/2009\/04\/18\/arjan-moza-vetem-fytyren-ka-te-bukur\/\",\"name\":\"Arjan : Moza vet\u00c3\u00abm fytyr\u00c3\u00abn ka t\u00c3\u00ab bukur | Big Brother Albania 2\",\"isPartOf\":{\"@id\":\"https:\/\/www.visit-ulcinj.com\/blog\/#website\"},\"primaryImageOfPage\":{\"@id\":\"https:\/\/www.visit-ulcinj.com\/blog\/2009\/04\/18\/arjan-moza-vetem-fytyren-ka-te-bukur\/#primaryimage\"},\"datePublished\":\"2009-04-18T08:22:49+00:00\",\"dateModified\":\"2009-04-18T08:22:49+00:00\",\"author\":{\"@id\":\"https:\/\/www.visit-ulcinj.com\/blog\/#\/schema\/person\/dcab619c614d3038751c63bc2aadc06d\"},\"description\":\"Big Brother Albania 2 - \u00e2\u20ac\u0153Je trashur!\u00e2\u20ac\u009d \u00e2\u20ac\u201c i ka th\u00c3\u00abn\u00c3\u00ab Ari Mimoz\u00c3\u00abs. Ajo i ka th\u00c3\u00abn\u00c3\u00ab se nj\u00c3\u00abher\u00c3\u00ab sh\u00c3\u00abndoshej, nj\u00c3\u00abher\u00c3\u00ab dob\u00c3\u00absohej, por nuk e dinte pse. Megjithat\u00c3\u00ab \u00c3\u00absht\u00c3\u00ab shprehur e k\u00c3\u00abnaqur p\u00c3\u00abr sh\u00c3\u00abndetin q\u00c3\u00ab mund t\u00c3\u00ab kishte marr\u00c3\u00ab\",\"breadcrumb\":{\"@id\":\"https:\/\/www.visit-ulcinj.com\/blog\/2009\/04\/18\/arjan-moza-vetem-fytyren-ka-te-bukur\/#breadcrumb\"},\"inLanguage\":\"en-US\",\"potentialAction\":[{\"@type\":\"ReadAction\",\"target\":[\"https:\/\/www.visit-ulcinj.com\/blog\/2009\/04\/18\/arjan-moza-vetem-fytyren-ka-te-bukur\/\"]}]},{\"@type\":\"BreadcrumbList\",\"@id\":\"https:\/\/www.visit-ulcinj.com\/blog\/2009\/04\/18\/arjan-moza-vetem-fytyren-ka-te-bukur\/#breadcrumb\",\"itemListElement\":[{\"@type\":\"ListItem\",\"position\":1,\"name\":\"Arjan : Moza vet\u00ebm fytyr\u00ebn ka t\u00eb bukur\"}]},{\"@type\":\"Person\",\"@id\":\"https:\/\/www.visit-ulcinj.com\/blog\/#\/schema\/person\/dcab619c614d3038751c63bc2aadc06d\",\"name\":\"ulqini\",\"sameAs\":[\"http:\/\/www.visit-ulcinj.com\"],\"url\":\"https:\/\/www.visit-ulcinj.com\/blog\/author\/admin\/\"}]}<\/script>\n<!-- \/ Yoast SEO plugin. -->","yoast_head_json":{"title":"Arjan : Moza vet\u00c3\u00abm fytyr\u00c3\u00abn ka t\u00c3\u00ab bukur | Big Brother Albania 2","description":"Big Brother Albania 2 - \u00e2\u20ac\u0153Je trashur!\u00e2\u20ac\u009d \u00e2\u20ac\u201c i ka th\u00c3\u00abn\u00c3\u00ab Ari Mimoz\u00c3\u00abs. Ajo i ka th\u00c3\u00abn\u00c3\u00ab se nj\u00c3\u00abher\u00c3\u00ab sh\u00c3\u00abndoshej, nj\u00c3\u00abher\u00c3\u00ab dob\u00c3\u00absohej, por nuk e dinte pse. Megjithat\u00c3\u00ab \u00c3\u00absht\u00c3\u00ab shprehur e k\u00c3\u00abnaqur p\u00c3\u00abr sh\u00c3\u00abndetin q\u00c3\u00ab mund t\u00c3\u00ab kishte marr\u00c3\u00ab","robots":{"index":"index","follow":"follow","max-snippet":"max-snippet:-1","max-image-preview":"max-image-preview:large","max-video-preview":"max-video-preview:-1"},"canonical":"https:\/\/www.visit-ulcinj.com\/blog\/2009\/04\/18\/arjan-moza-vetem-fytyren-ka-te-bukur\/","og_locale":"en_US","og_type":"article","og_title":"Arjan : Moza vet\u00c3\u00abm fytyr\u00c3\u00abn ka t\u00c3\u00ab bukur | Big Brother Albania 2","og_description":"Big Brother Albania 2 - \u00e2\u20ac\u0153Je trashur!\u00e2\u20ac\u009d \u00e2\u20ac\u201c i ka th\u00c3\u00abn\u00c3\u00ab Ari Mimoz\u00c3\u00abs. Ajo i ka th\u00c3\u00abn\u00c3\u00ab se nj\u00c3\u00abher\u00c3\u00ab sh\u00c3\u00abndoshej, nj\u00c3\u00abher\u00c3\u00ab dob\u00c3\u00absohej, por nuk e dinte pse. Megjithat\u00c3\u00ab \u00c3\u00absht\u00c3\u00ab shprehur e k\u00c3\u00abnaqur p\u00c3\u00abr sh\u00c3\u00abndetin q\u00c3\u00ab mund t\u00c3\u00ab kishte marr\u00c3\u00ab","og_url":"https:\/\/www.visit-ulcinj.com\/blog\/2009\/04\/18\/arjan-moza-vetem-fytyren-ka-te-bukur\/","og_site_name":"Lajme nga Ulqini","article_published_time":"2009-04-18T08:22:49+00:00","og_image":[{"url":"http:\/\/www.visit-ulcinj.com\/blog\/wp-content\/uploads\/2009\/04\/ari-per-paraqitjen-e-mozes-big-brother-albania-2.jpg"}],"twitter_misc":{"Written by":"ulqini","Est. reading time":"1 minute"},"schema":{"@context":"https:\/\/schema.org","@graph":[{"@type":"WebSite","@id":"https:\/\/www.visit-ulcinj.com\/blog\/#website","url":"https:\/\/www.visit-ulcinj.com\/blog\/","name":"Lajme nga Ulqini","description":"Lajme,Vijesti,Ulqini,Ulqin,Crna Gora,Mali i Zi","potentialAction":[{"@type":"SearchAction","target":{"@type":"EntryPoint","urlTemplate":"https:\/\/www.visit-ulcinj.com\/blog\/?s={search_term_string}"},"query-input":"required name=search_term_string"}],"inLanguage":"en-US"},{"@type":"ImageObject","inLanguage":"en-US","@id":"https:\/\/www.visit-ulcinj.com\/blog\/2009\/04\/18\/arjan-moza-vetem-fytyren-ka-te-bukur\/#primaryimage","url":"http:\/\/www.visit-ulcinj.com\/blog\/wp-content\/uploads\/2009\/04\/ari-per-paraqitjen-e-mozes-big-brother-albania-2.jpg","contentUrl":"http:\/\/www.visit-ulcinj.com\/blog\/wp-content\/uploads\/2009\/04\/ari-per-paraqitjen-e-mozes-big-brother-albania-2.jpg"},{"@type":"WebPage","@id":"https:\/\/www.visit-ulcinj.com\/blog\/2009\/04\/18\/arjan-moza-vetem-fytyren-ka-te-bukur\/#webpage","url":"https:\/\/www.visit-ulcinj.com\/blog\/2009\/04\/18\/arjan-moza-vetem-fytyren-ka-te-bukur\/","name":"Arjan : Moza vet\u00c3\u00abm fytyr\u00c3\u00abn ka t\u00c3\u00ab bukur | Big Brother Albania 2","isPartOf":{"@id":"https:\/\/www.visit-ulcinj.com\/blog\/#website"},"primaryImageOfPage":{"@id":"https:\/\/www.visit-ulcinj.com\/blog\/2009\/04\/18\/arjan-moza-vetem-fytyren-ka-te-bukur\/#primaryimage"},"datePublished":"2009-04-18T08:22:49+00:00","dateModified":"2009-04-18T08:22:49+00:00","author":{"@id":"https:\/\/www.visit-ulcinj.com\/blog\/#\/schema\/person\/dcab619c614d3038751c63bc2aadc06d"},"description":"Big Brother Albania 2 - \u00e2\u20ac\u0153Je trashur!\u00e2\u20ac\u009d \u00e2\u20ac\u201c i ka th\u00c3\u00abn\u00c3\u00ab Ari Mimoz\u00c3\u00abs. Ajo i ka th\u00c3\u00abn\u00c3\u00ab se nj\u00c3\u00abher\u00c3\u00ab sh\u00c3\u00abndoshej, nj\u00c3\u00abher\u00c3\u00ab dob\u00c3\u00absohej, por nuk e dinte pse. Megjithat\u00c3\u00ab \u00c3\u00absht\u00c3\u00ab shprehur e k\u00c3\u00abnaqur p\u00c3\u00abr sh\u00c3\u00abndetin q\u00c3\u00ab mund t\u00c3\u00ab kishte marr\u00c3\u00ab","breadcrumb":{"@id":"https:\/\/www.visit-ulcinj.com\/blog\/2009\/04\/18\/arjan-moza-vetem-fytyren-ka-te-bukur\/#breadcrumb"},"inLanguage":"en-US","potentialAction":[{"@type":"ReadAction","target":["https:\/\/www.visit-ulcinj.com\/blog\/2009\/04\/18\/arjan-moza-vetem-fytyren-ka-te-bukur\/"]}]},{"@type":"BreadcrumbList","@id":"https:\/\/www.visit-ulcinj.com\/blog\/2009\/04\/18\/arjan-moza-vetem-fytyren-ka-te-bukur\/#breadcrumb","itemListElement":[{"@type":"ListItem","position":1,"name":"Arjan : Moza vet\u00ebm fytyr\u00ebn ka t\u00eb bukur"}]},{"@type":"Person","@id":"https:\/\/www.visit-ulcinj.com\/blog\/#\/schema\/person\/dcab619c614d3038751c63bc2aadc06d","name":"ulqini","sameAs":["http:\/\/www.visit-ulcinj.com"],"url":"https:\/\/www.visit-ulcinj.com\/blog\/author\/admin\/"}]}},"jetpack_featured_media_url":"","jetpack_sharing_enabled":true,"jetpack_shortlink":"https:\/\/wp.me\/pe6lTn-4JT","_links":{"self":[{"href":"https:\/\/www.visit-ulcinj.com\/blog\/wp-json\/wp\/v2\/posts\/18221"}],"collection":[{"href":"https:\/\/www.visit-ulcinj.com\/blog\/wp-json\/wp\/v2\/posts"}],"about":[{"href":"https:\/\/www.visit-ulcinj.com\/blog\/wp-json\/wp\/v2\/types\/post"}],"author":[{"embeddable":true,"href":"https:\/\/www.visit-ulcinj.com\/blog\/wp-json\/wp\/v2\/users\/1"}],"replies":[{"embeddable":true,"href":"https:\/\/www.visit-ulcinj.com\/blog\/wp-json\/wp\/v2\/comments?post=18221"}],"version-history":[{"count":0,"href":"https:\/\/www.visit-ulcinj.com\/blog\/wp-json\/wp\/v2\/posts\/18221\/revisions"}],"wp:attachment":[{"href":"https:\/\/www.visit-ulcinj.com\/blog\/wp-json\/wp\/v2\/media?parent=18221"}],"wp:term":[{"taxonomy":"category","embeddable":true,"href":"https:\/\/www.visit-ulcinj.com\/blog\/wp-json\/wp\/v2\/categories?post=18221"},{"taxonomy":"post_tag","embeddable":true,"href":"https:\/\/www.visit-ulcinj.com\/blog\/wp-json\/wp\/v2\/tags?post=18221"}],"curies":[{"name":"wp","href":"https:\/\/api.w.org\/{rel}","templated":true}]}}