{"id":18224,"date":"2009-04-18T10:28:16","date_gmt":"2009-04-18T08:28:16","guid":{"rendered":"http:\/\/www.visit-ulcinj.com\/blog\/?p=18224"},"modified":"2009-04-18T10:28:16","modified_gmt":"2009-04-18T08:28:16","slug":"adelajda-ti-je-me-e-mire-se-moza","status":"publish","type":"post","link":"https:\/\/www.visit-ulcinj.com\/blog\/2009\/04\/18\/adelajda-ti-je-me-e-mire-se-moza\/","title":{"rendered":"Adelajda : Ti je m\u00eb e mir\u00eb se Moza"},"content":{"rendered":"<p><em><span class=\"newsdate\"><a href=\"http:\/\/www.visit-ulcinj.com\/blog\/wp-content\/uploads\/2009\/04\/adela-per-paraqitjen-e-mimozes-big-brother-albania-2.jpg\"><img loading=\"lazy\" class=\"alignleft size-full wp-image-18228\" title=\"adela-per-paraqitjen-e-mimozes-big-brother-albania-2\" src=\"http:\/\/www.visit-ulcinj.com\/blog\/wp-content\/uploads\/2009\/04\/adela-per-paraqitjen-e-mimozes-big-brother-albania-2.jpg\" alt=\"adela-per-paraqitjen-e-mimozes-big-brother-albania-2\" width=\"300\" height=\"205\" \/><\/a>17\/04\/09 00:10<\/span><\/em><\/p>\n<p>\u201cNga t\u00eb dy Big Brother, Moza \u00ebsht\u00eb goca m\u00eb e bukur!\u201d \u2013 ka th\u00ebn\u00eb Adelajda. \u201cDakord!\u201d \u2013 ka th\u00ebn\u00eb edhe Arjani, edhe Qetsori. \u201cPas Mimoz\u00ebs, vjen ti!\u201d- i ka th\u00ebn\u00eb Arjani asaj. \u201cJam edhe un\u00eb, po ato jan\u00eb m\u00eb t\u00eb mira, m\u00eb t\u00eb gjata, m\u00eb t\u00eb bukura&#8230;- ka th\u00ebn\u00eb Adela. Sipas Arjanit varet sesi e shihje, sepse, po sipas tij, n\u00eb nj\u00eb k\u00ebndv\u00ebshtrim mashkullor, ajo ishte m\u00eb e mir\u00eb se Mimoza. \u201cTi je m\u00eb \u201chot\u201d, m\u00eb fem\u00ebr!\u201d- i ka th\u00ebn\u00eb Arjani asaj. &#8211; Ti &#8230;. e ke m\u00eb t\u00eb bukur se t\u00eb Moz\u00ebs!\u2019. Sipas Qetsorit, ajo vet\u00ebm ecjen duhet t\u00eb rregullonte. Sipas Arjanit, n\u00ebse Adelajden e p\u00ebrpunoje pak n\u00eb veshje, n\u00eb ecje dhe n\u00eb look, ajo \u201cdilte bomb\u00eb fare\u201d. Me daljen e saj nga dhoma, Arjani dhe Qetsori kan\u00eb vazhduar komentet p\u00ebr t\u00eb. \u201cZysha \u00ebsht\u00eb fem\u00ebr, Moza \u00ebsht\u00eb bebush!\u201d \u2013 ka th\u00ebn\u00eb Arjani. Ai ka th\u00ebn\u00eb se nj\u00eb tjet\u00ebr nga defektet e Adel\u00ebs ishte qafa, m\u00eb sakt viza q\u00eb kishte n\u00eb qaf\u00eb, por ajo ishte nj\u00eb fem\u00ebr shum\u00eb ndjell\u00ebse. \u201cBjordi na e z\u00eb kot!\u201d \u2013 ka th\u00ebn\u00eb ai. Sipas Qetsorit Bjordi po e mbante peng situat\u00ebn.<\/p>\n","protected":false},"excerpt":{"rendered":"<p>17\/04\/09 00:10 \u201cNga t\u00eb dy Big Brother, Moza \u00ebsht\u00eb goca m\u00eb e bukur!\u201d \u2013 ka th\u00ebn\u00eb Adelajda. \u201cDakord!\u201d \u2013 ka th\u00ebn\u00eb edhe Arjani, edhe Qetsori. \u201cPas Mimoz\u00ebs, vjen ti!\u201d- i ka th\u00ebn\u00eb Arjani asaj. \u201cJam edhe un\u00eb, po ato jan\u00eb m\u00eb t\u00eb mira, m\u00eb t\u00eb gjata, m\u00eb t\u00eb bukura&#8230;- ka th\u00ebn\u00eb Adela. Sipas Arjanit varet [&hellip;]<\/p>\n","protected":false},"author":1,"featured_media":0,"comment_status":"open","ping_status":"closed","sticky":false,"template":"","format":"standard","meta":{"spay_email":"","jetpack_publicize_message":"","jetpack_is_tweetstorm":false,"jetpack_publicize_feature_enabled":true},"categories":[6502],"tags":[6529,8934,5057,6506,6516,6712,7129,6544,6526,6891,6693,6887],"jetpack_publicize_connections":[],"yoast_head":"<!-- This site is optimized with the Yoast SEO plugin v19.1 - https:\/\/yoast.com\/wordpress\/plugins\/seo\/ -->\n<title>Adelajda : Ti je m\u00c3\u00ab e mir\u00c3\u00ab se Moza | Big Brother Albania 2<\/title>\n<meta name=\"description\" content=\"Big Brother Albania 2 - \u00e2\u20ac\u0153Nga t\u00c3\u00ab dy Big Brother, Moza \u00c3\u00absht\u00c3\u00ab goca m\u00c3\u00ab e bukur!\u00e2\u20ac\u009d \u00e2\u20ac\u201c ka th\u00c3\u00abn\u00c3\u00ab Adelajda. \u00e2\u20ac\u0153Dakord!\u00e2\u20ac\u009d \u00e2\u20ac\u201c ka th\u00c3\u00abn\u00c3\u00ab edhe Arjani, edhe Qetsori.\" \/>\n<meta name=\"robots\" content=\"index, follow, max-snippet:-1, max-image-preview:large, max-video-preview:-1\" \/>\n<link rel=\"canonical\" href=\"https:\/\/www.visit-ulcinj.com\/blog\/2009\/04\/18\/adelajda-ti-je-me-e-mire-se-moza\/\" \/>\n<meta property=\"og:locale\" content=\"en_US\" \/>\n<meta property=\"og:type\" content=\"article\" \/>\n<meta property=\"og:title\" content=\"Adelajda : Ti je m\u00c3\u00ab e mir\u00c3\u00ab se Moza | Big Brother Albania 2\" \/>\n<meta property=\"og:description\" content=\"Big Brother Albania 2 - \u00e2\u20ac\u0153Nga t\u00c3\u00ab dy Big Brother, Moza \u00c3\u00absht\u00c3\u00ab goca m\u00c3\u00ab e bukur!\u00e2\u20ac\u009d \u00e2\u20ac\u201c ka th\u00c3\u00abn\u00c3\u00ab Adelajda. \u00e2\u20ac\u0153Dakord!\u00e2\u20ac\u009d \u00e2\u20ac\u201c ka th\u00c3\u00abn\u00c3\u00ab edhe Arjani, edhe Qetsori.\" \/>\n<meta property=\"og:url\" content=\"https:\/\/www.visit-ulcinj.com\/blog\/2009\/04\/18\/adelajda-ti-je-me-e-mire-se-moza\/\" \/>\n<meta property=\"og:site_name\" content=\"Lajme nga Ulqini\" \/>\n<meta property=\"article:published_time\" content=\"2009-04-18T08:28:16+00:00\" \/>\n<meta property=\"og:image\" content=\"http:\/\/www.visit-ulcinj.com\/blog\/wp-content\/uploads\/2009\/04\/adela-per-paraqitjen-e-mimozes-big-brother-albania-2.jpg\" \/>\n<meta name=\"twitter:label1\" content=\"Written by\" \/>\n\t<meta name=\"twitter:data1\" content=\"ulqini\" \/>\n\t<meta name=\"twitter:label2\" content=\"Est. reading time\" \/>\n\t<meta name=\"twitter:data2\" content=\"1 minute\" \/>\n<script type=\"application\/ld+json\" class=\"yoast-schema-graph\">{\"@context\":\"https:\/\/schema.org\",\"@graph\":[{\"@type\":\"WebSite\",\"@id\":\"https:\/\/www.visit-ulcinj.com\/blog\/#website\",\"url\":\"https:\/\/www.visit-ulcinj.com\/blog\/\",\"name\":\"Lajme nga Ulqini\",\"description\":\"Lajme,Vijesti,Ulqini,Ulqin,Crna Gora,Mali i Zi\",\"potentialAction\":[{\"@type\":\"SearchAction\",\"target\":{\"@type\":\"EntryPoint\",\"urlTemplate\":\"https:\/\/www.visit-ulcinj.com\/blog\/?s={search_term_string}\"},\"query-input\":\"required name=search_term_string\"}],\"inLanguage\":\"en-US\"},{\"@type\":\"ImageObject\",\"inLanguage\":\"en-US\",\"@id\":\"https:\/\/www.visit-ulcinj.com\/blog\/2009\/04\/18\/adelajda-ti-je-me-e-mire-se-moza\/#primaryimage\",\"url\":\"http:\/\/www.visit-ulcinj.com\/blog\/wp-content\/uploads\/2009\/04\/adela-per-paraqitjen-e-mimozes-big-brother-albania-2.jpg\",\"contentUrl\":\"http:\/\/www.visit-ulcinj.com\/blog\/wp-content\/uploads\/2009\/04\/adela-per-paraqitjen-e-mimozes-big-brother-albania-2.jpg\"},{\"@type\":\"WebPage\",\"@id\":\"https:\/\/www.visit-ulcinj.com\/blog\/2009\/04\/18\/adelajda-ti-je-me-e-mire-se-moza\/#webpage\",\"url\":\"https:\/\/www.visit-ulcinj.com\/blog\/2009\/04\/18\/adelajda-ti-je-me-e-mire-se-moza\/\",\"name\":\"Adelajda : Ti je m\u00c3\u00ab e mir\u00c3\u00ab se Moza | Big Brother Albania 2\",\"isPartOf\":{\"@id\":\"https:\/\/www.visit-ulcinj.com\/blog\/#website\"},\"primaryImageOfPage\":{\"@id\":\"https:\/\/www.visit-ulcinj.com\/blog\/2009\/04\/18\/adelajda-ti-je-me-e-mire-se-moza\/#primaryimage\"},\"datePublished\":\"2009-04-18T08:28:16+00:00\",\"dateModified\":\"2009-04-18T08:28:16+00:00\",\"author\":{\"@id\":\"https:\/\/www.visit-ulcinj.com\/blog\/#\/schema\/person\/dcab619c614d3038751c63bc2aadc06d\"},\"description\":\"Big Brother Albania 2 - \u00e2\u20ac\u0153Nga t\u00c3\u00ab dy Big Brother, Moza \u00c3\u00absht\u00c3\u00ab goca m\u00c3\u00ab e bukur!\u00e2\u20ac\u009d \u00e2\u20ac\u201c ka th\u00c3\u00abn\u00c3\u00ab Adelajda. \u00e2\u20ac\u0153Dakord!\u00e2\u20ac\u009d \u00e2\u20ac\u201c ka th\u00c3\u00abn\u00c3\u00ab edhe Arjani, edhe Qetsori.\",\"breadcrumb\":{\"@id\":\"https:\/\/www.visit-ulcinj.com\/blog\/2009\/04\/18\/adelajda-ti-je-me-e-mire-se-moza\/#breadcrumb\"},\"inLanguage\":\"en-US\",\"potentialAction\":[{\"@type\":\"ReadAction\",\"target\":[\"https:\/\/www.visit-ulcinj.com\/blog\/2009\/04\/18\/adelajda-ti-je-me-e-mire-se-moza\/\"]}]},{\"@type\":\"BreadcrumbList\",\"@id\":\"https:\/\/www.visit-ulcinj.com\/blog\/2009\/04\/18\/adelajda-ti-je-me-e-mire-se-moza\/#breadcrumb\",\"itemListElement\":[{\"@type\":\"ListItem\",\"position\":1,\"name\":\"Adelajda : Ti je m\u00eb e mir\u00eb se Moza\"}]},{\"@type\":\"Person\",\"@id\":\"https:\/\/www.visit-ulcinj.com\/blog\/#\/schema\/person\/dcab619c614d3038751c63bc2aadc06d\",\"name\":\"ulqini\",\"sameAs\":[\"http:\/\/www.visit-ulcinj.com\"],\"url\":\"https:\/\/www.visit-ulcinj.com\/blog\/author\/admin\/\"}]}<\/script>\n<!-- \/ Yoast SEO plugin. -->","yoast_head_json":{"title":"Adelajda : Ti je m\u00c3\u00ab e mir\u00c3\u00ab se Moza | Big Brother Albania 2","description":"Big Brother Albania 2 - \u00e2\u20ac\u0153Nga t\u00c3\u00ab dy Big Brother, Moza \u00c3\u00absht\u00c3\u00ab goca m\u00c3\u00ab e bukur!\u00e2\u20ac\u009d \u00e2\u20ac\u201c ka th\u00c3\u00abn\u00c3\u00ab Adelajda. \u00e2\u20ac\u0153Dakord!\u00e2\u20ac\u009d \u00e2\u20ac\u201c ka th\u00c3\u00abn\u00c3\u00ab edhe Arjani, edhe Qetsori.","robots":{"index":"index","follow":"follow","max-snippet":"max-snippet:-1","max-image-preview":"max-image-preview:large","max-video-preview":"max-video-preview:-1"},"canonical":"https:\/\/www.visit-ulcinj.com\/blog\/2009\/04\/18\/adelajda-ti-je-me-e-mire-se-moza\/","og_locale":"en_US","og_type":"article","og_title":"Adelajda : Ti je m\u00c3\u00ab e mir\u00c3\u00ab se Moza | Big Brother Albania 2","og_description":"Big Brother Albania 2 - \u00e2\u20ac\u0153Nga t\u00c3\u00ab dy Big Brother, Moza \u00c3\u00absht\u00c3\u00ab goca m\u00c3\u00ab e bukur!\u00e2\u20ac\u009d \u00e2\u20ac\u201c ka th\u00c3\u00abn\u00c3\u00ab Adelajda. \u00e2\u20ac\u0153Dakord!\u00e2\u20ac\u009d \u00e2\u20ac\u201c ka th\u00c3\u00abn\u00c3\u00ab edhe Arjani, edhe Qetsori.","og_url":"https:\/\/www.visit-ulcinj.com\/blog\/2009\/04\/18\/adelajda-ti-je-me-e-mire-se-moza\/","og_site_name":"Lajme nga Ulqini","article_published_time":"2009-04-18T08:28:16+00:00","og_image":[{"url":"http:\/\/www.visit-ulcinj.com\/blog\/wp-content\/uploads\/2009\/04\/adela-per-paraqitjen-e-mimozes-big-brother-albania-2.jpg"}],"twitter_misc":{"Written by":"ulqini","Est. reading time":"1 minute"},"schema":{"@context":"https:\/\/schema.org","@graph":[{"@type":"WebSite","@id":"https:\/\/www.visit-ulcinj.com\/blog\/#website","url":"https:\/\/www.visit-ulcinj.com\/blog\/","name":"Lajme nga Ulqini","description":"Lajme,Vijesti,Ulqini,Ulqin,Crna Gora,Mali i Zi","potentialAction":[{"@type":"SearchAction","target":{"@type":"EntryPoint","urlTemplate":"https:\/\/www.visit-ulcinj.com\/blog\/?s={search_term_string}"},"query-input":"required name=search_term_string"}],"inLanguage":"en-US"},{"@type":"ImageObject","inLanguage":"en-US","@id":"https:\/\/www.visit-ulcinj.com\/blog\/2009\/04\/18\/adelajda-ti-je-me-e-mire-se-moza\/#primaryimage","url":"http:\/\/www.visit-ulcinj.com\/blog\/wp-content\/uploads\/2009\/04\/adela-per-paraqitjen-e-mimozes-big-brother-albania-2.jpg","contentUrl":"http:\/\/www.visit-ulcinj.com\/blog\/wp-content\/uploads\/2009\/04\/adela-per-paraqitjen-e-mimozes-big-brother-albania-2.jpg"},{"@type":"WebPage","@id":"https:\/\/www.visit-ulcinj.com\/blog\/2009\/04\/18\/adelajda-ti-je-me-e-mire-se-moza\/#webpage","url":"https:\/\/www.visit-ulcinj.com\/blog\/2009\/04\/18\/adelajda-ti-je-me-e-mire-se-moza\/","name":"Adelajda : Ti je m\u00c3\u00ab e mir\u00c3\u00ab se Moza | Big Brother Albania 2","isPartOf":{"@id":"https:\/\/www.visit-ulcinj.com\/blog\/#website"},"primaryImageOfPage":{"@id":"https:\/\/www.visit-ulcinj.com\/blog\/2009\/04\/18\/adelajda-ti-je-me-e-mire-se-moza\/#primaryimage"},"datePublished":"2009-04-18T08:28:16+00:00","dateModified":"2009-04-18T08:28:16+00:00","author":{"@id":"https:\/\/www.visit-ulcinj.com\/blog\/#\/schema\/person\/dcab619c614d3038751c63bc2aadc06d"},"description":"Big Brother Albania 2 - \u00e2\u20ac\u0153Nga t\u00c3\u00ab dy Big Brother, Moza \u00c3\u00absht\u00c3\u00ab goca m\u00c3\u00ab e bukur!\u00e2\u20ac\u009d \u00e2\u20ac\u201c ka th\u00c3\u00abn\u00c3\u00ab Adelajda. \u00e2\u20ac\u0153Dakord!\u00e2\u20ac\u009d \u00e2\u20ac\u201c ka th\u00c3\u00abn\u00c3\u00ab edhe Arjani, edhe Qetsori.","breadcrumb":{"@id":"https:\/\/www.visit-ulcinj.com\/blog\/2009\/04\/18\/adelajda-ti-je-me-e-mire-se-moza\/#breadcrumb"},"inLanguage":"en-US","potentialAction":[{"@type":"ReadAction","target":["https:\/\/www.visit-ulcinj.com\/blog\/2009\/04\/18\/adelajda-ti-je-me-e-mire-se-moza\/"]}]},{"@type":"BreadcrumbList","@id":"https:\/\/www.visit-ulcinj.com\/blog\/2009\/04\/18\/adelajda-ti-je-me-e-mire-se-moza\/#breadcrumb","itemListElement":[{"@type":"ListItem","position":1,"name":"Adelajda : Ti je m\u00eb e mir\u00eb se Moza"}]},{"@type":"Person","@id":"https:\/\/www.visit-ulcinj.com\/blog\/#\/schema\/person\/dcab619c614d3038751c63bc2aadc06d","name":"ulqini","sameAs":["http:\/\/www.visit-ulcinj.com"],"url":"https:\/\/www.visit-ulcinj.com\/blog\/author\/admin\/"}]}},"jetpack_featured_media_url":"","jetpack_sharing_enabled":true,"jetpack_shortlink":"https:\/\/wp.me\/pe6lTn-4JW","_links":{"self":[{"href":"https:\/\/www.visit-ulcinj.com\/blog\/wp-json\/wp\/v2\/posts\/18224"}],"collection":[{"href":"https:\/\/www.visit-ulcinj.com\/blog\/wp-json\/wp\/v2\/posts"}],"about":[{"href":"https:\/\/www.visit-ulcinj.com\/blog\/wp-json\/wp\/v2\/types\/post"}],"author":[{"embeddable":true,"href":"https:\/\/www.visit-ulcinj.com\/blog\/wp-json\/wp\/v2\/users\/1"}],"replies":[{"embeddable":true,"href":"https:\/\/www.visit-ulcinj.com\/blog\/wp-json\/wp\/v2\/comments?post=18224"}],"version-history":[{"count":0,"href":"https:\/\/www.visit-ulcinj.com\/blog\/wp-json\/wp\/v2\/posts\/18224\/revisions"}],"wp:attachment":[{"href":"https:\/\/www.visit-ulcinj.com\/blog\/wp-json\/wp\/v2\/media?parent=18224"}],"wp:term":[{"taxonomy":"category","embeddable":true,"href":"https:\/\/www.visit-ulcinj.com\/blog\/wp-json\/wp\/v2\/categories?post=18224"},{"taxonomy":"post_tag","embeddable":true,"href":"https:\/\/www.visit-ulcinj.com\/blog\/wp-json\/wp\/v2\/tags?post=18224"}],"curies":[{"name":"wp","href":"https:\/\/api.w.org\/{rel}","templated":true}]}}