{"id":18230,"date":"2009-04-18T10:33:44","date_gmt":"2009-04-18T08:33:44","guid":{"rendered":"http:\/\/www.visit-ulcinj.com\/blog\/?p=18230"},"modified":"2009-04-18T10:33:44","modified_gmt":"2009-04-18T08:33:44","slug":"pronadeno-tijelo-danijele-nikac-berisaj","status":"publish","type":"post","link":"https:\/\/www.visit-ulcinj.com\/blog\/2009\/04\/18\/pronadeno-tijelo-danijele-nikac-berisaj\/","title":{"rendered":"Prona?eno tijelo Danijele Nika? Beri\u0161aj"},"content":{"rendered":"<p><a href=\"http:\/\/www.visit-ulcinj.com\/blog\/wp-content\/uploads\/2009\/04\/pronadeno-tijelo-danijele-nikac-berisaj1.jpg\"><img loading=\"lazy\" class=\"alignleft size-full wp-image-18235\" title=\"pronadeno-tijelo-danijele-nikac-berisaj1\" src=\"http:\/\/www.visit-ulcinj.com\/blog\/wp-content\/uploads\/2009\/04\/pronadeno-tijelo-danijele-nikac-berisaj1.jpg\" alt=\"pronadeno-tijelo-danijele-nikac-berisaj1\" width=\"570\" height=\"345\" \/><\/a>P\u00ebrshtatja strukturore si politik\u00eb ekonomike e FMN (Fondit Monetar Nd\u00ebrkomb\u00ebtar) prek gjith\u00eb ekonomin\u00eb komb\u00ebtare, por m\u00ebnyra dhe intensiteti i ndikimit jan\u00eb t\u00eb ndryshme p\u00ebr deg\u00eb t\u00eb ndryshme.<br \/>\nNesre?nu djevojku su oko 16 sati prona\u0161li ujaci Pjeter i Nuo Vuljaj, dva kilometra uzvodno od vodopada kod Ku?a Raki?a, na plitkom brzaku gdje ju je voda oslobodila nakon vi\u0161e od 15 dana. Tijelo se zaustavilo na prelivu brzaka, izme?u stijena, pedesetak metara ispod naju\u017eeg dijela Cijevne<\/p>\n<p>Podgorica, 17. aprila-Tijelo Danijele Nika? Beri\u0161aj, koja je 2. aprila vozilom sletjela u Cijevnu, u Dino\u0161i, prona?eno je danas popodne 400 metara ispod mosta na putu ka Tuzima, nekoliko kilometara nizvodno od mjesta nesre?e.<br \/>\nNesre?nu djevojku su oko 16 sati prona\u0161li ujaci Pjeter i Nuo Vuljaj, dva kilometra uzvodno od vodopada kod Ku?a Raki?a, na plitkom brzaku gdje ju je voda oslobodila nakon vi\u0161e od 15 dana. Tijelo se zaustavilo na prelivu brzaka, izme?u stijena, pedesetak metara ispod naju\u017eeg dijela Cijevne, gdje je rijeka mjestimi?no \u0161iroka jedva metar, a duboka vi\u0161e od deset metara.<br \/>\nDvojica ronilaca Regionalnog centra iz Bijele uz pomo? vatrogasaca oko 18.30 sati izvadili su tijelo iz vode. Tokom desetak minuta koliko je trajalo izvla?enje na obalama je vladao muk. Samo je Cijevna hu?ala podsje?aju?i na petnaestodnevnu agoniju, neizvjesnost i strah da se Danijela ne?e vratiti &#8211; posljednji put.<br \/>\nIspostavilo se da je ?udljiva rijeka &#8220;progovorila&#8221; onda kada je htjela. Do tada, svi napori, rizikovanje ?lanova ronila?kih ekipa uklju?enih u potragu ostali su bez efekta. Na momente se ?inilo da je kraj potrage blizu : kada je lociran automobil, nakon nekoliko dana od nesre?e, javila se nada da ?e Nika? Beri\u0161aj biti prona?ena. Uslijedili su muk i nevjerica jer je izva?ena olupina opominjala da bi potraga mogla trajati u nedogled.<br \/>\nProteklih nekoliko dana pretra\u017eivan je dio rijeke ispod vodopada na Cijevni, ali se ispostavilo da je to bio pogre\u0161an trag. I, onda, kao da je bilo zapisano: na dan kada su porodice zamolile ?lanove ronila?kih ekipa da zbog Velikog petka pauziraju, dan provedu sa svojim porodicama i do subote odlo\u017ee potragu, Danijela je prona?ena.<br \/>\nStric Danijelinog mu\u017ea, ?er? Beri\u0161aj kazao je da je vijest ?uo od Pjetra Vuljaja, Danijelinog ujaka, koji je do\u0161ao iz Amerike kada je saznao za tragediju. Vuljaj je istrajao, nije \u017eelio da se vrati dok ne prona?e sestri?nu.<br \/>\n-Kada mi je javio, zamolio sam ga da se odmakne od litice i sa?eka da do?em. Odjurio sam do Cijevne, spustio se do tijela, pokrio je bijelim ?ar\u0161avom koji sam danima nosio u kolima, i osigurao da je, ne daj Bo\u017ee, voda ne odnese. I pored toliko dana provedenih u vodi, bila je kao an?eo, kao da je tog trena usnila, ispri?ao je Beri\u0161aj za \u201cPobjedu\u201d navode?i da u tom momentu nije znao da li da pla?e, ili da se raduje \u0161to je na?ena.<br \/>\nKako je kazao, negdje su vjerovali da je ipak blizu vodopada nedaleko od kojeg je prije prije jedva tri i po mjeseca zakora?ila u bra?ni \u017eivot.<\/p>\n<p><strong>Porodica zahvalila ekipama koje su u?estvovale u potrazi<\/strong><\/p>\n<p>U ime porodice, ?er? Beri\u0161aj je zahvalio roniocima i ?lanovima ekipa Regionalnog centra iz Bijele, Pomorskog odreda Vojske i pripadnicima Specijalne antiteroristi?ke jedinice koji su prethodnih dana uporedo pretra\u017eivali korito nepristupa?ne rijeke ne bi li prona\u0161li tijelo.<br \/>\n-Hvala svim momcima koji su dali maksimum u veoma te\u0161kim uslovima. Bilo je situacija u kojima su pojedini ?lanovi gotovo vi\u0161e od sat vremena proveli pretra\u017euju?i podvodne pe?ine i \u0161kripe, kazao je Beri\u0161aj. On se zahvalio i svim gra?anima i institucijama \u0161to su stali uz porodice.<\/p>\n<p><strong>I.P.<br \/>\nPobjeda<\/strong><\/p>\n","protected":false},"excerpt":{"rendered":"<p>P\u00ebrshtatja strukturore si politik\u00eb ekonomike e FMN (Fondit Monetar Nd\u00ebrkomb\u00ebtar) prek gjith\u00eb ekonomin\u00eb komb\u00ebtare, por m\u00ebnyra dhe intensiteti i ndikimit jan\u00eb t\u00eb ndryshme p\u00ebr deg\u00eb t\u00eb ndryshme. Nesre?nu djevojku su oko 16 sati prona\u0161li ujaci Pjeter i Nuo Vuljaj, dva kilometra uzvodno od vodopada kod Ku?a Raki?a, na plitkom brzaku gdje ju je voda oslobodila [&hellip;]<\/p>\n","protected":false},"author":1,"featured_media":0,"comment_status":"open","ping_status":"closed","sticky":false,"template":"","format":"standard","meta":{"spay_email":"","jetpack_publicize_message":"","jetpack_is_tweetstorm":false,"jetpack_publicize_feature_enabled":true},"categories":[8337],"tags":[9295],"jetpack_publicize_connections":[],"yoast_head":"<!-- This site is optimized with the Yoast SEO plugin v19.1 - https:\/\/yoast.com\/wordpress\/plugins\/seo\/ -->\n<title>Prona?eno tijelo Danijele Nika? Beri\u0161aj - Lajme nga Ulqini<\/title>\n<meta name=\"description\" content=\"P\u00ebrshtatja strukturore si politik\u00eb ekonomike e FMN (Fondit Monetar Nd\u00ebrkomb\u00ebtar) prek gjith\u00eb ekonomin\u00eb komb\u00ebtare, por m\u00ebnyra dhe intensiteti i ndikimit\" \/>\n<meta name=\"robots\" content=\"index, follow, max-snippet:-1, max-image-preview:large, max-video-preview:-1\" \/>\n<link rel=\"canonical\" href=\"https:\/\/www.visit-ulcinj.com\/blog\/2009\/04\/18\/pronadeno-tijelo-danijele-nikac-berisaj\/\" \/>\n<meta property=\"og:locale\" content=\"en_US\" \/>\n<meta property=\"og:type\" content=\"article\" \/>\n<meta property=\"og:title\" content=\"Prona?eno tijelo Danijele Nika? Beri\u0161aj - Lajme nga Ulqini\" \/>\n<meta property=\"og:description\" content=\"P\u00ebrshtatja strukturore si politik\u00eb ekonomike e FMN (Fondit Monetar Nd\u00ebrkomb\u00ebtar) prek gjith\u00eb ekonomin\u00eb komb\u00ebtare, por m\u00ebnyra dhe intensiteti i ndikimit\" \/>\n<meta property=\"og:url\" content=\"https:\/\/www.visit-ulcinj.com\/blog\/2009\/04\/18\/pronadeno-tijelo-danijele-nikac-berisaj\/\" \/>\n<meta property=\"og:site_name\" content=\"Lajme nga Ulqini\" \/>\n<meta property=\"article:published_time\" content=\"2009-04-18T08:33:44+00:00\" \/>\n<meta property=\"og:image\" content=\"http:\/\/www.visit-ulcinj.com\/blog\/wp-content\/uploads\/2009\/04\/pronadeno-tijelo-danijele-nikac-berisaj1.jpg\" \/>\n<meta name=\"twitter:label1\" content=\"Written by\" \/>\n\t<meta name=\"twitter:data1\" content=\"ulqini\" \/>\n\t<meta name=\"twitter:label2\" content=\"Est. reading time\" \/>\n\t<meta name=\"twitter:data2\" content=\"3 minutes\" \/>\n<script type=\"application\/ld+json\" class=\"yoast-schema-graph\">{\"@context\":\"https:\/\/schema.org\",\"@graph\":[{\"@type\":\"WebSite\",\"@id\":\"https:\/\/www.visit-ulcinj.com\/blog\/#website\",\"url\":\"https:\/\/www.visit-ulcinj.com\/blog\/\",\"name\":\"Lajme nga Ulqini\",\"description\":\"Lajme,Vijesti,Ulqini,Ulqin,Crna Gora,Mali i Zi\",\"potentialAction\":[{\"@type\":\"SearchAction\",\"target\":{\"@type\":\"EntryPoint\",\"urlTemplate\":\"https:\/\/www.visit-ulcinj.com\/blog\/?s={search_term_string}\"},\"query-input\":\"required name=search_term_string\"}],\"inLanguage\":\"en-US\"},{\"@type\":\"ImageObject\",\"inLanguage\":\"en-US\",\"@id\":\"https:\/\/www.visit-ulcinj.com\/blog\/2009\/04\/18\/pronadeno-tijelo-danijele-nikac-berisaj\/#primaryimage\",\"url\":\"https:\/\/www.visit-ulcinj.com\/blog\/wp-content\/uploads\/2009\/04\/pronadeno-tijelo-danijele-nikac-berisaj1.jpg\",\"contentUrl\":\"https:\/\/www.visit-ulcinj.com\/blog\/wp-content\/uploads\/2009\/04\/pronadeno-tijelo-danijele-nikac-berisaj1.jpg\",\"width\":\"460\",\"height\":\"345\"},{\"@type\":\"WebPage\",\"@id\":\"https:\/\/www.visit-ulcinj.com\/blog\/2009\/04\/18\/pronadeno-tijelo-danijele-nikac-berisaj\/#webpage\",\"url\":\"https:\/\/www.visit-ulcinj.com\/blog\/2009\/04\/18\/pronadeno-tijelo-danijele-nikac-berisaj\/\",\"name\":\"Prona?eno tijelo Danijele Nika? Beri\u0161aj - Lajme nga Ulqini\",\"isPartOf\":{\"@id\":\"https:\/\/www.visit-ulcinj.com\/blog\/#website\"},\"primaryImageOfPage\":{\"@id\":\"https:\/\/www.visit-ulcinj.com\/blog\/2009\/04\/18\/pronadeno-tijelo-danijele-nikac-berisaj\/#primaryimage\"},\"datePublished\":\"2009-04-18T08:33:44+00:00\",\"dateModified\":\"2009-04-18T08:33:44+00:00\",\"author\":{\"@id\":\"https:\/\/www.visit-ulcinj.com\/blog\/#\/schema\/person\/dcab619c614d3038751c63bc2aadc06d\"},\"description\":\"P\u00ebrshtatja strukturore si politik\u00eb ekonomike e FMN (Fondit Monetar Nd\u00ebrkomb\u00ebtar) prek gjith\u00eb ekonomin\u00eb komb\u00ebtare, por m\u00ebnyra dhe intensiteti i ndikimit\",\"breadcrumb\":{\"@id\":\"https:\/\/www.visit-ulcinj.com\/blog\/2009\/04\/18\/pronadeno-tijelo-danijele-nikac-berisaj\/#breadcrumb\"},\"inLanguage\":\"en-US\",\"potentialAction\":[{\"@type\":\"ReadAction\",\"target\":[\"https:\/\/www.visit-ulcinj.com\/blog\/2009\/04\/18\/pronadeno-tijelo-danijele-nikac-berisaj\/\"]}]},{\"@type\":\"BreadcrumbList\",\"@id\":\"https:\/\/www.visit-ulcinj.com\/blog\/2009\/04\/18\/pronadeno-tijelo-danijele-nikac-berisaj\/#breadcrumb\",\"itemListElement\":[{\"@type\":\"ListItem\",\"position\":1,\"name\":\"Prona?eno tijelo Danijele Nika? Beri\u0161aj\"}]},{\"@type\":\"Person\",\"@id\":\"https:\/\/www.visit-ulcinj.com\/blog\/#\/schema\/person\/dcab619c614d3038751c63bc2aadc06d\",\"name\":\"ulqini\",\"sameAs\":[\"http:\/\/www.visit-ulcinj.com\"],\"url\":\"https:\/\/www.visit-ulcinj.com\/blog\/author\/admin\/\"}]}<\/script>\n<!-- \/ Yoast SEO plugin. -->","yoast_head_json":{"title":"Prona?eno tijelo Danijele Nika? Beri\u0161aj - Lajme nga Ulqini","description":"P\u00ebrshtatja strukturore si politik\u00eb ekonomike e FMN (Fondit Monetar Nd\u00ebrkomb\u00ebtar) prek gjith\u00eb ekonomin\u00eb komb\u00ebtare, por m\u00ebnyra dhe intensiteti i ndikimit","robots":{"index":"index","follow":"follow","max-snippet":"max-snippet:-1","max-image-preview":"max-image-preview:large","max-video-preview":"max-video-preview:-1"},"canonical":"https:\/\/www.visit-ulcinj.com\/blog\/2009\/04\/18\/pronadeno-tijelo-danijele-nikac-berisaj\/","og_locale":"en_US","og_type":"article","og_title":"Prona?eno tijelo Danijele Nika? Beri\u0161aj - Lajme nga Ulqini","og_description":"P\u00ebrshtatja strukturore si politik\u00eb ekonomike e FMN (Fondit Monetar Nd\u00ebrkomb\u00ebtar) prek gjith\u00eb ekonomin\u00eb komb\u00ebtare, por m\u00ebnyra dhe intensiteti i ndikimit","og_url":"https:\/\/www.visit-ulcinj.com\/blog\/2009\/04\/18\/pronadeno-tijelo-danijele-nikac-berisaj\/","og_site_name":"Lajme nga Ulqini","article_published_time":"2009-04-18T08:33:44+00:00","og_image":[{"url":"http:\/\/www.visit-ulcinj.com\/blog\/wp-content\/uploads\/2009\/04\/pronadeno-tijelo-danijele-nikac-berisaj1.jpg"}],"twitter_misc":{"Written by":"ulqini","Est. reading time":"3 minutes"},"schema":{"@context":"https:\/\/schema.org","@graph":[{"@type":"WebSite","@id":"https:\/\/www.visit-ulcinj.com\/blog\/#website","url":"https:\/\/www.visit-ulcinj.com\/blog\/","name":"Lajme nga Ulqini","description":"Lajme,Vijesti,Ulqini,Ulqin,Crna Gora,Mali i Zi","potentialAction":[{"@type":"SearchAction","target":{"@type":"EntryPoint","urlTemplate":"https:\/\/www.visit-ulcinj.com\/blog\/?s={search_term_string}"},"query-input":"required name=search_term_string"}],"inLanguage":"en-US"},{"@type":"ImageObject","inLanguage":"en-US","@id":"https:\/\/www.visit-ulcinj.com\/blog\/2009\/04\/18\/pronadeno-tijelo-danijele-nikac-berisaj\/#primaryimage","url":"https:\/\/www.visit-ulcinj.com\/blog\/wp-content\/uploads\/2009\/04\/pronadeno-tijelo-danijele-nikac-berisaj1.jpg","contentUrl":"https:\/\/www.visit-ulcinj.com\/blog\/wp-content\/uploads\/2009\/04\/pronadeno-tijelo-danijele-nikac-berisaj1.jpg","width":"460","height":"345"},{"@type":"WebPage","@id":"https:\/\/www.visit-ulcinj.com\/blog\/2009\/04\/18\/pronadeno-tijelo-danijele-nikac-berisaj\/#webpage","url":"https:\/\/www.visit-ulcinj.com\/blog\/2009\/04\/18\/pronadeno-tijelo-danijele-nikac-berisaj\/","name":"Prona?eno tijelo Danijele Nika? Beri\u0161aj - Lajme nga Ulqini","isPartOf":{"@id":"https:\/\/www.visit-ulcinj.com\/blog\/#website"},"primaryImageOfPage":{"@id":"https:\/\/www.visit-ulcinj.com\/blog\/2009\/04\/18\/pronadeno-tijelo-danijele-nikac-berisaj\/#primaryimage"},"datePublished":"2009-04-18T08:33:44+00:00","dateModified":"2009-04-18T08:33:44+00:00","author":{"@id":"https:\/\/www.visit-ulcinj.com\/blog\/#\/schema\/person\/dcab619c614d3038751c63bc2aadc06d"},"description":"P\u00ebrshtatja strukturore si politik\u00eb ekonomike e FMN (Fondit Monetar Nd\u00ebrkomb\u00ebtar) prek gjith\u00eb ekonomin\u00eb komb\u00ebtare, por m\u00ebnyra dhe intensiteti i ndikimit","breadcrumb":{"@id":"https:\/\/www.visit-ulcinj.com\/blog\/2009\/04\/18\/pronadeno-tijelo-danijele-nikac-berisaj\/#breadcrumb"},"inLanguage":"en-US","potentialAction":[{"@type":"ReadAction","target":["https:\/\/www.visit-ulcinj.com\/blog\/2009\/04\/18\/pronadeno-tijelo-danijele-nikac-berisaj\/"]}]},{"@type":"BreadcrumbList","@id":"https:\/\/www.visit-ulcinj.com\/blog\/2009\/04\/18\/pronadeno-tijelo-danijele-nikac-berisaj\/#breadcrumb","itemListElement":[{"@type":"ListItem","position":1,"name":"Prona?eno tijelo Danijele Nika? Beri\u0161aj"}]},{"@type":"Person","@id":"https:\/\/www.visit-ulcinj.com\/blog\/#\/schema\/person\/dcab619c614d3038751c63bc2aadc06d","name":"ulqini","sameAs":["http:\/\/www.visit-ulcinj.com"],"url":"https:\/\/www.visit-ulcinj.com\/blog\/author\/admin\/"}]}},"jetpack_featured_media_url":"","jetpack_sharing_enabled":true,"jetpack_shortlink":"https:\/\/wp.me\/pe6lTn-4K2","_links":{"self":[{"href":"https:\/\/www.visit-ulcinj.com\/blog\/wp-json\/wp\/v2\/posts\/18230"}],"collection":[{"href":"https:\/\/www.visit-ulcinj.com\/blog\/wp-json\/wp\/v2\/posts"}],"about":[{"href":"https:\/\/www.visit-ulcinj.com\/blog\/wp-json\/wp\/v2\/types\/post"}],"author":[{"embeddable":true,"href":"https:\/\/www.visit-ulcinj.com\/blog\/wp-json\/wp\/v2\/users\/1"}],"replies":[{"embeddable":true,"href":"https:\/\/www.visit-ulcinj.com\/blog\/wp-json\/wp\/v2\/comments?post=18230"}],"version-history":[{"count":0,"href":"https:\/\/www.visit-ulcinj.com\/blog\/wp-json\/wp\/v2\/posts\/18230\/revisions"}],"wp:attachment":[{"href":"https:\/\/www.visit-ulcinj.com\/blog\/wp-json\/wp\/v2\/media?parent=18230"}],"wp:term":[{"taxonomy":"category","embeddable":true,"href":"https:\/\/www.visit-ulcinj.com\/blog\/wp-json\/wp\/v2\/categories?post=18230"},{"taxonomy":"post_tag","embeddable":true,"href":"https:\/\/www.visit-ulcinj.com\/blog\/wp-json\/wp\/v2\/tags?post=18230"}],"curies":[{"name":"wp","href":"https:\/\/api.w.org\/{rel}","templated":true}]}}