{"id":18238,"date":"2009-04-18T10:35:53","date_gmt":"2009-04-18T08:35:53","guid":{"rendered":"http:\/\/www.visit-ulcinj.com\/blog\/?p=18238"},"modified":"2009-04-18T10:35:53","modified_gmt":"2009-04-18T08:35:53","slug":"bisede-per-arin","status":"publish","type":"post","link":"https:\/\/www.visit-ulcinj.com\/blog\/2009\/04\/18\/bisede-per-arin\/","title":{"rendered":"Bised\u00eb p\u00ebr Arin"},"content":{"rendered":"<p><em><span class=\"newsdate\"><a href=\"http:\/\/www.visit-ulcinj.com\/blog\/wp-content\/uploads\/2009\/04\/per-arin-big-broher-albania-2.jpg\"><img loading=\"lazy\" class=\"alignleft size-full wp-image-18240\" title=\"per-arin-big-broher-albania-2\" src=\"http:\/\/www.visit-ulcinj.com\/blog\/wp-content\/uploads\/2009\/04\/per-arin-big-broher-albania-2.jpg\" alt=\"per-arin-big-broher-albania-2\" width=\"300\" height=\"205\" \/><\/a>17\/04\/09 14:37<\/span><\/em><\/p>\n<p>Arjoni u tregon disa prej banor\u00ebve p\u00ebr nj\u00eb bised\u00eb q\u00eb kishte patur me Arin n\u00eb lidhje me nominimet. Ai u tregon se i kishte th\u00ebn\u00eb Arit se me veprimin q\u00eb kishte b\u00ebr\u00eb q\u00eb kishte pir\u00eb kafe gjat\u00eb prov\u00ebs, e kishte hak q\u00eb ta nominonte. Ari ia kishte kthyer se dhe ai e kishte n\u00eb list\u00eb pas nj\u00eb shprehjeje q\u00eb Arjoni i kishte th\u00ebn\u00eb se ai nuk duhej t\u00eb merrej me t\u00eb vjetrit. Arjoni mendon se k\u00ebto biseda jan\u00eb normale sepse ishin p\u00ebrgjigje dhe kund\u00ebrp\u00ebrgjigje. Ata fillojn\u00eb t\u00eb flasin p\u00ebr Arin. Eltoni shprehet se Ari ka nj\u00eb vet\u00ebsiguri e vet\u00ebvler\u00ebsim shum\u00eb t\u00eb madh. Ai mendon se k\u00ebta tipa, kur bien, i thyejn\u00eb turinjt\u00eb. Juna thot\u00eb se secili ka m\u00ebnyr\u00ebn e vet\u00eb t\u00eb t\u00eb vepruarit, por se nuk \u00ebsht\u00eb e drejt\u00eb q\u00eb t\u00eb tjer\u00ebt t\u00eb d\u00ebnoheshin me t\u00eb, p\u00ebr nj\u00eb gabim t\u00eb tijin. Aida tregon se Arin e fali p\u00ebr gabimin q\u00eb kishte b\u00ebr\u00eb duke e justifikuar se nuk i dinte rregullat, por n\u00ebse ai nuk e respekton m\u00eb, at\u00ebher\u00eb nuk do t\u2019ia fal\u00eb. Ajo thot\u00eb se Ari ishte shprehur se n\u00ebse do ta penalizonin p\u00ebr ndonj\u00eb veprim, nuk do ta kishte problem. Arjoni mendon se n\u00ebse do t\u00eb zbatoheshin penalizime p\u00ebr cdo gabim q\u00eb b\u00ebjn\u00eb apo veprime jo t\u00eb duhura, t\u00eb gjith\u00eb do t\u2019i ishin shtruar pun\u00ebs p\u00ebr prov\u00ebn e jav\u00ebs.<\/p>\n","protected":false},"excerpt":{"rendered":"<p>17\/04\/09 14:37 Arjoni u tregon disa prej banor\u00ebve p\u00ebr nj\u00eb bised\u00eb q\u00eb kishte patur me Arin n\u00eb lidhje me nominimet. Ai u tregon se i kishte th\u00ebn\u00eb Arit se me veprimin q\u00eb kishte b\u00ebr\u00eb q\u00eb kishte pir\u00eb kafe gjat\u00eb prov\u00ebs, e kishte hak q\u00eb ta nominonte. Ari ia kishte kthyer se dhe ai e kishte [&hellip;]<\/p>\n","protected":false},"author":1,"featured_media":0,"comment_status":"open","ping_status":"closed","sticky":false,"template":"","format":"standard","meta":{"spay_email":"","jetpack_publicize_message":"","jetpack_is_tweetstorm":false,"jetpack_publicize_feature_enabled":true},"categories":[6502],"tags":[6537,8784,8934,6525,5057,6506,6516,6712,7129,9296,6544,6891,6693,6887],"jetpack_publicize_connections":[],"yoast_head":"<!-- This site is optimized with the Yoast SEO plugin v19.1 - https:\/\/yoast.com\/wordpress\/plugins\/seo\/ -->\n<title>Bised\u00c3\u00ab p\u00c3\u00abr Arin | Big Brother Albania 2<\/title>\n<meta name=\"description\" content=\"Big Brother Albania 2 - Arjoni u tregon disa prej banor\u00c3\u00abve p\u00c3\u00abr nj\u00c3\u00ab bised\u00c3\u00ab q\u00c3\u00ab kishte patur me Arin n\u00c3\u00ab lidhje me nominimet. Ai u tregon se i kishte th\u00c3\u00abn\u00c3\u00ab Arit se me veprimin q\u00c3\u00ab kishte b\u00c3\u00abr\u00c3\u00ab q\u00c3\u00ab kishte pir\u00c3\u00ab kafe gjat\u00c3\u00ab prov\u00c3\u00abs\" \/>\n<meta name=\"robots\" content=\"index, follow, max-snippet:-1, max-image-preview:large, max-video-preview:-1\" \/>\n<link rel=\"canonical\" href=\"https:\/\/www.visit-ulcinj.com\/blog\/2009\/04\/18\/bisede-per-arin\/\" \/>\n<meta property=\"og:locale\" content=\"en_US\" \/>\n<meta property=\"og:type\" content=\"article\" \/>\n<meta property=\"og:title\" content=\"Bised\u00c3\u00ab p\u00c3\u00abr Arin | Big Brother Albania 2\" \/>\n<meta property=\"og:description\" content=\"Big Brother Albania 2 - Arjoni u tregon disa prej banor\u00c3\u00abve p\u00c3\u00abr nj\u00c3\u00ab bised\u00c3\u00ab q\u00c3\u00ab kishte patur me Arin n\u00c3\u00ab lidhje me nominimet. Ai u tregon se i kishte th\u00c3\u00abn\u00c3\u00ab Arit se me veprimin q\u00c3\u00ab kishte b\u00c3\u00abr\u00c3\u00ab q\u00c3\u00ab kishte pir\u00c3\u00ab kafe gjat\u00c3\u00ab prov\u00c3\u00abs\" \/>\n<meta property=\"og:url\" content=\"https:\/\/www.visit-ulcinj.com\/blog\/2009\/04\/18\/bisede-per-arin\/\" \/>\n<meta property=\"og:site_name\" content=\"Lajme nga Ulqini\" \/>\n<meta property=\"article:published_time\" content=\"2009-04-18T08:35:53+00:00\" \/>\n<meta property=\"og:image\" content=\"http:\/\/www.visit-ulcinj.com\/blog\/wp-content\/uploads\/2009\/04\/per-arin-big-broher-albania-2.jpg\" \/>\n<meta name=\"twitter:label1\" content=\"Written by\" \/>\n\t<meta name=\"twitter:data1\" content=\"ulqini\" \/>\n\t<meta name=\"twitter:label2\" content=\"Est. reading time\" \/>\n\t<meta name=\"twitter:data2\" content=\"1 minute\" \/>\n<script type=\"application\/ld+json\" class=\"yoast-schema-graph\">{\"@context\":\"https:\/\/schema.org\",\"@graph\":[{\"@type\":\"WebSite\",\"@id\":\"https:\/\/www.visit-ulcinj.com\/blog\/#website\",\"url\":\"https:\/\/www.visit-ulcinj.com\/blog\/\",\"name\":\"Lajme nga Ulqini\",\"description\":\"Lajme,Vijesti,Ulqini,Ulqin,Crna Gora,Mali i Zi\",\"potentialAction\":[{\"@type\":\"SearchAction\",\"target\":{\"@type\":\"EntryPoint\",\"urlTemplate\":\"https:\/\/www.visit-ulcinj.com\/blog\/?s={search_term_string}\"},\"query-input\":\"required name=search_term_string\"}],\"inLanguage\":\"en-US\"},{\"@type\":\"ImageObject\",\"inLanguage\":\"en-US\",\"@id\":\"https:\/\/www.visit-ulcinj.com\/blog\/2009\/04\/18\/bisede-per-arin\/#primaryimage\",\"url\":\"http:\/\/www.visit-ulcinj.com\/blog\/wp-content\/uploads\/2009\/04\/per-arin-big-broher-albania-2.jpg\",\"contentUrl\":\"http:\/\/www.visit-ulcinj.com\/blog\/wp-content\/uploads\/2009\/04\/per-arin-big-broher-albania-2.jpg\"},{\"@type\":\"WebPage\",\"@id\":\"https:\/\/www.visit-ulcinj.com\/blog\/2009\/04\/18\/bisede-per-arin\/#webpage\",\"url\":\"https:\/\/www.visit-ulcinj.com\/blog\/2009\/04\/18\/bisede-per-arin\/\",\"name\":\"Bised\u00c3\u00ab p\u00c3\u00abr Arin | Big Brother Albania 2\",\"isPartOf\":{\"@id\":\"https:\/\/www.visit-ulcinj.com\/blog\/#website\"},\"primaryImageOfPage\":{\"@id\":\"https:\/\/www.visit-ulcinj.com\/blog\/2009\/04\/18\/bisede-per-arin\/#primaryimage\"},\"datePublished\":\"2009-04-18T08:35:53+00:00\",\"dateModified\":\"2009-04-18T08:35:53+00:00\",\"author\":{\"@id\":\"https:\/\/www.visit-ulcinj.com\/blog\/#\/schema\/person\/dcab619c614d3038751c63bc2aadc06d\"},\"description\":\"Big Brother Albania 2 - Arjoni u tregon disa prej banor\u00c3\u00abve p\u00c3\u00abr nj\u00c3\u00ab bised\u00c3\u00ab q\u00c3\u00ab kishte patur me Arin n\u00c3\u00ab lidhje me nominimet. Ai u tregon se i kishte th\u00c3\u00abn\u00c3\u00ab Arit se me veprimin q\u00c3\u00ab kishte b\u00c3\u00abr\u00c3\u00ab q\u00c3\u00ab kishte pir\u00c3\u00ab kafe gjat\u00c3\u00ab prov\u00c3\u00abs\",\"breadcrumb\":{\"@id\":\"https:\/\/www.visit-ulcinj.com\/blog\/2009\/04\/18\/bisede-per-arin\/#breadcrumb\"},\"inLanguage\":\"en-US\",\"potentialAction\":[{\"@type\":\"ReadAction\",\"target\":[\"https:\/\/www.visit-ulcinj.com\/blog\/2009\/04\/18\/bisede-per-arin\/\"]}]},{\"@type\":\"BreadcrumbList\",\"@id\":\"https:\/\/www.visit-ulcinj.com\/blog\/2009\/04\/18\/bisede-per-arin\/#breadcrumb\",\"itemListElement\":[{\"@type\":\"ListItem\",\"position\":1,\"name\":\"Bised\u00eb p\u00ebr Arin\"}]},{\"@type\":\"Person\",\"@id\":\"https:\/\/www.visit-ulcinj.com\/blog\/#\/schema\/person\/dcab619c614d3038751c63bc2aadc06d\",\"name\":\"ulqini\",\"sameAs\":[\"http:\/\/www.visit-ulcinj.com\"],\"url\":\"https:\/\/www.visit-ulcinj.com\/blog\/author\/admin\/\"}]}<\/script>\n<!-- \/ Yoast SEO plugin. -->","yoast_head_json":{"title":"Bised\u00c3\u00ab p\u00c3\u00abr Arin | Big Brother Albania 2","description":"Big Brother Albania 2 - Arjoni u tregon disa prej banor\u00c3\u00abve p\u00c3\u00abr nj\u00c3\u00ab bised\u00c3\u00ab q\u00c3\u00ab kishte patur me Arin n\u00c3\u00ab lidhje me nominimet. Ai u tregon se i kishte th\u00c3\u00abn\u00c3\u00ab Arit se me veprimin q\u00c3\u00ab kishte b\u00c3\u00abr\u00c3\u00ab q\u00c3\u00ab kishte pir\u00c3\u00ab kafe gjat\u00c3\u00ab prov\u00c3\u00abs","robots":{"index":"index","follow":"follow","max-snippet":"max-snippet:-1","max-image-preview":"max-image-preview:large","max-video-preview":"max-video-preview:-1"},"canonical":"https:\/\/www.visit-ulcinj.com\/blog\/2009\/04\/18\/bisede-per-arin\/","og_locale":"en_US","og_type":"article","og_title":"Bised\u00c3\u00ab p\u00c3\u00abr Arin | Big Brother Albania 2","og_description":"Big Brother Albania 2 - Arjoni u tregon disa prej banor\u00c3\u00abve p\u00c3\u00abr nj\u00c3\u00ab bised\u00c3\u00ab q\u00c3\u00ab kishte patur me Arin n\u00c3\u00ab lidhje me nominimet. Ai u tregon se i kishte th\u00c3\u00abn\u00c3\u00ab Arit se me veprimin q\u00c3\u00ab kishte b\u00c3\u00abr\u00c3\u00ab q\u00c3\u00ab kishte pir\u00c3\u00ab kafe gjat\u00c3\u00ab prov\u00c3\u00abs","og_url":"https:\/\/www.visit-ulcinj.com\/blog\/2009\/04\/18\/bisede-per-arin\/","og_site_name":"Lajme nga Ulqini","article_published_time":"2009-04-18T08:35:53+00:00","og_image":[{"url":"http:\/\/www.visit-ulcinj.com\/blog\/wp-content\/uploads\/2009\/04\/per-arin-big-broher-albania-2.jpg"}],"twitter_misc":{"Written by":"ulqini","Est. reading time":"1 minute"},"schema":{"@context":"https:\/\/schema.org","@graph":[{"@type":"WebSite","@id":"https:\/\/www.visit-ulcinj.com\/blog\/#website","url":"https:\/\/www.visit-ulcinj.com\/blog\/","name":"Lajme nga Ulqini","description":"Lajme,Vijesti,Ulqini,Ulqin,Crna Gora,Mali i Zi","potentialAction":[{"@type":"SearchAction","target":{"@type":"EntryPoint","urlTemplate":"https:\/\/www.visit-ulcinj.com\/blog\/?s={search_term_string}"},"query-input":"required name=search_term_string"}],"inLanguage":"en-US"},{"@type":"ImageObject","inLanguage":"en-US","@id":"https:\/\/www.visit-ulcinj.com\/blog\/2009\/04\/18\/bisede-per-arin\/#primaryimage","url":"http:\/\/www.visit-ulcinj.com\/blog\/wp-content\/uploads\/2009\/04\/per-arin-big-broher-albania-2.jpg","contentUrl":"http:\/\/www.visit-ulcinj.com\/blog\/wp-content\/uploads\/2009\/04\/per-arin-big-broher-albania-2.jpg"},{"@type":"WebPage","@id":"https:\/\/www.visit-ulcinj.com\/blog\/2009\/04\/18\/bisede-per-arin\/#webpage","url":"https:\/\/www.visit-ulcinj.com\/blog\/2009\/04\/18\/bisede-per-arin\/","name":"Bised\u00c3\u00ab p\u00c3\u00abr Arin | Big Brother Albania 2","isPartOf":{"@id":"https:\/\/www.visit-ulcinj.com\/blog\/#website"},"primaryImageOfPage":{"@id":"https:\/\/www.visit-ulcinj.com\/blog\/2009\/04\/18\/bisede-per-arin\/#primaryimage"},"datePublished":"2009-04-18T08:35:53+00:00","dateModified":"2009-04-18T08:35:53+00:00","author":{"@id":"https:\/\/www.visit-ulcinj.com\/blog\/#\/schema\/person\/dcab619c614d3038751c63bc2aadc06d"},"description":"Big Brother Albania 2 - Arjoni u tregon disa prej banor\u00c3\u00abve p\u00c3\u00abr nj\u00c3\u00ab bised\u00c3\u00ab q\u00c3\u00ab kishte patur me Arin n\u00c3\u00ab lidhje me nominimet. Ai u tregon se i kishte th\u00c3\u00abn\u00c3\u00ab Arit se me veprimin q\u00c3\u00ab kishte b\u00c3\u00abr\u00c3\u00ab q\u00c3\u00ab kishte pir\u00c3\u00ab kafe gjat\u00c3\u00ab prov\u00c3\u00abs","breadcrumb":{"@id":"https:\/\/www.visit-ulcinj.com\/blog\/2009\/04\/18\/bisede-per-arin\/#breadcrumb"},"inLanguage":"en-US","potentialAction":[{"@type":"ReadAction","target":["https:\/\/www.visit-ulcinj.com\/blog\/2009\/04\/18\/bisede-per-arin\/"]}]},{"@type":"BreadcrumbList","@id":"https:\/\/www.visit-ulcinj.com\/blog\/2009\/04\/18\/bisede-per-arin\/#breadcrumb","itemListElement":[{"@type":"ListItem","position":1,"name":"Bised\u00eb p\u00ebr Arin"}]},{"@type":"Person","@id":"https:\/\/www.visit-ulcinj.com\/blog\/#\/schema\/person\/dcab619c614d3038751c63bc2aadc06d","name":"ulqini","sameAs":["http:\/\/www.visit-ulcinj.com"],"url":"https:\/\/www.visit-ulcinj.com\/blog\/author\/admin\/"}]}},"jetpack_featured_media_url":"","jetpack_sharing_enabled":true,"jetpack_shortlink":"https:\/\/wp.me\/pe6lTn-4Ka","_links":{"self":[{"href":"https:\/\/www.visit-ulcinj.com\/blog\/wp-json\/wp\/v2\/posts\/18238"}],"collection":[{"href":"https:\/\/www.visit-ulcinj.com\/blog\/wp-json\/wp\/v2\/posts"}],"about":[{"href":"https:\/\/www.visit-ulcinj.com\/blog\/wp-json\/wp\/v2\/types\/post"}],"author":[{"embeddable":true,"href":"https:\/\/www.visit-ulcinj.com\/blog\/wp-json\/wp\/v2\/users\/1"}],"replies":[{"embeddable":true,"href":"https:\/\/www.visit-ulcinj.com\/blog\/wp-json\/wp\/v2\/comments?post=18238"}],"version-history":[{"count":0,"href":"https:\/\/www.visit-ulcinj.com\/blog\/wp-json\/wp\/v2\/posts\/18238\/revisions"}],"wp:attachment":[{"href":"https:\/\/www.visit-ulcinj.com\/blog\/wp-json\/wp\/v2\/media?parent=18238"}],"wp:term":[{"taxonomy":"category","embeddable":true,"href":"https:\/\/www.visit-ulcinj.com\/blog\/wp-json\/wp\/v2\/categories?post=18238"},{"taxonomy":"post_tag","embeddable":true,"href":"https:\/\/www.visit-ulcinj.com\/blog\/wp-json\/wp\/v2\/tags?post=18238"}],"curies":[{"name":"wp","href":"https:\/\/api.w.org\/{rel}","templated":true}]}}