{"id":18243,"date":"2009-04-18T11:00:16","date_gmt":"2009-04-18T09:00:16","guid":{"rendered":"http:\/\/www.visit-ulcinj.com\/blog\/?p=18243"},"modified":"2009-04-18T10:38:09","modified_gmt":"2009-04-18T08:38:09","slug":"sori-jam-bere-specialist-i-nomnimeve","status":"publish","type":"post","link":"https:\/\/www.visit-ulcinj.com\/blog\/2009\/04\/18\/sori-jam-bere-specialist-i-nomnimeve\/","title":{"rendered":"Sori : Jam b\u00ebr\u00eb specialist i nomnimeve"},"content":{"rendered":"<p><em><span class=\"newsdate\"><a href=\"http:\/\/www.visit-ulcinj.com\/blog\/wp-content\/uploads\/2009\/04\/anjeza-qeth-sorin-big-brother-albania-2.jpg\"><img loading=\"lazy\" class=\"alignleft size-full wp-image-18244\" title=\"anjeza-qeth-sorin-big-brother-albania-2\" src=\"http:\/\/www.visit-ulcinj.com\/blog\/wp-content\/uploads\/2009\/04\/anjeza-qeth-sorin-big-brother-albania-2.jpg\" alt=\"anjeza-qeth-sorin-big-brother-albania-2\" width=\"300\" height=\"205\" \/><\/a>17\/04\/09 17:40<\/span><\/em><\/p>\n<p>Anjeza duke qethur Qetsorin diskuton p\u00ebr ndryshimin e sjelljes s\u00eb tij. Ajo i thot\u00eb q\u00eb sipas mendimit t\u00eb saj ai ka ndryshuar koh\u00ebt e fundit, dhe shton:-\u201cM\u00eb duket se t\u00eb ka kapur frika!\u201d Ai i thot\u00eb q\u00eb nuk mund t\u00eb sillet gjithmon\u00eb nj\u00ebsoj, dhe shton:-\u201cNuk jam aq i keq si n\u00eb fillim!\u201d Anjeza e pyet se pse i dukej vetja i till\u00eb. Sipas Qetsorit ai n\u00eb disa raste \u00ebsht\u00eb sjell\u00eb keq, por k\u00ebt\u00eb gj\u00eb e ka b\u00ebr\u00eb me q\u00ebllim . Sa m\u00eb shum\u00eb afron finalja aq m\u00eb t\u00eb emocionuar jan\u00eb banor\u00ebt , por nuk ndryshon sjellja thot\u00eb Qetsori. Ai shton:-\u201cUn\u00eb jam b\u00ebr\u00eb specialist i nominimeve!\u201d Gjat\u00eb prerjes s\u00eb flok\u00ebve Qetsori gjen momentin p\u00ebr ta pyetur Anjez\u00ebn p\u00ebr lidhjen e saj me Arjonin. Ajo i thot\u00eb q\u00eb ndihet shum\u00eb mir\u00eb me t\u00eb. Qetsori i thot\u00eb q\u00eb Arjoni \u00ebsht\u00eb djal\u00eb i mir\u00eb . Anjeza e aprovon, dhe thot\u00eb q\u00eb ajo nuk e priste t\u00eb lidhej me t\u00eb. Ai e pyet:-\u201cKeni b\u00ebr\u00eb ndonj\u00eb projekt p\u00ebr jasht\u00eb?\u201d Ajo i thot\u00eb q\u00eb ja ka l\u00ebn\u00eb koh\u00ebs k\u00ebt\u00eb gj\u00eb. Ai i k\u00ebrkon q\u00eb n\u00ebse mendojn\u00eb p\u00ebr dicka m\u00eb tep\u00ebr ta ftojn\u00eb. Ajo ia kthen:-\u201cTi do jesh i ftuari kryesor, do jesh nga t\u00eb dyja pal\u00ebt!\u201d Ajo thot\u00eb q\u00eb lidhjen e shikonte si gj\u00ebn\u00eb m\u00eb t\u00eb fundit q\u00eb mund t`i ndodhte brenda n\u00eb sht\u00ebpi. Qetsori i thot\u00eb:-\u201cK\u00ebtu ndryshon komplet drejtimi i realitetit!\u201d<\/p>\n","protected":false},"excerpt":{"rendered":"<p>17\/04\/09 17:40 Anjeza duke qethur Qetsorin diskuton p\u00ebr ndryshimin e sjelljes s\u00eb tij. Ajo i thot\u00eb q\u00eb sipas mendimit t\u00eb saj ai ka ndryshuar koh\u00ebt e fundit, dhe shton:-\u201cM\u00eb duket se t\u00eb ka kapur frika!\u201d Ai i thot\u00eb q\u00eb nuk mund t\u00eb sillet gjithmon\u00eb nj\u00ebsoj, dhe shton:-\u201cNuk jam aq i keq si n\u00eb fillim!\u201d Anjeza [&hellip;]<\/p>\n","protected":false},"author":1,"featured_media":0,"comment_status":"open","ping_status":"closed","sticky":false,"template":"","format":"standard","meta":{"spay_email":"","jetpack_publicize_message":"","jetpack_is_tweetstorm":false,"jetpack_publicize_feature_enabled":true},"categories":[6502],"tags":[8289,5057,6506,6516,6712,7129,8274,8885,6757,6900,6891,6693,6887],"jetpack_publicize_connections":[],"yoast_head":"<!-- This site is optimized with the Yoast SEO plugin v19.1 - https:\/\/yoast.com\/wordpress\/plugins\/seo\/ -->\n<title>Sori : Jam b\u00c3\u00abr\u00c3\u00ab specialist i nomnimeve | Big Brother Albania 2<\/title>\n<meta name=\"description\" content=\"Big Brother Albanai 2 - Anjeza duke qethur Qetsorin diskuton p\u00c3\u00abr ndryshimin e sjelljes s\u00c3\u00ab tij. Ajo i thot\u00c3\u00ab q\u00c3\u00ab sipas mendimit t\u00c3\u00ab saj ai ka ndryshuar koh\u00c3\u00abt e fundit, dhe shton\" \/>\n<meta name=\"robots\" content=\"index, follow, max-snippet:-1, max-image-preview:large, max-video-preview:-1\" \/>\n<link rel=\"canonical\" href=\"https:\/\/www.visit-ulcinj.com\/blog\/2009\/04\/18\/sori-jam-bere-specialist-i-nomnimeve\/\" \/>\n<meta property=\"og:locale\" content=\"en_US\" \/>\n<meta property=\"og:type\" content=\"article\" \/>\n<meta property=\"og:title\" content=\"Sori : Jam b\u00c3\u00abr\u00c3\u00ab specialist i nomnimeve | Big Brother Albania 2\" \/>\n<meta property=\"og:description\" content=\"Big Brother Albanai 2 - Anjeza duke qethur Qetsorin diskuton p\u00c3\u00abr ndryshimin e sjelljes s\u00c3\u00ab tij. Ajo i thot\u00c3\u00ab q\u00c3\u00ab sipas mendimit t\u00c3\u00ab saj ai ka ndryshuar koh\u00c3\u00abt e fundit, dhe shton\" \/>\n<meta property=\"og:url\" content=\"https:\/\/www.visit-ulcinj.com\/blog\/2009\/04\/18\/sori-jam-bere-specialist-i-nomnimeve\/\" \/>\n<meta property=\"og:site_name\" content=\"Lajme nga Ulqini\" \/>\n<meta property=\"article:published_time\" content=\"2009-04-18T09:00:16+00:00\" \/>\n<meta property=\"article:modified_time\" content=\"2009-04-18T08:38:09+00:00\" \/>\n<meta property=\"og:image\" content=\"http:\/\/www.visit-ulcinj.com\/blog\/wp-content\/uploads\/2009\/04\/anjeza-qeth-sorin-big-brother-albania-2.jpg\" \/>\n<meta name=\"twitter:label1\" content=\"Written by\" \/>\n\t<meta name=\"twitter:data1\" content=\"ulqini\" \/>\n\t<meta name=\"twitter:label2\" content=\"Est. reading time\" \/>\n\t<meta name=\"twitter:data2\" content=\"1 minute\" \/>\n<script type=\"application\/ld+json\" class=\"yoast-schema-graph\">{\"@context\":\"https:\/\/schema.org\",\"@graph\":[{\"@type\":\"WebSite\",\"@id\":\"https:\/\/www.visit-ulcinj.com\/blog\/#website\",\"url\":\"https:\/\/www.visit-ulcinj.com\/blog\/\",\"name\":\"Lajme nga Ulqini\",\"description\":\"Lajme,Vijesti,Ulqini,Ulqin,Crna Gora,Mali i Zi\",\"potentialAction\":[{\"@type\":\"SearchAction\",\"target\":{\"@type\":\"EntryPoint\",\"urlTemplate\":\"https:\/\/www.visit-ulcinj.com\/blog\/?s={search_term_string}\"},\"query-input\":\"required name=search_term_string\"}],\"inLanguage\":\"en-US\"},{\"@type\":\"ImageObject\",\"inLanguage\":\"en-US\",\"@id\":\"https:\/\/www.visit-ulcinj.com\/blog\/2009\/04\/18\/sori-jam-bere-specialist-i-nomnimeve\/#primaryimage\",\"url\":\"http:\/\/www.visit-ulcinj.com\/blog\/wp-content\/uploads\/2009\/04\/anjeza-qeth-sorin-big-brother-albania-2.jpg\",\"contentUrl\":\"http:\/\/www.visit-ulcinj.com\/blog\/wp-content\/uploads\/2009\/04\/anjeza-qeth-sorin-big-brother-albania-2.jpg\"},{\"@type\":\"WebPage\",\"@id\":\"https:\/\/www.visit-ulcinj.com\/blog\/2009\/04\/18\/sori-jam-bere-specialist-i-nomnimeve\/#webpage\",\"url\":\"https:\/\/www.visit-ulcinj.com\/blog\/2009\/04\/18\/sori-jam-bere-specialist-i-nomnimeve\/\",\"name\":\"Sori : Jam b\u00c3\u00abr\u00c3\u00ab specialist i nomnimeve | Big Brother Albania 2\",\"isPartOf\":{\"@id\":\"https:\/\/www.visit-ulcinj.com\/blog\/#website\"},\"primaryImageOfPage\":{\"@id\":\"https:\/\/www.visit-ulcinj.com\/blog\/2009\/04\/18\/sori-jam-bere-specialist-i-nomnimeve\/#primaryimage\"},\"datePublished\":\"2009-04-18T09:00:16+00:00\",\"dateModified\":\"2009-04-18T08:38:09+00:00\",\"author\":{\"@id\":\"https:\/\/www.visit-ulcinj.com\/blog\/#\/schema\/person\/dcab619c614d3038751c63bc2aadc06d\"},\"description\":\"Big Brother Albanai 2 - Anjeza duke qethur Qetsorin diskuton p\u00c3\u00abr ndryshimin e sjelljes s\u00c3\u00ab tij. Ajo i thot\u00c3\u00ab q\u00c3\u00ab sipas mendimit t\u00c3\u00ab saj ai ka ndryshuar koh\u00c3\u00abt e fundit, dhe shton\",\"breadcrumb\":{\"@id\":\"https:\/\/www.visit-ulcinj.com\/blog\/2009\/04\/18\/sori-jam-bere-specialist-i-nomnimeve\/#breadcrumb\"},\"inLanguage\":\"en-US\",\"potentialAction\":[{\"@type\":\"ReadAction\",\"target\":[\"https:\/\/www.visit-ulcinj.com\/blog\/2009\/04\/18\/sori-jam-bere-specialist-i-nomnimeve\/\"]}]},{\"@type\":\"BreadcrumbList\",\"@id\":\"https:\/\/www.visit-ulcinj.com\/blog\/2009\/04\/18\/sori-jam-bere-specialist-i-nomnimeve\/#breadcrumb\",\"itemListElement\":[{\"@type\":\"ListItem\",\"position\":1,\"name\":\"Sori : Jam b\u00ebr\u00eb specialist i nomnimeve\"}]},{\"@type\":\"Person\",\"@id\":\"https:\/\/www.visit-ulcinj.com\/blog\/#\/schema\/person\/dcab619c614d3038751c63bc2aadc06d\",\"name\":\"ulqini\",\"sameAs\":[\"http:\/\/www.visit-ulcinj.com\"],\"url\":\"https:\/\/www.visit-ulcinj.com\/blog\/author\/admin\/\"}]}<\/script>\n<!-- \/ Yoast SEO plugin. -->","yoast_head_json":{"title":"Sori : Jam b\u00c3\u00abr\u00c3\u00ab specialist i nomnimeve | Big Brother Albania 2","description":"Big Brother Albanai 2 - Anjeza duke qethur Qetsorin diskuton p\u00c3\u00abr ndryshimin e sjelljes s\u00c3\u00ab tij. Ajo i thot\u00c3\u00ab q\u00c3\u00ab sipas mendimit t\u00c3\u00ab saj ai ka ndryshuar koh\u00c3\u00abt e fundit, dhe shton","robots":{"index":"index","follow":"follow","max-snippet":"max-snippet:-1","max-image-preview":"max-image-preview:large","max-video-preview":"max-video-preview:-1"},"canonical":"https:\/\/www.visit-ulcinj.com\/blog\/2009\/04\/18\/sori-jam-bere-specialist-i-nomnimeve\/","og_locale":"en_US","og_type":"article","og_title":"Sori : Jam b\u00c3\u00abr\u00c3\u00ab specialist i nomnimeve | Big Brother Albania 2","og_description":"Big Brother Albanai 2 - Anjeza duke qethur Qetsorin diskuton p\u00c3\u00abr ndryshimin e sjelljes s\u00c3\u00ab tij. Ajo i thot\u00c3\u00ab q\u00c3\u00ab sipas mendimit t\u00c3\u00ab saj ai ka ndryshuar koh\u00c3\u00abt e fundit, dhe shton","og_url":"https:\/\/www.visit-ulcinj.com\/blog\/2009\/04\/18\/sori-jam-bere-specialist-i-nomnimeve\/","og_site_name":"Lajme nga Ulqini","article_published_time":"2009-04-18T09:00:16+00:00","article_modified_time":"2009-04-18T08:38:09+00:00","og_image":[{"url":"http:\/\/www.visit-ulcinj.com\/blog\/wp-content\/uploads\/2009\/04\/anjeza-qeth-sorin-big-brother-albania-2.jpg"}],"twitter_misc":{"Written by":"ulqini","Est. reading time":"1 minute"},"schema":{"@context":"https:\/\/schema.org","@graph":[{"@type":"WebSite","@id":"https:\/\/www.visit-ulcinj.com\/blog\/#website","url":"https:\/\/www.visit-ulcinj.com\/blog\/","name":"Lajme nga Ulqini","description":"Lajme,Vijesti,Ulqini,Ulqin,Crna Gora,Mali i Zi","potentialAction":[{"@type":"SearchAction","target":{"@type":"EntryPoint","urlTemplate":"https:\/\/www.visit-ulcinj.com\/blog\/?s={search_term_string}"},"query-input":"required name=search_term_string"}],"inLanguage":"en-US"},{"@type":"ImageObject","inLanguage":"en-US","@id":"https:\/\/www.visit-ulcinj.com\/blog\/2009\/04\/18\/sori-jam-bere-specialist-i-nomnimeve\/#primaryimage","url":"http:\/\/www.visit-ulcinj.com\/blog\/wp-content\/uploads\/2009\/04\/anjeza-qeth-sorin-big-brother-albania-2.jpg","contentUrl":"http:\/\/www.visit-ulcinj.com\/blog\/wp-content\/uploads\/2009\/04\/anjeza-qeth-sorin-big-brother-albania-2.jpg"},{"@type":"WebPage","@id":"https:\/\/www.visit-ulcinj.com\/blog\/2009\/04\/18\/sori-jam-bere-specialist-i-nomnimeve\/#webpage","url":"https:\/\/www.visit-ulcinj.com\/blog\/2009\/04\/18\/sori-jam-bere-specialist-i-nomnimeve\/","name":"Sori : Jam b\u00c3\u00abr\u00c3\u00ab specialist i nomnimeve | Big Brother Albania 2","isPartOf":{"@id":"https:\/\/www.visit-ulcinj.com\/blog\/#website"},"primaryImageOfPage":{"@id":"https:\/\/www.visit-ulcinj.com\/blog\/2009\/04\/18\/sori-jam-bere-specialist-i-nomnimeve\/#primaryimage"},"datePublished":"2009-04-18T09:00:16+00:00","dateModified":"2009-04-18T08:38:09+00:00","author":{"@id":"https:\/\/www.visit-ulcinj.com\/blog\/#\/schema\/person\/dcab619c614d3038751c63bc2aadc06d"},"description":"Big Brother Albanai 2 - Anjeza duke qethur Qetsorin diskuton p\u00c3\u00abr ndryshimin e sjelljes s\u00c3\u00ab tij. Ajo i thot\u00c3\u00ab q\u00c3\u00ab sipas mendimit t\u00c3\u00ab saj ai ka ndryshuar koh\u00c3\u00abt e fundit, dhe shton","breadcrumb":{"@id":"https:\/\/www.visit-ulcinj.com\/blog\/2009\/04\/18\/sori-jam-bere-specialist-i-nomnimeve\/#breadcrumb"},"inLanguage":"en-US","potentialAction":[{"@type":"ReadAction","target":["https:\/\/www.visit-ulcinj.com\/blog\/2009\/04\/18\/sori-jam-bere-specialist-i-nomnimeve\/"]}]},{"@type":"BreadcrumbList","@id":"https:\/\/www.visit-ulcinj.com\/blog\/2009\/04\/18\/sori-jam-bere-specialist-i-nomnimeve\/#breadcrumb","itemListElement":[{"@type":"ListItem","position":1,"name":"Sori : Jam b\u00ebr\u00eb specialist i nomnimeve"}]},{"@type":"Person","@id":"https:\/\/www.visit-ulcinj.com\/blog\/#\/schema\/person\/dcab619c614d3038751c63bc2aadc06d","name":"ulqini","sameAs":["http:\/\/www.visit-ulcinj.com"],"url":"https:\/\/www.visit-ulcinj.com\/blog\/author\/admin\/"}]}},"jetpack_featured_media_url":"","jetpack_sharing_enabled":true,"jetpack_shortlink":"https:\/\/wp.me\/pe6lTn-4Kf","_links":{"self":[{"href":"https:\/\/www.visit-ulcinj.com\/blog\/wp-json\/wp\/v2\/posts\/18243"}],"collection":[{"href":"https:\/\/www.visit-ulcinj.com\/blog\/wp-json\/wp\/v2\/posts"}],"about":[{"href":"https:\/\/www.visit-ulcinj.com\/blog\/wp-json\/wp\/v2\/types\/post"}],"author":[{"embeddable":true,"href":"https:\/\/www.visit-ulcinj.com\/blog\/wp-json\/wp\/v2\/users\/1"}],"replies":[{"embeddable":true,"href":"https:\/\/www.visit-ulcinj.com\/blog\/wp-json\/wp\/v2\/comments?post=18243"}],"version-history":[{"count":0,"href":"https:\/\/www.visit-ulcinj.com\/blog\/wp-json\/wp\/v2\/posts\/18243\/revisions"}],"wp:attachment":[{"href":"https:\/\/www.visit-ulcinj.com\/blog\/wp-json\/wp\/v2\/media?parent=18243"}],"wp:term":[{"taxonomy":"category","embeddable":true,"href":"https:\/\/www.visit-ulcinj.com\/blog\/wp-json\/wp\/v2\/categories?post=18243"},{"taxonomy":"post_tag","embeddable":true,"href":"https:\/\/www.visit-ulcinj.com\/blog\/wp-json\/wp\/v2\/tags?post=18243"}],"curies":[{"name":"wp","href":"https:\/\/api.w.org\/{rel}","templated":true}]}}