{"id":18246,"date":"2009-04-18T11:00:31","date_gmt":"2009-04-18T09:00:31","guid":{"rendered":"http:\/\/www.visit-ulcinj.com\/blog\/?p=18246"},"modified":"2009-04-18T10:39:57","modified_gmt":"2009-04-18T08:39:57","slug":"te-vjetrit-kunder-te-rinjve","status":"publish","type":"post","link":"https:\/\/www.visit-ulcinj.com\/blog\/2009\/04\/18\/te-vjetrit-kunder-te-rinjve\/","title":{"rendered":"T\u00eb vjetrit kund\u00ebr t\u00eb rinjve"},"content":{"rendered":"<p><em><span class=\"newsdate\"><a href=\"http:\/\/www.visit-ulcinj.com\/blog\/wp-content\/uploads\/2009\/04\/debat-ne-dreke-big-brother-albania-2.jpg\"><img loading=\"lazy\" class=\"alignleft size-full wp-image-18248\" title=\"debat-ne-dreke-big-brother-albania-2\" src=\"http:\/\/www.visit-ulcinj.com\/blog\/wp-content\/uploads\/2009\/04\/debat-ne-dreke-big-brother-albania-2.jpg\" alt=\"debat-ne-dreke-big-brother-albania-2\" width=\"300\" height=\"205\" \/><\/a>17\/04\/09 19:04<\/span><\/em><\/p>\n<p>Gjat\u00eb drek\u00ebs Qetsori ka shprehur q\u00eb i vjen inat me faktin q\u00eb personat q\u00eb jan\u00eb n\u00eb nominim jan\u00eb nga banor\u00ebt e vjet\u00ebr, dhe jo nga ato t\u00eb rinj. Ai u ka propozuar banor\u00ebve si tem\u00eb diskutimi \u201cT\u00eb vjetrit kund\u00ebr t\u00eb rinjve\u201d. Ai thot\u00eb:-\u201cDo m\u00eb vinte inat n\u00ebse 70mij\u00eb euroshin do e merrte nj\u00eb prej banor\u00ebve t\u00eb rinj!\u201d Ari mendon q\u00eb kjo tem\u00eb \u00ebsht\u00eb qesharake. Arjoni shprehet q\u00eb \u00ebsht\u00eb pro tem\u00ebs s\u00eb Qetsorit. Aida thot\u00eb q\u00eb banor\u00ebt e rinj i kan\u00eb sjell\u00eb nj\u00eb bat\u00ebkuptim q\u00eb nuk e ka gjetur tek disa prej banor\u00ebve t\u00eb vjet\u00ebr. Banor\u00ebt kapen me fjal\u00eb me nj\u00ebri \u2013tjetrin gjat\u00eb drek\u00ebs. Tema nuk arrin t\u00eb b\u00ebhet p\u00ebr shkak se bie alarmi q\u00eb sinjalizoi fillimin e prov\u00ebs s\u00eb jav\u00ebs.<\/p>\n","protected":false},"excerpt":{"rendered":"<p>17\/04\/09 19:04 Gjat\u00eb drek\u00ebs Qetsori ka shprehur q\u00eb i vjen inat me faktin q\u00eb personat q\u00eb jan\u00eb n\u00eb nominim jan\u00eb nga banor\u00ebt e vjet\u00ebr, dhe jo nga ato t\u00eb rinj. Ai u ka propozuar banor\u00ebve si tem\u00eb diskutimi \u201cT\u00eb vjetrit kund\u00ebr t\u00eb rinjve\u201d. Ai thot\u00eb:-\u201cDo m\u00eb vinte inat n\u00ebse 70mij\u00eb euroshin do e merrte nj\u00eb [&hellip;]<\/p>\n","protected":false},"author":1,"featured_media":0,"comment_status":"open","ping_status":"closed","sticky":false,"template":"","format":"standard","meta":{"spay_email":"","jetpack_publicize_message":"","jetpack_is_tweetstorm":false,"jetpack_publicize_feature_enabled":true},"categories":[6502],"tags":[6537,8934,5057,6506,6516,6712,7129,1442,9011,6757,8276,9297,6891,6693,6887],"jetpack_publicize_connections":[],"yoast_head":"<!-- This site is optimized with the Yoast SEO plugin v19.1 - https:\/\/yoast.com\/wordpress\/plugins\/seo\/ -->\n<title>T\u00c3\u00ab vjetrit kund\u00c3\u00abr t\u00c3\u00ab rinjve | Big Brother Albania 2<\/title>\n<meta name=\"description\" content=\"Big Brother Albania 2 - Gjat\u00c3\u00ab drek\u00c3\u00abs Qetsori ka shprehur q\u00c3\u00ab i vjen inat me faktin q\u00c3\u00ab personat q\u00c3\u00ab jan\u00c3\u00ab n\u00c3\u00ab nominim jan\u00c3\u00ab nga banor\u00c3\u00abt e vjet\u00c3\u00abr, dhe jo nga ato t\u00c3\u00ab rinj.\" \/>\n<meta name=\"robots\" content=\"index, follow, max-snippet:-1, max-image-preview:large, max-video-preview:-1\" \/>\n<link rel=\"canonical\" href=\"https:\/\/www.visit-ulcinj.com\/blog\/2009\/04\/18\/te-vjetrit-kunder-te-rinjve\/\" \/>\n<meta property=\"og:locale\" content=\"en_US\" \/>\n<meta property=\"og:type\" content=\"article\" \/>\n<meta property=\"og:title\" content=\"T\u00c3\u00ab vjetrit kund\u00c3\u00abr t\u00c3\u00ab rinjve | Big Brother Albania 2\" \/>\n<meta property=\"og:description\" content=\"Big Brother Albania 2 - Gjat\u00c3\u00ab drek\u00c3\u00abs Qetsori ka shprehur q\u00c3\u00ab i vjen inat me faktin q\u00c3\u00ab personat q\u00c3\u00ab jan\u00c3\u00ab n\u00c3\u00ab nominim jan\u00c3\u00ab nga banor\u00c3\u00abt e vjet\u00c3\u00abr, dhe jo nga ato t\u00c3\u00ab rinj.\" \/>\n<meta property=\"og:url\" content=\"https:\/\/www.visit-ulcinj.com\/blog\/2009\/04\/18\/te-vjetrit-kunder-te-rinjve\/\" \/>\n<meta property=\"og:site_name\" content=\"Lajme nga Ulqini\" \/>\n<meta property=\"article:published_time\" content=\"2009-04-18T09:00:31+00:00\" \/>\n<meta property=\"article:modified_time\" content=\"2009-04-18T08:39:57+00:00\" \/>\n<meta property=\"og:image\" content=\"http:\/\/www.visit-ulcinj.com\/blog\/wp-content\/uploads\/2009\/04\/debat-ne-dreke-big-brother-albania-2.jpg\" \/>\n<meta name=\"twitter:label1\" content=\"Written by\" \/>\n\t<meta name=\"twitter:data1\" content=\"ulqini\" \/>\n\t<meta name=\"twitter:label2\" content=\"Est. reading time\" \/>\n\t<meta name=\"twitter:data2\" content=\"1 minute\" \/>\n<script type=\"application\/ld+json\" class=\"yoast-schema-graph\">{\"@context\":\"https:\/\/schema.org\",\"@graph\":[{\"@type\":\"WebSite\",\"@id\":\"https:\/\/www.visit-ulcinj.com\/blog\/#website\",\"url\":\"https:\/\/www.visit-ulcinj.com\/blog\/\",\"name\":\"Lajme nga Ulqini\",\"description\":\"Lajme,Vijesti,Ulqini,Ulqin,Crna Gora,Mali i Zi\",\"potentialAction\":[{\"@type\":\"SearchAction\",\"target\":{\"@type\":\"EntryPoint\",\"urlTemplate\":\"https:\/\/www.visit-ulcinj.com\/blog\/?s={search_term_string}\"},\"query-input\":\"required name=search_term_string\"}],\"inLanguage\":\"en-US\"},{\"@type\":\"ImageObject\",\"inLanguage\":\"en-US\",\"@id\":\"https:\/\/www.visit-ulcinj.com\/blog\/2009\/04\/18\/te-vjetrit-kunder-te-rinjve\/#primaryimage\",\"url\":\"http:\/\/www.visit-ulcinj.com\/blog\/wp-content\/uploads\/2009\/04\/debat-ne-dreke-big-brother-albania-2.jpg\",\"contentUrl\":\"http:\/\/www.visit-ulcinj.com\/blog\/wp-content\/uploads\/2009\/04\/debat-ne-dreke-big-brother-albania-2.jpg\"},{\"@type\":\"WebPage\",\"@id\":\"https:\/\/www.visit-ulcinj.com\/blog\/2009\/04\/18\/te-vjetrit-kunder-te-rinjve\/#webpage\",\"url\":\"https:\/\/www.visit-ulcinj.com\/blog\/2009\/04\/18\/te-vjetrit-kunder-te-rinjve\/\",\"name\":\"T\u00c3\u00ab vjetrit kund\u00c3\u00abr t\u00c3\u00ab rinjve | Big Brother Albania 2\",\"isPartOf\":{\"@id\":\"https:\/\/www.visit-ulcinj.com\/blog\/#website\"},\"primaryImageOfPage\":{\"@id\":\"https:\/\/www.visit-ulcinj.com\/blog\/2009\/04\/18\/te-vjetrit-kunder-te-rinjve\/#primaryimage\"},\"datePublished\":\"2009-04-18T09:00:31+00:00\",\"dateModified\":\"2009-04-18T08:39:57+00:00\",\"author\":{\"@id\":\"https:\/\/www.visit-ulcinj.com\/blog\/#\/schema\/person\/dcab619c614d3038751c63bc2aadc06d\"},\"description\":\"Big Brother Albania 2 - Gjat\u00c3\u00ab drek\u00c3\u00abs Qetsori ka shprehur q\u00c3\u00ab i vjen inat me faktin q\u00c3\u00ab personat q\u00c3\u00ab jan\u00c3\u00ab n\u00c3\u00ab nominim jan\u00c3\u00ab nga banor\u00c3\u00abt e vjet\u00c3\u00abr, dhe jo nga ato t\u00c3\u00ab rinj.\",\"breadcrumb\":{\"@id\":\"https:\/\/www.visit-ulcinj.com\/blog\/2009\/04\/18\/te-vjetrit-kunder-te-rinjve\/#breadcrumb\"},\"inLanguage\":\"en-US\",\"potentialAction\":[{\"@type\":\"ReadAction\",\"target\":[\"https:\/\/www.visit-ulcinj.com\/blog\/2009\/04\/18\/te-vjetrit-kunder-te-rinjve\/\"]}]},{\"@type\":\"BreadcrumbList\",\"@id\":\"https:\/\/www.visit-ulcinj.com\/blog\/2009\/04\/18\/te-vjetrit-kunder-te-rinjve\/#breadcrumb\",\"itemListElement\":[{\"@type\":\"ListItem\",\"position\":1,\"name\":\"T\u00eb vjetrit kund\u00ebr t\u00eb rinjve\"}]},{\"@type\":\"Person\",\"@id\":\"https:\/\/www.visit-ulcinj.com\/blog\/#\/schema\/person\/dcab619c614d3038751c63bc2aadc06d\",\"name\":\"ulqini\",\"sameAs\":[\"http:\/\/www.visit-ulcinj.com\"],\"url\":\"https:\/\/www.visit-ulcinj.com\/blog\/author\/admin\/\"}]}<\/script>\n<!-- \/ Yoast SEO plugin. -->","yoast_head_json":{"title":"T\u00c3\u00ab vjetrit kund\u00c3\u00abr t\u00c3\u00ab rinjve | Big Brother Albania 2","description":"Big Brother Albania 2 - Gjat\u00c3\u00ab drek\u00c3\u00abs Qetsori ka shprehur q\u00c3\u00ab i vjen inat me faktin q\u00c3\u00ab personat q\u00c3\u00ab jan\u00c3\u00ab n\u00c3\u00ab nominim jan\u00c3\u00ab nga banor\u00c3\u00abt e vjet\u00c3\u00abr, dhe jo nga ato t\u00c3\u00ab rinj.","robots":{"index":"index","follow":"follow","max-snippet":"max-snippet:-1","max-image-preview":"max-image-preview:large","max-video-preview":"max-video-preview:-1"},"canonical":"https:\/\/www.visit-ulcinj.com\/blog\/2009\/04\/18\/te-vjetrit-kunder-te-rinjve\/","og_locale":"en_US","og_type":"article","og_title":"T\u00c3\u00ab vjetrit kund\u00c3\u00abr t\u00c3\u00ab rinjve | Big Brother Albania 2","og_description":"Big Brother Albania 2 - Gjat\u00c3\u00ab drek\u00c3\u00abs Qetsori ka shprehur q\u00c3\u00ab i vjen inat me faktin q\u00c3\u00ab personat q\u00c3\u00ab jan\u00c3\u00ab n\u00c3\u00ab nominim jan\u00c3\u00ab nga banor\u00c3\u00abt e vjet\u00c3\u00abr, dhe jo nga ato t\u00c3\u00ab rinj.","og_url":"https:\/\/www.visit-ulcinj.com\/blog\/2009\/04\/18\/te-vjetrit-kunder-te-rinjve\/","og_site_name":"Lajme nga Ulqini","article_published_time":"2009-04-18T09:00:31+00:00","article_modified_time":"2009-04-18T08:39:57+00:00","og_image":[{"url":"http:\/\/www.visit-ulcinj.com\/blog\/wp-content\/uploads\/2009\/04\/debat-ne-dreke-big-brother-albania-2.jpg"}],"twitter_misc":{"Written by":"ulqini","Est. reading time":"1 minute"},"schema":{"@context":"https:\/\/schema.org","@graph":[{"@type":"WebSite","@id":"https:\/\/www.visit-ulcinj.com\/blog\/#website","url":"https:\/\/www.visit-ulcinj.com\/blog\/","name":"Lajme nga Ulqini","description":"Lajme,Vijesti,Ulqini,Ulqin,Crna Gora,Mali i Zi","potentialAction":[{"@type":"SearchAction","target":{"@type":"EntryPoint","urlTemplate":"https:\/\/www.visit-ulcinj.com\/blog\/?s={search_term_string}"},"query-input":"required name=search_term_string"}],"inLanguage":"en-US"},{"@type":"ImageObject","inLanguage":"en-US","@id":"https:\/\/www.visit-ulcinj.com\/blog\/2009\/04\/18\/te-vjetrit-kunder-te-rinjve\/#primaryimage","url":"http:\/\/www.visit-ulcinj.com\/blog\/wp-content\/uploads\/2009\/04\/debat-ne-dreke-big-brother-albania-2.jpg","contentUrl":"http:\/\/www.visit-ulcinj.com\/blog\/wp-content\/uploads\/2009\/04\/debat-ne-dreke-big-brother-albania-2.jpg"},{"@type":"WebPage","@id":"https:\/\/www.visit-ulcinj.com\/blog\/2009\/04\/18\/te-vjetrit-kunder-te-rinjve\/#webpage","url":"https:\/\/www.visit-ulcinj.com\/blog\/2009\/04\/18\/te-vjetrit-kunder-te-rinjve\/","name":"T\u00c3\u00ab vjetrit kund\u00c3\u00abr t\u00c3\u00ab rinjve | Big Brother Albania 2","isPartOf":{"@id":"https:\/\/www.visit-ulcinj.com\/blog\/#website"},"primaryImageOfPage":{"@id":"https:\/\/www.visit-ulcinj.com\/blog\/2009\/04\/18\/te-vjetrit-kunder-te-rinjve\/#primaryimage"},"datePublished":"2009-04-18T09:00:31+00:00","dateModified":"2009-04-18T08:39:57+00:00","author":{"@id":"https:\/\/www.visit-ulcinj.com\/blog\/#\/schema\/person\/dcab619c614d3038751c63bc2aadc06d"},"description":"Big Brother Albania 2 - Gjat\u00c3\u00ab drek\u00c3\u00abs Qetsori ka shprehur q\u00c3\u00ab i vjen inat me faktin q\u00c3\u00ab personat q\u00c3\u00ab jan\u00c3\u00ab n\u00c3\u00ab nominim jan\u00c3\u00ab nga banor\u00c3\u00abt e vjet\u00c3\u00abr, dhe jo nga ato t\u00c3\u00ab rinj.","breadcrumb":{"@id":"https:\/\/www.visit-ulcinj.com\/blog\/2009\/04\/18\/te-vjetrit-kunder-te-rinjve\/#breadcrumb"},"inLanguage":"en-US","potentialAction":[{"@type":"ReadAction","target":["https:\/\/www.visit-ulcinj.com\/blog\/2009\/04\/18\/te-vjetrit-kunder-te-rinjve\/"]}]},{"@type":"BreadcrumbList","@id":"https:\/\/www.visit-ulcinj.com\/blog\/2009\/04\/18\/te-vjetrit-kunder-te-rinjve\/#breadcrumb","itemListElement":[{"@type":"ListItem","position":1,"name":"T\u00eb vjetrit kund\u00ebr t\u00eb rinjve"}]},{"@type":"Person","@id":"https:\/\/www.visit-ulcinj.com\/blog\/#\/schema\/person\/dcab619c614d3038751c63bc2aadc06d","name":"ulqini","sameAs":["http:\/\/www.visit-ulcinj.com"],"url":"https:\/\/www.visit-ulcinj.com\/blog\/author\/admin\/"}]}},"jetpack_featured_media_url":"","jetpack_sharing_enabled":true,"jetpack_shortlink":"https:\/\/wp.me\/pe6lTn-4Ki","_links":{"self":[{"href":"https:\/\/www.visit-ulcinj.com\/blog\/wp-json\/wp\/v2\/posts\/18246"}],"collection":[{"href":"https:\/\/www.visit-ulcinj.com\/blog\/wp-json\/wp\/v2\/posts"}],"about":[{"href":"https:\/\/www.visit-ulcinj.com\/blog\/wp-json\/wp\/v2\/types\/post"}],"author":[{"embeddable":true,"href":"https:\/\/www.visit-ulcinj.com\/blog\/wp-json\/wp\/v2\/users\/1"}],"replies":[{"embeddable":true,"href":"https:\/\/www.visit-ulcinj.com\/blog\/wp-json\/wp\/v2\/comments?post=18246"}],"version-history":[{"count":0,"href":"https:\/\/www.visit-ulcinj.com\/blog\/wp-json\/wp\/v2\/posts\/18246\/revisions"}],"wp:attachment":[{"href":"https:\/\/www.visit-ulcinj.com\/blog\/wp-json\/wp\/v2\/media?parent=18246"}],"wp:term":[{"taxonomy":"category","embeddable":true,"href":"https:\/\/www.visit-ulcinj.com\/blog\/wp-json\/wp\/v2\/categories?post=18246"},{"taxonomy":"post_tag","embeddable":true,"href":"https:\/\/www.visit-ulcinj.com\/blog\/wp-json\/wp\/v2\/tags?post=18246"}],"curies":[{"name":"wp","href":"https:\/\/api.w.org\/{rel}","templated":true}]}}