{"id":18256,"date":"2009-04-18T11:00:41","date_gmt":"2009-04-18T09:00:41","guid":{"rendered":"http:\/\/www.visit-ulcinj.com\/blog\/?p=18256"},"modified":"2009-04-26T03:07:56","modified_gmt":"2009-04-26T01:07:56","slug":"me-te-rinjte-apo-te-vjeterit","status":"publish","type":"post","link":"https:\/\/www.visit-ulcinj.com\/blog\/2009\/04\/18\/me-te-rinjte-apo-te-vjeterit\/","title":{"rendered":"Me t\u00eb rinjt\u00eb apo t\u00eb vjet\u00ebrit"},"content":{"rendered":"<p><em><span class=\"newsdate\"><a href=\"http:\/\/www.visit-ulcinj.com\/blog\/wp-content\/uploads\/2009\/04\/sori-merr-adin-big-brother-albania-2.jpg\"><img loading=\"lazy\" class=\"alignleft size-full wp-image-18257\" title=\"sori-merr-adin-big-brother-albania-2\" src=\"http:\/\/www.visit-ulcinj.com\/blog\/wp-content\/uploads\/2009\/04\/sori-merr-adin-big-brother-albania-2.jpg\" alt=\"sori-merr-adin-big-brother-albania-2\" width=\"300\" height=\"205\" \/><\/a>18\/04\/09 02:08<\/span><\/em><\/p>\n<p>Banor\u00ebt kan\u00eb shkuar n\u00eb dhomat e gjumit p\u00ebr t\u00eb fjetur. Adi \u00ebsht\u00eb shtrir\u00eb n\u00eb krevatin e Jun\u00ebs, p\u00ebr t\u2019i b\u00ebr\u00eb shoq\u00ebri asaj derisa t\u00eb flen\u00eb. Edhe Sori ndodhet tek dhoma e t\u00eb rinjve p\u00ebr t\u00eb biseduar. Pas pak, Sori i k\u00ebrkon Adit q\u00eb t\u00eb ngrihen dhe t\u00eb shkojn\u00eb n\u00eb dhom\u00ebn e tyre. Adi nuk l\u00ebviz, nd\u00ebrsa Juna i k\u00ebrkon Sorit q\u00eb ai n\u00ebse do, mund t\u00eb largohet. Sori insiston q\u00eb Adi t\u00eb shkoj\u00eb me t\u00eb. \u201cKjo \u00ebsht\u00eb ajo biseda me t\u00eb rinjt\u00eb apo me t\u00eb vjetrit\u201d- ia kthen Adi atij duke n\u00ebnkuptuar se d\u00ebshiron t\u00eb q\u00ebndroj\u00eb aty. Ata qeshin. Sori largohet duke e quajtur t\u00eb posht\u00ebr p\u00ebr zgjedhjen q\u00eb b\u00ebri. \u201cTi n\u00eb fakt je duke ndenjur me t\u00eb vjet\u00ebrit\u201d- i thot\u00eb Aida p\u00ebr ta ngacmuar. Ata vazhdojn\u00eb t\u00eb qeshin. Sori largohet dhe pas tij shkon edhe Adi.<\/p>\n","protected":false},"excerpt":{"rendered":"<p>18\/04\/09 02:08 Banor\u00ebt kan\u00eb shkuar n\u00eb dhomat e gjumit p\u00ebr t\u00eb fjetur. Adi \u00ebsht\u00eb shtrir\u00eb n\u00eb krevatin e Jun\u00ebs, p\u00ebr t\u2019i b\u00ebr\u00eb shoq\u00ebri asaj derisa t\u00eb flen\u00eb. Edhe Sori ndodhet tek dhoma e t\u00eb rinjve p\u00ebr t\u00eb biseduar. Pas pak, Sori i k\u00ebrkon Adit q\u00eb t\u00eb ngrihen dhe t\u00eb shkojn\u00eb n\u00eb dhom\u00ebn e tyre. Adi [&hellip;]<\/p>\n","protected":false},"author":1,"featured_media":0,"comment_status":"open","ping_status":"closed","sticky":false,"template":"","format":"standard","meta":{"spay_email":"","jetpack_publicize_message":"","jetpack_is_tweetstorm":false,"jetpack_publicize_feature_enabled":true},"categories":[6502],"tags":[1414,5057,6506,6516,6712,7129,1442,9011,9304,8276,6891,6693,6887],"jetpack_publicize_connections":[],"yoast_head":"<!-- This site is optimized with the Yoast SEO plugin v19.1 - https:\/\/yoast.com\/wordpress\/plugins\/seo\/ -->\n<title>Me t\u00c3\u00ab rinjt\u00c3\u00ab apo t\u00c3\u00ab vjet\u00c3\u00abrit | Big Brother Albania 2<\/title>\n<meta name=\"description\" content=\"Me t\u00c3\u00ab rinjt\u00c3\u00ab apo t\u00c3\u00ab vjet\u00c3\u00abrit | Big Brother Albania 2\" \/>\n<meta name=\"robots\" content=\"index, follow, max-snippet:-1, max-image-preview:large, max-video-preview:-1\" \/>\n<link rel=\"canonical\" href=\"https:\/\/www.visit-ulcinj.com\/blog\/2009\/04\/18\/me-te-rinjte-apo-te-vjeterit\/\" \/>\n<meta property=\"og:locale\" content=\"en_US\" \/>\n<meta property=\"og:type\" content=\"article\" \/>\n<meta property=\"og:title\" content=\"Me t\u00c3\u00ab rinjt\u00c3\u00ab apo t\u00c3\u00ab vjet\u00c3\u00abrit | Big Brother Albania 2\" \/>\n<meta property=\"og:description\" content=\"Me t\u00c3\u00ab rinjt\u00c3\u00ab apo t\u00c3\u00ab vjet\u00c3\u00abrit | Big Brother Albania 2\" \/>\n<meta property=\"og:url\" content=\"https:\/\/www.visit-ulcinj.com\/blog\/2009\/04\/18\/me-te-rinjte-apo-te-vjeterit\/\" \/>\n<meta property=\"og:site_name\" content=\"Lajme nga Ulqini\" \/>\n<meta property=\"article:published_time\" content=\"2009-04-18T09:00:41+00:00\" \/>\n<meta property=\"article:modified_time\" content=\"2009-04-26T01:07:56+00:00\" \/>\n<meta property=\"og:image\" content=\"http:\/\/www.visit-ulcinj.com\/blog\/wp-content\/uploads\/2009\/04\/sori-merr-adin-big-brother-albania-2.jpg\" \/>\n<meta name=\"twitter:label1\" content=\"Written by\" \/>\n\t<meta name=\"twitter:data1\" content=\"ulqini\" \/>\n\t<meta name=\"twitter:label2\" content=\"Est. reading time\" \/>\n\t<meta name=\"twitter:data2\" content=\"1 minute\" \/>\n<script type=\"application\/ld+json\" class=\"yoast-schema-graph\">{\"@context\":\"https:\/\/schema.org\",\"@graph\":[{\"@type\":\"WebSite\",\"@id\":\"https:\/\/www.visit-ulcinj.com\/blog\/#website\",\"url\":\"https:\/\/www.visit-ulcinj.com\/blog\/\",\"name\":\"Lajme nga Ulqini\",\"description\":\"Lajme,Vijesti,Ulqini,Ulqin,Crna Gora,Mali i Zi\",\"potentialAction\":[{\"@type\":\"SearchAction\",\"target\":{\"@type\":\"EntryPoint\",\"urlTemplate\":\"https:\/\/www.visit-ulcinj.com\/blog\/?s={search_term_string}\"},\"query-input\":\"required name=search_term_string\"}],\"inLanguage\":\"en-US\"},{\"@type\":\"ImageObject\",\"inLanguage\":\"en-US\",\"@id\":\"https:\/\/www.visit-ulcinj.com\/blog\/2009\/04\/18\/me-te-rinjte-apo-te-vjeterit\/#primaryimage\",\"url\":\"http:\/\/www.visit-ulcinj.com\/blog\/wp-content\/uploads\/2009\/04\/sori-merr-adin-big-brother-albania-2.jpg\",\"contentUrl\":\"http:\/\/www.visit-ulcinj.com\/blog\/wp-content\/uploads\/2009\/04\/sori-merr-adin-big-brother-albania-2.jpg\"},{\"@type\":\"WebPage\",\"@id\":\"https:\/\/www.visit-ulcinj.com\/blog\/2009\/04\/18\/me-te-rinjte-apo-te-vjeterit\/#webpage\",\"url\":\"https:\/\/www.visit-ulcinj.com\/blog\/2009\/04\/18\/me-te-rinjte-apo-te-vjeterit\/\",\"name\":\"Me t\u00c3\u00ab rinjt\u00c3\u00ab apo t\u00c3\u00ab vjet\u00c3\u00abrit | Big Brother Albania 2\",\"isPartOf\":{\"@id\":\"https:\/\/www.visit-ulcinj.com\/blog\/#website\"},\"primaryImageOfPage\":{\"@id\":\"https:\/\/www.visit-ulcinj.com\/blog\/2009\/04\/18\/me-te-rinjte-apo-te-vjeterit\/#primaryimage\"},\"datePublished\":\"2009-04-18T09:00:41+00:00\",\"dateModified\":\"2009-04-26T01:07:56+00:00\",\"author\":{\"@id\":\"https:\/\/www.visit-ulcinj.com\/blog\/#\/schema\/person\/dcab619c614d3038751c63bc2aadc06d\"},\"description\":\"Me t\u00c3\u00ab rinjt\u00c3\u00ab apo t\u00c3\u00ab vjet\u00c3\u00abrit | Big Brother Albania 2\",\"breadcrumb\":{\"@id\":\"https:\/\/www.visit-ulcinj.com\/blog\/2009\/04\/18\/me-te-rinjte-apo-te-vjeterit\/#breadcrumb\"},\"inLanguage\":\"en-US\",\"potentialAction\":[{\"@type\":\"ReadAction\",\"target\":[\"https:\/\/www.visit-ulcinj.com\/blog\/2009\/04\/18\/me-te-rinjte-apo-te-vjeterit\/\"]}]},{\"@type\":\"BreadcrumbList\",\"@id\":\"https:\/\/www.visit-ulcinj.com\/blog\/2009\/04\/18\/me-te-rinjte-apo-te-vjeterit\/#breadcrumb\",\"itemListElement\":[{\"@type\":\"ListItem\",\"position\":1,\"name\":\"Me t\u00eb rinjt\u00eb apo t\u00eb vjet\u00ebrit\"}]},{\"@type\":\"Person\",\"@id\":\"https:\/\/www.visit-ulcinj.com\/blog\/#\/schema\/person\/dcab619c614d3038751c63bc2aadc06d\",\"name\":\"ulqini\",\"sameAs\":[\"http:\/\/www.visit-ulcinj.com\"],\"url\":\"https:\/\/www.visit-ulcinj.com\/blog\/author\/admin\/\"}]}<\/script>\n<!-- \/ Yoast SEO plugin. -->","yoast_head_json":{"title":"Me t\u00c3\u00ab rinjt\u00c3\u00ab apo t\u00c3\u00ab vjet\u00c3\u00abrit | Big Brother Albania 2","description":"Me t\u00c3\u00ab rinjt\u00c3\u00ab apo t\u00c3\u00ab vjet\u00c3\u00abrit | Big Brother Albania 2","robots":{"index":"index","follow":"follow","max-snippet":"max-snippet:-1","max-image-preview":"max-image-preview:large","max-video-preview":"max-video-preview:-1"},"canonical":"https:\/\/www.visit-ulcinj.com\/blog\/2009\/04\/18\/me-te-rinjte-apo-te-vjeterit\/","og_locale":"en_US","og_type":"article","og_title":"Me t\u00c3\u00ab rinjt\u00c3\u00ab apo t\u00c3\u00ab vjet\u00c3\u00abrit | Big Brother Albania 2","og_description":"Me t\u00c3\u00ab rinjt\u00c3\u00ab apo t\u00c3\u00ab vjet\u00c3\u00abrit | Big Brother Albania 2","og_url":"https:\/\/www.visit-ulcinj.com\/blog\/2009\/04\/18\/me-te-rinjte-apo-te-vjeterit\/","og_site_name":"Lajme nga Ulqini","article_published_time":"2009-04-18T09:00:41+00:00","article_modified_time":"2009-04-26T01:07:56+00:00","og_image":[{"url":"http:\/\/www.visit-ulcinj.com\/blog\/wp-content\/uploads\/2009\/04\/sori-merr-adin-big-brother-albania-2.jpg"}],"twitter_misc":{"Written by":"ulqini","Est. reading time":"1 minute"},"schema":{"@context":"https:\/\/schema.org","@graph":[{"@type":"WebSite","@id":"https:\/\/www.visit-ulcinj.com\/blog\/#website","url":"https:\/\/www.visit-ulcinj.com\/blog\/","name":"Lajme nga Ulqini","description":"Lajme,Vijesti,Ulqini,Ulqin,Crna Gora,Mali i Zi","potentialAction":[{"@type":"SearchAction","target":{"@type":"EntryPoint","urlTemplate":"https:\/\/www.visit-ulcinj.com\/blog\/?s={search_term_string}"},"query-input":"required name=search_term_string"}],"inLanguage":"en-US"},{"@type":"ImageObject","inLanguage":"en-US","@id":"https:\/\/www.visit-ulcinj.com\/blog\/2009\/04\/18\/me-te-rinjte-apo-te-vjeterit\/#primaryimage","url":"http:\/\/www.visit-ulcinj.com\/blog\/wp-content\/uploads\/2009\/04\/sori-merr-adin-big-brother-albania-2.jpg","contentUrl":"http:\/\/www.visit-ulcinj.com\/blog\/wp-content\/uploads\/2009\/04\/sori-merr-adin-big-brother-albania-2.jpg"},{"@type":"WebPage","@id":"https:\/\/www.visit-ulcinj.com\/blog\/2009\/04\/18\/me-te-rinjte-apo-te-vjeterit\/#webpage","url":"https:\/\/www.visit-ulcinj.com\/blog\/2009\/04\/18\/me-te-rinjte-apo-te-vjeterit\/","name":"Me t\u00c3\u00ab rinjt\u00c3\u00ab apo t\u00c3\u00ab vjet\u00c3\u00abrit | Big Brother Albania 2","isPartOf":{"@id":"https:\/\/www.visit-ulcinj.com\/blog\/#website"},"primaryImageOfPage":{"@id":"https:\/\/www.visit-ulcinj.com\/blog\/2009\/04\/18\/me-te-rinjte-apo-te-vjeterit\/#primaryimage"},"datePublished":"2009-04-18T09:00:41+00:00","dateModified":"2009-04-26T01:07:56+00:00","author":{"@id":"https:\/\/www.visit-ulcinj.com\/blog\/#\/schema\/person\/dcab619c614d3038751c63bc2aadc06d"},"description":"Me t\u00c3\u00ab rinjt\u00c3\u00ab apo t\u00c3\u00ab vjet\u00c3\u00abrit | Big Brother Albania 2","breadcrumb":{"@id":"https:\/\/www.visit-ulcinj.com\/blog\/2009\/04\/18\/me-te-rinjte-apo-te-vjeterit\/#breadcrumb"},"inLanguage":"en-US","potentialAction":[{"@type":"ReadAction","target":["https:\/\/www.visit-ulcinj.com\/blog\/2009\/04\/18\/me-te-rinjte-apo-te-vjeterit\/"]}]},{"@type":"BreadcrumbList","@id":"https:\/\/www.visit-ulcinj.com\/blog\/2009\/04\/18\/me-te-rinjte-apo-te-vjeterit\/#breadcrumb","itemListElement":[{"@type":"ListItem","position":1,"name":"Me t\u00eb rinjt\u00eb apo t\u00eb vjet\u00ebrit"}]},{"@type":"Person","@id":"https:\/\/www.visit-ulcinj.com\/blog\/#\/schema\/person\/dcab619c614d3038751c63bc2aadc06d","name":"ulqini","sameAs":["http:\/\/www.visit-ulcinj.com"],"url":"https:\/\/www.visit-ulcinj.com\/blog\/author\/admin\/"}]}},"jetpack_featured_media_url":"","jetpack_sharing_enabled":true,"jetpack_shortlink":"https:\/\/wp.me\/pe6lTn-4Ks","_links":{"self":[{"href":"https:\/\/www.visit-ulcinj.com\/blog\/wp-json\/wp\/v2\/posts\/18256"}],"collection":[{"href":"https:\/\/www.visit-ulcinj.com\/blog\/wp-json\/wp\/v2\/posts"}],"about":[{"href":"https:\/\/www.visit-ulcinj.com\/blog\/wp-json\/wp\/v2\/types\/post"}],"author":[{"embeddable":true,"href":"https:\/\/www.visit-ulcinj.com\/blog\/wp-json\/wp\/v2\/users\/1"}],"replies":[{"embeddable":true,"href":"https:\/\/www.visit-ulcinj.com\/blog\/wp-json\/wp\/v2\/comments?post=18256"}],"version-history":[{"count":0,"href":"https:\/\/www.visit-ulcinj.com\/blog\/wp-json\/wp\/v2\/posts\/18256\/revisions"}],"wp:attachment":[{"href":"https:\/\/www.visit-ulcinj.com\/blog\/wp-json\/wp\/v2\/media?parent=18256"}],"wp:term":[{"taxonomy":"category","embeddable":true,"href":"https:\/\/www.visit-ulcinj.com\/blog\/wp-json\/wp\/v2\/categories?post=18256"},{"taxonomy":"post_tag","embeddable":true,"href":"https:\/\/www.visit-ulcinj.com\/blog\/wp-json\/wp\/v2\/tags?post=18256"}],"curies":[{"name":"wp","href":"https:\/\/api.w.org\/{rel}","templated":true}]}}