{"id":18259,"date":"2009-04-18T11:30:34","date_gmt":"2009-04-18T09:30:34","guid":{"rendered":"http:\/\/www.visit-ulcinj.com\/blog\/?p=18259"},"modified":"2009-04-18T10:46:31","modified_gmt":"2009-04-18T08:46:31","slug":"mimoza-dhe-adelajda-mbetet-kujtim-per-gjithe-jeten","status":"publish","type":"post","link":"https:\/\/www.visit-ulcinj.com\/blog\/2009\/04\/18\/mimoza-dhe-adelajda-mbetet-kujtim-per-gjithe-jeten\/","title":{"rendered":"Mimoza dhe Adelajda : Mbetet kujtim p\u00ebr gjith\u00eb jet\u00ebn"},"content":{"rendered":"<p><em><span class=\"newsdate\"><a href=\"http:\/\/www.visit-ulcinj.com\/blog\/wp-content\/uploads\/2009\/04\/moza-adela-ne-dhome-big-brother-albania-2.jpg\"><img loading=\"lazy\" class=\"alignleft size-full wp-image-18261\" title=\"moza-adela-ne-dhome-big-brother-albania-2\" src=\"http:\/\/www.visit-ulcinj.com\/blog\/wp-content\/uploads\/2009\/04\/moza-adela-ne-dhome-big-brother-albania-2.jpg\" alt=\"moza-adela-ne-dhome-big-brother-albania-2\" width=\"300\" height=\"205\" \/><\/a>17\/04\/09 18:05<\/span><\/em><\/p>\n<p>Mimoza dhe Adelajda diskutojn\u00eb p\u00ebr \u201cBig Brother\u201d. Mimoza i thot\u00eb q\u00eb d\u00ebshiron q\u00eb dit\u00eblindjen e saj ta festoj\u00eb brenda sht\u00ebpis\u00eb, pasi do ishte shum\u00eb bukur, dhe shton:-\u201cT\u00eb mbetet kujtim p\u00ebr gjith\u00eb jet\u00ebn!\u201d Ajo fillon t\u00eb diskutoj\u00eb p\u00ebr Arin duke th\u00ebn\u00eb q\u00eb ai n\u00eb fillim i ishte dukur shum\u00eb serioz. Ajo thot\u00eb:-\u201cSi ndryshojn\u00eb njer\u00ebzit!\u201d Sipas saj anj\u00eb person nuk mund t\u00eb dal\u00eb dot nga vetja, pavarsisht se mund t\u00eb p\u00ebrpiqet p\u00ebr t\u00eb ndryshuar. Adelajda i tregon Mimoz\u00ebs p\u00ebr spetaklin. Arbana e kish pyetur p\u00ebr Bjordin, dhe i kishte th\u00ebn\u00eb q\u00eb kur kishin hyr\u00eb banoret e reja ajo kishte shfaqur shenja xhelozie. Mimoza e aprovon k\u00ebt\u00eb gj\u00eb, por Adelajda i thot\u00eb:-\u201cNuk ishte xhelozi, por munges\u00eb v\u00ebmendjeje!\u201d<\/p>\n","protected":false},"excerpt":{"rendered":"<p>17\/04\/09 18:05 Mimoza dhe Adelajda diskutojn\u00eb p\u00ebr \u201cBig Brother\u201d. Mimoza i thot\u00eb q\u00eb d\u00ebshiron q\u00eb dit\u00eblindjen e saj ta festoj\u00eb brenda sht\u00ebpis\u00eb, pasi do ishte shum\u00eb bukur, dhe shton:-\u201cT\u00eb mbetet kujtim p\u00ebr gjith\u00eb jet\u00ebn!\u201d Ajo fillon t\u00eb diskutoj\u00eb p\u00ebr Arin duke th\u00ebn\u00eb q\u00eb ai n\u00eb fillim i ishte dukur shum\u00eb serioz. Ajo thot\u00eb:-\u201cSi ndryshojn\u00eb njer\u00ebzit!\u201d [&hellip;]<\/p>\n","protected":false},"author":1,"featured_media":0,"comment_status":"open","ping_status":"closed","sticky":false,"template":"","format":"standard","meta":{"spay_email":"","jetpack_publicize_message":"","jetpack_is_tweetstorm":false,"jetpack_publicize_feature_enabled":true},"categories":[6502],"tags":[6529,7834,5057,6506,6516,6712,7129,6522,9305,6544,6891,6693,6887],"jetpack_publicize_connections":[],"yoast_head":"<!-- This site is optimized with the Yoast SEO plugin v19.1 - https:\/\/yoast.com\/wordpress\/plugins\/seo\/ -->\n<title>Mimoza dhe Adelajda : Mbetet kujtim p\u00c3\u00abr gjith\u00c3\u00ab jet\u00c3\u00abn | Big Brother Albania 2<\/title>\n<meta name=\"description\" content=\"Big Brother Albania 2 - Mimoza dhe Adelajda diskutojn\u00c3\u00ab p\u00c3\u00abr \u00e2\u20ac\u0153Big Brother\u00e2\u20ac\u009d. Mimoza i thot\u00c3\u00ab q\u00c3\u00ab d\u00c3\u00abshiron q\u00c3\u00ab dit\u00c3\u00ablindjen e saj ta festoj\u00c3\u00ab brenda sht\u00c3\u00abpis\u00c3\u00ab, pasi do ishte shum\u00c3\u00ab bukur\" \/>\n<meta name=\"robots\" content=\"index, follow, max-snippet:-1, max-image-preview:large, max-video-preview:-1\" \/>\n<link rel=\"canonical\" href=\"https:\/\/www.visit-ulcinj.com\/blog\/2009\/04\/18\/mimoza-dhe-adelajda-mbetet-kujtim-per-gjithe-jeten\/\" \/>\n<meta property=\"og:locale\" content=\"en_US\" \/>\n<meta property=\"og:type\" content=\"article\" \/>\n<meta property=\"og:title\" content=\"Mimoza dhe Adelajda : Mbetet kujtim p\u00c3\u00abr gjith\u00c3\u00ab jet\u00c3\u00abn | Big Brother Albania 2\" \/>\n<meta property=\"og:description\" content=\"Big Brother Albania 2 - Mimoza dhe Adelajda diskutojn\u00c3\u00ab p\u00c3\u00abr \u00e2\u20ac\u0153Big Brother\u00e2\u20ac\u009d. Mimoza i thot\u00c3\u00ab q\u00c3\u00ab d\u00c3\u00abshiron q\u00c3\u00ab dit\u00c3\u00ablindjen e saj ta festoj\u00c3\u00ab brenda sht\u00c3\u00abpis\u00c3\u00ab, pasi do ishte shum\u00c3\u00ab bukur\" \/>\n<meta property=\"og:url\" content=\"https:\/\/www.visit-ulcinj.com\/blog\/2009\/04\/18\/mimoza-dhe-adelajda-mbetet-kujtim-per-gjithe-jeten\/\" \/>\n<meta property=\"og:site_name\" content=\"Lajme nga Ulqini\" \/>\n<meta property=\"article:published_time\" content=\"2009-04-18T09:30:34+00:00\" \/>\n<meta property=\"article:modified_time\" content=\"2009-04-18T08:46:31+00:00\" \/>\n<meta property=\"og:image\" content=\"http:\/\/www.visit-ulcinj.com\/blog\/wp-content\/uploads\/2009\/04\/moza-adela-ne-dhome-big-brother-albania-2.jpg\" \/>\n<meta name=\"twitter:label1\" content=\"Written by\" \/>\n\t<meta name=\"twitter:data1\" content=\"ulqini\" \/>\n\t<meta name=\"twitter:label2\" content=\"Est. reading time\" \/>\n\t<meta name=\"twitter:data2\" content=\"1 minute\" \/>\n<script type=\"application\/ld+json\" class=\"yoast-schema-graph\">{\"@context\":\"https:\/\/schema.org\",\"@graph\":[{\"@type\":\"WebSite\",\"@id\":\"https:\/\/www.visit-ulcinj.com\/blog\/#website\",\"url\":\"https:\/\/www.visit-ulcinj.com\/blog\/\",\"name\":\"Lajme nga Ulqini\",\"description\":\"Lajme,Vijesti,Ulqini,Ulqin,Crna Gora,Mali i Zi\",\"potentialAction\":[{\"@type\":\"SearchAction\",\"target\":{\"@type\":\"EntryPoint\",\"urlTemplate\":\"https:\/\/www.visit-ulcinj.com\/blog\/?s={search_term_string}\"},\"query-input\":\"required name=search_term_string\"}],\"inLanguage\":\"en-US\"},{\"@type\":\"ImageObject\",\"inLanguage\":\"en-US\",\"@id\":\"https:\/\/www.visit-ulcinj.com\/blog\/2009\/04\/18\/mimoza-dhe-adelajda-mbetet-kujtim-per-gjithe-jeten\/#primaryimage\",\"url\":\"http:\/\/www.visit-ulcinj.com\/blog\/wp-content\/uploads\/2009\/04\/moza-adela-ne-dhome-big-brother-albania-2.jpg\",\"contentUrl\":\"http:\/\/www.visit-ulcinj.com\/blog\/wp-content\/uploads\/2009\/04\/moza-adela-ne-dhome-big-brother-albania-2.jpg\"},{\"@type\":\"WebPage\",\"@id\":\"https:\/\/www.visit-ulcinj.com\/blog\/2009\/04\/18\/mimoza-dhe-adelajda-mbetet-kujtim-per-gjithe-jeten\/#webpage\",\"url\":\"https:\/\/www.visit-ulcinj.com\/blog\/2009\/04\/18\/mimoza-dhe-adelajda-mbetet-kujtim-per-gjithe-jeten\/\",\"name\":\"Mimoza dhe Adelajda : Mbetet kujtim p\u00c3\u00abr gjith\u00c3\u00ab jet\u00c3\u00abn | Big Brother Albania 2\",\"isPartOf\":{\"@id\":\"https:\/\/www.visit-ulcinj.com\/blog\/#website\"},\"primaryImageOfPage\":{\"@id\":\"https:\/\/www.visit-ulcinj.com\/blog\/2009\/04\/18\/mimoza-dhe-adelajda-mbetet-kujtim-per-gjithe-jeten\/#primaryimage\"},\"datePublished\":\"2009-04-18T09:30:34+00:00\",\"dateModified\":\"2009-04-18T08:46:31+00:00\",\"author\":{\"@id\":\"https:\/\/www.visit-ulcinj.com\/blog\/#\/schema\/person\/dcab619c614d3038751c63bc2aadc06d\"},\"description\":\"Big Brother Albania 2 - Mimoza dhe Adelajda diskutojn\u00c3\u00ab p\u00c3\u00abr \u00e2\u20ac\u0153Big Brother\u00e2\u20ac\u009d. Mimoza i thot\u00c3\u00ab q\u00c3\u00ab d\u00c3\u00abshiron q\u00c3\u00ab dit\u00c3\u00ablindjen e saj ta festoj\u00c3\u00ab brenda sht\u00c3\u00abpis\u00c3\u00ab, pasi do ishte shum\u00c3\u00ab bukur\",\"breadcrumb\":{\"@id\":\"https:\/\/www.visit-ulcinj.com\/blog\/2009\/04\/18\/mimoza-dhe-adelajda-mbetet-kujtim-per-gjithe-jeten\/#breadcrumb\"},\"inLanguage\":\"en-US\",\"potentialAction\":[{\"@type\":\"ReadAction\",\"target\":[\"https:\/\/www.visit-ulcinj.com\/blog\/2009\/04\/18\/mimoza-dhe-adelajda-mbetet-kujtim-per-gjithe-jeten\/\"]}]},{\"@type\":\"BreadcrumbList\",\"@id\":\"https:\/\/www.visit-ulcinj.com\/blog\/2009\/04\/18\/mimoza-dhe-adelajda-mbetet-kujtim-per-gjithe-jeten\/#breadcrumb\",\"itemListElement\":[{\"@type\":\"ListItem\",\"position\":1,\"name\":\"Mimoza dhe Adelajda : Mbetet kujtim p\u00ebr gjith\u00eb jet\u00ebn\"}]},{\"@type\":\"Person\",\"@id\":\"https:\/\/www.visit-ulcinj.com\/blog\/#\/schema\/person\/dcab619c614d3038751c63bc2aadc06d\",\"name\":\"ulqini\",\"sameAs\":[\"http:\/\/www.visit-ulcinj.com\"],\"url\":\"https:\/\/www.visit-ulcinj.com\/blog\/author\/admin\/\"}]}<\/script>\n<!-- \/ Yoast SEO plugin. -->","yoast_head_json":{"title":"Mimoza dhe Adelajda : Mbetet kujtim p\u00c3\u00abr gjith\u00c3\u00ab jet\u00c3\u00abn | Big Brother Albania 2","description":"Big Brother Albania 2 - Mimoza dhe Adelajda diskutojn\u00c3\u00ab p\u00c3\u00abr \u00e2\u20ac\u0153Big Brother\u00e2\u20ac\u009d. Mimoza i thot\u00c3\u00ab q\u00c3\u00ab d\u00c3\u00abshiron q\u00c3\u00ab dit\u00c3\u00ablindjen e saj ta festoj\u00c3\u00ab brenda sht\u00c3\u00abpis\u00c3\u00ab, pasi do ishte shum\u00c3\u00ab bukur","robots":{"index":"index","follow":"follow","max-snippet":"max-snippet:-1","max-image-preview":"max-image-preview:large","max-video-preview":"max-video-preview:-1"},"canonical":"https:\/\/www.visit-ulcinj.com\/blog\/2009\/04\/18\/mimoza-dhe-adelajda-mbetet-kujtim-per-gjithe-jeten\/","og_locale":"en_US","og_type":"article","og_title":"Mimoza dhe Adelajda : Mbetet kujtim p\u00c3\u00abr gjith\u00c3\u00ab jet\u00c3\u00abn | Big Brother Albania 2","og_description":"Big Brother Albania 2 - Mimoza dhe Adelajda diskutojn\u00c3\u00ab p\u00c3\u00abr \u00e2\u20ac\u0153Big Brother\u00e2\u20ac\u009d. Mimoza i thot\u00c3\u00ab q\u00c3\u00ab d\u00c3\u00abshiron q\u00c3\u00ab dit\u00c3\u00ablindjen e saj ta festoj\u00c3\u00ab brenda sht\u00c3\u00abpis\u00c3\u00ab, pasi do ishte shum\u00c3\u00ab bukur","og_url":"https:\/\/www.visit-ulcinj.com\/blog\/2009\/04\/18\/mimoza-dhe-adelajda-mbetet-kujtim-per-gjithe-jeten\/","og_site_name":"Lajme nga Ulqini","article_published_time":"2009-04-18T09:30:34+00:00","article_modified_time":"2009-04-18T08:46:31+00:00","og_image":[{"url":"http:\/\/www.visit-ulcinj.com\/blog\/wp-content\/uploads\/2009\/04\/moza-adela-ne-dhome-big-brother-albania-2.jpg"}],"twitter_misc":{"Written by":"ulqini","Est. reading time":"1 minute"},"schema":{"@context":"https:\/\/schema.org","@graph":[{"@type":"WebSite","@id":"https:\/\/www.visit-ulcinj.com\/blog\/#website","url":"https:\/\/www.visit-ulcinj.com\/blog\/","name":"Lajme nga Ulqini","description":"Lajme,Vijesti,Ulqini,Ulqin,Crna Gora,Mali i Zi","potentialAction":[{"@type":"SearchAction","target":{"@type":"EntryPoint","urlTemplate":"https:\/\/www.visit-ulcinj.com\/blog\/?s={search_term_string}"},"query-input":"required name=search_term_string"}],"inLanguage":"en-US"},{"@type":"ImageObject","inLanguage":"en-US","@id":"https:\/\/www.visit-ulcinj.com\/blog\/2009\/04\/18\/mimoza-dhe-adelajda-mbetet-kujtim-per-gjithe-jeten\/#primaryimage","url":"http:\/\/www.visit-ulcinj.com\/blog\/wp-content\/uploads\/2009\/04\/moza-adela-ne-dhome-big-brother-albania-2.jpg","contentUrl":"http:\/\/www.visit-ulcinj.com\/blog\/wp-content\/uploads\/2009\/04\/moza-adela-ne-dhome-big-brother-albania-2.jpg"},{"@type":"WebPage","@id":"https:\/\/www.visit-ulcinj.com\/blog\/2009\/04\/18\/mimoza-dhe-adelajda-mbetet-kujtim-per-gjithe-jeten\/#webpage","url":"https:\/\/www.visit-ulcinj.com\/blog\/2009\/04\/18\/mimoza-dhe-adelajda-mbetet-kujtim-per-gjithe-jeten\/","name":"Mimoza dhe Adelajda : Mbetet kujtim p\u00c3\u00abr gjith\u00c3\u00ab jet\u00c3\u00abn | Big Brother Albania 2","isPartOf":{"@id":"https:\/\/www.visit-ulcinj.com\/blog\/#website"},"primaryImageOfPage":{"@id":"https:\/\/www.visit-ulcinj.com\/blog\/2009\/04\/18\/mimoza-dhe-adelajda-mbetet-kujtim-per-gjithe-jeten\/#primaryimage"},"datePublished":"2009-04-18T09:30:34+00:00","dateModified":"2009-04-18T08:46:31+00:00","author":{"@id":"https:\/\/www.visit-ulcinj.com\/blog\/#\/schema\/person\/dcab619c614d3038751c63bc2aadc06d"},"description":"Big Brother Albania 2 - Mimoza dhe Adelajda diskutojn\u00c3\u00ab p\u00c3\u00abr \u00e2\u20ac\u0153Big Brother\u00e2\u20ac\u009d. Mimoza i thot\u00c3\u00ab q\u00c3\u00ab d\u00c3\u00abshiron q\u00c3\u00ab dit\u00c3\u00ablindjen e saj ta festoj\u00c3\u00ab brenda sht\u00c3\u00abpis\u00c3\u00ab, pasi do ishte shum\u00c3\u00ab bukur","breadcrumb":{"@id":"https:\/\/www.visit-ulcinj.com\/blog\/2009\/04\/18\/mimoza-dhe-adelajda-mbetet-kujtim-per-gjithe-jeten\/#breadcrumb"},"inLanguage":"en-US","potentialAction":[{"@type":"ReadAction","target":["https:\/\/www.visit-ulcinj.com\/blog\/2009\/04\/18\/mimoza-dhe-adelajda-mbetet-kujtim-per-gjithe-jeten\/"]}]},{"@type":"BreadcrumbList","@id":"https:\/\/www.visit-ulcinj.com\/blog\/2009\/04\/18\/mimoza-dhe-adelajda-mbetet-kujtim-per-gjithe-jeten\/#breadcrumb","itemListElement":[{"@type":"ListItem","position":1,"name":"Mimoza dhe Adelajda : Mbetet kujtim p\u00ebr gjith\u00eb jet\u00ebn"}]},{"@type":"Person","@id":"https:\/\/www.visit-ulcinj.com\/blog\/#\/schema\/person\/dcab619c614d3038751c63bc2aadc06d","name":"ulqini","sameAs":["http:\/\/www.visit-ulcinj.com"],"url":"https:\/\/www.visit-ulcinj.com\/blog\/author\/admin\/"}]}},"jetpack_featured_media_url":"","jetpack_sharing_enabled":true,"jetpack_shortlink":"https:\/\/wp.me\/pe6lTn-4Kv","_links":{"self":[{"href":"https:\/\/www.visit-ulcinj.com\/blog\/wp-json\/wp\/v2\/posts\/18259"}],"collection":[{"href":"https:\/\/www.visit-ulcinj.com\/blog\/wp-json\/wp\/v2\/posts"}],"about":[{"href":"https:\/\/www.visit-ulcinj.com\/blog\/wp-json\/wp\/v2\/types\/post"}],"author":[{"embeddable":true,"href":"https:\/\/www.visit-ulcinj.com\/blog\/wp-json\/wp\/v2\/users\/1"}],"replies":[{"embeddable":true,"href":"https:\/\/www.visit-ulcinj.com\/blog\/wp-json\/wp\/v2\/comments?post=18259"}],"version-history":[{"count":0,"href":"https:\/\/www.visit-ulcinj.com\/blog\/wp-json\/wp\/v2\/posts\/18259\/revisions"}],"wp:attachment":[{"href":"https:\/\/www.visit-ulcinj.com\/blog\/wp-json\/wp\/v2\/media?parent=18259"}],"wp:term":[{"taxonomy":"category","embeddable":true,"href":"https:\/\/www.visit-ulcinj.com\/blog\/wp-json\/wp\/v2\/categories?post=18259"},{"taxonomy":"post_tag","embeddable":true,"href":"https:\/\/www.visit-ulcinj.com\/blog\/wp-json\/wp\/v2\/tags?post=18259"}],"curies":[{"name":"wp","href":"https:\/\/api.w.org\/{rel}","templated":true}]}}