{"id":18260,"date":"2009-04-18T11:07:06","date_gmt":"2009-04-18T09:07:06","guid":{"rendered":"http:\/\/www.visit-ulcinj.com\/blog\/?p=18260"},"modified":"2009-04-18T11:37:32","modified_gmt":"2009-04-18T09:37:32","slug":"hodzic-ne-zelimo-balkanski-cernobilj","status":"publish","type":"post","link":"https:\/\/www.visit-ulcinj.com\/blog\/2009\/04\/18\/hodzic-ne-zelimo-balkanski-cernobilj\/","title":{"rendered":"Hod\u017ei?: Ne \u017eelimo balkanski ?ernobilj"},"content":{"rendered":"<p><strong><a href=\"http:\/\/www.visit-ulcinj.com\/blog\/wp-content\/uploads\/2009\/04\/gradani-ulcinja-protive-se-gradnji-nuklearne-elektrane-u-albaniji.jpg\"><img loading=\"lazy\" class=\"alignleft size-full wp-image-18268\" title=\"gradani-ulcinja-protive-se-gradnji-nuklearne-elektrane-u-albaniji\" src=\"http:\/\/www.visit-ulcinj.com\/blog\/wp-content\/uploads\/2009\/04\/gradani-ulcinja-protive-se-gradnji-nuklearne-elektrane-u-albaniji.jpg\" alt=\"gradani-ulcinja-protive-se-gradnji-nuklearne-elektrane-u-albaniji\" width=\"570\" height=\"200\" \/><\/a>Nevladin sektor i gra?ani ulcinja protive se gradnji nuklearne elektrane u albaniji<\/strong><br \/>\nNevladina organizacija iz Ulcinja \u201eZeleni korak&#8221; izri?ito je protiv gradnje nuklearne elektrane sa albanske strane, u blizini Skadarskog jezera. Takav projekat bi, smatra predsjednik te NVO D\u017eeljal Hod\u017ei?, trajno ugrozio \u017eivotnu sredinu, na Skadarskom jezeru, rijeci Bojani, a samim tim i kompletnu ulcinjsku obalu.<br \/>\n&#8211; Poznato je da bi se za hla?enje reaktora koristila voda iz jezera, koja bi se potom vra?ala nazad. Time bi se temperatura jezera pove?ala i do deset stepeni, \u0161to bi neizbje\u017eno dovelo do uni\u0161tavanja biljnih i \u017eivotinjskih vrsta. Ne treba prenebre?i ni ?injenicu da je ovo trusno podru?je i da gradnja nuklearke i sa te strane predstavlja veliku opasnost. Stra\u0161no je i pomisliti \u0161ta bi se dogodilo u slu?aju da se ponovi nuklerna katastrofa kao u Ukrajini. Bio bi to balkanski ?ernobilj koji bi zbrisao Skadar, Podgoricu, Ulcinj, i ko zna \u0161ta sve jo\u0161. Ne \u017eelimo ni da razmi\u0161ljamo o tome. Ubije?en sam da bi realizacijom tog projekta okon?ali pri?u o odr\u017eivom razvoju, turizmu i za\u0161titi \u017eivotne sredine na ovim prostorima \u2013 ka\u017ee za \u201eDan&#8221; Hod\u017ei?. On je najavio da ?e \u201eZeleni korak&#8221; uskoro organizovati me?unarodni skup, na koji ?e pozvati razli?ite profile stru?njaka, kao i ekologe iz Albanije. &#8211; \u017delimo da tom problemu pristupimo odgovorno i da javnosti, u obje dr\u017eave, ponudimo argumentovanu raspravu, jer koliko ?ujem i kod njih vlada raspolo\u017eenje da se nuklearna elektrana ne gradi \u2013 obja\u0161njava Hod\u017ei?.<br \/>\n<strong>M.KNE\u017dEVI?<\/strong><\/p>\n<p><strong>Nuklearna groznica potresa region<\/strong><\/p>\n<p><strong><\/strong><br \/>\n<strong><a href=\"http:\/\/www.visit-ulcinj.com\/blog\/wp-content\/uploads\/2009\/04\/mustafa-canka_ulcinj.jpg\"><img loading=\"lazy\" class=\"alignleft size-full wp-image-18271\" title=\"mustafa-canka_ulcinj\" src=\"http:\/\/www.visit-ulcinj.com\/blog\/wp-content\/uploads\/2009\/04\/mustafa-canka_ulcinj.jpg\" alt=\"mustafa-canka_ulcinj\" width=\"179\" height=\"215\" \/><\/a>Mustafa Canka, novinar i publicista:<\/strong><br \/>\n&#8211; Osje?a se da lagano nuklearna groznica potresa i ovaj region. Kao deklarisani ekolog, ja sam protiv izgradnje atomskih centrala bilo gdje. Me?utim, treba znati da postoje i drugi razlozi koji nisu samo ekonomski ve? i politi?ki i ekolo\u0161ki. Atomska energija je danas naj?e\u0161?e kori\u0161?eni oblik energije, i koliko god mi bili protiv toga, ne mo\u017eemo ignorisati ?injenicu da danas u svijetu ima preko 400 nuklearnih elektrana. Francuska recimo ima preko 40 nuklearki a ima naj?i\u0161?i vazduh i vodu u Evropi. Uprkos svemu, i Crna Gora bi od toga imala \u0161tete, jer bi se to odrazilo na turizam. Korist bi bila u tome da vi\u0161e ne bi oskudjevali u struji. Sve u svemu, treba o tome govoriti i mnogo ozbiljnije pri?i tom problemu, ne sa predubje?enjima, ne neznaveno i ne odmah, ve? ozbiljno, odgovorno i argumentovano.<\/p>\n<p><strong>Dritan Abazovi?, sociolog:<\/strong><a href=\"http:\/\/www.visit-ulcinj.com\/blog\/wp-content\/uploads\/2009\/04\/dritan-abazovic_ulcinj_crna-gora.jpg\"><img loading=\"lazy\" class=\"size-full wp-image-18272 alignright\" title=\"dritan-abazovic_ulcinj_crna-gora\" src=\"http:\/\/www.visit-ulcinj.com\/blog\/wp-content\/uploads\/2009\/04\/dritan-abazovic_ulcinj_crna-gora.jpg\" alt=\"dritan-abazovic_ulcinj_crna-gora\" width=\"242\" height=\"179\" \/><\/a><br \/>\n&#8211; Mi\u0161ljenja sam da nuklearna elektrana nije dobar model do dolaska novih izvora energije.Trebalo bi pristupiti tra\u017eenju nekih alternativnih rje\u0161enja, prije svega preko vjetra i solarne energije. Isto tako mora se prona?i dobar model za smanjenje potro\u0161nje. \u0160to se ti?e Crne Gore konkretno i konsekvenci u slu?aju gradnje nuklearke u Albaniji, mislim da dr\u017eava mora mnogo spremnije da odgovori na ovakva pitanja i izazove. Mora postojati srednjoro?na ili dugoro?na strategija, jer ovakvo pristupanje problemima, ad hok, nikada nije dovelo do pozitivnog rje\u0161avanja. Mo\u017eda bi Crna Gora, u slu?aju da Albanija postane energetska velesila, imala koristi od toga, ali se sa druge strane, postavlja pitanje \u0161ta bi se dogodilo sa na\u0161im turizmom, jer smo im geografski najbli\u017ei. Pitanje je ozbiljno i zaslu\u017euje akademsku raspravu.<\/p>\n<p><strong><a href=\"http:\/\/www.visit-ulcinj.com\/blog\/wp-content\/uploads\/2009\/04\/isat-jakupi.jpg\"><img loading=\"lazy\" class=\"alignleft size-full wp-image-18273\" title=\"isat-jakupi\" src=\"http:\/\/www.visit-ulcinj.com\/blog\/wp-content\/uploads\/2009\/04\/isat-jakupi.jpg\" alt=\"isat-jakupi\" width=\"166\" height=\"208\" \/><\/a>Isat Jakupi, specijalista interne medicine:<\/strong><br \/>\n&#8211; Kao ljekar ne mogu biti za ne\u0161to \u0161to bi u budu?nosti predstavljalo potencijalno veliku opasnost za veliki broj ljudi. Isto tako, razumijem sve ve?u potrebu za energijom. Sa jedne strane bi Albanija rije\u0161ila energetsku zavisno, ali sa druge Crna Gora bi ugrozila turisti?u privredu, i dugoro?no imala bi mnogo \u0161tete od takvog projekta. To, kako bi nuklearka uticala na zdravlje ljudi, biljne i \u017eivotinjske vrste ne treba posebno obrazlagati. U svakom slu?aju pitanje je vrlo ozbiljno i mora se rje\u0161avati na nivou dvije dr\u017eave.<\/p>\n<p><strong><br \/>\nSusjedi se nadaju kompromisu<a href=\"http:\/\/www.visit-ulcinj.com\/blog\/wp-content\/uploads\/2009\/04\/dzeljal-hodzic_nevladina-organizacija-iz-ulcinja-e2809ezeleni-korak_ulcinj1.jpg\"><img loading=\"lazy\" class=\"alignright size-medium wp-image-18274\" title=\"dzeljal-hodzic_nevladina-organizacija-iz-ulcinja-e2809ezeleni-korak_ulcinj1\" src=\"http:\/\/www.visit-ulcinj.com\/blog\/wp-content\/uploads\/2009\/04\/dzeljal-hodzic_nevladina-organizacija-iz-ulcinja-e2809ezeleni-korak_ulcinj1-300x293.jpg\" alt=\"dzeljal-hodzic_nevladina-organizacija-iz-ulcinja-e2809ezeleni-korak_ulcinj1\" width=\"300\" height=\"293\" srcset=\"https:\/\/www.visit-ulcinj.com\/blog\/wp-content\/uploads\/2009\/04\/dzeljal-hodzic_nevladina-organizacija-iz-ulcinja-e2809ezeleni-korak_ulcinj1-300x293.jpg 300w, https:\/\/www.visit-ulcinj.com\/blog\/wp-content\/uploads\/2009\/04\/dzeljal-hodzic_nevladina-organizacija-iz-ulcinja-e2809ezeleni-korak_ulcinj1.jpg 550w\" sizes=\"(max-width: 300px) 100vw, 300px\" \/><\/a><\/strong><\/p>\n<p>Hod\u017ei? tvrdi da je u kontaktima sa pomo?nikom ministra za \u017eivotnu sredinu Albanije Taulentom Binom, saznao da se dr\u017eavni organi te zemlje nadaju kompromisu sa zvani?nom Crnom Gorom.<br \/>\nPrilikom jednog na\u0161eg susreta, nedavno, izrazio sam zabrinutost povodom najava o gradnji nuklearke. Gospodin Bino bio je neodre?en na moje pitanje da li ?e se taj projekat realizovati. Rekao mi je da u Albaniji vlada \u201eglad&#8221; za energijom i da je pitanje rje\u0161avanja hroni?nog nedostatka energije u \u017ei\u017ei javnosti pred predstoje?e parlamentarne izbore, koji se u toj zemlji odr\u017eavaju 28. juna. Tako?e, saop\u0161tio mi je da je od ideje do realizacije duga?ak put, te da se nada da ?e Crna Gora i Albanija na?i kompromis koji ?e biti obostrano koristan \u2013 kazao je Hod\u017ei?.<\/p>\n<p><strong>DAN<\/strong><\/p>\n<p><strong><!--YouTube Error: bad URL entered--><br \/>\n<\/strong><\/p>\n","protected":false},"excerpt":{"rendered":"<p>Nevladin sektor i gra?ani ulcinja protive se gradnji nuklearne elektrane u albaniji Nevladina organizacija iz Ulcinja \u201eZeleni korak&#8221; izri?ito je protiv gradnje nuklearne elektrane sa albanske strane, u blizini Skadarskog jezera. Takav projekat bi, smatra predsjednik te NVO D\u017eeljal Hod\u017ei?, trajno ugrozio \u017eivotnu sredinu, na Skadarskom jezeru, rijeci Bojani, a samim tim i kompletnu ulcinjsku [&hellip;]<\/p>\n","protected":false},"author":1,"featured_media":0,"comment_status":"open","ping_status":"closed","sticky":false,"template":"","format":"standard","meta":{"spay_email":"","jetpack_publicize_message":"","jetpack_is_tweetstorm":false,"jetpack_publicize_feature_enabled":true},"categories":[8337],"tags":[2901,5276,9308,9306,9307,9309],"jetpack_publicize_connections":[],"yoast_head":"<!-- This site is optimized with the Yoast SEO plugin v19.1 - https:\/\/yoast.com\/wordpress\/plugins\/seo\/ -->\n<title>Hod\u017ei?: Ne \u017eelimo balkanski ?ernobilj - Lajme nga Ulqini<\/title>\n<meta name=\"description\" content=\"Nevladin sektor i gra?ani ulcinja protive se gradnji nuklearne elektrane u albaniji Nevladina organizacija iz Ulcinja \u201eZeleni korak&quot; izri?ito je protiv\" \/>\n<meta name=\"robots\" content=\"index, follow, max-snippet:-1, max-image-preview:large, max-video-preview:-1\" \/>\n<link rel=\"canonical\" href=\"https:\/\/www.visit-ulcinj.com\/blog\/2009\/04\/18\/hodzic-ne-zelimo-balkanski-cernobilj\/\" \/>\n<meta property=\"og:locale\" content=\"en_US\" \/>\n<meta property=\"og:type\" content=\"article\" \/>\n<meta property=\"og:title\" content=\"Hod\u017ei?: Ne \u017eelimo balkanski ?ernobilj - Lajme nga Ulqini\" \/>\n<meta property=\"og:description\" content=\"Nevladin sektor i gra?ani ulcinja protive se gradnji nuklearne elektrane u albaniji Nevladina organizacija iz Ulcinja \u201eZeleni korak&quot; izri?ito je protiv\" \/>\n<meta property=\"og:url\" content=\"https:\/\/www.visit-ulcinj.com\/blog\/2009\/04\/18\/hodzic-ne-zelimo-balkanski-cernobilj\/\" \/>\n<meta property=\"og:site_name\" content=\"Lajme nga Ulqini\" \/>\n<meta property=\"article:published_time\" content=\"2009-04-18T09:07:06+00:00\" \/>\n<meta property=\"article:modified_time\" content=\"2009-04-18T09:37:32+00:00\" \/>\n<meta property=\"og:image\" content=\"http:\/\/www.visit-ulcinj.com\/blog\/wp-content\/uploads\/2009\/04\/gradani-ulcinja-protive-se-gradnji-nuklearne-elektrane-u-albaniji.jpg\" \/>\n<meta name=\"twitter:label1\" content=\"Written by\" \/>\n\t<meta name=\"twitter:data1\" content=\"ulqini\" \/>\n\t<meta name=\"twitter:label2\" content=\"Est. reading time\" \/>\n\t<meta name=\"twitter:data2\" content=\"4 minutes\" \/>\n<script type=\"application\/ld+json\" class=\"yoast-schema-graph\">{\"@context\":\"https:\/\/schema.org\",\"@graph\":[{\"@type\":\"WebSite\",\"@id\":\"https:\/\/www.visit-ulcinj.com\/blog\/#website\",\"url\":\"https:\/\/www.visit-ulcinj.com\/blog\/\",\"name\":\"Lajme nga Ulqini\",\"description\":\"Lajme,Vijesti,Ulqini,Ulqin,Crna Gora,Mali i Zi\",\"potentialAction\":[{\"@type\":\"SearchAction\",\"target\":{\"@type\":\"EntryPoint\",\"urlTemplate\":\"https:\/\/www.visit-ulcinj.com\/blog\/?s={search_term_string}\"},\"query-input\":\"required name=search_term_string\"}],\"inLanguage\":\"en-US\"},{\"@type\":\"ImageObject\",\"inLanguage\":\"en-US\",\"@id\":\"https:\/\/www.visit-ulcinj.com\/blog\/2009\/04\/18\/hodzic-ne-zelimo-balkanski-cernobilj\/#primaryimage\",\"url\":\"http:\/\/www.visit-ulcinj.com\/blog\/wp-content\/uploads\/2009\/04\/gradani-ulcinja-protive-se-gradnji-nuklearne-elektrane-u-albaniji.jpg\",\"contentUrl\":\"http:\/\/www.visit-ulcinj.com\/blog\/wp-content\/uploads\/2009\/04\/gradani-ulcinja-protive-se-gradnji-nuklearne-elektrane-u-albaniji.jpg\"},{\"@type\":\"WebPage\",\"@id\":\"https:\/\/www.visit-ulcinj.com\/blog\/2009\/04\/18\/hodzic-ne-zelimo-balkanski-cernobilj\/#webpage\",\"url\":\"https:\/\/www.visit-ulcinj.com\/blog\/2009\/04\/18\/hodzic-ne-zelimo-balkanski-cernobilj\/\",\"name\":\"Hod\u017ei?: Ne \u017eelimo balkanski ?ernobilj - Lajme nga Ulqini\",\"isPartOf\":{\"@id\":\"https:\/\/www.visit-ulcinj.com\/blog\/#website\"},\"primaryImageOfPage\":{\"@id\":\"https:\/\/www.visit-ulcinj.com\/blog\/2009\/04\/18\/hodzic-ne-zelimo-balkanski-cernobilj\/#primaryimage\"},\"datePublished\":\"2009-04-18T09:07:06+00:00\",\"dateModified\":\"2009-04-18T09:37:32+00:00\",\"author\":{\"@id\":\"https:\/\/www.visit-ulcinj.com\/blog\/#\/schema\/person\/dcab619c614d3038751c63bc2aadc06d\"},\"description\":\"Nevladin sektor i gra?ani ulcinja protive se gradnji nuklearne elektrane u albaniji Nevladina organizacija iz Ulcinja \u201eZeleni korak\\\" izri?ito je protiv\",\"breadcrumb\":{\"@id\":\"https:\/\/www.visit-ulcinj.com\/blog\/2009\/04\/18\/hodzic-ne-zelimo-balkanski-cernobilj\/#breadcrumb\"},\"inLanguage\":\"en-US\",\"potentialAction\":[{\"@type\":\"ReadAction\",\"target\":[\"https:\/\/www.visit-ulcinj.com\/blog\/2009\/04\/18\/hodzic-ne-zelimo-balkanski-cernobilj\/\"]}]},{\"@type\":\"BreadcrumbList\",\"@id\":\"https:\/\/www.visit-ulcinj.com\/blog\/2009\/04\/18\/hodzic-ne-zelimo-balkanski-cernobilj\/#breadcrumb\",\"itemListElement\":[{\"@type\":\"ListItem\",\"position\":1,\"name\":\"Hod\u017ei?: Ne \u017eelimo balkanski ?ernobilj\"}]},{\"@type\":\"Person\",\"@id\":\"https:\/\/www.visit-ulcinj.com\/blog\/#\/schema\/person\/dcab619c614d3038751c63bc2aadc06d\",\"name\":\"ulqini\",\"sameAs\":[\"http:\/\/www.visit-ulcinj.com\"],\"url\":\"https:\/\/www.visit-ulcinj.com\/blog\/author\/admin\/\"}]}<\/script>\n<!-- \/ Yoast SEO plugin. -->","yoast_head_json":{"title":"Hod\u017ei?: Ne \u017eelimo balkanski ?ernobilj - Lajme nga Ulqini","description":"Nevladin sektor i gra?ani ulcinja protive se gradnji nuklearne elektrane u albaniji Nevladina organizacija iz Ulcinja \u201eZeleni korak\" izri?ito je protiv","robots":{"index":"index","follow":"follow","max-snippet":"max-snippet:-1","max-image-preview":"max-image-preview:large","max-video-preview":"max-video-preview:-1"},"canonical":"https:\/\/www.visit-ulcinj.com\/blog\/2009\/04\/18\/hodzic-ne-zelimo-balkanski-cernobilj\/","og_locale":"en_US","og_type":"article","og_title":"Hod\u017ei?: Ne \u017eelimo balkanski ?ernobilj - Lajme nga Ulqini","og_description":"Nevladin sektor i gra?ani ulcinja protive se gradnji nuklearne elektrane u albaniji Nevladina organizacija iz Ulcinja \u201eZeleni korak\" izri?ito je protiv","og_url":"https:\/\/www.visit-ulcinj.com\/blog\/2009\/04\/18\/hodzic-ne-zelimo-balkanski-cernobilj\/","og_site_name":"Lajme nga Ulqini","article_published_time":"2009-04-18T09:07:06+00:00","article_modified_time":"2009-04-18T09:37:32+00:00","og_image":[{"url":"http:\/\/www.visit-ulcinj.com\/blog\/wp-content\/uploads\/2009\/04\/gradani-ulcinja-protive-se-gradnji-nuklearne-elektrane-u-albaniji.jpg"}],"twitter_misc":{"Written by":"ulqini","Est. reading time":"4 minutes"},"schema":{"@context":"https:\/\/schema.org","@graph":[{"@type":"WebSite","@id":"https:\/\/www.visit-ulcinj.com\/blog\/#website","url":"https:\/\/www.visit-ulcinj.com\/blog\/","name":"Lajme nga Ulqini","description":"Lajme,Vijesti,Ulqini,Ulqin,Crna Gora,Mali i Zi","potentialAction":[{"@type":"SearchAction","target":{"@type":"EntryPoint","urlTemplate":"https:\/\/www.visit-ulcinj.com\/blog\/?s={search_term_string}"},"query-input":"required name=search_term_string"}],"inLanguage":"en-US"},{"@type":"ImageObject","inLanguage":"en-US","@id":"https:\/\/www.visit-ulcinj.com\/blog\/2009\/04\/18\/hodzic-ne-zelimo-balkanski-cernobilj\/#primaryimage","url":"http:\/\/www.visit-ulcinj.com\/blog\/wp-content\/uploads\/2009\/04\/gradani-ulcinja-protive-se-gradnji-nuklearne-elektrane-u-albaniji.jpg","contentUrl":"http:\/\/www.visit-ulcinj.com\/blog\/wp-content\/uploads\/2009\/04\/gradani-ulcinja-protive-se-gradnji-nuklearne-elektrane-u-albaniji.jpg"},{"@type":"WebPage","@id":"https:\/\/www.visit-ulcinj.com\/blog\/2009\/04\/18\/hodzic-ne-zelimo-balkanski-cernobilj\/#webpage","url":"https:\/\/www.visit-ulcinj.com\/blog\/2009\/04\/18\/hodzic-ne-zelimo-balkanski-cernobilj\/","name":"Hod\u017ei?: Ne \u017eelimo balkanski ?ernobilj - Lajme nga Ulqini","isPartOf":{"@id":"https:\/\/www.visit-ulcinj.com\/blog\/#website"},"primaryImageOfPage":{"@id":"https:\/\/www.visit-ulcinj.com\/blog\/2009\/04\/18\/hodzic-ne-zelimo-balkanski-cernobilj\/#primaryimage"},"datePublished":"2009-04-18T09:07:06+00:00","dateModified":"2009-04-18T09:37:32+00:00","author":{"@id":"https:\/\/www.visit-ulcinj.com\/blog\/#\/schema\/person\/dcab619c614d3038751c63bc2aadc06d"},"description":"Nevladin sektor i gra?ani ulcinja protive se gradnji nuklearne elektrane u albaniji Nevladina organizacija iz Ulcinja \u201eZeleni korak\" izri?ito je protiv","breadcrumb":{"@id":"https:\/\/www.visit-ulcinj.com\/blog\/2009\/04\/18\/hodzic-ne-zelimo-balkanski-cernobilj\/#breadcrumb"},"inLanguage":"en-US","potentialAction":[{"@type":"ReadAction","target":["https:\/\/www.visit-ulcinj.com\/blog\/2009\/04\/18\/hodzic-ne-zelimo-balkanski-cernobilj\/"]}]},{"@type":"BreadcrumbList","@id":"https:\/\/www.visit-ulcinj.com\/blog\/2009\/04\/18\/hodzic-ne-zelimo-balkanski-cernobilj\/#breadcrumb","itemListElement":[{"@type":"ListItem","position":1,"name":"Hod\u017ei?: Ne \u017eelimo balkanski ?ernobilj"}]},{"@type":"Person","@id":"https:\/\/www.visit-ulcinj.com\/blog\/#\/schema\/person\/dcab619c614d3038751c63bc2aadc06d","name":"ulqini","sameAs":["http:\/\/www.visit-ulcinj.com"],"url":"https:\/\/www.visit-ulcinj.com\/blog\/author\/admin\/"}]}},"jetpack_featured_media_url":"","jetpack_sharing_enabled":true,"jetpack_shortlink":"https:\/\/wp.me\/pe6lTn-4Kw","_links":{"self":[{"href":"https:\/\/www.visit-ulcinj.com\/blog\/wp-json\/wp\/v2\/posts\/18260"}],"collection":[{"href":"https:\/\/www.visit-ulcinj.com\/blog\/wp-json\/wp\/v2\/posts"}],"about":[{"href":"https:\/\/www.visit-ulcinj.com\/blog\/wp-json\/wp\/v2\/types\/post"}],"author":[{"embeddable":true,"href":"https:\/\/www.visit-ulcinj.com\/blog\/wp-json\/wp\/v2\/users\/1"}],"replies":[{"embeddable":true,"href":"https:\/\/www.visit-ulcinj.com\/blog\/wp-json\/wp\/v2\/comments?post=18260"}],"version-history":[{"count":0,"href":"https:\/\/www.visit-ulcinj.com\/blog\/wp-json\/wp\/v2\/posts\/18260\/revisions"}],"wp:attachment":[{"href":"https:\/\/www.visit-ulcinj.com\/blog\/wp-json\/wp\/v2\/media?parent=18260"}],"wp:term":[{"taxonomy":"category","embeddable":true,"href":"https:\/\/www.visit-ulcinj.com\/blog\/wp-json\/wp\/v2\/categories?post=18260"},{"taxonomy":"post_tag","embeddable":true,"href":"https:\/\/www.visit-ulcinj.com\/blog\/wp-json\/wp\/v2\/tags?post=18260"}],"curies":[{"name":"wp","href":"https:\/\/api.w.org\/{rel}","templated":true}]}}