{"id":18264,"date":"2009-04-18T11:30:49","date_gmt":"2009-04-18T09:30:49","guid":{"rendered":"http:\/\/www.visit-ulcinj.com\/blog\/?p=18264"},"modified":"2009-04-18T10:48:55","modified_gmt":"2009-04-18T08:48:55","slug":"adela-juna-me-ka-inat","status":"publish","type":"post","link":"https:\/\/www.visit-ulcinj.com\/blog\/2009\/04\/18\/adela-juna-me-ka-inat\/","title":{"rendered":"Adela: Juna m\u00eb ka inat"},"content":{"rendered":"<p><em><span class=\"newsdate\"><a href=\"http:\/\/www.visit-ulcinj.com\/blog\/wp-content\/uploads\/2009\/04\/adela-per-junen-big-brother-albania-2.jpg\"><img loading=\"lazy\" class=\"alignleft size-full wp-image-18265\" title=\"adela-per-junen-big-brother-albania-2\" src=\"http:\/\/www.visit-ulcinj.com\/blog\/wp-content\/uploads\/2009\/04\/adela-per-junen-big-brother-albania-2.jpg\" alt=\"adela-per-junen-big-brother-albania-2\" width=\"300\" height=\"205\" \/><\/a>17\/04\/09 16:37<\/span><\/em><\/p>\n<p>Adelajda ka diskutuar me Arin dhe ky i ka th\u00ebn\u00eb q\u00eb Juna e ka nominuar at\u00eb. Ajo e diskuton me Mimoz\u00ebn k\u00ebt\u00eb gj\u00eb . Adelajda i thot\u00eb:-\u201c Dhe n\u00ebse nuk do m\u00eb thont\u00eb Ari ajo duket q\u00eb m\u00eb ka inat!\u201d Mimoza i tregon nj\u00eb rast kur Junida pasi kishte d\u00ebgjuar Adelajd\u00ebn me Bjordin kishte komentuar p\u00ebr z\u00ebrin e saj t\u00eb lart\u00eb. Adela i thot\u00eb :-\u201cPse sht\u00ebpia e saj \u00ebsht\u00eb kjo, dua t\u00eb b\u00ebrtas!\u201d Ajo fillon t\u00eb komentoj\u00eb p\u00ebr Junid\u00ebn q\u00eb i shkon pas Adit, dhe shton:-\u201cMeq\u00eb m\u00eb paska inat, e kam dhe un\u00eb!\u201d Sipas Mimoz\u00ebs arsyeja q\u00eb Juna mund ta ket\u00eb inat Adelajd\u00ebn \u00ebsht\u00eb pasi do shum\u00eb Bjordin. Adelajda i kthehet:-\u201cMe dy jav\u00eb e dashka Bjordin, ajo do t\u00eb duket!\u201d<\/p>\n","protected":false},"excerpt":{"rendered":"<p>17\/04\/09 16:37 Adelajda ka diskutuar me Arin dhe ky i ka th\u00ebn\u00eb q\u00eb Juna e ka nominuar at\u00eb. Ajo e diskuton me Mimoz\u00ebn k\u00ebt\u00eb gj\u00eb . Adelajda i thot\u00eb:-\u201c Dhe n\u00ebse nuk do m\u00eb thont\u00eb Ari ajo duket q\u00eb m\u00eb ka inat!\u201d Mimoza i tregon nj\u00eb rast kur Junida pasi kishte d\u00ebgjuar Adelajd\u00ebn me Bjordin [&hellip;]<\/p>\n","protected":false},"author":1,"featured_media":0,"comment_status":"open","ping_status":"closed","sticky":false,"template":"","format":"standard","meta":{"spay_email":"","jetpack_publicize_message":"","jetpack_is_tweetstorm":false,"jetpack_publicize_feature_enabled":true},"categories":[6502],"tags":[6529,8934,5057,6506,6516,6712,7129,1442,8938,6757,6891,6693,6887],"jetpack_publicize_connections":[],"yoast_head":"<!-- This site is optimized with the Yoast SEO plugin v19.1 - https:\/\/yoast.com\/wordpress\/plugins\/seo\/ -->\n<title>Adela: Juna m\u00c3\u00ab ka inat | Big Brother Albania 2<\/title>\n<meta name=\"description\" content=\"Big Brother Albania 2 - Adelajda ka diskutuar me Arin dhe ky i ka th\u00c3\u00abn\u00c3\u00ab q\u00c3\u00ab Juna e ka nominuar at\u00c3\u00ab. Ajo e diskuton me Mimoz\u00c3\u00abn k\u00c3\u00abt\u00c3\u00ab gj\u00c3\u00ab . Adelajda i thot\u00c3\u00ab\" \/>\n<meta name=\"robots\" content=\"index, follow, max-snippet:-1, max-image-preview:large, max-video-preview:-1\" \/>\n<link rel=\"canonical\" href=\"https:\/\/www.visit-ulcinj.com\/blog\/2009\/04\/18\/adela-juna-me-ka-inat\/\" \/>\n<meta property=\"og:locale\" content=\"en_US\" \/>\n<meta property=\"og:type\" content=\"article\" \/>\n<meta property=\"og:title\" content=\"Adela: Juna m\u00c3\u00ab ka inat | Big Brother Albania 2\" \/>\n<meta property=\"og:description\" content=\"Big Brother Albania 2 - Adelajda ka diskutuar me Arin dhe ky i ka th\u00c3\u00abn\u00c3\u00ab q\u00c3\u00ab Juna e ka nominuar at\u00c3\u00ab. Ajo e diskuton me Mimoz\u00c3\u00abn k\u00c3\u00abt\u00c3\u00ab gj\u00c3\u00ab . Adelajda i thot\u00c3\u00ab\" \/>\n<meta property=\"og:url\" content=\"https:\/\/www.visit-ulcinj.com\/blog\/2009\/04\/18\/adela-juna-me-ka-inat\/\" \/>\n<meta property=\"og:site_name\" content=\"Lajme nga Ulqini\" \/>\n<meta property=\"article:published_time\" content=\"2009-04-18T09:30:49+00:00\" \/>\n<meta property=\"article:modified_time\" content=\"2009-04-18T08:48:55+00:00\" \/>\n<meta property=\"og:image\" content=\"http:\/\/www.visit-ulcinj.com\/blog\/wp-content\/uploads\/2009\/04\/adela-per-junen-big-brother-albania-2.jpg\" \/>\n<meta name=\"twitter:label1\" content=\"Written by\" \/>\n\t<meta name=\"twitter:data1\" content=\"ulqini\" \/>\n\t<meta name=\"twitter:label2\" content=\"Est. reading time\" \/>\n\t<meta name=\"twitter:data2\" content=\"1 minute\" \/>\n<script type=\"application\/ld+json\" class=\"yoast-schema-graph\">{\"@context\":\"https:\/\/schema.org\",\"@graph\":[{\"@type\":\"WebSite\",\"@id\":\"https:\/\/www.visit-ulcinj.com\/blog\/#website\",\"url\":\"https:\/\/www.visit-ulcinj.com\/blog\/\",\"name\":\"Lajme nga Ulqini\",\"description\":\"Lajme,Vijesti,Ulqini,Ulqin,Crna Gora,Mali i Zi\",\"potentialAction\":[{\"@type\":\"SearchAction\",\"target\":{\"@type\":\"EntryPoint\",\"urlTemplate\":\"https:\/\/www.visit-ulcinj.com\/blog\/?s={search_term_string}\"},\"query-input\":\"required name=search_term_string\"}],\"inLanguage\":\"en-US\"},{\"@type\":\"ImageObject\",\"inLanguage\":\"en-US\",\"@id\":\"https:\/\/www.visit-ulcinj.com\/blog\/2009\/04\/18\/adela-juna-me-ka-inat\/#primaryimage\",\"url\":\"http:\/\/www.visit-ulcinj.com\/blog\/wp-content\/uploads\/2009\/04\/adela-per-junen-big-brother-albania-2.jpg\",\"contentUrl\":\"http:\/\/www.visit-ulcinj.com\/blog\/wp-content\/uploads\/2009\/04\/adela-per-junen-big-brother-albania-2.jpg\"},{\"@type\":\"WebPage\",\"@id\":\"https:\/\/www.visit-ulcinj.com\/blog\/2009\/04\/18\/adela-juna-me-ka-inat\/#webpage\",\"url\":\"https:\/\/www.visit-ulcinj.com\/blog\/2009\/04\/18\/adela-juna-me-ka-inat\/\",\"name\":\"Adela: Juna m\u00c3\u00ab ka inat | Big Brother Albania 2\",\"isPartOf\":{\"@id\":\"https:\/\/www.visit-ulcinj.com\/blog\/#website\"},\"primaryImageOfPage\":{\"@id\":\"https:\/\/www.visit-ulcinj.com\/blog\/2009\/04\/18\/adela-juna-me-ka-inat\/#primaryimage\"},\"datePublished\":\"2009-04-18T09:30:49+00:00\",\"dateModified\":\"2009-04-18T08:48:55+00:00\",\"author\":{\"@id\":\"https:\/\/www.visit-ulcinj.com\/blog\/#\/schema\/person\/dcab619c614d3038751c63bc2aadc06d\"},\"description\":\"Big Brother Albania 2 - Adelajda ka diskutuar me Arin dhe ky i ka th\u00c3\u00abn\u00c3\u00ab q\u00c3\u00ab Juna e ka nominuar at\u00c3\u00ab. Ajo e diskuton me Mimoz\u00c3\u00abn k\u00c3\u00abt\u00c3\u00ab gj\u00c3\u00ab . Adelajda i thot\u00c3\u00ab\",\"breadcrumb\":{\"@id\":\"https:\/\/www.visit-ulcinj.com\/blog\/2009\/04\/18\/adela-juna-me-ka-inat\/#breadcrumb\"},\"inLanguage\":\"en-US\",\"potentialAction\":[{\"@type\":\"ReadAction\",\"target\":[\"https:\/\/www.visit-ulcinj.com\/blog\/2009\/04\/18\/adela-juna-me-ka-inat\/\"]}]},{\"@type\":\"BreadcrumbList\",\"@id\":\"https:\/\/www.visit-ulcinj.com\/blog\/2009\/04\/18\/adela-juna-me-ka-inat\/#breadcrumb\",\"itemListElement\":[{\"@type\":\"ListItem\",\"position\":1,\"name\":\"Adela: Juna m\u00eb ka inat\"}]},{\"@type\":\"Person\",\"@id\":\"https:\/\/www.visit-ulcinj.com\/blog\/#\/schema\/person\/dcab619c614d3038751c63bc2aadc06d\",\"name\":\"ulqini\",\"sameAs\":[\"http:\/\/www.visit-ulcinj.com\"],\"url\":\"https:\/\/www.visit-ulcinj.com\/blog\/author\/admin\/\"}]}<\/script>\n<!-- \/ Yoast SEO plugin. -->","yoast_head_json":{"title":"Adela: Juna m\u00c3\u00ab ka inat | Big Brother Albania 2","description":"Big Brother Albania 2 - Adelajda ka diskutuar me Arin dhe ky i ka th\u00c3\u00abn\u00c3\u00ab q\u00c3\u00ab Juna e ka nominuar at\u00c3\u00ab. Ajo e diskuton me Mimoz\u00c3\u00abn k\u00c3\u00abt\u00c3\u00ab gj\u00c3\u00ab . Adelajda i thot\u00c3\u00ab","robots":{"index":"index","follow":"follow","max-snippet":"max-snippet:-1","max-image-preview":"max-image-preview:large","max-video-preview":"max-video-preview:-1"},"canonical":"https:\/\/www.visit-ulcinj.com\/blog\/2009\/04\/18\/adela-juna-me-ka-inat\/","og_locale":"en_US","og_type":"article","og_title":"Adela: Juna m\u00c3\u00ab ka inat | Big Brother Albania 2","og_description":"Big Brother Albania 2 - Adelajda ka diskutuar me Arin dhe ky i ka th\u00c3\u00abn\u00c3\u00ab q\u00c3\u00ab Juna e ka nominuar at\u00c3\u00ab. Ajo e diskuton me Mimoz\u00c3\u00abn k\u00c3\u00abt\u00c3\u00ab gj\u00c3\u00ab . Adelajda i thot\u00c3\u00ab","og_url":"https:\/\/www.visit-ulcinj.com\/blog\/2009\/04\/18\/adela-juna-me-ka-inat\/","og_site_name":"Lajme nga Ulqini","article_published_time":"2009-04-18T09:30:49+00:00","article_modified_time":"2009-04-18T08:48:55+00:00","og_image":[{"url":"http:\/\/www.visit-ulcinj.com\/blog\/wp-content\/uploads\/2009\/04\/adela-per-junen-big-brother-albania-2.jpg"}],"twitter_misc":{"Written by":"ulqini","Est. reading time":"1 minute"},"schema":{"@context":"https:\/\/schema.org","@graph":[{"@type":"WebSite","@id":"https:\/\/www.visit-ulcinj.com\/blog\/#website","url":"https:\/\/www.visit-ulcinj.com\/blog\/","name":"Lajme nga Ulqini","description":"Lajme,Vijesti,Ulqini,Ulqin,Crna Gora,Mali i Zi","potentialAction":[{"@type":"SearchAction","target":{"@type":"EntryPoint","urlTemplate":"https:\/\/www.visit-ulcinj.com\/blog\/?s={search_term_string}"},"query-input":"required name=search_term_string"}],"inLanguage":"en-US"},{"@type":"ImageObject","inLanguage":"en-US","@id":"https:\/\/www.visit-ulcinj.com\/blog\/2009\/04\/18\/adela-juna-me-ka-inat\/#primaryimage","url":"http:\/\/www.visit-ulcinj.com\/blog\/wp-content\/uploads\/2009\/04\/adela-per-junen-big-brother-albania-2.jpg","contentUrl":"http:\/\/www.visit-ulcinj.com\/blog\/wp-content\/uploads\/2009\/04\/adela-per-junen-big-brother-albania-2.jpg"},{"@type":"WebPage","@id":"https:\/\/www.visit-ulcinj.com\/blog\/2009\/04\/18\/adela-juna-me-ka-inat\/#webpage","url":"https:\/\/www.visit-ulcinj.com\/blog\/2009\/04\/18\/adela-juna-me-ka-inat\/","name":"Adela: Juna m\u00c3\u00ab ka inat | Big Brother Albania 2","isPartOf":{"@id":"https:\/\/www.visit-ulcinj.com\/blog\/#website"},"primaryImageOfPage":{"@id":"https:\/\/www.visit-ulcinj.com\/blog\/2009\/04\/18\/adela-juna-me-ka-inat\/#primaryimage"},"datePublished":"2009-04-18T09:30:49+00:00","dateModified":"2009-04-18T08:48:55+00:00","author":{"@id":"https:\/\/www.visit-ulcinj.com\/blog\/#\/schema\/person\/dcab619c614d3038751c63bc2aadc06d"},"description":"Big Brother Albania 2 - Adelajda ka diskutuar me Arin dhe ky i ka th\u00c3\u00abn\u00c3\u00ab q\u00c3\u00ab Juna e ka nominuar at\u00c3\u00ab. Ajo e diskuton me Mimoz\u00c3\u00abn k\u00c3\u00abt\u00c3\u00ab gj\u00c3\u00ab . Adelajda i thot\u00c3\u00ab","breadcrumb":{"@id":"https:\/\/www.visit-ulcinj.com\/blog\/2009\/04\/18\/adela-juna-me-ka-inat\/#breadcrumb"},"inLanguage":"en-US","potentialAction":[{"@type":"ReadAction","target":["https:\/\/www.visit-ulcinj.com\/blog\/2009\/04\/18\/adela-juna-me-ka-inat\/"]}]},{"@type":"BreadcrumbList","@id":"https:\/\/www.visit-ulcinj.com\/blog\/2009\/04\/18\/adela-juna-me-ka-inat\/#breadcrumb","itemListElement":[{"@type":"ListItem","position":1,"name":"Adela: Juna m\u00eb ka inat"}]},{"@type":"Person","@id":"https:\/\/www.visit-ulcinj.com\/blog\/#\/schema\/person\/dcab619c614d3038751c63bc2aadc06d","name":"ulqini","sameAs":["http:\/\/www.visit-ulcinj.com"],"url":"https:\/\/www.visit-ulcinj.com\/blog\/author\/admin\/"}]}},"jetpack_featured_media_url":"","jetpack_sharing_enabled":true,"jetpack_shortlink":"https:\/\/wp.me\/pe6lTn-4KA","_links":{"self":[{"href":"https:\/\/www.visit-ulcinj.com\/blog\/wp-json\/wp\/v2\/posts\/18264"}],"collection":[{"href":"https:\/\/www.visit-ulcinj.com\/blog\/wp-json\/wp\/v2\/posts"}],"about":[{"href":"https:\/\/www.visit-ulcinj.com\/blog\/wp-json\/wp\/v2\/types\/post"}],"author":[{"embeddable":true,"href":"https:\/\/www.visit-ulcinj.com\/blog\/wp-json\/wp\/v2\/users\/1"}],"replies":[{"embeddable":true,"href":"https:\/\/www.visit-ulcinj.com\/blog\/wp-json\/wp\/v2\/comments?post=18264"}],"version-history":[{"count":0,"href":"https:\/\/www.visit-ulcinj.com\/blog\/wp-json\/wp\/v2\/posts\/18264\/revisions"}],"wp:attachment":[{"href":"https:\/\/www.visit-ulcinj.com\/blog\/wp-json\/wp\/v2\/media?parent=18264"}],"wp:term":[{"taxonomy":"category","embeddable":true,"href":"https:\/\/www.visit-ulcinj.com\/blog\/wp-json\/wp\/v2\/categories?post=18264"},{"taxonomy":"post_tag","embeddable":true,"href":"https:\/\/www.visit-ulcinj.com\/blog\/wp-json\/wp\/v2\/tags?post=18264"}],"curies":[{"name":"wp","href":"https:\/\/api.w.org\/{rel}","templated":true}]}}