{"id":18279,"date":"2009-04-18T12:30:56","date_gmt":"2009-04-18T10:30:56","guid":{"rendered":"http:\/\/www.visit-ulcinj.com\/blog\/?p=18279"},"modified":"2009-04-18T13:01:04","modified_gmt":"2009-04-18T11:01:04","slug":"big-brother-surprizon-fuqishem-adela-perkrah-adi-krastes-tek-e-diell","status":"publish","type":"post","link":"https:\/\/www.visit-ulcinj.com\/blog\/2009\/04\/18\/big-brother-surprizon-fuqishem-adela-perkrah-adi-krastes-tek-e-diell\/","title":{"rendered":"Big Brother surprizon fuqish\u00ebm, Adela, p\u00ebrkrah Adi Krast\u00ebs tek E Diell"},"content":{"rendered":"<p><em><strong>Big Brother surprizon fuqish\u00ebm<br \/>\n<\/strong><\/em><\/p>\n<p><em><strong>Adela, p\u00ebrkrah Adi Krast\u00ebs tek &#8220;E Diell&#8221;<\/strong><\/em><\/p>\n<p><em><strong><a href=\"http:\/\/www.visit-ulcinj.com\/blog\/wp-content\/uploads\/2009\/04\/adelajda-e-dieel.jpg\"><img loading=\"lazy\" class=\"alignleft size-full wp-image-18280\" title=\"adelajda-e-dieel-big-brother-albania-2\" src=\"http:\/\/www.visit-ulcinj.com\/blog\/wp-content\/uploads\/2009\/04\/adelajda-e-dieel.jpg\" alt=\"adelajda-e-dieel-big-brother-albania-2\" width=\"585\" height=\"213\" \/><\/a><br \/>\n<\/strong><\/em><\/p>\n<p><strong>Di\u00e7ka e pabesueshme p\u00ebr vajz\u00ebn nga Kavaja <\/strong><\/p>\n<p>Adela kthehet n\u00eb sht\u00ebpin\u00eb e &#8220;Big Brother&#8221;. Ajo pyet banor\u00ebt n\u00ebse e kan\u00eb par\u00eb apo jo dhe ata i p\u00ebrgjigjen se jo. Ajo u tregon se shkoi me makin\u00eb deri n\u00eb nj\u00eb vend, por q\u00eb ajo nuk mund t\u00eb shihte asgj\u00eb dhe nuk mund t&#8217;i fliste askush. Adela tregon se ai vendi ishte spektakli &#8220;E Diell&#8221; dhe Adi Krasta e kishte pritur. Me emocione thot\u00eb se fillimisht nuk kishte par\u00eb asgj\u00eb se dritat ishin t\u00eb fikura, por m\u00eb pas u ndez\u00ebn dhe pa nj\u00eb publik q\u00eb u ngrit n\u00eb k\u00ebmb\u00eb p\u00ebr t\u00eb dhe e p\u00ebrsh\u00ebndet\u00ebn. Adela tregon se atje i kishin dh\u00ebn\u00eb nj\u00eb k\u00ebng\u00eb p\u00ebr t\u00eb k\u00ebnduar. &#8220;M&#8217;u duk vetja si n\u00eb \u00ebnd\u00ebrr dhe mendova m\u00eb pas q\u00eb vet\u00ebm t\u00eb b\u00ebja qejf&#8221;, thot\u00eb Adela. M\u00eb pas ajo kishte b\u00ebr\u00eb nj\u00eb prezantim dhe n\u00eb fund ishte p\u00ebrsh\u00ebndetur me t\u00eb gjith\u00eb. Ajo tregon se Adi i kishte th\u00ebn\u00eb nj\u00eb shprehje shum\u00eb dometh\u00ebn\u00ebse: &#8220;Kur t\u00eb dal\u00ebsh, n\u00ebse familja jote nuk do t\u00eb t\u00eb pres\u00eb, do t\u00eb vij un\u00eb e do t\u00eb b\u00ebhem familja jote&#8221;.<\/p>\n<p><strong>Banor\u00ebt komentojn\u00eb shprehjen e Krast\u00ebs, Adi mendon se shoq\u00ebria civile e mb\u00ebshtet Adel\u00ebn.<\/strong><\/p>\n<p>Banor\u00ebt fillojn\u00eb t\u00eb diskutojn\u00eb p\u00ebr shprehjen q\u00eb Adi Krasta i kishte th\u00ebn\u00eb Adel\u00ebs. Sori thot\u00eb se n\u00ebse ai do t&#8217;ia kishte th\u00ebn\u00eb atij, ai do t&#8217;i ishte kund\u00ebrp\u00ebrgjigjur se familja e pret, \u00e7far\u00ebdo q\u00eb t\u00eb ket\u00eb b\u00ebr\u00eb. Arjoni mendon se kjo shprehje t\u00eb l\u00eb t\u00eb kuptosh se Adela ka b\u00ebr\u00eb di\u00e7ka t\u00eb gabuar dhe se familja e saj mund ta ket\u00eb gjykuar p\u00ebr k\u00ebt\u00eb. Edhe Adi e mendon af\u00ebrsisht k\u00ebshtu. Ai shprehet se \u00e7far\u00ebdo q\u00eb t\u00eb p\u00ebrmbante ai mesazh, tek Adela tani do t\u00eb l\u00ebr\u00eb shum\u00eb mbresa dhe ajo mund t\u00eb ndryshoj\u00eb sjelljen. Juna mendon se ato fjal\u00eb ishin thjesht p\u00ebr t&#8217;i dh\u00ebn\u00eb asaj zem\u00ebr p\u00ebr t\u00eb ecur p\u00ebrpara duke mos pasur asnj\u00eb q\u00ebllim tjet\u00ebr. Adi thot\u00eb se jasht\u00eb ka dy vler\u00ebsime: i pari i shoq\u00ebris\u00eb civile t\u00eb emancipuar q\u00eb p\u00ebrfaq\u00ebsohet nga Adi Krasta dhe i dyti mentaliteti i vjet\u00ebr q\u00eb p\u00ebrfaq\u00ebsohet nga familja e Adel\u00ebs. Adi mendon se shoq\u00ebria civile e ka pranuar Adel\u00ebn.<\/p>\n<p><strong> <\/strong><strong>E shqet\u00ebsuar p\u00ebr prind\u00ebrit<\/strong><\/p>\n<p>Adela duket e menduar p\u00ebr prind\u00ebrit dhe se si perceptohet sjellja e saj tek ata dhe t\u00eb af\u00ebrmit e saj. Adi mundohet t&#8217;i jap\u00eb zem\u00ebr dhe i thot\u00eb se kavajasit nuk jan\u00eb njer\u00ebz q\u00eb nuk e kuptojn\u00eb at\u00eb dhe se kurr\u00eb nuk do mendojn\u00eb keq p\u00ebr t\u00eb. Adela i thot\u00eb se ka frik\u00eb p\u00ebr nj\u00eb pjes\u00eb q\u00eb mund ta gjykoj\u00eb dhe se nga kjo, prind\u00ebrit e saj mund t\u00eb shqet\u00ebsohen. &#8220;Dua vet\u00ebm q\u00eb ata t\u00eb jen\u00eb mir\u00eb!&#8221; Ajo thot\u00eb se p\u00ebr ta mund t\u00eb jet\u00eb pak e v\u00ebshtir\u00eb q\u00eb ajo ndodhet n\u00eb &#8220;Big Brother&#8221;, sepse nuk jan\u00eb m\u00ebsuar me t\u00eb tilla gj\u00ebra. Adela shprehet se nuk d\u00ebshiron t&#8217;i zhg\u00ebnjej\u00eb ata, sepse i kan\u00eb dh\u00ebn\u00eb besimin n\u00eb momentin q\u00eb ajo u fut n\u00eb loj\u00eb.<\/p>\n","protected":false},"excerpt":{"rendered":"<p>Big Brother surprizon fuqish\u00ebm Adela, p\u00ebrkrah Adi Krast\u00ebs tek &#8220;E Diell&#8221; Di\u00e7ka e pabesueshme p\u00ebr vajz\u00ebn nga Kavaja Adela kthehet n\u00eb sht\u00ebpin\u00eb e &#8220;Big Brother&#8221;. Ajo pyet banor\u00ebt n\u00ebse e kan\u00eb par\u00eb apo jo dhe ata i p\u00ebrgjigjen se jo. Ajo u tregon se shkoi me makin\u00eb deri n\u00eb nj\u00eb vend, por q\u00eb ajo nuk [&hellip;]<\/p>\n","protected":false},"author":1,"featured_media":0,"comment_status":"open","ping_status":"closed","sticky":false,"template":"","format":"standard","meta":{"spay_email":"","jetpack_publicize_message":"","jetpack_is_tweetstorm":false,"jetpack_publicize_feature_enabled":true},"categories":[6502],"tags":[6562,9310,5057,6506,6516,6712,7129,9066,6891,6693,6887],"jetpack_publicize_connections":[],"yoast_head":"<!-- This site is optimized with the Yoast SEO plugin v19.1 - https:\/\/yoast.com\/wordpress\/plugins\/seo\/ -->\n<title>Big Brother&quot; surprizon fuqish\u00c3\u00abm, Adela, p\u00c3\u00abrkrah Adi Krast\u00c3\u00abs tek E Diell | Big Brother Albania 2<\/title>\n<meta name=\"description\" content=\"Big Brother Albania 2 - Di\u00c3\u00a7ka e pabesueshme p\u00c3\u00abr vajz\u00c3\u00abn nga Kavaja\" \/>\n<meta name=\"robots\" content=\"index, follow, max-snippet:-1, max-image-preview:large, max-video-preview:-1\" \/>\n<link rel=\"canonical\" href=\"https:\/\/www.visit-ulcinj.com\/blog\/2009\/04\/18\/big-brother-surprizon-fuqishem-adela-perkrah-adi-krastes-tek-e-diell\/\" \/>\n<meta property=\"og:locale\" content=\"en_US\" \/>\n<meta property=\"og:type\" content=\"article\" \/>\n<meta property=\"og:title\" content=\"Big Brother&quot; surprizon fuqish\u00c3\u00abm, Adela, p\u00c3\u00abrkrah Adi Krast\u00c3\u00abs tek E Diell | Big Brother Albania 2\" \/>\n<meta property=\"og:description\" content=\"Big Brother Albania 2 - Di\u00c3\u00a7ka e pabesueshme p\u00c3\u00abr vajz\u00c3\u00abn nga Kavaja\" \/>\n<meta property=\"og:url\" content=\"https:\/\/www.visit-ulcinj.com\/blog\/2009\/04\/18\/big-brother-surprizon-fuqishem-adela-perkrah-adi-krastes-tek-e-diell\/\" \/>\n<meta property=\"og:site_name\" content=\"Lajme nga Ulqini\" \/>\n<meta property=\"article:published_time\" content=\"2009-04-18T10:30:56+00:00\" \/>\n<meta property=\"article:modified_time\" content=\"2009-04-18T11:01:04+00:00\" \/>\n<meta property=\"og:image\" content=\"http:\/\/www.visit-ulcinj.com\/blog\/wp-content\/uploads\/2009\/04\/adelajda-e-dieel.jpg\" \/>\n<meta name=\"twitter:label1\" content=\"Written by\" \/>\n\t<meta name=\"twitter:data1\" content=\"ulqini\" \/>\n\t<meta name=\"twitter:label2\" content=\"Est. reading time\" \/>\n\t<meta name=\"twitter:data2\" content=\"3 minutes\" \/>\n<script type=\"application\/ld+json\" class=\"yoast-schema-graph\">{\"@context\":\"https:\/\/schema.org\",\"@graph\":[{\"@type\":\"WebSite\",\"@id\":\"https:\/\/www.visit-ulcinj.com\/blog\/#website\",\"url\":\"https:\/\/www.visit-ulcinj.com\/blog\/\",\"name\":\"Lajme nga Ulqini\",\"description\":\"Lajme,Vijesti,Ulqini,Ulqin,Crna Gora,Mali i Zi\",\"potentialAction\":[{\"@type\":\"SearchAction\",\"target\":{\"@type\":\"EntryPoint\",\"urlTemplate\":\"https:\/\/www.visit-ulcinj.com\/blog\/?s={search_term_string}\"},\"query-input\":\"required name=search_term_string\"}],\"inLanguage\":\"en-US\"},{\"@type\":\"ImageObject\",\"inLanguage\":\"en-US\",\"@id\":\"https:\/\/www.visit-ulcinj.com\/blog\/2009\/04\/18\/big-brother-surprizon-fuqishem-adela-perkrah-adi-krastes-tek-e-diell\/#primaryimage\",\"url\":\"http:\/\/www.visit-ulcinj.com\/blog\/wp-content\/uploads\/2009\/04\/adelajda-e-dieel.jpg\",\"contentUrl\":\"http:\/\/www.visit-ulcinj.com\/blog\/wp-content\/uploads\/2009\/04\/adelajda-e-dieel.jpg\"},{\"@type\":\"WebPage\",\"@id\":\"https:\/\/www.visit-ulcinj.com\/blog\/2009\/04\/18\/big-brother-surprizon-fuqishem-adela-perkrah-adi-krastes-tek-e-diell\/#webpage\",\"url\":\"https:\/\/www.visit-ulcinj.com\/blog\/2009\/04\/18\/big-brother-surprizon-fuqishem-adela-perkrah-adi-krastes-tek-e-diell\/\",\"name\":\"Big Brother\\\" surprizon fuqish\u00c3\u00abm, Adela, p\u00c3\u00abrkrah Adi Krast\u00c3\u00abs tek E Diell | Big Brother Albania 2\",\"isPartOf\":{\"@id\":\"https:\/\/www.visit-ulcinj.com\/blog\/#website\"},\"primaryImageOfPage\":{\"@id\":\"https:\/\/www.visit-ulcinj.com\/blog\/2009\/04\/18\/big-brother-surprizon-fuqishem-adela-perkrah-adi-krastes-tek-e-diell\/#primaryimage\"},\"datePublished\":\"2009-04-18T10:30:56+00:00\",\"dateModified\":\"2009-04-18T11:01:04+00:00\",\"author\":{\"@id\":\"https:\/\/www.visit-ulcinj.com\/blog\/#\/schema\/person\/dcab619c614d3038751c63bc2aadc06d\"},\"description\":\"Big Brother Albania 2 - Di\u00c3\u00a7ka e pabesueshme p\u00c3\u00abr vajz\u00c3\u00abn nga Kavaja\",\"breadcrumb\":{\"@id\":\"https:\/\/www.visit-ulcinj.com\/blog\/2009\/04\/18\/big-brother-surprizon-fuqishem-adela-perkrah-adi-krastes-tek-e-diell\/#breadcrumb\"},\"inLanguage\":\"en-US\",\"potentialAction\":[{\"@type\":\"ReadAction\",\"target\":[\"https:\/\/www.visit-ulcinj.com\/blog\/2009\/04\/18\/big-brother-surprizon-fuqishem-adela-perkrah-adi-krastes-tek-e-diell\/\"]}]},{\"@type\":\"BreadcrumbList\",\"@id\":\"https:\/\/www.visit-ulcinj.com\/blog\/2009\/04\/18\/big-brother-surprizon-fuqishem-adela-perkrah-adi-krastes-tek-e-diell\/#breadcrumb\",\"itemListElement\":[{\"@type\":\"ListItem\",\"position\":1,\"name\":\"Big Brother surprizon fuqish\u00ebm, Adela, p\u00ebrkrah Adi Krast\u00ebs tek E Diell\"}]},{\"@type\":\"Person\",\"@id\":\"https:\/\/www.visit-ulcinj.com\/blog\/#\/schema\/person\/dcab619c614d3038751c63bc2aadc06d\",\"name\":\"ulqini\",\"sameAs\":[\"http:\/\/www.visit-ulcinj.com\"],\"url\":\"https:\/\/www.visit-ulcinj.com\/blog\/author\/admin\/\"}]}<\/script>\n<!-- \/ Yoast SEO plugin. -->","yoast_head_json":{"title":"Big Brother\" surprizon fuqish\u00c3\u00abm, Adela, p\u00c3\u00abrkrah Adi Krast\u00c3\u00abs tek E Diell | Big Brother Albania 2","description":"Big Brother Albania 2 - Di\u00c3\u00a7ka e pabesueshme p\u00c3\u00abr vajz\u00c3\u00abn nga Kavaja","robots":{"index":"index","follow":"follow","max-snippet":"max-snippet:-1","max-image-preview":"max-image-preview:large","max-video-preview":"max-video-preview:-1"},"canonical":"https:\/\/www.visit-ulcinj.com\/blog\/2009\/04\/18\/big-brother-surprizon-fuqishem-adela-perkrah-adi-krastes-tek-e-diell\/","og_locale":"en_US","og_type":"article","og_title":"Big Brother\" surprizon fuqish\u00c3\u00abm, Adela, p\u00c3\u00abrkrah Adi Krast\u00c3\u00abs tek E Diell | Big Brother Albania 2","og_description":"Big Brother Albania 2 - Di\u00c3\u00a7ka e pabesueshme p\u00c3\u00abr vajz\u00c3\u00abn nga Kavaja","og_url":"https:\/\/www.visit-ulcinj.com\/blog\/2009\/04\/18\/big-brother-surprizon-fuqishem-adela-perkrah-adi-krastes-tek-e-diell\/","og_site_name":"Lajme nga Ulqini","article_published_time":"2009-04-18T10:30:56+00:00","article_modified_time":"2009-04-18T11:01:04+00:00","og_image":[{"url":"http:\/\/www.visit-ulcinj.com\/blog\/wp-content\/uploads\/2009\/04\/adelajda-e-dieel.jpg"}],"twitter_misc":{"Written by":"ulqini","Est. reading time":"3 minutes"},"schema":{"@context":"https:\/\/schema.org","@graph":[{"@type":"WebSite","@id":"https:\/\/www.visit-ulcinj.com\/blog\/#website","url":"https:\/\/www.visit-ulcinj.com\/blog\/","name":"Lajme nga Ulqini","description":"Lajme,Vijesti,Ulqini,Ulqin,Crna Gora,Mali i Zi","potentialAction":[{"@type":"SearchAction","target":{"@type":"EntryPoint","urlTemplate":"https:\/\/www.visit-ulcinj.com\/blog\/?s={search_term_string}"},"query-input":"required name=search_term_string"}],"inLanguage":"en-US"},{"@type":"ImageObject","inLanguage":"en-US","@id":"https:\/\/www.visit-ulcinj.com\/blog\/2009\/04\/18\/big-brother-surprizon-fuqishem-adela-perkrah-adi-krastes-tek-e-diell\/#primaryimage","url":"http:\/\/www.visit-ulcinj.com\/blog\/wp-content\/uploads\/2009\/04\/adelajda-e-dieel.jpg","contentUrl":"http:\/\/www.visit-ulcinj.com\/blog\/wp-content\/uploads\/2009\/04\/adelajda-e-dieel.jpg"},{"@type":"WebPage","@id":"https:\/\/www.visit-ulcinj.com\/blog\/2009\/04\/18\/big-brother-surprizon-fuqishem-adela-perkrah-adi-krastes-tek-e-diell\/#webpage","url":"https:\/\/www.visit-ulcinj.com\/blog\/2009\/04\/18\/big-brother-surprizon-fuqishem-adela-perkrah-adi-krastes-tek-e-diell\/","name":"Big Brother\" surprizon fuqish\u00c3\u00abm, Adela, p\u00c3\u00abrkrah Adi Krast\u00c3\u00abs tek E Diell | Big Brother Albania 2","isPartOf":{"@id":"https:\/\/www.visit-ulcinj.com\/blog\/#website"},"primaryImageOfPage":{"@id":"https:\/\/www.visit-ulcinj.com\/blog\/2009\/04\/18\/big-brother-surprizon-fuqishem-adela-perkrah-adi-krastes-tek-e-diell\/#primaryimage"},"datePublished":"2009-04-18T10:30:56+00:00","dateModified":"2009-04-18T11:01:04+00:00","author":{"@id":"https:\/\/www.visit-ulcinj.com\/blog\/#\/schema\/person\/dcab619c614d3038751c63bc2aadc06d"},"description":"Big Brother Albania 2 - Di\u00c3\u00a7ka e pabesueshme p\u00c3\u00abr vajz\u00c3\u00abn nga Kavaja","breadcrumb":{"@id":"https:\/\/www.visit-ulcinj.com\/blog\/2009\/04\/18\/big-brother-surprizon-fuqishem-adela-perkrah-adi-krastes-tek-e-diell\/#breadcrumb"},"inLanguage":"en-US","potentialAction":[{"@type":"ReadAction","target":["https:\/\/www.visit-ulcinj.com\/blog\/2009\/04\/18\/big-brother-surprizon-fuqishem-adela-perkrah-adi-krastes-tek-e-diell\/"]}]},{"@type":"BreadcrumbList","@id":"https:\/\/www.visit-ulcinj.com\/blog\/2009\/04\/18\/big-brother-surprizon-fuqishem-adela-perkrah-adi-krastes-tek-e-diell\/#breadcrumb","itemListElement":[{"@type":"ListItem","position":1,"name":"Big Brother surprizon fuqish\u00ebm, Adela, p\u00ebrkrah Adi Krast\u00ebs tek E Diell"}]},{"@type":"Person","@id":"https:\/\/www.visit-ulcinj.com\/blog\/#\/schema\/person\/dcab619c614d3038751c63bc2aadc06d","name":"ulqini","sameAs":["http:\/\/www.visit-ulcinj.com"],"url":"https:\/\/www.visit-ulcinj.com\/blog\/author\/admin\/"}]}},"jetpack_featured_media_url":"","jetpack_sharing_enabled":true,"jetpack_shortlink":"https:\/\/wp.me\/pe6lTn-4KP","_links":{"self":[{"href":"https:\/\/www.visit-ulcinj.com\/blog\/wp-json\/wp\/v2\/posts\/18279"}],"collection":[{"href":"https:\/\/www.visit-ulcinj.com\/blog\/wp-json\/wp\/v2\/posts"}],"about":[{"href":"https:\/\/www.visit-ulcinj.com\/blog\/wp-json\/wp\/v2\/types\/post"}],"author":[{"embeddable":true,"href":"https:\/\/www.visit-ulcinj.com\/blog\/wp-json\/wp\/v2\/users\/1"}],"replies":[{"embeddable":true,"href":"https:\/\/www.visit-ulcinj.com\/blog\/wp-json\/wp\/v2\/comments?post=18279"}],"version-history":[{"count":0,"href":"https:\/\/www.visit-ulcinj.com\/blog\/wp-json\/wp\/v2\/posts\/18279\/revisions"}],"wp:attachment":[{"href":"https:\/\/www.visit-ulcinj.com\/blog\/wp-json\/wp\/v2\/media?parent=18279"}],"wp:term":[{"taxonomy":"category","embeddable":true,"href":"https:\/\/www.visit-ulcinj.com\/blog\/wp-json\/wp\/v2\/categories?post=18279"},{"taxonomy":"post_tag","embeddable":true,"href":"https:\/\/www.visit-ulcinj.com\/blog\/wp-json\/wp\/v2\/tags?post=18279"}],"curies":[{"name":"wp","href":"https:\/\/api.w.org\/{rel}","templated":true}]}}