{"id":18284,"date":"2009-04-18T12:31:24","date_gmt":"2009-04-18T10:31:24","guid":{"rendered":"http:\/\/www.visit-ulcinj.com\/blog\/?p=18284"},"modified":"2009-04-18T11:44:06","modified_gmt":"2009-04-18T09:44:06","slug":"nena-e-adeles-jemi-emocionuar-shume-kur-pame-vajzen-tek-e-diell","status":"publish","type":"post","link":"https:\/\/www.visit-ulcinj.com\/blog\/2009\/04\/18\/nena-e-adeles-jemi-emocionuar-shume-kur-pame-vajzen-tek-e-diell\/","title":{"rendered":"N\u00ebna e Adel\u00ebs: Jemi emocionuar shum\u00eb kur pam\u00eb vajz\u00ebn tek &#8220;E Diell&#8221;"},"content":{"rendered":"<p><em><strong>N\u00ebna e Adel\u00ebs: Jemi emocionuar shum\u00eb kur pam\u00eb vajz\u00ebn tek &#8220;E Diell&#8221;<br \/>\n<\/strong><\/em><\/p>\n<p><em><strong>Un\u00eb dhe burri do t\u00eb jemi n\u00eb studion e &#8216;Big Brother<\/strong><\/em><\/p>\n<p><a href=\"http:\/\/www.visit-ulcinj.com\/blog\/wp-content\/uploads\/2009\/04\/adelajda-e-diell.jpg\"><img loading=\"lazy\" class=\"alignleft size-full wp-image-18285\" title=\"adelajda-e-diell-big-brother-albania-2\" src=\"http:\/\/www.visit-ulcinj.com\/blog\/wp-content\/uploads\/2009\/04\/adelajda-e-diell.jpg\" alt=\"adelajda-e-diell-big-brother-albania-2\" width=\"383\" height=\"548\" \/><\/a><\/p>\n<p><strong>Si ju duk kur pat\u00eb Adel\u00ebn p\u00ebrkrah Adi Krast\u00ebs te spektakli &#8220;E Diell&#8221;?<\/strong><\/p>\n<p>M\u00eb p\u00eblqeu shum\u00eb. Pata shum\u00eb emocione t\u00eb bukura. M\u00eb erdhi edhe p\u00ebr t\u00eb qar\u00eb. Mora shum\u00eb telefonata nga t\u00eb gjith\u00eb, njer\u00ebz t\u00eb njohur e t\u00eb panjohur q\u00eb m\u00eb uruan.<\/p>\n<p><strong>Po babai i Adel\u00ebs \u00e7far\u00eb tha?<\/strong><\/p>\n<p>Burri nuk ishte n\u00eb sht\u00ebpi n\u00eb ato momente, por kur erdhi ia tregova. U k\u00ebnaq shum\u00eb. Edhe burrin e mor\u00ebn n\u00eb telefon dhe e uruan shum\u00eb njer\u00ebz.<\/p>\n<p><strong>Momenti q\u00eb t\u00eb preku m\u00eb tep\u00ebr?<\/strong><\/p>\n<p>M\u00eb p\u00eblqeu shum\u00eb e gjitha, m\u00eb p\u00eblqeu edhe kur k\u00ebndoi, edhe ajo q\u00eb i tha Adi n\u00eb fund.<\/p>\n<p><strong>Por ju do t\u00eb jeni n\u00eb studio, apo jo?<\/strong><\/p>\n<p>Patjet\u00ebr q\u00eb do t\u00eb jemi k\u00ebt\u00eb t\u00eb shtun\u00eb n\u00eb studio.<\/p>\n<p><strong>Do ju p\u00eblqente q\u00eb t\u00eb hynte n\u00eb bot\u00ebn e spektaklit?<\/strong><\/p>\n<p><strong>\u00a0<\/strong>Po, do m\u00eb p\u00eblqente shum\u00eb. Ajo e ka pasur gjithmon\u00eb d\u00ebshir\u00eb, ka dhunti dhe e ka \u00ebnd\u00ebrruar gjithmon\u00eb.<\/p>\n<p><strong>\u00c7far\u00eb spektakli mund t\u00eb drejtonte?<\/strong><\/p>\n<p>Gjith\u00e7ka, nuk e di mir\u00eb, por nj\u00eb spektak\u00ebl.<\/p>\n","protected":false},"excerpt":{"rendered":"<p>N\u00ebna e Adel\u00ebs: Jemi emocionuar shum\u00eb kur pam\u00eb vajz\u00ebn tek &#8220;E Diell&#8221; Un\u00eb dhe burri do t\u00eb jemi n\u00eb studion e &#8216;Big Brother Si ju duk kur pat\u00eb Adel\u00ebn p\u00ebrkrah Adi Krast\u00ebs te spektakli &#8220;E Diell&#8221;? M\u00eb p\u00eblqeu shum\u00eb. Pata shum\u00eb emocione t\u00eb bukura. M\u00eb erdhi edhe p\u00ebr t\u00eb qar\u00eb. Mora shum\u00eb telefonata nga t\u00eb [&hellip;]<\/p>\n","protected":false},"author":1,"featured_media":0,"comment_status":"open","ping_status":"closed","sticky":false,"template":"","format":"standard","meta":{"spay_email":"","jetpack_publicize_message":"","jetpack_is_tweetstorm":false,"jetpack_publicize_feature_enabled":true},"categories":[6502],"tags":[6529,5057,6506,6516,6712,7129,9312,9066,9311,6891,6693,6887],"jetpack_publicize_connections":[],"yoast_head":"<!-- This site is optimized with the Yoast SEO plugin v19.1 - https:\/\/yoast.com\/wordpress\/plugins\/seo\/ -->\n<title>N\u00c3\u00abna e Adel\u00c3\u00abs: Jemi emocionuar shum\u00c3\u00ab kur pam\u00c3\u00ab vajz\u00c3\u00abn tek &quot;E Diell&quot; | Big Brother Albania 2<\/title>\n<meta name=\"description\" content=\"Big Brother Albania 2 - N\u00c3\u00abna e Adel\u00c3\u00abs: Jemi emocionuar shum\u00c3\u00ab kur pam\u00c3\u00ab vajz\u00c3\u00abn tek &quot;E Diell&quot;, Un\u00c3\u00ab dhe burri do t\u00c3\u00ab jemi n\u00c3\u00ab studion e &#039;Big Brother\" \/>\n<meta name=\"robots\" content=\"index, follow, max-snippet:-1, max-image-preview:large, max-video-preview:-1\" \/>\n<link rel=\"canonical\" href=\"https:\/\/www.visit-ulcinj.com\/blog\/2009\/04\/18\/nena-e-adeles-jemi-emocionuar-shume-kur-pame-vajzen-tek-e-diell\/\" \/>\n<meta property=\"og:locale\" content=\"en_US\" \/>\n<meta property=\"og:type\" content=\"article\" \/>\n<meta property=\"og:title\" content=\"N\u00c3\u00abna e Adel\u00c3\u00abs: Jemi emocionuar shum\u00c3\u00ab kur pam\u00c3\u00ab vajz\u00c3\u00abn tek &quot;E Diell&quot; | Big Brother Albania 2\" \/>\n<meta property=\"og:description\" content=\"Big Brother Albania 2 - N\u00c3\u00abna e Adel\u00c3\u00abs: Jemi emocionuar shum\u00c3\u00ab kur pam\u00c3\u00ab vajz\u00c3\u00abn tek &quot;E Diell&quot;, Un\u00c3\u00ab dhe burri do t\u00c3\u00ab jemi n\u00c3\u00ab studion e &#039;Big Brother\" \/>\n<meta property=\"og:url\" content=\"https:\/\/www.visit-ulcinj.com\/blog\/2009\/04\/18\/nena-e-adeles-jemi-emocionuar-shume-kur-pame-vajzen-tek-e-diell\/\" \/>\n<meta property=\"og:site_name\" content=\"Lajme nga Ulqini\" \/>\n<meta property=\"article:published_time\" content=\"2009-04-18T10:31:24+00:00\" \/>\n<meta property=\"article:modified_time\" content=\"2009-04-18T09:44:06+00:00\" \/>\n<meta property=\"og:image\" content=\"http:\/\/www.visit-ulcinj.com\/blog\/wp-content\/uploads\/2009\/04\/adelajda-e-diell.jpg\" \/>\n<meta name=\"twitter:label1\" content=\"Written by\" \/>\n\t<meta name=\"twitter:data1\" content=\"ulqini\" \/>\n\t<meta name=\"twitter:label2\" content=\"Est. reading time\" \/>\n\t<meta name=\"twitter:data2\" content=\"1 minute\" \/>\n<script type=\"application\/ld+json\" class=\"yoast-schema-graph\">{\"@context\":\"https:\/\/schema.org\",\"@graph\":[{\"@type\":\"WebSite\",\"@id\":\"https:\/\/www.visit-ulcinj.com\/blog\/#website\",\"url\":\"https:\/\/www.visit-ulcinj.com\/blog\/\",\"name\":\"Lajme nga Ulqini\",\"description\":\"Lajme,Vijesti,Ulqini,Ulqin,Crna Gora,Mali i Zi\",\"potentialAction\":[{\"@type\":\"SearchAction\",\"target\":{\"@type\":\"EntryPoint\",\"urlTemplate\":\"https:\/\/www.visit-ulcinj.com\/blog\/?s={search_term_string}\"},\"query-input\":\"required name=search_term_string\"}],\"inLanguage\":\"en-US\"},{\"@type\":\"ImageObject\",\"inLanguage\":\"en-US\",\"@id\":\"https:\/\/www.visit-ulcinj.com\/blog\/2009\/04\/18\/nena-e-adeles-jemi-emocionuar-shume-kur-pame-vajzen-tek-e-diell\/#primaryimage\",\"url\":\"http:\/\/www.visit-ulcinj.com\/blog\/wp-content\/uploads\/2009\/04\/adelajda-e-diell.jpg\",\"contentUrl\":\"http:\/\/www.visit-ulcinj.com\/blog\/wp-content\/uploads\/2009\/04\/adelajda-e-diell.jpg\"},{\"@type\":\"WebPage\",\"@id\":\"https:\/\/www.visit-ulcinj.com\/blog\/2009\/04\/18\/nena-e-adeles-jemi-emocionuar-shume-kur-pame-vajzen-tek-e-diell\/#webpage\",\"url\":\"https:\/\/www.visit-ulcinj.com\/blog\/2009\/04\/18\/nena-e-adeles-jemi-emocionuar-shume-kur-pame-vajzen-tek-e-diell\/\",\"name\":\"N\u00c3\u00abna e Adel\u00c3\u00abs: Jemi emocionuar shum\u00c3\u00ab kur pam\u00c3\u00ab vajz\u00c3\u00abn tek \\\"E Diell\\\" | Big Brother Albania 2\",\"isPartOf\":{\"@id\":\"https:\/\/www.visit-ulcinj.com\/blog\/#website\"},\"primaryImageOfPage\":{\"@id\":\"https:\/\/www.visit-ulcinj.com\/blog\/2009\/04\/18\/nena-e-adeles-jemi-emocionuar-shume-kur-pame-vajzen-tek-e-diell\/#primaryimage\"},\"datePublished\":\"2009-04-18T10:31:24+00:00\",\"dateModified\":\"2009-04-18T09:44:06+00:00\",\"author\":{\"@id\":\"https:\/\/www.visit-ulcinj.com\/blog\/#\/schema\/person\/dcab619c614d3038751c63bc2aadc06d\"},\"description\":\"Big Brother Albania 2 - N\u00c3\u00abna e Adel\u00c3\u00abs: Jemi emocionuar shum\u00c3\u00ab kur pam\u00c3\u00ab vajz\u00c3\u00abn tek \\\"E Diell\\\", Un\u00c3\u00ab dhe burri do t\u00c3\u00ab jemi n\u00c3\u00ab studion e 'Big Brother\",\"breadcrumb\":{\"@id\":\"https:\/\/www.visit-ulcinj.com\/blog\/2009\/04\/18\/nena-e-adeles-jemi-emocionuar-shume-kur-pame-vajzen-tek-e-diell\/#breadcrumb\"},\"inLanguage\":\"en-US\",\"potentialAction\":[{\"@type\":\"ReadAction\",\"target\":[\"https:\/\/www.visit-ulcinj.com\/blog\/2009\/04\/18\/nena-e-adeles-jemi-emocionuar-shume-kur-pame-vajzen-tek-e-diell\/\"]}]},{\"@type\":\"BreadcrumbList\",\"@id\":\"https:\/\/www.visit-ulcinj.com\/blog\/2009\/04\/18\/nena-e-adeles-jemi-emocionuar-shume-kur-pame-vajzen-tek-e-diell\/#breadcrumb\",\"itemListElement\":[{\"@type\":\"ListItem\",\"position\":1,\"name\":\"N\u00ebna e Adel\u00ebs: Jemi emocionuar shum\u00eb kur pam\u00eb vajz\u00ebn tek &#8220;E Diell&#8221;\"}]},{\"@type\":\"Person\",\"@id\":\"https:\/\/www.visit-ulcinj.com\/blog\/#\/schema\/person\/dcab619c614d3038751c63bc2aadc06d\",\"name\":\"ulqini\",\"sameAs\":[\"http:\/\/www.visit-ulcinj.com\"],\"url\":\"https:\/\/www.visit-ulcinj.com\/blog\/author\/admin\/\"}]}<\/script>\n<!-- \/ Yoast SEO plugin. -->","yoast_head_json":{"title":"N\u00c3\u00abna e Adel\u00c3\u00abs: Jemi emocionuar shum\u00c3\u00ab kur pam\u00c3\u00ab vajz\u00c3\u00abn tek \"E Diell\" | Big Brother Albania 2","description":"Big Brother Albania 2 - N\u00c3\u00abna e Adel\u00c3\u00abs: Jemi emocionuar shum\u00c3\u00ab kur pam\u00c3\u00ab vajz\u00c3\u00abn tek \"E Diell\", Un\u00c3\u00ab dhe burri do t\u00c3\u00ab jemi n\u00c3\u00ab studion e 'Big Brother","robots":{"index":"index","follow":"follow","max-snippet":"max-snippet:-1","max-image-preview":"max-image-preview:large","max-video-preview":"max-video-preview:-1"},"canonical":"https:\/\/www.visit-ulcinj.com\/blog\/2009\/04\/18\/nena-e-adeles-jemi-emocionuar-shume-kur-pame-vajzen-tek-e-diell\/","og_locale":"en_US","og_type":"article","og_title":"N\u00c3\u00abna e Adel\u00c3\u00abs: Jemi emocionuar shum\u00c3\u00ab kur pam\u00c3\u00ab vajz\u00c3\u00abn tek \"E Diell\" | Big Brother Albania 2","og_description":"Big Brother Albania 2 - N\u00c3\u00abna e Adel\u00c3\u00abs: Jemi emocionuar shum\u00c3\u00ab kur pam\u00c3\u00ab vajz\u00c3\u00abn tek \"E Diell\", Un\u00c3\u00ab dhe burri do t\u00c3\u00ab jemi n\u00c3\u00ab studion e 'Big Brother","og_url":"https:\/\/www.visit-ulcinj.com\/blog\/2009\/04\/18\/nena-e-adeles-jemi-emocionuar-shume-kur-pame-vajzen-tek-e-diell\/","og_site_name":"Lajme nga Ulqini","article_published_time":"2009-04-18T10:31:24+00:00","article_modified_time":"2009-04-18T09:44:06+00:00","og_image":[{"url":"http:\/\/www.visit-ulcinj.com\/blog\/wp-content\/uploads\/2009\/04\/adelajda-e-diell.jpg"}],"twitter_misc":{"Written by":"ulqini","Est. reading time":"1 minute"},"schema":{"@context":"https:\/\/schema.org","@graph":[{"@type":"WebSite","@id":"https:\/\/www.visit-ulcinj.com\/blog\/#website","url":"https:\/\/www.visit-ulcinj.com\/blog\/","name":"Lajme nga Ulqini","description":"Lajme,Vijesti,Ulqini,Ulqin,Crna Gora,Mali i Zi","potentialAction":[{"@type":"SearchAction","target":{"@type":"EntryPoint","urlTemplate":"https:\/\/www.visit-ulcinj.com\/blog\/?s={search_term_string}"},"query-input":"required name=search_term_string"}],"inLanguage":"en-US"},{"@type":"ImageObject","inLanguage":"en-US","@id":"https:\/\/www.visit-ulcinj.com\/blog\/2009\/04\/18\/nena-e-adeles-jemi-emocionuar-shume-kur-pame-vajzen-tek-e-diell\/#primaryimage","url":"http:\/\/www.visit-ulcinj.com\/blog\/wp-content\/uploads\/2009\/04\/adelajda-e-diell.jpg","contentUrl":"http:\/\/www.visit-ulcinj.com\/blog\/wp-content\/uploads\/2009\/04\/adelajda-e-diell.jpg"},{"@type":"WebPage","@id":"https:\/\/www.visit-ulcinj.com\/blog\/2009\/04\/18\/nena-e-adeles-jemi-emocionuar-shume-kur-pame-vajzen-tek-e-diell\/#webpage","url":"https:\/\/www.visit-ulcinj.com\/blog\/2009\/04\/18\/nena-e-adeles-jemi-emocionuar-shume-kur-pame-vajzen-tek-e-diell\/","name":"N\u00c3\u00abna e Adel\u00c3\u00abs: Jemi emocionuar shum\u00c3\u00ab kur pam\u00c3\u00ab vajz\u00c3\u00abn tek \"E Diell\" | Big Brother Albania 2","isPartOf":{"@id":"https:\/\/www.visit-ulcinj.com\/blog\/#website"},"primaryImageOfPage":{"@id":"https:\/\/www.visit-ulcinj.com\/blog\/2009\/04\/18\/nena-e-adeles-jemi-emocionuar-shume-kur-pame-vajzen-tek-e-diell\/#primaryimage"},"datePublished":"2009-04-18T10:31:24+00:00","dateModified":"2009-04-18T09:44:06+00:00","author":{"@id":"https:\/\/www.visit-ulcinj.com\/blog\/#\/schema\/person\/dcab619c614d3038751c63bc2aadc06d"},"description":"Big Brother Albania 2 - N\u00c3\u00abna e Adel\u00c3\u00abs: Jemi emocionuar shum\u00c3\u00ab kur pam\u00c3\u00ab vajz\u00c3\u00abn tek \"E Diell\", Un\u00c3\u00ab dhe burri do t\u00c3\u00ab jemi n\u00c3\u00ab studion e 'Big Brother","breadcrumb":{"@id":"https:\/\/www.visit-ulcinj.com\/blog\/2009\/04\/18\/nena-e-adeles-jemi-emocionuar-shume-kur-pame-vajzen-tek-e-diell\/#breadcrumb"},"inLanguage":"en-US","potentialAction":[{"@type":"ReadAction","target":["https:\/\/www.visit-ulcinj.com\/blog\/2009\/04\/18\/nena-e-adeles-jemi-emocionuar-shume-kur-pame-vajzen-tek-e-diell\/"]}]},{"@type":"BreadcrumbList","@id":"https:\/\/www.visit-ulcinj.com\/blog\/2009\/04\/18\/nena-e-adeles-jemi-emocionuar-shume-kur-pame-vajzen-tek-e-diell\/#breadcrumb","itemListElement":[{"@type":"ListItem","position":1,"name":"N\u00ebna e Adel\u00ebs: Jemi emocionuar shum\u00eb kur pam\u00eb vajz\u00ebn tek &#8220;E Diell&#8221;"}]},{"@type":"Person","@id":"https:\/\/www.visit-ulcinj.com\/blog\/#\/schema\/person\/dcab619c614d3038751c63bc2aadc06d","name":"ulqini","sameAs":["http:\/\/www.visit-ulcinj.com"],"url":"https:\/\/www.visit-ulcinj.com\/blog\/author\/admin\/"}]}},"jetpack_featured_media_url":"","jetpack_sharing_enabled":true,"jetpack_shortlink":"https:\/\/wp.me\/pe6lTn-4KU","_links":{"self":[{"href":"https:\/\/www.visit-ulcinj.com\/blog\/wp-json\/wp\/v2\/posts\/18284"}],"collection":[{"href":"https:\/\/www.visit-ulcinj.com\/blog\/wp-json\/wp\/v2\/posts"}],"about":[{"href":"https:\/\/www.visit-ulcinj.com\/blog\/wp-json\/wp\/v2\/types\/post"}],"author":[{"embeddable":true,"href":"https:\/\/www.visit-ulcinj.com\/blog\/wp-json\/wp\/v2\/users\/1"}],"replies":[{"embeddable":true,"href":"https:\/\/www.visit-ulcinj.com\/blog\/wp-json\/wp\/v2\/comments?post=18284"}],"version-history":[{"count":0,"href":"https:\/\/www.visit-ulcinj.com\/blog\/wp-json\/wp\/v2\/posts\/18284\/revisions"}],"wp:attachment":[{"href":"https:\/\/www.visit-ulcinj.com\/blog\/wp-json\/wp\/v2\/media?parent=18284"}],"wp:term":[{"taxonomy":"category","embeddable":true,"href":"https:\/\/www.visit-ulcinj.com\/blog\/wp-json\/wp\/v2\/categories?post=18284"},{"taxonomy":"post_tag","embeddable":true,"href":"https:\/\/www.visit-ulcinj.com\/blog\/wp-json\/wp\/v2\/tags?post=18284"}],"curies":[{"name":"wp","href":"https:\/\/api.w.org\/{rel}","templated":true}]}}