{"id":18288,"date":"2009-04-18T12:31:33","date_gmt":"2009-04-18T10:31:33","guid":{"rendered":"http:\/\/www.visit-ulcinj.com\/blog\/?p=18288"},"modified":"2009-04-18T11:59:39","modified_gmt":"2009-04-18T09:59:39","slug":"reagon-i-dashuri-i-mozes-poli-nuk-jam-aspak-xheloz-kam-besim-te-moza","status":"publish","type":"post","link":"https:\/\/www.visit-ulcinj.com\/blog\/2009\/04\/18\/reagon-i-dashuri-i-mozes-poli-nuk-jam-aspak-xheloz-kam-besim-te-moza\/","title":{"rendered":"Reagon i dashuri i Moz\u00ebs | Poli : Nuk jam aspak xheloz, kam besim te Moza"},"content":{"rendered":"<p><em><strong>Reagon i dashuri i Moz\u00ebs | Poli : Nuk jam aspak xheloz, kam besim te Moza |\u00a0Ari i afrohet Moz\u00ebs<\/strong><\/em><\/p>\n<p><img loading=\"lazy\" class=\"alignleft size-full wp-image-18289\" title=\"arjan-dhe-poli-big-brother-albania-2\" src=\"http:\/\/www.visit-ulcinj.com\/blog\/wp-content\/uploads\/2009\/04\/arjan-dhe-poli.jpg\" alt=\"arjan-dhe-poli-big-brother-albania-2\" width=\"585\" height=\"212\" \/><\/p>\n<p>P\u00ebr Polin, afrimi i Arit me Moz\u00ebn \u00ebsht\u00eb thjesht nj\u00eb loj\u00eb e k\u00ebtij t\u00eb fundit. Modeli i njohur edhe si konkurrent i edicionit t\u00eb shkuar t\u00eb \u201cBig Brother\u201d, ka rr\u00ebfyer p\u00ebr suplementin se nuk \u00ebsht\u00eb aspak xheloz nga afrimi q\u00eb dit\u00ebt e fundit Ari ka b\u00ebr\u00eb ndaj Moz\u00ebs. \u00cbsht\u00eb normale q\u00eb nj\u00eb mashkull t\u00eb jet\u00eb i t\u00ebrhequr pas nj\u00eb femre t\u00eb bukur si\u00e7 \u00ebsht\u00eb Moza, ka rr\u00ebfyer Poli, i cili edhe vet\u00eb q\u00eb momentin e par\u00eb q\u00eb ka njohur Moz\u00ebn \u00ebsht\u00eb goditur nga pamja t\u00ebrheq\u00ebse e saj, por ai tashm\u00eb ka fatin q\u00eb ta ket\u00eb n\u00eb krah dhe te kjo vajz\u00eb ka par\u00eb se p\u00ebrve\u00e7 bukuris\u00eb ajo ka edhe nj\u00eb shpirt t\u00eb mir\u00eb. Ari k\u00ebrkon t\u00eb transmetoj\u00eb iden\u00eb se e ka situat\u00ebn n\u00eb dor\u00eb, por do t\u00eb mbetet i zhg\u00ebnjyer. Ari momentalisht thjesht po b\u00ebhet i bezdissh\u00ebm duke iu afruar Moz\u00ebs ose m\u00eb mir\u00eb duke iu ngjitur nga pas asaj, nd\u00ebrkoh\u00eb q\u00eb vajza k\u00ebrkon ta largoj\u00eb me \u00e7do kusht. Poli m\u00eb pas shton se ai vet\u00eb ka qen\u00eb pjes\u00ebmarr\u00ebs n\u00eb nj\u00eb \u201creality show\u201d dhe e kupton k\u00ebt\u00eb loj\u00eb, p\u00ebr sa i p\u00ebrket k\u00ebsaj historie t\u00eb sajuar, ai \u00ebsht\u00eb i sigurt s\u00eb Ari do t\u00eb dal\u00eb i zhg\u00ebnjyer dhe duarbosh.<\/p>\n","protected":false},"excerpt":{"rendered":"<p>Reagon i dashuri i Moz\u00ebs | Poli : Nuk jam aspak xheloz, kam besim te Moza |\u00a0Ari i afrohet Moz\u00ebs P\u00ebr Polin, afrimi i Arit me Moz\u00ebn \u00ebsht\u00eb thjesht nj\u00eb loj\u00eb e k\u00ebtij t\u00eb fundit. Modeli i njohur edhe si konkurrent i edicionit t\u00eb shkuar t\u00eb \u201cBig Brother\u201d, ka rr\u00ebfyer p\u00ebr suplementin se nuk \u00ebsht\u00eb [&hellip;]<\/p>\n","protected":false},"author":1,"featured_media":0,"comment_status":"open","ping_status":"closed","sticky":false,"template":"","format":"standard","meta":{"spay_email":"","jetpack_publicize_message":"","jetpack_is_tweetstorm":false,"jetpack_publicize_feature_enabled":true},"categories":[6502],"tags":[8784,9314,8934,5057,6506,6516,6712,7129,6544,4980,9313,6891,6693,6887],"jetpack_publicize_connections":[],"yoast_head":"<!-- This site is optimized with the Yoast SEO plugin v19.1 - https:\/\/yoast.com\/wordpress\/plugins\/seo\/ -->\n<title>Reagon i dashuri i Moz\u00c3\u00abs | Poli : Nuk jam aspak xheloz, kam besim te Moza | Big Brother Albania 2<\/title>\n<meta name=\"description\" content=\"Big Brother Albania 2 - P\u00c3\u00abr Polin, afrimi i Arit me Moz\u00c3\u00abn \u00c3\u00absht\u00c3\u00ab thjesht nj\u00c3\u00ab loj\u00c3\u00ab e k\u00c3\u00abtij t\u00c3\u00ab fundit. Modeli i njohur edhe si konkurrent i edicionit t\u00c3\u00ab shkuar t\u00c3\u00ab \u00e2\u20ac\u0153Big Brother\u00e2\u20ac\u009d\" \/>\n<meta name=\"robots\" content=\"index, follow, max-snippet:-1, max-image-preview:large, max-video-preview:-1\" \/>\n<link rel=\"canonical\" href=\"https:\/\/www.visit-ulcinj.com\/blog\/2009\/04\/18\/reagon-i-dashuri-i-mozes-poli-nuk-jam-aspak-xheloz-kam-besim-te-moza\/\" \/>\n<meta property=\"og:locale\" content=\"en_US\" \/>\n<meta property=\"og:type\" content=\"article\" \/>\n<meta property=\"og:title\" content=\"Reagon i dashuri i Moz\u00c3\u00abs | Poli : Nuk jam aspak xheloz, kam besim te Moza | Big Brother Albania 2\" \/>\n<meta property=\"og:description\" content=\"Big Brother Albania 2 - P\u00c3\u00abr Polin, afrimi i Arit me Moz\u00c3\u00abn \u00c3\u00absht\u00c3\u00ab thjesht nj\u00c3\u00ab loj\u00c3\u00ab e k\u00c3\u00abtij t\u00c3\u00ab fundit. Modeli i njohur edhe si konkurrent i edicionit t\u00c3\u00ab shkuar t\u00c3\u00ab \u00e2\u20ac\u0153Big Brother\u00e2\u20ac\u009d\" \/>\n<meta property=\"og:url\" content=\"https:\/\/www.visit-ulcinj.com\/blog\/2009\/04\/18\/reagon-i-dashuri-i-mozes-poli-nuk-jam-aspak-xheloz-kam-besim-te-moza\/\" \/>\n<meta property=\"og:site_name\" content=\"Lajme nga Ulqini\" \/>\n<meta property=\"article:published_time\" content=\"2009-04-18T10:31:33+00:00\" \/>\n<meta property=\"article:modified_time\" content=\"2009-04-18T09:59:39+00:00\" \/>\n<meta property=\"og:image\" content=\"http:\/\/www.visit-ulcinj.com\/blog\/wp-content\/uploads\/2009\/04\/arjan-dhe-poli.jpg\" \/>\n<meta name=\"twitter:label1\" content=\"Written by\" \/>\n\t<meta name=\"twitter:data1\" content=\"ulqini\" \/>\n\t<meta name=\"twitter:label2\" content=\"Est. reading time\" \/>\n\t<meta name=\"twitter:data2\" content=\"1 minute\" \/>\n<script type=\"application\/ld+json\" class=\"yoast-schema-graph\">{\"@context\":\"https:\/\/schema.org\",\"@graph\":[{\"@type\":\"WebSite\",\"@id\":\"https:\/\/www.visit-ulcinj.com\/blog\/#website\",\"url\":\"https:\/\/www.visit-ulcinj.com\/blog\/\",\"name\":\"Lajme nga Ulqini\",\"description\":\"Lajme,Vijesti,Ulqini,Ulqin,Crna Gora,Mali i Zi\",\"potentialAction\":[{\"@type\":\"SearchAction\",\"target\":{\"@type\":\"EntryPoint\",\"urlTemplate\":\"https:\/\/www.visit-ulcinj.com\/blog\/?s={search_term_string}\"},\"query-input\":\"required name=search_term_string\"}],\"inLanguage\":\"en-US\"},{\"@type\":\"ImageObject\",\"inLanguage\":\"en-US\",\"@id\":\"https:\/\/www.visit-ulcinj.com\/blog\/2009\/04\/18\/reagon-i-dashuri-i-mozes-poli-nuk-jam-aspak-xheloz-kam-besim-te-moza\/#primaryimage\",\"url\":\"http:\/\/www.visit-ulcinj.com\/blog\/wp-content\/uploads\/2009\/04\/arjan-dhe-poli.jpg\",\"contentUrl\":\"http:\/\/www.visit-ulcinj.com\/blog\/wp-content\/uploads\/2009\/04\/arjan-dhe-poli.jpg\"},{\"@type\":\"WebPage\",\"@id\":\"https:\/\/www.visit-ulcinj.com\/blog\/2009\/04\/18\/reagon-i-dashuri-i-mozes-poli-nuk-jam-aspak-xheloz-kam-besim-te-moza\/#webpage\",\"url\":\"https:\/\/www.visit-ulcinj.com\/blog\/2009\/04\/18\/reagon-i-dashuri-i-mozes-poli-nuk-jam-aspak-xheloz-kam-besim-te-moza\/\",\"name\":\"Reagon i dashuri i Moz\u00c3\u00abs | Poli : Nuk jam aspak xheloz, kam besim te Moza | Big Brother Albania 2\",\"isPartOf\":{\"@id\":\"https:\/\/www.visit-ulcinj.com\/blog\/#website\"},\"primaryImageOfPage\":{\"@id\":\"https:\/\/www.visit-ulcinj.com\/blog\/2009\/04\/18\/reagon-i-dashuri-i-mozes-poli-nuk-jam-aspak-xheloz-kam-besim-te-moza\/#primaryimage\"},\"datePublished\":\"2009-04-18T10:31:33+00:00\",\"dateModified\":\"2009-04-18T09:59:39+00:00\",\"author\":{\"@id\":\"https:\/\/www.visit-ulcinj.com\/blog\/#\/schema\/person\/dcab619c614d3038751c63bc2aadc06d\"},\"description\":\"Big Brother Albania 2 - P\u00c3\u00abr Polin, afrimi i Arit me Moz\u00c3\u00abn \u00c3\u00absht\u00c3\u00ab thjesht nj\u00c3\u00ab loj\u00c3\u00ab e k\u00c3\u00abtij t\u00c3\u00ab fundit. Modeli i njohur edhe si konkurrent i edicionit t\u00c3\u00ab shkuar t\u00c3\u00ab \u00e2\u20ac\u0153Big Brother\u00e2\u20ac\u009d\",\"breadcrumb\":{\"@id\":\"https:\/\/www.visit-ulcinj.com\/blog\/2009\/04\/18\/reagon-i-dashuri-i-mozes-poli-nuk-jam-aspak-xheloz-kam-besim-te-moza\/#breadcrumb\"},\"inLanguage\":\"en-US\",\"potentialAction\":[{\"@type\":\"ReadAction\",\"target\":[\"https:\/\/www.visit-ulcinj.com\/blog\/2009\/04\/18\/reagon-i-dashuri-i-mozes-poli-nuk-jam-aspak-xheloz-kam-besim-te-moza\/\"]}]},{\"@type\":\"BreadcrumbList\",\"@id\":\"https:\/\/www.visit-ulcinj.com\/blog\/2009\/04\/18\/reagon-i-dashuri-i-mozes-poli-nuk-jam-aspak-xheloz-kam-besim-te-moza\/#breadcrumb\",\"itemListElement\":[{\"@type\":\"ListItem\",\"position\":1,\"name\":\"Reagon i dashuri i Moz\u00ebs | Poli : Nuk jam aspak xheloz, kam besim te Moza\"}]},{\"@type\":\"Person\",\"@id\":\"https:\/\/www.visit-ulcinj.com\/blog\/#\/schema\/person\/dcab619c614d3038751c63bc2aadc06d\",\"name\":\"ulqini\",\"sameAs\":[\"http:\/\/www.visit-ulcinj.com\"],\"url\":\"https:\/\/www.visit-ulcinj.com\/blog\/author\/admin\/\"}]}<\/script>\n<!-- \/ Yoast SEO plugin. -->","yoast_head_json":{"title":"Reagon i dashuri i Moz\u00c3\u00abs | Poli : Nuk jam aspak xheloz, kam besim te Moza | Big Brother Albania 2","description":"Big Brother Albania 2 - P\u00c3\u00abr Polin, afrimi i Arit me Moz\u00c3\u00abn \u00c3\u00absht\u00c3\u00ab thjesht nj\u00c3\u00ab loj\u00c3\u00ab e k\u00c3\u00abtij t\u00c3\u00ab fundit. Modeli i njohur edhe si konkurrent i edicionit t\u00c3\u00ab shkuar t\u00c3\u00ab \u00e2\u20ac\u0153Big Brother\u00e2\u20ac\u009d","robots":{"index":"index","follow":"follow","max-snippet":"max-snippet:-1","max-image-preview":"max-image-preview:large","max-video-preview":"max-video-preview:-1"},"canonical":"https:\/\/www.visit-ulcinj.com\/blog\/2009\/04\/18\/reagon-i-dashuri-i-mozes-poli-nuk-jam-aspak-xheloz-kam-besim-te-moza\/","og_locale":"en_US","og_type":"article","og_title":"Reagon i dashuri i Moz\u00c3\u00abs | Poli : Nuk jam aspak xheloz, kam besim te Moza | Big Brother Albania 2","og_description":"Big Brother Albania 2 - P\u00c3\u00abr Polin, afrimi i Arit me Moz\u00c3\u00abn \u00c3\u00absht\u00c3\u00ab thjesht nj\u00c3\u00ab loj\u00c3\u00ab e k\u00c3\u00abtij t\u00c3\u00ab fundit. Modeli i njohur edhe si konkurrent i edicionit t\u00c3\u00ab shkuar t\u00c3\u00ab \u00e2\u20ac\u0153Big Brother\u00e2\u20ac\u009d","og_url":"https:\/\/www.visit-ulcinj.com\/blog\/2009\/04\/18\/reagon-i-dashuri-i-mozes-poli-nuk-jam-aspak-xheloz-kam-besim-te-moza\/","og_site_name":"Lajme nga Ulqini","article_published_time":"2009-04-18T10:31:33+00:00","article_modified_time":"2009-04-18T09:59:39+00:00","og_image":[{"url":"http:\/\/www.visit-ulcinj.com\/blog\/wp-content\/uploads\/2009\/04\/arjan-dhe-poli.jpg"}],"twitter_misc":{"Written by":"ulqini","Est. reading time":"1 minute"},"schema":{"@context":"https:\/\/schema.org","@graph":[{"@type":"WebSite","@id":"https:\/\/www.visit-ulcinj.com\/blog\/#website","url":"https:\/\/www.visit-ulcinj.com\/blog\/","name":"Lajme nga Ulqini","description":"Lajme,Vijesti,Ulqini,Ulqin,Crna Gora,Mali i Zi","potentialAction":[{"@type":"SearchAction","target":{"@type":"EntryPoint","urlTemplate":"https:\/\/www.visit-ulcinj.com\/blog\/?s={search_term_string}"},"query-input":"required name=search_term_string"}],"inLanguage":"en-US"},{"@type":"ImageObject","inLanguage":"en-US","@id":"https:\/\/www.visit-ulcinj.com\/blog\/2009\/04\/18\/reagon-i-dashuri-i-mozes-poli-nuk-jam-aspak-xheloz-kam-besim-te-moza\/#primaryimage","url":"http:\/\/www.visit-ulcinj.com\/blog\/wp-content\/uploads\/2009\/04\/arjan-dhe-poli.jpg","contentUrl":"http:\/\/www.visit-ulcinj.com\/blog\/wp-content\/uploads\/2009\/04\/arjan-dhe-poli.jpg"},{"@type":"WebPage","@id":"https:\/\/www.visit-ulcinj.com\/blog\/2009\/04\/18\/reagon-i-dashuri-i-mozes-poli-nuk-jam-aspak-xheloz-kam-besim-te-moza\/#webpage","url":"https:\/\/www.visit-ulcinj.com\/blog\/2009\/04\/18\/reagon-i-dashuri-i-mozes-poli-nuk-jam-aspak-xheloz-kam-besim-te-moza\/","name":"Reagon i dashuri i Moz\u00c3\u00abs | Poli : Nuk jam aspak xheloz, kam besim te Moza | Big Brother Albania 2","isPartOf":{"@id":"https:\/\/www.visit-ulcinj.com\/blog\/#website"},"primaryImageOfPage":{"@id":"https:\/\/www.visit-ulcinj.com\/blog\/2009\/04\/18\/reagon-i-dashuri-i-mozes-poli-nuk-jam-aspak-xheloz-kam-besim-te-moza\/#primaryimage"},"datePublished":"2009-04-18T10:31:33+00:00","dateModified":"2009-04-18T09:59:39+00:00","author":{"@id":"https:\/\/www.visit-ulcinj.com\/blog\/#\/schema\/person\/dcab619c614d3038751c63bc2aadc06d"},"description":"Big Brother Albania 2 - P\u00c3\u00abr Polin, afrimi i Arit me Moz\u00c3\u00abn \u00c3\u00absht\u00c3\u00ab thjesht nj\u00c3\u00ab loj\u00c3\u00ab e k\u00c3\u00abtij t\u00c3\u00ab fundit. Modeli i njohur edhe si konkurrent i edicionit t\u00c3\u00ab shkuar t\u00c3\u00ab \u00e2\u20ac\u0153Big Brother\u00e2\u20ac\u009d","breadcrumb":{"@id":"https:\/\/www.visit-ulcinj.com\/blog\/2009\/04\/18\/reagon-i-dashuri-i-mozes-poli-nuk-jam-aspak-xheloz-kam-besim-te-moza\/#breadcrumb"},"inLanguage":"en-US","potentialAction":[{"@type":"ReadAction","target":["https:\/\/www.visit-ulcinj.com\/blog\/2009\/04\/18\/reagon-i-dashuri-i-mozes-poli-nuk-jam-aspak-xheloz-kam-besim-te-moza\/"]}]},{"@type":"BreadcrumbList","@id":"https:\/\/www.visit-ulcinj.com\/blog\/2009\/04\/18\/reagon-i-dashuri-i-mozes-poli-nuk-jam-aspak-xheloz-kam-besim-te-moza\/#breadcrumb","itemListElement":[{"@type":"ListItem","position":1,"name":"Reagon i dashuri i Moz\u00ebs | Poli : Nuk jam aspak xheloz, kam besim te Moza"}]},{"@type":"Person","@id":"https:\/\/www.visit-ulcinj.com\/blog\/#\/schema\/person\/dcab619c614d3038751c63bc2aadc06d","name":"ulqini","sameAs":["http:\/\/www.visit-ulcinj.com"],"url":"https:\/\/www.visit-ulcinj.com\/blog\/author\/admin\/"}]}},"jetpack_featured_media_url":"","jetpack_sharing_enabled":true,"jetpack_shortlink":"https:\/\/wp.me\/pe6lTn-4KY","_links":{"self":[{"href":"https:\/\/www.visit-ulcinj.com\/blog\/wp-json\/wp\/v2\/posts\/18288"}],"collection":[{"href":"https:\/\/www.visit-ulcinj.com\/blog\/wp-json\/wp\/v2\/posts"}],"about":[{"href":"https:\/\/www.visit-ulcinj.com\/blog\/wp-json\/wp\/v2\/types\/post"}],"author":[{"embeddable":true,"href":"https:\/\/www.visit-ulcinj.com\/blog\/wp-json\/wp\/v2\/users\/1"}],"replies":[{"embeddable":true,"href":"https:\/\/www.visit-ulcinj.com\/blog\/wp-json\/wp\/v2\/comments?post=18288"}],"version-history":[{"count":0,"href":"https:\/\/www.visit-ulcinj.com\/blog\/wp-json\/wp\/v2\/posts\/18288\/revisions"}],"wp:attachment":[{"href":"https:\/\/www.visit-ulcinj.com\/blog\/wp-json\/wp\/v2\/media?parent=18288"}],"wp:term":[{"taxonomy":"category","embeddable":true,"href":"https:\/\/www.visit-ulcinj.com\/blog\/wp-json\/wp\/v2\/categories?post=18288"},{"taxonomy":"post_tag","embeddable":true,"href":"https:\/\/www.visit-ulcinj.com\/blog\/wp-json\/wp\/v2\/tags?post=18288"}],"curies":[{"name":"wp","href":"https:\/\/api.w.org\/{rel}","templated":true}]}}