{"id":18313,"date":"2009-04-18T12:37:52","date_gmt":"2009-04-18T10:37:52","guid":{"rendered":"http:\/\/www.visit-ulcinj.com\/blog\/?p=18313"},"modified":"2009-04-18T12:37:52","modified_gmt":"2009-04-18T10:37:52","slug":"mehmet-bardhi-optuzio-vladu-zbog-ukidanja-nedjeljnika-koha-javore","status":"publish","type":"post","link":"https:\/\/www.visit-ulcinj.com\/blog\/2009\/04\/18\/mehmet-bardhi-optuzio-vladu-zbog-ukidanja-nedjeljnika-koha-javore\/","title":{"rendered":"Mehmet Bardhi optu\u017eio vladu zbog ukidanja nedjeljnika &#8220;Koha Javore&#8221;"},"content":{"rendered":"<p><strong><a href=\"http:\/\/www.visit-ulcinj.com\/blog\/wp-content\/uploads\/2009\/04\/fundi-i-kohes-javore.jpg\"><img loading=\"lazy\" class=\"alignleft size-full wp-image-18314\" title=\"fundi-i-kohes-javore\" src=\"http:\/\/www.visit-ulcinj.com\/blog\/wp-content\/uploads\/2009\/04\/fundi-i-kohes-javore.jpg\" alt=\"fundi-i-kohes-javore\" width=\"296\" height=\"372\" \/><\/a>Vlast zakida Albance<\/strong><br \/>\n<strong>~Ju?era\u0161nji broj nedjeljnika &#8220;Koha javore&#8221;, osnovanog 1999. godine, nije iza\u0161ao iz \u0161tampe<\/strong><br \/>\nLider Demokratskog saveza Mehmet Bardhi optu\u017eio je ju?e Vladu Crne Gore za diskriminaciju prema Albancima zbog ukidanja nedjeljnika &#8220;Koha javore&#8221;. Ju?era\u0161nji broj ovog nedjeljnika nije iza\u0161ao iz \u0161tampe.<br \/>\n&#8211; Nedjeljnik &#8220;Koha javore&#8221; za Albance u Crnoj Gori va\u017eniji je nego &#8220;Pobjeda&#8221; za Crnogorce. O?ekivali smo da ?e po?eti da izlazi i ?e\u0161?e, makar dvaput sedmi?no. Me?utim, stigla nam je vijest od odgovornog urednika &#8220;Koha javore&#8221; da je, kao posljedica neuspje\u0161nog tendera za privatizaciju &#8220;Pobjede&#8221; i finansijskih problema tog kolektiva, a na osnovu predloga Vlade, odnosno Ministarstva finansija o mjerama racionalizacije, odlu?eno da se prekida izla\u017eenje posebnih izdanja &#8220;Pobjede&#8221; poput Porodi?nog dodatka i &#8220;Koha javore&#8221;- istakao je Bardhi.<br \/>\nKako dodaje, u toj informaciji nazna?eno je da bi &#8220;Koha javore&#8221; ubudu?e trebalo da izlazi jednom nedjeljno na svega ?etiri stranice kao podlistak &#8220;Pobjede&#8221;. Ovaj nedjeljnik na albanskom jeziku, upozorava Bardhi, ne mo\u017ee biti nikakav podlistak jer predstavlja samostalno javno glasilo, osnovano odlukom Skup\u0161tine Crne Gore, uz konsenzus vlasti i opozicije 1999. godine.<br \/>\n&#8211; Ovo je direktan atak na prava manjina, suprotan zakonu i Ustavu, koji je i sam u pojedinim normama diskriminatorski u odnosu prema Albancima. O?igledno je da dr\u017eava Crna Gora \u017eeli da u\u0161tedi novac na \u0161tetu Albanaca. Neprihvatljivo je da se ovako radi &#8211; kategori?an je Bardhi.<br \/>\nNedjeljnik na albanskom jeziku, smatra on, jedno je od ste?enih prava Albanaca u Crnoj Gori i kao takvo niko ga ne smije ugro\u017eavati niti &#8220;Koha javore&#8221; mo\u017ee biti uga\u0161en pod bilo kojim izgovorom.<br \/>\n&#8211; Demokratski savez o\u0161tro protestuje protiv ovakvog neprimjerenog akta. Pozivamo vlast da se pribere, da do?u sebi i ne ?ine ovaj potez koji ne?e biti samo na \u0161tetu albanskog naroda u Crnoj Gori ve? i ukupnih demokratskih procesa &#8211; zaklju?io je Bardhi.<br \/>\n<strong>V.R.<\/strong><br \/>\n<strong><br \/>\nIma?emo poslani?ki klub<\/strong><br \/>\nLider DS Mehmet Bardhi izrazio je optimizam u pogledu kona?nog dogovora o formiranju poslani?kog kluba albanskih partija. Kako je istakao, jo\u0161 nije postignut dogovor, ali on vjeruje da ?e poslani?ki klub biti uskoro formiran. To bi, po njegovim rije?ima, bilo zna?ajno zbog brojnih olak\u0161ica koje poslanicima u radu omogu?ava kada imaju klub.<br \/>\n&#8211; Do sada, po\u0161to nijesmo imali poslani?ki klub nijesam mogao ni pitanje premijeru da postavim niti da u?estvujem u radu Kolegijuma predsjednika Skup\u0161tine &#8211; podsjetio je on.<\/p>\n<p><strong>DAN<\/strong><\/p>\n","protected":false},"excerpt":{"rendered":"<p>Vlast zakida Albance ~Ju?era\u0161nji broj nedjeljnika &#8220;Koha javore&#8221;, osnovanog 1999. godine, nije iza\u0161ao iz \u0161tampe Lider Demokratskog saveza Mehmet Bardhi optu\u017eio je ju?e Vladu Crne Gore za diskriminaciju prema Albancima zbog ukidanja nedjeljnika &#8220;Koha javore&#8221;. Ju?era\u0161nji broj ovog nedjeljnika nije iza\u0161ao iz \u0161tampe. &#8211; Nedjeljnik &#8220;Koha javore&#8221; za Albance u Crnoj Gori va\u017eniji je nego [&hellip;]<\/p>\n","protected":false},"author":1,"featured_media":0,"comment_status":"open","ping_status":"closed","sticky":false,"template":"","format":"standard","meta":{"spay_email":"","jetpack_publicize_message":"","jetpack_is_tweetstorm":false,"jetpack_publicize_feature_enabled":true},"categories":[8337],"tags":[9328,5720,9325,9327,9326,9329],"jetpack_publicize_connections":[],"yoast_head":"<!-- This site is optimized with the Yoast SEO plugin v19.1 - https:\/\/yoast.com\/wordpress\/plugins\/seo\/ -->\n<title>Mehmet Bardhi optu\u017eio vladu zbog ukidanja nedjeljnika &quot;Koha Javore&quot; - Lajme nga Ulqini<\/title>\n<meta name=\"description\" content=\"Vlast zakida Albance ~Ju?era\u0161nji broj nedjeljnika &quot;Koha javore&quot;, osnovanog 1999. godine, nije iza\u0161ao iz \u0161tampe Lider Demokratskog saveza Mehmet Bardhi\" \/>\n<meta name=\"robots\" content=\"index, follow, max-snippet:-1, max-image-preview:large, max-video-preview:-1\" \/>\n<link rel=\"canonical\" href=\"https:\/\/www.visit-ulcinj.com\/blog\/2009\/04\/18\/mehmet-bardhi-optuzio-vladu-zbog-ukidanja-nedjeljnika-koha-javore\/\" \/>\n<meta property=\"og:locale\" content=\"en_US\" \/>\n<meta property=\"og:type\" content=\"article\" \/>\n<meta property=\"og:title\" content=\"Mehmet Bardhi optu\u017eio vladu zbog ukidanja nedjeljnika &quot;Koha Javore&quot; - Lajme nga Ulqini\" \/>\n<meta property=\"og:description\" content=\"Vlast zakida Albance ~Ju?era\u0161nji broj nedjeljnika &quot;Koha javore&quot;, osnovanog 1999. godine, nije iza\u0161ao iz \u0161tampe Lider Demokratskog saveza Mehmet Bardhi\" \/>\n<meta property=\"og:url\" content=\"https:\/\/www.visit-ulcinj.com\/blog\/2009\/04\/18\/mehmet-bardhi-optuzio-vladu-zbog-ukidanja-nedjeljnika-koha-javore\/\" \/>\n<meta property=\"og:site_name\" content=\"Lajme nga Ulqini\" \/>\n<meta property=\"article:published_time\" content=\"2009-04-18T10:37:52+00:00\" \/>\n<meta property=\"og:image\" content=\"http:\/\/www.visit-ulcinj.com\/blog\/wp-content\/uploads\/2009\/04\/fundi-i-kohes-javore.jpg\" \/>\n<meta name=\"twitter:label1\" content=\"Written by\" \/>\n\t<meta name=\"twitter:data1\" content=\"ulqini\" \/>\n\t<meta name=\"twitter:label2\" content=\"Est. reading time\" \/>\n\t<meta name=\"twitter:data2\" content=\"2 minutes\" \/>\n<script type=\"application\/ld+json\" class=\"yoast-schema-graph\">{\"@context\":\"https:\/\/schema.org\",\"@graph\":[{\"@type\":\"WebSite\",\"@id\":\"https:\/\/www.visit-ulcinj.com\/blog\/#website\",\"url\":\"https:\/\/www.visit-ulcinj.com\/blog\/\",\"name\":\"Lajme nga Ulqini\",\"description\":\"Lajme,Vijesti,Ulqini,Ulqin,Crna Gora,Mali i Zi\",\"potentialAction\":[{\"@type\":\"SearchAction\",\"target\":{\"@type\":\"EntryPoint\",\"urlTemplate\":\"https:\/\/www.visit-ulcinj.com\/blog\/?s={search_term_string}\"},\"query-input\":\"required name=search_term_string\"}],\"inLanguage\":\"en-US\"},{\"@type\":\"ImageObject\",\"inLanguage\":\"en-US\",\"@id\":\"https:\/\/www.visit-ulcinj.com\/blog\/2009\/04\/18\/mehmet-bardhi-optuzio-vladu-zbog-ukidanja-nedjeljnika-koha-javore\/#primaryimage\",\"url\":\"http:\/\/www.visit-ulcinj.com\/blog\/wp-content\/uploads\/2009\/04\/fundi-i-kohes-javore.jpg\",\"contentUrl\":\"http:\/\/www.visit-ulcinj.com\/blog\/wp-content\/uploads\/2009\/04\/fundi-i-kohes-javore.jpg\"},{\"@type\":\"WebPage\",\"@id\":\"https:\/\/www.visit-ulcinj.com\/blog\/2009\/04\/18\/mehmet-bardhi-optuzio-vladu-zbog-ukidanja-nedjeljnika-koha-javore\/#webpage\",\"url\":\"https:\/\/www.visit-ulcinj.com\/blog\/2009\/04\/18\/mehmet-bardhi-optuzio-vladu-zbog-ukidanja-nedjeljnika-koha-javore\/\",\"name\":\"Mehmet Bardhi optu\u017eio vladu zbog ukidanja nedjeljnika \\\"Koha Javore\\\" - Lajme nga Ulqini\",\"isPartOf\":{\"@id\":\"https:\/\/www.visit-ulcinj.com\/blog\/#website\"},\"primaryImageOfPage\":{\"@id\":\"https:\/\/www.visit-ulcinj.com\/blog\/2009\/04\/18\/mehmet-bardhi-optuzio-vladu-zbog-ukidanja-nedjeljnika-koha-javore\/#primaryimage\"},\"datePublished\":\"2009-04-18T10:37:52+00:00\",\"dateModified\":\"2009-04-18T10:37:52+00:00\",\"author\":{\"@id\":\"https:\/\/www.visit-ulcinj.com\/blog\/#\/schema\/person\/dcab619c614d3038751c63bc2aadc06d\"},\"description\":\"Vlast zakida Albance ~Ju?era\u0161nji broj nedjeljnika \\\"Koha javore\\\", osnovanog 1999. godine, nije iza\u0161ao iz \u0161tampe Lider Demokratskog saveza Mehmet Bardhi\",\"breadcrumb\":{\"@id\":\"https:\/\/www.visit-ulcinj.com\/blog\/2009\/04\/18\/mehmet-bardhi-optuzio-vladu-zbog-ukidanja-nedjeljnika-koha-javore\/#breadcrumb\"},\"inLanguage\":\"en-US\",\"potentialAction\":[{\"@type\":\"ReadAction\",\"target\":[\"https:\/\/www.visit-ulcinj.com\/blog\/2009\/04\/18\/mehmet-bardhi-optuzio-vladu-zbog-ukidanja-nedjeljnika-koha-javore\/\"]}]},{\"@type\":\"BreadcrumbList\",\"@id\":\"https:\/\/www.visit-ulcinj.com\/blog\/2009\/04\/18\/mehmet-bardhi-optuzio-vladu-zbog-ukidanja-nedjeljnika-koha-javore\/#breadcrumb\",\"itemListElement\":[{\"@type\":\"ListItem\",\"position\":1,\"name\":\"Mehmet Bardhi optu\u017eio vladu zbog ukidanja nedjeljnika &#8220;Koha Javore&#8221;\"}]},{\"@type\":\"Person\",\"@id\":\"https:\/\/www.visit-ulcinj.com\/blog\/#\/schema\/person\/dcab619c614d3038751c63bc2aadc06d\",\"name\":\"ulqini\",\"sameAs\":[\"http:\/\/www.visit-ulcinj.com\"],\"url\":\"https:\/\/www.visit-ulcinj.com\/blog\/author\/admin\/\"}]}<\/script>\n<!-- \/ Yoast SEO plugin. -->","yoast_head_json":{"title":"Mehmet Bardhi optu\u017eio vladu zbog ukidanja nedjeljnika \"Koha Javore\" - Lajme nga Ulqini","description":"Vlast zakida Albance ~Ju?era\u0161nji broj nedjeljnika \"Koha javore\", osnovanog 1999. godine, nije iza\u0161ao iz \u0161tampe Lider Demokratskog saveza Mehmet Bardhi","robots":{"index":"index","follow":"follow","max-snippet":"max-snippet:-1","max-image-preview":"max-image-preview:large","max-video-preview":"max-video-preview:-1"},"canonical":"https:\/\/www.visit-ulcinj.com\/blog\/2009\/04\/18\/mehmet-bardhi-optuzio-vladu-zbog-ukidanja-nedjeljnika-koha-javore\/","og_locale":"en_US","og_type":"article","og_title":"Mehmet Bardhi optu\u017eio vladu zbog ukidanja nedjeljnika \"Koha Javore\" - Lajme nga Ulqini","og_description":"Vlast zakida Albance ~Ju?era\u0161nji broj nedjeljnika \"Koha javore\", osnovanog 1999. godine, nije iza\u0161ao iz \u0161tampe Lider Demokratskog saveza Mehmet Bardhi","og_url":"https:\/\/www.visit-ulcinj.com\/blog\/2009\/04\/18\/mehmet-bardhi-optuzio-vladu-zbog-ukidanja-nedjeljnika-koha-javore\/","og_site_name":"Lajme nga Ulqini","article_published_time":"2009-04-18T10:37:52+00:00","og_image":[{"url":"http:\/\/www.visit-ulcinj.com\/blog\/wp-content\/uploads\/2009\/04\/fundi-i-kohes-javore.jpg"}],"twitter_misc":{"Written by":"ulqini","Est. reading time":"2 minutes"},"schema":{"@context":"https:\/\/schema.org","@graph":[{"@type":"WebSite","@id":"https:\/\/www.visit-ulcinj.com\/blog\/#website","url":"https:\/\/www.visit-ulcinj.com\/blog\/","name":"Lajme nga Ulqini","description":"Lajme,Vijesti,Ulqini,Ulqin,Crna Gora,Mali i Zi","potentialAction":[{"@type":"SearchAction","target":{"@type":"EntryPoint","urlTemplate":"https:\/\/www.visit-ulcinj.com\/blog\/?s={search_term_string}"},"query-input":"required name=search_term_string"}],"inLanguage":"en-US"},{"@type":"ImageObject","inLanguage":"en-US","@id":"https:\/\/www.visit-ulcinj.com\/blog\/2009\/04\/18\/mehmet-bardhi-optuzio-vladu-zbog-ukidanja-nedjeljnika-koha-javore\/#primaryimage","url":"http:\/\/www.visit-ulcinj.com\/blog\/wp-content\/uploads\/2009\/04\/fundi-i-kohes-javore.jpg","contentUrl":"http:\/\/www.visit-ulcinj.com\/blog\/wp-content\/uploads\/2009\/04\/fundi-i-kohes-javore.jpg"},{"@type":"WebPage","@id":"https:\/\/www.visit-ulcinj.com\/blog\/2009\/04\/18\/mehmet-bardhi-optuzio-vladu-zbog-ukidanja-nedjeljnika-koha-javore\/#webpage","url":"https:\/\/www.visit-ulcinj.com\/blog\/2009\/04\/18\/mehmet-bardhi-optuzio-vladu-zbog-ukidanja-nedjeljnika-koha-javore\/","name":"Mehmet Bardhi optu\u017eio vladu zbog ukidanja nedjeljnika \"Koha Javore\" - Lajme nga Ulqini","isPartOf":{"@id":"https:\/\/www.visit-ulcinj.com\/blog\/#website"},"primaryImageOfPage":{"@id":"https:\/\/www.visit-ulcinj.com\/blog\/2009\/04\/18\/mehmet-bardhi-optuzio-vladu-zbog-ukidanja-nedjeljnika-koha-javore\/#primaryimage"},"datePublished":"2009-04-18T10:37:52+00:00","dateModified":"2009-04-18T10:37:52+00:00","author":{"@id":"https:\/\/www.visit-ulcinj.com\/blog\/#\/schema\/person\/dcab619c614d3038751c63bc2aadc06d"},"description":"Vlast zakida Albance ~Ju?era\u0161nji broj nedjeljnika \"Koha javore\", osnovanog 1999. godine, nije iza\u0161ao iz \u0161tampe Lider Demokratskog saveza Mehmet Bardhi","breadcrumb":{"@id":"https:\/\/www.visit-ulcinj.com\/blog\/2009\/04\/18\/mehmet-bardhi-optuzio-vladu-zbog-ukidanja-nedjeljnika-koha-javore\/#breadcrumb"},"inLanguage":"en-US","potentialAction":[{"@type":"ReadAction","target":["https:\/\/www.visit-ulcinj.com\/blog\/2009\/04\/18\/mehmet-bardhi-optuzio-vladu-zbog-ukidanja-nedjeljnika-koha-javore\/"]}]},{"@type":"BreadcrumbList","@id":"https:\/\/www.visit-ulcinj.com\/blog\/2009\/04\/18\/mehmet-bardhi-optuzio-vladu-zbog-ukidanja-nedjeljnika-koha-javore\/#breadcrumb","itemListElement":[{"@type":"ListItem","position":1,"name":"Mehmet Bardhi optu\u017eio vladu zbog ukidanja nedjeljnika &#8220;Koha Javore&#8221;"}]},{"@type":"Person","@id":"https:\/\/www.visit-ulcinj.com\/blog\/#\/schema\/person\/dcab619c614d3038751c63bc2aadc06d","name":"ulqini","sameAs":["http:\/\/www.visit-ulcinj.com"],"url":"https:\/\/www.visit-ulcinj.com\/blog\/author\/admin\/"}]}},"jetpack_featured_media_url":"","jetpack_sharing_enabled":true,"jetpack_shortlink":"https:\/\/wp.me\/pe6lTn-4Ln","_links":{"self":[{"href":"https:\/\/www.visit-ulcinj.com\/blog\/wp-json\/wp\/v2\/posts\/18313"}],"collection":[{"href":"https:\/\/www.visit-ulcinj.com\/blog\/wp-json\/wp\/v2\/posts"}],"about":[{"href":"https:\/\/www.visit-ulcinj.com\/blog\/wp-json\/wp\/v2\/types\/post"}],"author":[{"embeddable":true,"href":"https:\/\/www.visit-ulcinj.com\/blog\/wp-json\/wp\/v2\/users\/1"}],"replies":[{"embeddable":true,"href":"https:\/\/www.visit-ulcinj.com\/blog\/wp-json\/wp\/v2\/comments?post=18313"}],"version-history":[{"count":0,"href":"https:\/\/www.visit-ulcinj.com\/blog\/wp-json\/wp\/v2\/posts\/18313\/revisions"}],"wp:attachment":[{"href":"https:\/\/www.visit-ulcinj.com\/blog\/wp-json\/wp\/v2\/media?parent=18313"}],"wp:term":[{"taxonomy":"category","embeddable":true,"href":"https:\/\/www.visit-ulcinj.com\/blog\/wp-json\/wp\/v2\/categories?post=18313"},{"taxonomy":"post_tag","embeddable":true,"href":"https:\/\/www.visit-ulcinj.com\/blog\/wp-json\/wp\/v2\/tags?post=18313"}],"curies":[{"name":"wp","href":"https:\/\/api.w.org\/{rel}","templated":true}]}}