{"id":18316,"date":"2009-04-18T12:58:14","date_gmt":"2009-04-18T10:58:14","guid":{"rendered":"http:\/\/www.visit-ulcinj.com\/blog\/?p=18316"},"modified":"2009-04-20T13:59:45","modified_gmt":"2009-04-20T11:59:45","slug":"forca-kumtese-per-opinion-koha-javore","status":"publish","type":"post","link":"https:\/\/www.visit-ulcinj.com\/blog\/2009\/04\/18\/forca-kumtese-per-opinion-koha-javore\/","title":{"rendered":"Forca: Kumtes\u00eb p\u00ebr opinion, &#8220;Koha javore&#8221;"},"content":{"rendered":"<p><a href=\"http:\/\/www.visit-ulcinj.com\/blog\/wp-content\/uploads\/2009\/04\/forca-mron-kohen-javore.jpg\"><img loading=\"lazy\" class=\"alignleft size-full wp-image-18317\" title=\"forca-mbron-kohen-javore\" src=\"http:\/\/www.visit-ulcinj.com\/blog\/wp-content\/uploads\/2009\/04\/forca-mron-kohen-javore.jpg\" alt=\"forca-mbron-kohen-javore\" width=\"570\" height=\"300\" \/><\/a>Propozimi i Qeveris\u00eb s\u00eb Malit t\u00eb Zi, p\u00ebrkat\u00ebsisht i Ministris\u00eb s\u00eb Financave me 4 prill t\u00eb k\u00ebtij viti, q\u00eb n\u00eb kuad\u00ebrt\u00eb reduktimeve t\u00eb botimeve n\u00eb saj\u00eb t\u00eb kriz\u00ebs financiare\u00a0 q\u00eb po ballafaqohet Nd\u00ebrmarrja e \u201cPobjed\u00ebs\u201d t\u00ebp\u00ebrfshij\u00eb edhe t\u00eb vetm\u00ebn gazet\u00eb n\u00eb gjuh\u00ebn shqipe \u201cKoha Javore\u201d dhe ajo t\u00eb botohet n\u00eb t\u00eb ardhmen si n\u00ebnflet\u00eb e t\u00ebp\u00ebrditshmes \u201cPobjeda\u201d, paraqet atak n\u00eb informimin shqip q\u00eb \u00ebsht\u00eb n\u00eb kund\u00ebrshtimme standard\u00ebt demokratike nd\u00ebrkomb\u00ebtare kur jan\u00eb n\u00eb pyetje popujt pakic\u00eb.<\/p>\n<p>Nuk ka dilem\u00eb se akti i till\u00eb i Ministris\u00eb s\u00eb Financave \u00ebsht\u00eb i shpejtuardhe me pasoja t\u00eb m\u00ebdha p\u00ebr shqiptar\u00ebt. Kur me t\u00eb drejt\u00eb kemi pritur q\u00eb e vetmjagazet\u00eb n\u00eb gjuh\u00ebn shqipe t\u00eb rris tirazhin dhe numrin e botimeve, nj\u00eb vendim itill\u00eb \u00ebsht\u00eb kund\u00ebr barazis\u00eb informative dhe nacionale t\u00eb shqiptar\u00ebve n\u00eb Mal t\u00ebZi.<\/p>\n<p>Forca\u00a0 \u00ebsht\u00eb e q\u00ebndrimit q\u00eb \u201cKoha javore\u201d t\u00eb mos dal\u00eb si shtojc\u00eb e \u201cPobjed\u00ebs\u201d deri sa t\u00eb mosp\u00ebrcaktohet statusi i saj definitiv nga themeluesi e ky \u00ebsht\u00eb Kuvendi i Malitt\u00eb Zi por t\u00eb vazhdoj t\u00eb botohet si botim i ve\u00e7ant\u00eb.<\/p>\n<p>N\u00eb lidhje me situat\u00ebn e krijuar m\u00eb t\u00eb vetmin medium t\u00eb shkruar n\u00eb gjuh\u00ebnshqipe n\u00eb Mal t\u00eb Zi, Forca do t\u00ebnjoftoj opinion e gjer\u00eb n\u00eb vend dhe n\u00eb bot\u00ebn e jashtme, duke apeluar s\u00eb krizaekonomike nuk duhet t\u00eb manifestohet fillimisht t\u00eb mediat e pakicave. Nj\u00eb veprimi till\u00eb na p\u00ebrkujton t\u00eb kaluar\u00ebn kur gjoja n\u00eb em\u00ebr t\u00eb muges\u00ebs s\u00eb mjetevefinanciare u mbyll revista \u201cKOHA\u201d(1978-1989),e cila ka qen\u00eb e vetmja revist\u00eb shkencore, letrare dhe kulturore n\u00eb gjuh\u00ebnshqipe\u00a0 n\u00eb nivel t\u00eb Malit t\u00eb Zi.<\/p>\n<p>Duke marr\u00eb parasysh\u00a0 s\u00eb gazeta \u201cKoha Javore\u201d, nga dalja e numrit t\u00eb sajt\u00eb par\u00eb n\u00eb shkurt t\u00eb vitit 2002, ka luajtur nj\u00eb rol t\u00eb ve\u00e7ant\u00eb n\u00eb fush\u00ebn einformimit te shqiptar\u00ebt n\u00eb Mal t\u00eb Zi, ftojm\u00eb t\u00eb gjitha subjekt\u00ebt politikenacionale shqiptare, intelektual\u00ebt, shoq\u00ebrin\u00eb civile por edhe t\u00eb gjith\u00eb t\u00ebtjer\u00ebt q\u00eb t\u00eb ngrisin z\u00ebrin kund\u00ebr k\u00ebtij akti diskriminues ndaj informimit n\u00ebgjuh\u00ebn shqipe q\u00eb \u00ebsht\u00eb kund\u00ebr barazis\u00eb nacionale t\u00eb shqiptar\u00ebve\u00a0 n\u00eb ket\u00eb mjedis.<\/p>\n<p><strong>Sh\u00ebrbimi p\u00ebr informim<\/strong><\/p>\n","protected":false},"excerpt":{"rendered":"<p>Propozimi i Qeveris\u00eb s\u00eb Malit t\u00eb Zi, p\u00ebrkat\u00ebsisht i Ministris\u00eb s\u00eb Financave me 4 prill t\u00eb k\u00ebtij viti, q\u00eb n\u00eb kuad\u00ebrt\u00eb reduktimeve t\u00eb botimeve n\u00eb saj\u00eb t\u00eb kriz\u00ebs financiare\u00a0 q\u00eb po ballafaqohet Nd\u00ebrmarrja e \u201cPobjed\u00ebs\u201d t\u00ebp\u00ebrfshij\u00eb edhe t\u00eb vetm\u00ebn gazet\u00eb n\u00eb gjuh\u00ebn shqipe \u201cKoha Javore\u201d dhe ajo t\u00eb botohet n\u00eb t\u00eb ardhmen si n\u00ebnflet\u00eb e [&hellip;]<\/p>\n","protected":false},"author":1,"featured_media":0,"comment_status":"open","ping_status":"closed","sticky":false,"template":"","format":"standard","meta":{"spay_email":"","jetpack_publicize_message":"","jetpack_is_tweetstorm":false,"jetpack_publicize_feature_enabled":true},"categories":[1],"tags":[9330,216,499,95,9331,9332,200],"jetpack_publicize_connections":[],"yoast_head":"<!-- This site is optimized with the Yoast SEO plugin v19.1 - https:\/\/yoast.com\/wordpress\/plugins\/seo\/ -->\n<title>Forca: Kumtes\u00eb p\u00ebr opinion, &quot;Koha javore&quot; - Lajme nga Ulqini<\/title>\n<meta name=\"description\" content=\"Propozimi i Qeveris\u00eb s\u00eb Malit t\u00eb Zi, p\u00ebrkat\u00ebsisht i Ministris\u00eb s\u00eb Financave me 4 prill t\u00eb k\u00ebtij viti, q\u00eb n\u00eb kuad\u00ebrt\u00eb reduktimeve t\u00eb botimeve n\u00eb saj\u00eb t\u00eb\" \/>\n<meta name=\"robots\" content=\"index, follow, max-snippet:-1, max-image-preview:large, max-video-preview:-1\" \/>\n<link rel=\"canonical\" href=\"https:\/\/www.visit-ulcinj.com\/blog\/2009\/04\/18\/forca-kumtese-per-opinion-koha-javore\/\" \/>\n<meta property=\"og:locale\" content=\"en_US\" \/>\n<meta property=\"og:type\" content=\"article\" \/>\n<meta property=\"og:title\" content=\"Forca: Kumtes\u00eb p\u00ebr opinion, &quot;Koha javore&quot; - Lajme nga Ulqini\" \/>\n<meta property=\"og:description\" content=\"Propozimi i Qeveris\u00eb s\u00eb Malit t\u00eb Zi, p\u00ebrkat\u00ebsisht i Ministris\u00eb s\u00eb Financave me 4 prill t\u00eb k\u00ebtij viti, q\u00eb n\u00eb kuad\u00ebrt\u00eb reduktimeve t\u00eb botimeve n\u00eb saj\u00eb t\u00eb\" \/>\n<meta property=\"og:url\" content=\"https:\/\/www.visit-ulcinj.com\/blog\/2009\/04\/18\/forca-kumtese-per-opinion-koha-javore\/\" \/>\n<meta property=\"og:site_name\" content=\"Lajme nga Ulqini\" \/>\n<meta property=\"article:published_time\" content=\"2009-04-18T10:58:14+00:00\" \/>\n<meta property=\"article:modified_time\" content=\"2009-04-20T11:59:45+00:00\" \/>\n<meta property=\"og:image\" content=\"http:\/\/www.visit-ulcinj.com\/blog\/wp-content\/uploads\/2009\/04\/forca-mron-kohen-javore.jpg\" \/>\n<meta name=\"twitter:label1\" content=\"Written by\" \/>\n\t<meta name=\"twitter:data1\" content=\"ulqini\" \/>\n\t<meta name=\"twitter:label2\" content=\"Est. reading time\" \/>\n\t<meta name=\"twitter:data2\" content=\"2 minutes\" \/>\n<script type=\"application\/ld+json\" class=\"yoast-schema-graph\">{\"@context\":\"https:\/\/schema.org\",\"@graph\":[{\"@type\":\"WebSite\",\"@id\":\"https:\/\/www.visit-ulcinj.com\/blog\/#website\",\"url\":\"https:\/\/www.visit-ulcinj.com\/blog\/\",\"name\":\"Lajme nga Ulqini\",\"description\":\"Lajme,Vijesti,Ulqini,Ulqin,Crna Gora,Mali i Zi\",\"potentialAction\":[{\"@type\":\"SearchAction\",\"target\":{\"@type\":\"EntryPoint\",\"urlTemplate\":\"https:\/\/www.visit-ulcinj.com\/blog\/?s={search_term_string}\"},\"query-input\":\"required name=search_term_string\"}],\"inLanguage\":\"en-US\"},{\"@type\":\"ImageObject\",\"inLanguage\":\"en-US\",\"@id\":\"https:\/\/www.visit-ulcinj.com\/blog\/2009\/04\/18\/forca-kumtese-per-opinion-koha-javore\/#primaryimage\",\"url\":\"http:\/\/www.visit-ulcinj.com\/blog\/wp-content\/uploads\/2009\/04\/forca-mron-kohen-javore.jpg\",\"contentUrl\":\"http:\/\/www.visit-ulcinj.com\/blog\/wp-content\/uploads\/2009\/04\/forca-mron-kohen-javore.jpg\"},{\"@type\":\"WebPage\",\"@id\":\"https:\/\/www.visit-ulcinj.com\/blog\/2009\/04\/18\/forca-kumtese-per-opinion-koha-javore\/#webpage\",\"url\":\"https:\/\/www.visit-ulcinj.com\/blog\/2009\/04\/18\/forca-kumtese-per-opinion-koha-javore\/\",\"name\":\"Forca: Kumtes\u00eb p\u00ebr opinion, \\\"Koha javore\\\" - Lajme nga Ulqini\",\"isPartOf\":{\"@id\":\"https:\/\/www.visit-ulcinj.com\/blog\/#website\"},\"primaryImageOfPage\":{\"@id\":\"https:\/\/www.visit-ulcinj.com\/blog\/2009\/04\/18\/forca-kumtese-per-opinion-koha-javore\/#primaryimage\"},\"datePublished\":\"2009-04-18T10:58:14+00:00\",\"dateModified\":\"2009-04-20T11:59:45+00:00\",\"author\":{\"@id\":\"https:\/\/www.visit-ulcinj.com\/blog\/#\/schema\/person\/dcab619c614d3038751c63bc2aadc06d\"},\"description\":\"Propozimi i Qeveris\u00eb s\u00eb Malit t\u00eb Zi, p\u00ebrkat\u00ebsisht i Ministris\u00eb s\u00eb Financave me 4 prill t\u00eb k\u00ebtij viti, q\u00eb n\u00eb kuad\u00ebrt\u00eb reduktimeve t\u00eb botimeve n\u00eb saj\u00eb t\u00eb\",\"breadcrumb\":{\"@id\":\"https:\/\/www.visit-ulcinj.com\/blog\/2009\/04\/18\/forca-kumtese-per-opinion-koha-javore\/#breadcrumb\"},\"inLanguage\":\"en-US\",\"potentialAction\":[{\"@type\":\"ReadAction\",\"target\":[\"https:\/\/www.visit-ulcinj.com\/blog\/2009\/04\/18\/forca-kumtese-per-opinion-koha-javore\/\"]}]},{\"@type\":\"BreadcrumbList\",\"@id\":\"https:\/\/www.visit-ulcinj.com\/blog\/2009\/04\/18\/forca-kumtese-per-opinion-koha-javore\/#breadcrumb\",\"itemListElement\":[{\"@type\":\"ListItem\",\"position\":1,\"name\":\"Forca: Kumtes\u00eb p\u00ebr opinion, &#8220;Koha javore&#8221;\"}]},{\"@type\":\"Person\",\"@id\":\"https:\/\/www.visit-ulcinj.com\/blog\/#\/schema\/person\/dcab619c614d3038751c63bc2aadc06d\",\"name\":\"ulqini\",\"sameAs\":[\"http:\/\/www.visit-ulcinj.com\"],\"url\":\"https:\/\/www.visit-ulcinj.com\/blog\/author\/admin\/\"}]}<\/script>\n<!-- \/ Yoast SEO plugin. -->","yoast_head_json":{"title":"Forca: Kumtes\u00eb p\u00ebr opinion, \"Koha javore\" - Lajme nga Ulqini","description":"Propozimi i Qeveris\u00eb s\u00eb Malit t\u00eb Zi, p\u00ebrkat\u00ebsisht i Ministris\u00eb s\u00eb Financave me 4 prill t\u00eb k\u00ebtij viti, q\u00eb n\u00eb kuad\u00ebrt\u00eb reduktimeve t\u00eb botimeve n\u00eb saj\u00eb t\u00eb","robots":{"index":"index","follow":"follow","max-snippet":"max-snippet:-1","max-image-preview":"max-image-preview:large","max-video-preview":"max-video-preview:-1"},"canonical":"https:\/\/www.visit-ulcinj.com\/blog\/2009\/04\/18\/forca-kumtese-per-opinion-koha-javore\/","og_locale":"en_US","og_type":"article","og_title":"Forca: Kumtes\u00eb p\u00ebr opinion, \"Koha javore\" - Lajme nga Ulqini","og_description":"Propozimi i Qeveris\u00eb s\u00eb Malit t\u00eb Zi, p\u00ebrkat\u00ebsisht i Ministris\u00eb s\u00eb Financave me 4 prill t\u00eb k\u00ebtij viti, q\u00eb n\u00eb kuad\u00ebrt\u00eb reduktimeve t\u00eb botimeve n\u00eb saj\u00eb t\u00eb","og_url":"https:\/\/www.visit-ulcinj.com\/blog\/2009\/04\/18\/forca-kumtese-per-opinion-koha-javore\/","og_site_name":"Lajme nga Ulqini","article_published_time":"2009-04-18T10:58:14+00:00","article_modified_time":"2009-04-20T11:59:45+00:00","og_image":[{"url":"http:\/\/www.visit-ulcinj.com\/blog\/wp-content\/uploads\/2009\/04\/forca-mron-kohen-javore.jpg"}],"twitter_misc":{"Written by":"ulqini","Est. reading time":"2 minutes"},"schema":{"@context":"https:\/\/schema.org","@graph":[{"@type":"WebSite","@id":"https:\/\/www.visit-ulcinj.com\/blog\/#website","url":"https:\/\/www.visit-ulcinj.com\/blog\/","name":"Lajme nga Ulqini","description":"Lajme,Vijesti,Ulqini,Ulqin,Crna Gora,Mali i Zi","potentialAction":[{"@type":"SearchAction","target":{"@type":"EntryPoint","urlTemplate":"https:\/\/www.visit-ulcinj.com\/blog\/?s={search_term_string}"},"query-input":"required name=search_term_string"}],"inLanguage":"en-US"},{"@type":"ImageObject","inLanguage":"en-US","@id":"https:\/\/www.visit-ulcinj.com\/blog\/2009\/04\/18\/forca-kumtese-per-opinion-koha-javore\/#primaryimage","url":"http:\/\/www.visit-ulcinj.com\/blog\/wp-content\/uploads\/2009\/04\/forca-mron-kohen-javore.jpg","contentUrl":"http:\/\/www.visit-ulcinj.com\/blog\/wp-content\/uploads\/2009\/04\/forca-mron-kohen-javore.jpg"},{"@type":"WebPage","@id":"https:\/\/www.visit-ulcinj.com\/blog\/2009\/04\/18\/forca-kumtese-per-opinion-koha-javore\/#webpage","url":"https:\/\/www.visit-ulcinj.com\/blog\/2009\/04\/18\/forca-kumtese-per-opinion-koha-javore\/","name":"Forca: Kumtes\u00eb p\u00ebr opinion, \"Koha javore\" - Lajme nga Ulqini","isPartOf":{"@id":"https:\/\/www.visit-ulcinj.com\/blog\/#website"},"primaryImageOfPage":{"@id":"https:\/\/www.visit-ulcinj.com\/blog\/2009\/04\/18\/forca-kumtese-per-opinion-koha-javore\/#primaryimage"},"datePublished":"2009-04-18T10:58:14+00:00","dateModified":"2009-04-20T11:59:45+00:00","author":{"@id":"https:\/\/www.visit-ulcinj.com\/blog\/#\/schema\/person\/dcab619c614d3038751c63bc2aadc06d"},"description":"Propozimi i Qeveris\u00eb s\u00eb Malit t\u00eb Zi, p\u00ebrkat\u00ebsisht i Ministris\u00eb s\u00eb Financave me 4 prill t\u00eb k\u00ebtij viti, q\u00eb n\u00eb kuad\u00ebrt\u00eb reduktimeve t\u00eb botimeve n\u00eb saj\u00eb t\u00eb","breadcrumb":{"@id":"https:\/\/www.visit-ulcinj.com\/blog\/2009\/04\/18\/forca-kumtese-per-opinion-koha-javore\/#breadcrumb"},"inLanguage":"en-US","potentialAction":[{"@type":"ReadAction","target":["https:\/\/www.visit-ulcinj.com\/blog\/2009\/04\/18\/forca-kumtese-per-opinion-koha-javore\/"]}]},{"@type":"BreadcrumbList","@id":"https:\/\/www.visit-ulcinj.com\/blog\/2009\/04\/18\/forca-kumtese-per-opinion-koha-javore\/#breadcrumb","itemListElement":[{"@type":"ListItem","position":1,"name":"Forca: Kumtes\u00eb p\u00ebr opinion, &#8220;Koha javore&#8221;"}]},{"@type":"Person","@id":"https:\/\/www.visit-ulcinj.com\/blog\/#\/schema\/person\/dcab619c614d3038751c63bc2aadc06d","name":"ulqini","sameAs":["http:\/\/www.visit-ulcinj.com"],"url":"https:\/\/www.visit-ulcinj.com\/blog\/author\/admin\/"}]}},"jetpack_featured_media_url":"","jetpack_sharing_enabled":true,"jetpack_shortlink":"https:\/\/wp.me\/pe6lTn-4Lq","_links":{"self":[{"href":"https:\/\/www.visit-ulcinj.com\/blog\/wp-json\/wp\/v2\/posts\/18316"}],"collection":[{"href":"https:\/\/www.visit-ulcinj.com\/blog\/wp-json\/wp\/v2\/posts"}],"about":[{"href":"https:\/\/www.visit-ulcinj.com\/blog\/wp-json\/wp\/v2\/types\/post"}],"author":[{"embeddable":true,"href":"https:\/\/www.visit-ulcinj.com\/blog\/wp-json\/wp\/v2\/users\/1"}],"replies":[{"embeddable":true,"href":"https:\/\/www.visit-ulcinj.com\/blog\/wp-json\/wp\/v2\/comments?post=18316"}],"version-history":[{"count":0,"href":"https:\/\/www.visit-ulcinj.com\/blog\/wp-json\/wp\/v2\/posts\/18316\/revisions"}],"wp:attachment":[{"href":"https:\/\/www.visit-ulcinj.com\/blog\/wp-json\/wp\/v2\/media?parent=18316"}],"wp:term":[{"taxonomy":"category","embeddable":true,"href":"https:\/\/www.visit-ulcinj.com\/blog\/wp-json\/wp\/v2\/categories?post=18316"},{"taxonomy":"post_tag","embeddable":true,"href":"https:\/\/www.visit-ulcinj.com\/blog\/wp-json\/wp\/v2\/tags?post=18316"}],"curies":[{"name":"wp","href":"https:\/\/api.w.org\/{rel}","templated":true}]}}