{"id":18332,"date":"2009-04-18T13:57:05","date_gmt":"2009-04-18T11:57:05","guid":{"rendered":"http:\/\/www.visit-ulcinj.com\/blog\/?p=18332"},"modified":"2009-04-18T13:59:51","modified_gmt":"2009-04-18T11:59:51","slug":"mali-i-zi-kunder-shqiperise","status":"publish","type":"post","link":"https:\/\/www.visit-ulcinj.com\/blog\/2009\/04\/18\/mali-i-zi-kunder-shqiperise\/","title":{"rendered":"Centrala b\u00ebrthamore,Mali i Zi kund\u00ebr Shqip\u00ebris\u00eb"},"content":{"rendered":"<p><a href=\"http:\/\/www.visit-ulcinj.com\/blog\/wp-content\/uploads\/2009\/04\/sinisa-stankovic.jpg\"><img loading=\"lazy\" class=\"alignleft size-full wp-image-18333\" title=\"sinisa-stankovic\" src=\"http:\/\/www.visit-ulcinj.com\/blog\/wp-content\/uploads\/2009\/04\/sinisa-stankovic.jpg\" alt=\"sinisa-stankovic\" width=\"570\" height=\"370\" \/><\/a>Mali i Zi b\u00ebri me dije se ka miratuar nj\u00eb ligj q\u00eb ndalon nd\u00ebrtimin e centraleve b\u00ebrthamore q\u00eb n\u00eb vitin 1995 dhe se ky vend nuk do t\u00eb lejoj\u00eb q\u00eb t\u00eb thyhen marr\u00ebveshjet nd\u00ebrkomb\u00ebtare q\u00eb ndalojn\u00eb nd\u00ebrtimin e centraleve, t\u00eb cilat kan\u00eb efekte edhe n\u00eb an\u00ebn tjet\u00ebr t\u00eb kufirit. Z\u00ebvend\u00ebsministri i \u00c7\u00ebshtjeve Mjedisore, Sinisha Stankovi\u00e7, tha t\u2019i ken\u00eb paralajm\u00ebruar autoritetet e Tiran\u00ebs se Shqip\u00ebria po v\u00eb n\u00eb rrezik marr\u00ebdh\u00ebniet e fqinj\u00ebsis\u00eb me Malin e Zi.<\/p>\n<p><strong>Kosava Sot<\/strong><\/p>\n<!--YouTube Error: bad URL entered-->\n","protected":false},"excerpt":{"rendered":"<p>Mali i Zi b\u00ebri me dije se ka miratuar nj\u00eb ligj q\u00eb ndalon nd\u00ebrtimin e centraleve b\u00ebrthamore q\u00eb n\u00eb vitin 1995 dhe se ky vend nuk do t\u00eb lejoj\u00eb q\u00eb t\u00eb thyhen marr\u00ebveshjet nd\u00ebrkomb\u00ebtare q\u00eb ndalojn\u00eb nd\u00ebrtimin e centraleve, t\u00eb cilat kan\u00eb efekte edhe n\u00eb an\u00ebn tjet\u00ebr t\u00eb kufirit. Z\u00ebvend\u00ebsministri i \u00c7\u00ebshtjeve Mjedisore, Sinisha Stankovi\u00e7, [&hellip;]<\/p>\n","protected":false},"author":1,"featured_media":0,"comment_status":"open","ping_status":"closed","sticky":false,"template":"","format":"standard","meta":{"spay_email":"","jetpack_publicize_message":"","jetpack_is_tweetstorm":false,"jetpack_publicize_feature_enabled":true},"categories":[12],"tags":[9339,9338,9337,9336],"jetpack_publicize_connections":[],"yoast_head":"<!-- This site is optimized with the Yoast SEO plugin v19.1 - https:\/\/yoast.com\/wordpress\/plugins\/seo\/ -->\n<title>Centrala b\u00ebrthamore,Mali i Zi kund\u00ebr Shqip\u00ebris\u00eb - Lajme nga Ulqini<\/title>\n<meta name=\"description\" content=\"Mali i Zi b\u00ebri me dije se ka miratuar nj\u00eb ligj q\u00eb ndalon nd\u00ebrtimin e centraleve b\u00ebrthamore q\u00eb n\u00eb vitin 1995 dhe se ky vend nuk do t\u00eb lejoj\u00eb q\u00eb t\u00eb thyhen\" \/>\n<meta name=\"robots\" content=\"index, follow, max-snippet:-1, max-image-preview:large, max-video-preview:-1\" \/>\n<link rel=\"canonical\" href=\"https:\/\/www.visit-ulcinj.com\/blog\/2009\/04\/18\/mali-i-zi-kunder-shqiperise\/\" \/>\n<meta property=\"og:locale\" content=\"en_US\" \/>\n<meta property=\"og:type\" content=\"article\" \/>\n<meta property=\"og:title\" content=\"Centrala b\u00ebrthamore,Mali i Zi kund\u00ebr Shqip\u00ebris\u00eb - Lajme nga Ulqini\" \/>\n<meta property=\"og:description\" content=\"Mali i Zi b\u00ebri me dije se ka miratuar nj\u00eb ligj q\u00eb ndalon nd\u00ebrtimin e centraleve b\u00ebrthamore q\u00eb n\u00eb vitin 1995 dhe se ky vend nuk do t\u00eb lejoj\u00eb q\u00eb t\u00eb thyhen\" \/>\n<meta property=\"og:url\" content=\"https:\/\/www.visit-ulcinj.com\/blog\/2009\/04\/18\/mali-i-zi-kunder-shqiperise\/\" \/>\n<meta property=\"og:site_name\" content=\"Lajme nga Ulqini\" \/>\n<meta property=\"article:published_time\" content=\"2009-04-18T11:57:05+00:00\" \/>\n<meta property=\"article:modified_time\" content=\"2009-04-18T11:59:51+00:00\" \/>\n<meta property=\"og:image\" content=\"http:\/\/www.visit-ulcinj.com\/blog\/wp-content\/uploads\/2009\/04\/sinisa-stankovic.jpg\" \/>\n<meta name=\"twitter:label1\" content=\"Written by\" \/>\n\t<meta name=\"twitter:data1\" content=\"ulqini\" \/>\n\t<meta name=\"twitter:label2\" content=\"Est. reading time\" \/>\n\t<meta name=\"twitter:data2\" content=\"1 minute\" \/>\n<script type=\"application\/ld+json\" class=\"yoast-schema-graph\">{\"@context\":\"https:\/\/schema.org\",\"@graph\":[{\"@type\":\"WebSite\",\"@id\":\"https:\/\/www.visit-ulcinj.com\/blog\/#website\",\"url\":\"https:\/\/www.visit-ulcinj.com\/blog\/\",\"name\":\"Lajme nga Ulqini\",\"description\":\"Lajme,Vijesti,Ulqini,Ulqin,Crna Gora,Mali i Zi\",\"potentialAction\":[{\"@type\":\"SearchAction\",\"target\":{\"@type\":\"EntryPoint\",\"urlTemplate\":\"https:\/\/www.visit-ulcinj.com\/blog\/?s={search_term_string}\"},\"query-input\":\"required name=search_term_string\"}],\"inLanguage\":\"en-US\"},{\"@type\":\"ImageObject\",\"inLanguage\":\"en-US\",\"@id\":\"https:\/\/www.visit-ulcinj.com\/blog\/2009\/04\/18\/mali-i-zi-kunder-shqiperise\/#primaryimage\",\"url\":\"http:\/\/www.visit-ulcinj.com\/blog\/wp-content\/uploads\/2009\/04\/sinisa-stankovic.jpg\",\"contentUrl\":\"http:\/\/www.visit-ulcinj.com\/blog\/wp-content\/uploads\/2009\/04\/sinisa-stankovic.jpg\"},{\"@type\":\"WebPage\",\"@id\":\"https:\/\/www.visit-ulcinj.com\/blog\/2009\/04\/18\/mali-i-zi-kunder-shqiperise\/#webpage\",\"url\":\"https:\/\/www.visit-ulcinj.com\/blog\/2009\/04\/18\/mali-i-zi-kunder-shqiperise\/\",\"name\":\"Centrala b\u00ebrthamore,Mali i Zi kund\u00ebr Shqip\u00ebris\u00eb - Lajme nga Ulqini\",\"isPartOf\":{\"@id\":\"https:\/\/www.visit-ulcinj.com\/blog\/#website\"},\"primaryImageOfPage\":{\"@id\":\"https:\/\/www.visit-ulcinj.com\/blog\/2009\/04\/18\/mali-i-zi-kunder-shqiperise\/#primaryimage\"},\"datePublished\":\"2009-04-18T11:57:05+00:00\",\"dateModified\":\"2009-04-18T11:59:51+00:00\",\"author\":{\"@id\":\"https:\/\/www.visit-ulcinj.com\/blog\/#\/schema\/person\/dcab619c614d3038751c63bc2aadc06d\"},\"description\":\"Mali i Zi b\u00ebri me dije se ka miratuar nj\u00eb ligj q\u00eb ndalon nd\u00ebrtimin e centraleve b\u00ebrthamore q\u00eb n\u00eb vitin 1995 dhe se ky vend nuk do t\u00eb lejoj\u00eb q\u00eb t\u00eb thyhen\",\"breadcrumb\":{\"@id\":\"https:\/\/www.visit-ulcinj.com\/blog\/2009\/04\/18\/mali-i-zi-kunder-shqiperise\/#breadcrumb\"},\"inLanguage\":\"en-US\",\"potentialAction\":[{\"@type\":\"ReadAction\",\"target\":[\"https:\/\/www.visit-ulcinj.com\/blog\/2009\/04\/18\/mali-i-zi-kunder-shqiperise\/\"]}]},{\"@type\":\"BreadcrumbList\",\"@id\":\"https:\/\/www.visit-ulcinj.com\/blog\/2009\/04\/18\/mali-i-zi-kunder-shqiperise\/#breadcrumb\",\"itemListElement\":[{\"@type\":\"ListItem\",\"position\":1,\"name\":\"Centrala b\u00ebrthamore,Mali i Zi kund\u00ebr Shqip\u00ebris\u00eb\"}]},{\"@type\":\"Person\",\"@id\":\"https:\/\/www.visit-ulcinj.com\/blog\/#\/schema\/person\/dcab619c614d3038751c63bc2aadc06d\",\"name\":\"ulqini\",\"sameAs\":[\"http:\/\/www.visit-ulcinj.com\"],\"url\":\"https:\/\/www.visit-ulcinj.com\/blog\/author\/admin\/\"}]}<\/script>\n<!-- \/ Yoast SEO plugin. -->","yoast_head_json":{"title":"Centrala b\u00ebrthamore,Mali i Zi kund\u00ebr Shqip\u00ebris\u00eb - Lajme nga Ulqini","description":"Mali i Zi b\u00ebri me dije se ka miratuar nj\u00eb ligj q\u00eb ndalon nd\u00ebrtimin e centraleve b\u00ebrthamore q\u00eb n\u00eb vitin 1995 dhe se ky vend nuk do t\u00eb lejoj\u00eb q\u00eb t\u00eb thyhen","robots":{"index":"index","follow":"follow","max-snippet":"max-snippet:-1","max-image-preview":"max-image-preview:large","max-video-preview":"max-video-preview:-1"},"canonical":"https:\/\/www.visit-ulcinj.com\/blog\/2009\/04\/18\/mali-i-zi-kunder-shqiperise\/","og_locale":"en_US","og_type":"article","og_title":"Centrala b\u00ebrthamore,Mali i Zi kund\u00ebr Shqip\u00ebris\u00eb - Lajme nga Ulqini","og_description":"Mali i Zi b\u00ebri me dije se ka miratuar nj\u00eb ligj q\u00eb ndalon nd\u00ebrtimin e centraleve b\u00ebrthamore q\u00eb n\u00eb vitin 1995 dhe se ky vend nuk do t\u00eb lejoj\u00eb q\u00eb t\u00eb thyhen","og_url":"https:\/\/www.visit-ulcinj.com\/blog\/2009\/04\/18\/mali-i-zi-kunder-shqiperise\/","og_site_name":"Lajme nga Ulqini","article_published_time":"2009-04-18T11:57:05+00:00","article_modified_time":"2009-04-18T11:59:51+00:00","og_image":[{"url":"http:\/\/www.visit-ulcinj.com\/blog\/wp-content\/uploads\/2009\/04\/sinisa-stankovic.jpg"}],"twitter_misc":{"Written by":"ulqini","Est. reading time":"1 minute"},"schema":{"@context":"https:\/\/schema.org","@graph":[{"@type":"WebSite","@id":"https:\/\/www.visit-ulcinj.com\/blog\/#website","url":"https:\/\/www.visit-ulcinj.com\/blog\/","name":"Lajme nga Ulqini","description":"Lajme,Vijesti,Ulqini,Ulqin,Crna Gora,Mali i Zi","potentialAction":[{"@type":"SearchAction","target":{"@type":"EntryPoint","urlTemplate":"https:\/\/www.visit-ulcinj.com\/blog\/?s={search_term_string}"},"query-input":"required name=search_term_string"}],"inLanguage":"en-US"},{"@type":"ImageObject","inLanguage":"en-US","@id":"https:\/\/www.visit-ulcinj.com\/blog\/2009\/04\/18\/mali-i-zi-kunder-shqiperise\/#primaryimage","url":"http:\/\/www.visit-ulcinj.com\/blog\/wp-content\/uploads\/2009\/04\/sinisa-stankovic.jpg","contentUrl":"http:\/\/www.visit-ulcinj.com\/blog\/wp-content\/uploads\/2009\/04\/sinisa-stankovic.jpg"},{"@type":"WebPage","@id":"https:\/\/www.visit-ulcinj.com\/blog\/2009\/04\/18\/mali-i-zi-kunder-shqiperise\/#webpage","url":"https:\/\/www.visit-ulcinj.com\/blog\/2009\/04\/18\/mali-i-zi-kunder-shqiperise\/","name":"Centrala b\u00ebrthamore,Mali i Zi kund\u00ebr Shqip\u00ebris\u00eb - Lajme nga Ulqini","isPartOf":{"@id":"https:\/\/www.visit-ulcinj.com\/blog\/#website"},"primaryImageOfPage":{"@id":"https:\/\/www.visit-ulcinj.com\/blog\/2009\/04\/18\/mali-i-zi-kunder-shqiperise\/#primaryimage"},"datePublished":"2009-04-18T11:57:05+00:00","dateModified":"2009-04-18T11:59:51+00:00","author":{"@id":"https:\/\/www.visit-ulcinj.com\/blog\/#\/schema\/person\/dcab619c614d3038751c63bc2aadc06d"},"description":"Mali i Zi b\u00ebri me dije se ka miratuar nj\u00eb ligj q\u00eb ndalon nd\u00ebrtimin e centraleve b\u00ebrthamore q\u00eb n\u00eb vitin 1995 dhe se ky vend nuk do t\u00eb lejoj\u00eb q\u00eb t\u00eb thyhen","breadcrumb":{"@id":"https:\/\/www.visit-ulcinj.com\/blog\/2009\/04\/18\/mali-i-zi-kunder-shqiperise\/#breadcrumb"},"inLanguage":"en-US","potentialAction":[{"@type":"ReadAction","target":["https:\/\/www.visit-ulcinj.com\/blog\/2009\/04\/18\/mali-i-zi-kunder-shqiperise\/"]}]},{"@type":"BreadcrumbList","@id":"https:\/\/www.visit-ulcinj.com\/blog\/2009\/04\/18\/mali-i-zi-kunder-shqiperise\/#breadcrumb","itemListElement":[{"@type":"ListItem","position":1,"name":"Centrala b\u00ebrthamore,Mali i Zi kund\u00ebr Shqip\u00ebris\u00eb"}]},{"@type":"Person","@id":"https:\/\/www.visit-ulcinj.com\/blog\/#\/schema\/person\/dcab619c614d3038751c63bc2aadc06d","name":"ulqini","sameAs":["http:\/\/www.visit-ulcinj.com"],"url":"https:\/\/www.visit-ulcinj.com\/blog\/author\/admin\/"}]}},"jetpack_featured_media_url":"","jetpack_sharing_enabled":true,"jetpack_shortlink":"https:\/\/wp.me\/pe6lTn-4LG","_links":{"self":[{"href":"https:\/\/www.visit-ulcinj.com\/blog\/wp-json\/wp\/v2\/posts\/18332"}],"collection":[{"href":"https:\/\/www.visit-ulcinj.com\/blog\/wp-json\/wp\/v2\/posts"}],"about":[{"href":"https:\/\/www.visit-ulcinj.com\/blog\/wp-json\/wp\/v2\/types\/post"}],"author":[{"embeddable":true,"href":"https:\/\/www.visit-ulcinj.com\/blog\/wp-json\/wp\/v2\/users\/1"}],"replies":[{"embeddable":true,"href":"https:\/\/www.visit-ulcinj.com\/blog\/wp-json\/wp\/v2\/comments?post=18332"}],"version-history":[{"count":0,"href":"https:\/\/www.visit-ulcinj.com\/blog\/wp-json\/wp\/v2\/posts\/18332\/revisions"}],"wp:attachment":[{"href":"https:\/\/www.visit-ulcinj.com\/blog\/wp-json\/wp\/v2\/media?parent=18332"}],"wp:term":[{"taxonomy":"category","embeddable":true,"href":"https:\/\/www.visit-ulcinj.com\/blog\/wp-json\/wp\/v2\/categories?post=18332"},{"taxonomy":"post_tag","embeddable":true,"href":"https:\/\/www.visit-ulcinj.com\/blog\/wp-json\/wp\/v2\/tags?post=18332"}],"curies":[{"name":"wp","href":"https:\/\/api.w.org\/{rel}","templated":true}]}}