{"id":18368,"date":"2009-04-18T21:51:35","date_gmt":"2009-04-18T19:51:35","guid":{"rendered":"http:\/\/www.visit-ulcinj.com\/blog\/?p=18368"},"modified":"2009-04-18T21:51:35","modified_gmt":"2009-04-18T19:51:35","slug":"mimoza-mendon-ti-prezantoj-motres-arjonin","status":"publish","type":"post","link":"https:\/\/www.visit-ulcinj.com\/blog\/2009\/04\/18\/mimoza-mendon-ti-prezantoj-motres-arjonin\/","title":{"rendered":"Mimoza mendon ti prezantoj motres Arjonin"},"content":{"rendered":"<p><strong><em>Mimoza mendon ti prezantoj motres Arjonin<\/em><\/strong><\/p>\n<p><strong><em><a href=\"http:\/\/www.visit-ulcinj.com\/blog\/wp-content\/uploads\/2009\/04\/mimoza-krasniqi-dhe-arjon-muca1.jpg\"><img loading=\"lazy\" class=\"alignleft size-full wp-image-18373\" title=\"mimoza-krasniqi-dhe-arjon-muca-big-brother-albania-2\" src=\"http:\/\/www.visit-ulcinj.com\/blog\/wp-content\/uploads\/2009\/04\/mimoza-krasniqi-dhe-arjon-muca1.jpg\" alt=\"mimoza-krasniqi-dhe-arjon-muca-big-brother-albania-2\" width=\"686\" height=\"294\" \/><\/a><\/em><\/strong><\/p>\n<p>T\u00eb shtrir\u00eb n\u00eb krevat Aida, Moza, Arjoni dhe Anjeza, djali duke u ndjer\u00eb si pasha, u kujtua p\u00ebr dit\u00ebt e para t\u00eb q\u00ebndrimit n\u00eb sht\u00ebpi kur ai iu afrua Moz\u00ebs. Madje djaloshi simpatik vlonjat, me t\u00eb qeshur kujtoi faktin apo m\u00eb mir\u00eb t\u00eb themi premtimin q\u00eb dikur Moza i pati b\u00ebr\u00eb atij. N\u00eb dit\u00ebt e para kur hyn\u00eb n\u00eb \u201cBig Brother\u201d, Moza duke dashur ta largoj\u00eb me kujdes v\u00ebmendjen e djalit, i pati premtuar atij se do t\u2019i prezantonte motrat e veta q\u00eb sipas saj ishin shum\u00eb t\u00eb bukura. Tani q\u00eb kan\u00eb kaluar shum\u00eb jav\u00eb pas k\u00ebtij premtimi, Arjoni me t\u00eb qeshur ia kujtoi episodin Moz\u00ebs, duke i th\u00ebn\u00eb se ai e kishte kuptuar q\u00eb at\u00ebher\u00eb se ajo kishte dashur ta largonte nga vetja.<\/p>\n","protected":false},"excerpt":{"rendered":"<p>Mimoza mendon ti prezantoj motres Arjonin T\u00eb shtrir\u00eb n\u00eb krevat Aida, Moza, Arjoni dhe Anjeza, djali duke u ndjer\u00eb si pasha, u kujtua p\u00ebr dit\u00ebt e para t\u00eb q\u00ebndrimit n\u00eb sht\u00ebpi kur ai iu afrua Moz\u00ebs. Madje djaloshi simpatik vlonjat, me t\u00eb qeshur kujtoi faktin apo m\u00eb mir\u00eb t\u00eb themi premtimin q\u00eb dikur Moza i [&hellip;]<\/p>\n","protected":false},"author":1,"featured_media":0,"comment_status":"open","ping_status":"closed","sticky":false,"template":"","format":"standard","meta":{"spay_email":"","jetpack_publicize_message":"","jetpack_is_tweetstorm":false,"jetpack_publicize_feature_enabled":true},"categories":[6502],"tags":[6525,5057,6506,6516,6712,7129,9348,6544,9349,7302,6891,6693,6887],"jetpack_publicize_connections":[],"yoast_head":"<!-- This site is optimized with the Yoast SEO plugin v19.1 - https:\/\/yoast.com\/wordpress\/plugins\/seo\/ -->\n<title>Mimoza mendon ti prezantoj motres Arjonin | Big Brother Albania 2<\/title>\n<meta name=\"description\" content=\"Big Brother Albania 2 - T\u00c3\u00ab shtrir\u00c3\u00ab n\u00c3\u00ab krevat Aida, Moza, Arjoni dhe Anjeza, djali duke u ndjer\u00c3\u00ab si pasha, u kujtua p\u00c3\u00abr dit\u00c3\u00abt e para t\u00c3\u00ab q\u00c3\u00abndrimit n\u00c3\u00ab sht\u00c3\u00abpi kur ai iu afrua Moz\u00c3\u00abs.\" \/>\n<meta name=\"robots\" content=\"index, follow, max-snippet:-1, max-image-preview:large, max-video-preview:-1\" \/>\n<link rel=\"canonical\" href=\"https:\/\/www.visit-ulcinj.com\/blog\/2009\/04\/18\/mimoza-mendon-ti-prezantoj-motres-arjonin\/\" \/>\n<meta property=\"og:locale\" content=\"en_US\" \/>\n<meta property=\"og:type\" content=\"article\" \/>\n<meta property=\"og:title\" content=\"Mimoza mendon ti prezantoj motres Arjonin | Big Brother Albania 2\" \/>\n<meta property=\"og:description\" content=\"Big Brother Albania 2 - T\u00c3\u00ab shtrir\u00c3\u00ab n\u00c3\u00ab krevat Aida, Moza, Arjoni dhe Anjeza, djali duke u ndjer\u00c3\u00ab si pasha, u kujtua p\u00c3\u00abr dit\u00c3\u00abt e para t\u00c3\u00ab q\u00c3\u00abndrimit n\u00c3\u00ab sht\u00c3\u00abpi kur ai iu afrua Moz\u00c3\u00abs.\" \/>\n<meta property=\"og:url\" content=\"https:\/\/www.visit-ulcinj.com\/blog\/2009\/04\/18\/mimoza-mendon-ti-prezantoj-motres-arjonin\/\" \/>\n<meta property=\"og:site_name\" content=\"Lajme nga Ulqini\" \/>\n<meta property=\"article:published_time\" content=\"2009-04-18T19:51:35+00:00\" \/>\n<meta property=\"og:image\" content=\"http:\/\/www.visit-ulcinj.com\/blog\/wp-content\/uploads\/2009\/04\/mimoza-krasniqi-dhe-arjon-muca1.jpg\" \/>\n<meta name=\"twitter:label1\" content=\"Written by\" \/>\n\t<meta name=\"twitter:data1\" content=\"ulqini\" \/>\n\t<meta name=\"twitter:label2\" content=\"Est. reading time\" \/>\n\t<meta name=\"twitter:data2\" content=\"1 minute\" \/>\n<script type=\"application\/ld+json\" class=\"yoast-schema-graph\">{\"@context\":\"https:\/\/schema.org\",\"@graph\":[{\"@type\":\"WebSite\",\"@id\":\"https:\/\/www.visit-ulcinj.com\/blog\/#website\",\"url\":\"https:\/\/www.visit-ulcinj.com\/blog\/\",\"name\":\"Lajme nga Ulqini\",\"description\":\"Lajme,Vijesti,Ulqini,Ulqin,Crna Gora,Mali i Zi\",\"potentialAction\":[{\"@type\":\"SearchAction\",\"target\":{\"@type\":\"EntryPoint\",\"urlTemplate\":\"https:\/\/www.visit-ulcinj.com\/blog\/?s={search_term_string}\"},\"query-input\":\"required name=search_term_string\"}],\"inLanguage\":\"en-US\"},{\"@type\":\"ImageObject\",\"inLanguage\":\"en-US\",\"@id\":\"https:\/\/www.visit-ulcinj.com\/blog\/2009\/04\/18\/mimoza-mendon-ti-prezantoj-motres-arjonin\/#primaryimage\",\"url\":\"http:\/\/www.visit-ulcinj.com\/blog\/wp-content\/uploads\/2009\/04\/mimoza-krasniqi-dhe-arjon-muca1.jpg\",\"contentUrl\":\"http:\/\/www.visit-ulcinj.com\/blog\/wp-content\/uploads\/2009\/04\/mimoza-krasniqi-dhe-arjon-muca1.jpg\"},{\"@type\":\"WebPage\",\"@id\":\"https:\/\/www.visit-ulcinj.com\/blog\/2009\/04\/18\/mimoza-mendon-ti-prezantoj-motres-arjonin\/#webpage\",\"url\":\"https:\/\/www.visit-ulcinj.com\/blog\/2009\/04\/18\/mimoza-mendon-ti-prezantoj-motres-arjonin\/\",\"name\":\"Mimoza mendon ti prezantoj motres Arjonin | Big Brother Albania 2\",\"isPartOf\":{\"@id\":\"https:\/\/www.visit-ulcinj.com\/blog\/#website\"},\"primaryImageOfPage\":{\"@id\":\"https:\/\/www.visit-ulcinj.com\/blog\/2009\/04\/18\/mimoza-mendon-ti-prezantoj-motres-arjonin\/#primaryimage\"},\"datePublished\":\"2009-04-18T19:51:35+00:00\",\"dateModified\":\"2009-04-18T19:51:35+00:00\",\"author\":{\"@id\":\"https:\/\/www.visit-ulcinj.com\/blog\/#\/schema\/person\/dcab619c614d3038751c63bc2aadc06d\"},\"description\":\"Big Brother Albania 2 - T\u00c3\u00ab shtrir\u00c3\u00ab n\u00c3\u00ab krevat Aida, Moza, Arjoni dhe Anjeza, djali duke u ndjer\u00c3\u00ab si pasha, u kujtua p\u00c3\u00abr dit\u00c3\u00abt e para t\u00c3\u00ab q\u00c3\u00abndrimit n\u00c3\u00ab sht\u00c3\u00abpi kur ai iu afrua Moz\u00c3\u00abs.\",\"breadcrumb\":{\"@id\":\"https:\/\/www.visit-ulcinj.com\/blog\/2009\/04\/18\/mimoza-mendon-ti-prezantoj-motres-arjonin\/#breadcrumb\"},\"inLanguage\":\"en-US\",\"potentialAction\":[{\"@type\":\"ReadAction\",\"target\":[\"https:\/\/www.visit-ulcinj.com\/blog\/2009\/04\/18\/mimoza-mendon-ti-prezantoj-motres-arjonin\/\"]}]},{\"@type\":\"BreadcrumbList\",\"@id\":\"https:\/\/www.visit-ulcinj.com\/blog\/2009\/04\/18\/mimoza-mendon-ti-prezantoj-motres-arjonin\/#breadcrumb\",\"itemListElement\":[{\"@type\":\"ListItem\",\"position\":1,\"name\":\"Mimoza mendon ti prezantoj motres Arjonin\"}]},{\"@type\":\"Person\",\"@id\":\"https:\/\/www.visit-ulcinj.com\/blog\/#\/schema\/person\/dcab619c614d3038751c63bc2aadc06d\",\"name\":\"ulqini\",\"sameAs\":[\"http:\/\/www.visit-ulcinj.com\"],\"url\":\"https:\/\/www.visit-ulcinj.com\/blog\/author\/admin\/\"}]}<\/script>\n<!-- \/ Yoast SEO plugin. -->","yoast_head_json":{"title":"Mimoza mendon ti prezantoj motres Arjonin | Big Brother Albania 2","description":"Big Brother Albania 2 - T\u00c3\u00ab shtrir\u00c3\u00ab n\u00c3\u00ab krevat Aida, Moza, Arjoni dhe Anjeza, djali duke u ndjer\u00c3\u00ab si pasha, u kujtua p\u00c3\u00abr dit\u00c3\u00abt e para t\u00c3\u00ab q\u00c3\u00abndrimit n\u00c3\u00ab sht\u00c3\u00abpi kur ai iu afrua Moz\u00c3\u00abs.","robots":{"index":"index","follow":"follow","max-snippet":"max-snippet:-1","max-image-preview":"max-image-preview:large","max-video-preview":"max-video-preview:-1"},"canonical":"https:\/\/www.visit-ulcinj.com\/blog\/2009\/04\/18\/mimoza-mendon-ti-prezantoj-motres-arjonin\/","og_locale":"en_US","og_type":"article","og_title":"Mimoza mendon ti prezantoj motres Arjonin | Big Brother Albania 2","og_description":"Big Brother Albania 2 - T\u00c3\u00ab shtrir\u00c3\u00ab n\u00c3\u00ab krevat Aida, Moza, Arjoni dhe Anjeza, djali duke u ndjer\u00c3\u00ab si pasha, u kujtua p\u00c3\u00abr dit\u00c3\u00abt e para t\u00c3\u00ab q\u00c3\u00abndrimit n\u00c3\u00ab sht\u00c3\u00abpi kur ai iu afrua Moz\u00c3\u00abs.","og_url":"https:\/\/www.visit-ulcinj.com\/blog\/2009\/04\/18\/mimoza-mendon-ti-prezantoj-motres-arjonin\/","og_site_name":"Lajme nga Ulqini","article_published_time":"2009-04-18T19:51:35+00:00","og_image":[{"url":"http:\/\/www.visit-ulcinj.com\/blog\/wp-content\/uploads\/2009\/04\/mimoza-krasniqi-dhe-arjon-muca1.jpg"}],"twitter_misc":{"Written by":"ulqini","Est. reading time":"1 minute"},"schema":{"@context":"https:\/\/schema.org","@graph":[{"@type":"WebSite","@id":"https:\/\/www.visit-ulcinj.com\/blog\/#website","url":"https:\/\/www.visit-ulcinj.com\/blog\/","name":"Lajme nga Ulqini","description":"Lajme,Vijesti,Ulqini,Ulqin,Crna Gora,Mali i Zi","potentialAction":[{"@type":"SearchAction","target":{"@type":"EntryPoint","urlTemplate":"https:\/\/www.visit-ulcinj.com\/blog\/?s={search_term_string}"},"query-input":"required name=search_term_string"}],"inLanguage":"en-US"},{"@type":"ImageObject","inLanguage":"en-US","@id":"https:\/\/www.visit-ulcinj.com\/blog\/2009\/04\/18\/mimoza-mendon-ti-prezantoj-motres-arjonin\/#primaryimage","url":"http:\/\/www.visit-ulcinj.com\/blog\/wp-content\/uploads\/2009\/04\/mimoza-krasniqi-dhe-arjon-muca1.jpg","contentUrl":"http:\/\/www.visit-ulcinj.com\/blog\/wp-content\/uploads\/2009\/04\/mimoza-krasniqi-dhe-arjon-muca1.jpg"},{"@type":"WebPage","@id":"https:\/\/www.visit-ulcinj.com\/blog\/2009\/04\/18\/mimoza-mendon-ti-prezantoj-motres-arjonin\/#webpage","url":"https:\/\/www.visit-ulcinj.com\/blog\/2009\/04\/18\/mimoza-mendon-ti-prezantoj-motres-arjonin\/","name":"Mimoza mendon ti prezantoj motres Arjonin | Big Brother Albania 2","isPartOf":{"@id":"https:\/\/www.visit-ulcinj.com\/blog\/#website"},"primaryImageOfPage":{"@id":"https:\/\/www.visit-ulcinj.com\/blog\/2009\/04\/18\/mimoza-mendon-ti-prezantoj-motres-arjonin\/#primaryimage"},"datePublished":"2009-04-18T19:51:35+00:00","dateModified":"2009-04-18T19:51:35+00:00","author":{"@id":"https:\/\/www.visit-ulcinj.com\/blog\/#\/schema\/person\/dcab619c614d3038751c63bc2aadc06d"},"description":"Big Brother Albania 2 - T\u00c3\u00ab shtrir\u00c3\u00ab n\u00c3\u00ab krevat Aida, Moza, Arjoni dhe Anjeza, djali duke u ndjer\u00c3\u00ab si pasha, u kujtua p\u00c3\u00abr dit\u00c3\u00abt e para t\u00c3\u00ab q\u00c3\u00abndrimit n\u00c3\u00ab sht\u00c3\u00abpi kur ai iu afrua Moz\u00c3\u00abs.","breadcrumb":{"@id":"https:\/\/www.visit-ulcinj.com\/blog\/2009\/04\/18\/mimoza-mendon-ti-prezantoj-motres-arjonin\/#breadcrumb"},"inLanguage":"en-US","potentialAction":[{"@type":"ReadAction","target":["https:\/\/www.visit-ulcinj.com\/blog\/2009\/04\/18\/mimoza-mendon-ti-prezantoj-motres-arjonin\/"]}]},{"@type":"BreadcrumbList","@id":"https:\/\/www.visit-ulcinj.com\/blog\/2009\/04\/18\/mimoza-mendon-ti-prezantoj-motres-arjonin\/#breadcrumb","itemListElement":[{"@type":"ListItem","position":1,"name":"Mimoza mendon ti prezantoj motres Arjonin"}]},{"@type":"Person","@id":"https:\/\/www.visit-ulcinj.com\/blog\/#\/schema\/person\/dcab619c614d3038751c63bc2aadc06d","name":"ulqini","sameAs":["http:\/\/www.visit-ulcinj.com"],"url":"https:\/\/www.visit-ulcinj.com\/blog\/author\/admin\/"}]}},"jetpack_featured_media_url":"","jetpack_sharing_enabled":true,"jetpack_shortlink":"https:\/\/wp.me\/pe6lTn-4Mg","_links":{"self":[{"href":"https:\/\/www.visit-ulcinj.com\/blog\/wp-json\/wp\/v2\/posts\/18368"}],"collection":[{"href":"https:\/\/www.visit-ulcinj.com\/blog\/wp-json\/wp\/v2\/posts"}],"about":[{"href":"https:\/\/www.visit-ulcinj.com\/blog\/wp-json\/wp\/v2\/types\/post"}],"author":[{"embeddable":true,"href":"https:\/\/www.visit-ulcinj.com\/blog\/wp-json\/wp\/v2\/users\/1"}],"replies":[{"embeddable":true,"href":"https:\/\/www.visit-ulcinj.com\/blog\/wp-json\/wp\/v2\/comments?post=18368"}],"version-history":[{"count":0,"href":"https:\/\/www.visit-ulcinj.com\/blog\/wp-json\/wp\/v2\/posts\/18368\/revisions"}],"wp:attachment":[{"href":"https:\/\/www.visit-ulcinj.com\/blog\/wp-json\/wp\/v2\/media?parent=18368"}],"wp:term":[{"taxonomy":"category","embeddable":true,"href":"https:\/\/www.visit-ulcinj.com\/blog\/wp-json\/wp\/v2\/categories?post=18368"},{"taxonomy":"post_tag","embeddable":true,"href":"https:\/\/www.visit-ulcinj.com\/blog\/wp-json\/wp\/v2\/tags?post=18368"}],"curies":[{"name":"wp","href":"https:\/\/api.w.org\/{rel}","templated":true}]}}