{"id":18419,"date":"2009-04-19T11:19:29","date_gmt":"2009-04-19T09:19:29","guid":{"rendered":"http:\/\/www.visit-ulcinj.com\/blog\/?p=18419"},"modified":"2009-04-20T17:17:12","modified_gmt":"2009-04-20T15:17:12","slug":"ulqini-dhe-shkodra-jo-ndertimit-te-centralit-berthamor","status":"publish","type":"post","link":"https:\/\/www.visit-ulcinj.com\/blog\/2009\/04\/19\/ulqini-dhe-shkodra-jo-ndertimit-te-centralit-berthamor\/","title":{"rendered":"Ulqini dhe Shkodra: &#8220;Jo&#8221; nd\u00ebrtimit t\u00eb centralit b\u00ebrthamor"},"content":{"rendered":"<p><a href=\"http:\/\/www.visit-ulcinj.com\/blog\/wp-content\/uploads\/2009\/04\/posterat-kunder-centralit-nuklear1.jpg\"><img loading=\"lazy\" class=\"alignleft size-full wp-image-18570\" title=\"posterat-kunder-centralit-nuklear1\" src=\"http:\/\/www.visit-ulcinj.com\/blog\/wp-content\/uploads\/2009\/04\/posterat-kunder-centralit-nuklear1.jpg\" alt=\"posterat-kunder-centralit-nuklear1\" width=\"570\" height=\"320\" \/><\/a>Lajmi se n\u00eb Shkod\u00ebr do t\u00eb nd\u00ebrtohet nj\u00eb central b\u00ebrthamor, i b\u00ebr\u00eb publik vet\u00ebm pak dit\u00eb m\u00eb par\u00eb, ka ngjallur nj\u00eb reagim shum\u00eb t\u00eb madh tek shkodran\u00ebt. Nd\u00ebrsa jan\u00eb kund\u00ebr nd\u00ebrtimit t\u00eb k\u00ebtij centrali, shkodran\u00ebt pohojn\u00eb se nuk do t\u00eb lejojn\u00eb n\u00eb asnj\u00eb m\u00ebnyr\u00eb nd\u00ebrtimin e k\u00ebtij centrali, pasi ai do t\u00eb thot\u00eb vdekje p\u00ebr f\u00ebmij\u00ebt e tyre dhe shkat\u00ebrrim t\u00eb qytetit. Mesdit\u00ebn e djeshme, qendra e qytetit verior ishte mbushur me postera kund\u00ebr nd\u00ebrtimit t\u00eb k\u00ebtij impianti gjigand vdekjeprur\u00ebs.<\/p>\n<p>Posteri, n\u00eb t\u00eb cilin dominon ngjyra e zez\u00eb, \u00ebsht\u00eb nj\u00eb thirrje qytetare kund\u00ebr zbatimit t\u00eb projektit. N\u00eb t\u00eb shkruhet: Ndal centralit nuklear n\u00eb Shkod\u00ebr! Ndal Bomb\u00ebs Atomike! Ndal Vdekjes! Ndal shkat\u00ebrrimit t\u00eb qytetit ton\u00eb! Ndal Radioaktivitetit! Ndal vdekjes s\u00eb parakohshme dhe lindjes s\u00eb f\u00ebmij\u00ebve me deformime! Bashkohu q\u00eb t\u00eb ndalosh kancerin ne qytetin ton\u00eb! Posteri ka dhe disa foto me f\u00ebmij\u00eb me deformime fizike, shp\u00ebrthime etj.<\/p>\n<p>&#8220;Jemi shum\u00eb kurioz t\u00eb d\u00ebgjojm\u00eb Sali Berish\u00ebn sesi do t\u00eb justifikoj\u00eb k\u00ebt\u00eb vendim. Ende shpresojm\u00eb q\u00eb kjo t\u00eb jet\u00eb vet\u00ebm nj\u00eb ide e pamenduar mir\u00eb. P\u00ebrndryshe, kryeministri nuk e di sesi mund t\u00eb justifikoj\u00eb k\u00ebt\u00eb fakt. I b\u00ebjm\u00eb thirrje Berish\u00ebs q\u00eb n\u00eb prag t\u00eb zgjedhjeve mos t\u00eb b\u00ebj\u00eb nj\u00eb gabim q\u00eb mund t&#8217;i kushtoj\u00eb shum\u00eb shtrenjt\u00eb&#8221;, &#8211; shprehen disa banor\u00eb t\u00eb qytetit t\u00eb Shkodr\u00ebs. Zyrtar\u00ebt kroat konfirmojn\u00eb marr\u00ebveshjen q\u00eb \u00ebsht\u00eb firmosur me Shqip\u00ebrin\u00eb p\u00ebr nd\u00ebrtimin e nj\u00eb impianti t\u00eb p\u00ebrbashk\u00ebt b\u00ebrthamor\u00eb n\u00eb Shqip\u00ebri, af\u00ebr kufirit me Malin e Zi.<\/p>\n<p>Z\u00ebdh\u00ebn\u00ebsi i ministrit kroat t\u00eb Ekonomis\u00eb, Tomoslav Mazal, i tha televizionit t\u00eb Podgoric\u00ebs &#8220;Vijesti&#8221;, se qeverit\u00eb e dy vendeve kan\u00eb formuar nj\u00eb grup pune prej 5 ekspert\u00ebsh, t\u00eb cil\u00ebt kan\u00eb si detyr\u00eb q\u00eb t\u00eb zbatojn\u00eb nga ana teknike k\u00ebt\u00eb projekt t\u00eb madh.<\/p>\n<p>Mediat kroate kan\u00eb njoftuar m\u00eb par\u00eb se kontrata \u00ebsht\u00eb firmosur mes kryeministrit shqiptar, Sali Berisha dhe kryeministrit kroat, Ivo Sanader. Impianti do t\u00eb nd\u00ebrtohet af\u00ebr Shkodr\u00ebs, aty ku lumi i Bun\u00ebs buron nga liqeni i Shkodr\u00ebs n\u00eb detin Adriatik, af\u00ebr kufirit me Malin e Zi. Sipas medias s\u00eb Podgoric\u00ebs, impianti do t\u00eb kushtoj\u00eb 4 miliard\u00eb euro dhe do t\u00eb ket\u00eb kapacitet 1500 megavat. M\u00ebsohet se nd\u00ebrtimi i impiantit do t\u00eb b\u00ebhet nga kompania shtet\u00ebrore elektrike kroate, &#8220;HEP&#8221;, ndaj dhe pjesa m\u00eb e madhe e energjis\u00eb s\u00eb prodhuar do t\u00eb shkoj\u00eb n\u00eb Kroaci.<\/p>\n<p>Ekspert\u00ebt malazeze japin alarmin p\u00ebr rrezikun e madh q\u00eb sjell nd\u00ebrtimi i centralit b\u00ebrthamor p\u00ebr liqenin e Shkodr\u00ebs dhe t\u00eb gjith\u00eb zon\u00ebn. Eksperti i nd\u00ebrtimeve, Cedomir Cejovi\u00e7, ka paralajm\u00ebruar p\u00ebr rreziqet e nd\u00ebrtimit t\u00eb nj\u00eb impianti t\u00eb till\u00eb n\u00eb nj\u00eb zon\u00eb q\u00eb njihet p\u00ebr aktivitetin sizmik. &#8220;Riviera jon\u00eb \u00ebsht\u00eb 30 kilometra larg atij rajoni, \u00e7do incident do t\u00eb fshinte qytete t\u00eb t\u00ebra nga harta. Liqeni i Shkodr\u00ebs, edhe pa incidente do t\u00eb vihej n\u00eb rrezik nga puna e impiantit, pasi temperatura do t\u00eb rritet n\u00eb disa grad\u00eb. Kjo do t\u00eb shkat\u00ebrronte jet\u00ebn e gjallesave n\u00eb k\u00ebt\u00eb liqen&#8221;, &#8211; paralajm\u00ebron ky ekspert, i cituar nga radio serbe &#8220;B92&#8221;. Nd\u00ebrkoh\u00eb, nga pala shqiptare ende nuk ka ndonj\u00eb koment p\u00ebr rreziqet e nd\u00ebrtimit t\u00eb k\u00ebtij impianti.<\/p>\n<p><strong>(s.g\/GSH\/BalkanWeb)<\/strong><\/p>\n<!--YouTube Error: bad URL entered-->\n<p><a href=\"http:\/\/www.gif-anime-gratuit.com\/gif-anime-gratuit\/webmaster\/ligne\/ligne_feu006.gif\"><img loading=\"lazy\" class=\"alignnone\" src=\"http:\/\/www.gif-anime-gratuit.com\/gif-anime-gratuit\/webmaster\/ligne\/ligne_feu006.gif\" alt=\"\" width=\"480\" height=\"80\" \/><\/a><\/p>\n<p><strong>Shkod\u00ebr, postera n\u00eb qytet kund\u00ebr centralit b\u00ebrthamor<\/strong><\/p>\n<p>Shkodra kund\u00ebr centralit b\u00ebrthamor buz\u00eb liqenit. Pas publikimit n\u00eb mediat kroate t\u00eb nj\u00eb projekti t\u00eb af\u00ebrt p\u00ebr nd\u00ebrtimin n\u00eb qytetin e Shkodr\u00ebs, dje qyteti \u00ebsht\u00eb mbuluar me thirrje kund\u00ebr tij. Persona q\u00eb kan\u00eb mbetur anonim\u00eb mbush\u00ebn m\u00ebngjesin e djesh\u00ebm rrug\u00ebt me postera ku shkruhej me germa t\u00eb m\u00ebdha &#8220;Ndal vdekjes&#8221;, &#8220;Ndal Centralit Nuklear n\u00eb Shkod\u00ebr&#8221;, &#8220;Ndal Bomb\u00ebs Atomike&#8221;. Me an\u00eb t\u00eb k\u00ebtyre posterave paralajm\u00ebrohej nj\u00eb protest\u00eb n\u00eb t\u00eb ardhmen, kund\u00ebr nd\u00ebrtimit t\u00eb centralit b\u00ebrthamor n\u00eb qytetin m\u00eb t\u00eb madh n\u00eb veri t\u00eb vendit. Ende nuk dihet se cila \u00ebsht\u00eb organizata apo individ\u00ebt q\u00eb kan\u00eb b\u00ebr\u00eb ngjitjen e parrullave anticentral b\u00ebrthamor. N\u00eb poster jan\u00eb vendosur dhe disa foto, ku pasqyrohen f\u00ebmij\u00eb me deformime fizike, shp\u00ebrthime, etj. Lajmi se n\u00eb Shkod\u00ebr do t\u00eb nd\u00ebrtohet nj\u00eb central b\u00ebrthamor, bazuar te nj\u00eb bised\u00eb mes kryeministrit kroat e atij shqiptar, Berisha, ka ngjallur reagim t\u00eb fort\u00eb te shkodran\u00ebt. Jo vet\u00ebm posterat, por dhe qytetar\u00eb t\u00eb pyetur dje pohojn\u00eb se jan\u00eb kund\u00ebr nd\u00ebrtimit t\u00eb k\u00ebtij centrali. Ata thon\u00eb se nuk do t\u00eb lejojn\u00eb n\u00eb asnj\u00eb m\u00ebnyr\u00eb nd\u00ebrtimin e k\u00ebtij centrali, pasi do t\u00eb thoshte vdekje p\u00ebr f\u00ebmij\u00ebt e tyre dhe shkat\u00ebrrim t\u00eb qytetit. Por, t\u00eb tjer\u00eb e cil\u00ebsonin spekulim t\u00eb mediave nj\u00eb lajm t\u00eb till\u00eb, ndaj dhe s\u00eb shpejti presin t\u00eb d\u00ebgjojn\u00eb kreun e qeveris\u00eb, Sali Berisha p\u00ebr t\u00eb m\u00ebsuar m\u00eb shum\u00eb n\u00eb lidhje me k\u00ebt\u00eb fakt. Nga mediat \u00ebsht\u00eb m\u00ebsuar se gjat\u00eb takimit q\u00eb Berisha zhvilloi n\u00eb Kroaci muajin e shkuar \u00ebsht\u00eb biseduar me homologun e tij kroat, Ivo Sander, p\u00ebr t\u00eb ngritur nj\u00eb central b\u00ebrthamor, n\u00eb af\u00ebrsi t\u00eb liqenit t\u00eb Shkodr\u00ebs, n\u00eb kufi me Malin e Zi. Madje, po sipas mediave kroate theksohej fakti se marr\u00ebveshja do t\u00eb n\u00ebnshkruhej brenda k\u00ebtij muaji. Sipas t\u00eb nj\u00ebjtave burime, centrali do t\u00eb kushtoj\u00eb rreth 4 miliard\u00eb euro, nd\u00ebrsa kapaciteti i tij do t\u00eb jet\u00eb rreth 1.500 megavat\u00eb. Nd\u00ebrtimi mendohet t&#8217;i besohet &#8220;Elektroekonomis\u00eb kroate&#8221; dhe pjesa m\u00eb e madhe e energjis\u00eb s\u00eb prodhuar do t\u00eb shkoj\u00eb n\u00eb Kroaci. Nga ana e tyre, autoritetet n\u00eb Podgoric\u00eb thon\u00eb se nuk kan\u00eb marr\u00eb ftes\u00eb p\u00ebr pjes\u00ebmarrje n\u00eb projektin p\u00ebr nd\u00ebrtimin e centralit b\u00ebrthamor n\u00eb brigjet e liqenit t\u00eb Shkodr\u00ebs, nj\u00eb pjes\u00eb e t\u00eb cilit ndodhet n\u00eb territorin e Malit t\u00eb Zi. Ministria malazeze e Turizmit dhe Mjedisit Jet\u00ebsor kujton se n\u00eb Mal t\u00eb Zi ka nj\u00eb ligj q\u00eb e ndalon nd\u00ebrtimin e objekteve b\u00ebrthamore, miratuar n\u00eb vitin 1995.<\/p>\n<p><strong>Ritvan Dibra, Panorama <\/strong><\/p>\n<p><a href=\"http:\/\/www.gif-anime-gratuit.com\/gif-anime-gratuit\/webmaster\/ligne\/ligne_feu005.gif\"><img loading=\"lazy\" class=\"alignnone\" src=\"http:\/\/www.gif-anime-gratuit.com\/gif-anime-gratuit\/webmaster\/ligne\/ligne_feu005.gif\" alt=\"\" width=\"435\" height=\"30\" \/><\/a><\/p>\n<p><strong>Shkodran\u00ebt kund\u00ebr ngritjes s\u00eb centralit b\u00ebrthamor<\/strong><\/p>\n<p>Mediat malazeze kan\u00eb ndikuar n\u00eb zgjimin e shkodran\u00ebve kund\u00ebr marr\u00ebveshjes Shqip\u00ebri \u2013Kroaci p\u00ebr nd\u00ebrtimit t\u00eb centralit b\u00ebrthamor n\u00eb gryk\u00ebderdhje t\u00eb lumit Buna. Q\u00eb nga dita e djeshme lokalet kan\u00eb pasur si tem\u00eb kryesore k\u00ebt\u00eb central q\u00eb konsiderohet nga shkodran\u00ebt si fundi i zon\u00ebs s\u00eb Shkodr\u00ebs. Nd\u00ebrsa q\u00eb n\u00eb or\u00ebt e para t\u00eb m\u00ebngjesit t\u00eb djesh\u00ebm djem e vajza t\u00eb reja kan\u00eb vendosur, n\u00eb pika t\u00eb dukshme t\u00eb rrug\u00ebve kryesore t\u00eb qytetit, postera hijer\u00ebnd\u00eb me pamje rr\u00ebqeth\u00ebse, me an\u00eb t\u00eb t\u00eb cilave u thuhej stop nd\u00ebrtimit t\u00eb centralit b\u00ebrthamor n\u00eb Shkod\u00ebr. \u201cN\u00eb k\u00ebto postera ku dalloheshin f\u00ebmij\u00eb me deformime fizike shkruhej qart\u00eb dhe prerazi: Ndal Centralit Nuklear n\u00eb Shkod\u00ebr! Ndal Bomb\u00ebs Atomike! Ndal Vdekjes! Ndal shkat\u00ebrrimit t\u00eb qytetit ton\u00eb! Ndal Radioaktivitetit! Ndal vdekjes s\u00eb parakohshme dhe lindjes s\u00eb f\u00ebmij\u00ebve me deformime! Bashkohu q\u00eb t\u00eb ndalosh kancerin ne qytetin ton\u00eb! N\u00ebnshkrimi i marr\u00ebveshjes p\u00ebr nd\u00ebrtimin e nj\u00eb centrali t\u00eb p\u00ebrbashk\u00ebt b\u00ebrthamor n\u00eb gryk\u00ebderdhje t\u00eb lumit Buna pritet t\u00eb realizohet m\u00eb dat\u00eb 28 prill, nd\u00ebrmjet Kryeministrit t\u00eb Shqip\u00ebris\u00eb Berisha dhe atij t\u00eb Kroacis\u00eb, Ivo Sanader. Vendi ku parashikohet t\u00eb nd\u00ebrtohet centrali b\u00ebrthamor ndodhet n\u00eb kufirin ujor mes Shkodr\u00ebs dhe Malit t\u00eb Zi. Mediat malazeze kan\u00eb trumbetuar me t\u00eb madhe se Qeveria e Malit t\u00eb Zi \u00ebsht\u00eb kund\u00ebr nd\u00ebrtimit t\u00eb nj\u00eb centrali b\u00ebrthamor n\u00eb uj\u00ebrat e p\u00ebrbashk\u00ebta q\u00eb kan\u00eb me Shkodr\u00ebn.<\/p>\n<p><strong>Metropol <\/strong><\/p>\n<p><a href=\"http:\/\/www.gif-anime-gratuit.com\/gif-anime-gratuit\/webmaster\/ligne\/ligne_feu005.gif\"><img loading=\"lazy\" class=\"alignnone\" src=\"http:\/\/www.gif-anime-gratuit.com\/gif-anime-gratuit\/webmaster\/ligne\/ligne_feu005.gif\" alt=\"\" width=\"435\" height=\"30\" \/><\/a><\/p>\n<p><strong><\/strong><\/p>\n<p><strong>Shkodra, kunder centralit berthamor<\/strong><\/p>\n<p>Shkoder- Ndertimi i nje centrali berthamor ne afersi te Shkodres dhe ne kufi me Malin e Zi ka zgjuar revolten e qytetareve, te cilet ndihen gati te tradhtuar nga pushtetaret. Tema e centralit eshte kthyer ne kryefjalen e dites. Nenshkrimi i marreveshjes per ndertimin e centralit te perbashket berthamor me Kroacine ne grykederdhje te lumit Bune, pritet te realizohet me date 28 prill, ndermjet kryeministrit te Shqiperise, Sali Berisha dhe atij te Kroacise, Ivo Sanader. Vendi ku parashikohet te ndertohet vepra madhore ndodhet ne kufirin ujor, mes Shkodres dhe Malit te Zi. Mediat malazeze kane trumbetuar me te madhe, se qeveria eshte kunder ndertimit te nje centrali berthamor ne ujerat e perbashketa qe kane me Shkodren. Nderkohe qe diten e djeshme jane shperndare edhe shume postera me mbishkrime te ndryshme, qe paralajmeronin me parullat &#8220;Rrezik vdekje&#8221; se ishin kunder ngritjes se objektit, qe per ta do te thote vdekje per femijet e tyre dhe shkaterrim te qytetit.<\/p>\n<p><strong>Reagimi<\/strong><\/p>\n<p>Gjithe rruget qendrore te Shkodres, prej dy ditesh jane tejmbushur me postera me madhesi relativisht te vogel, me format A4, te shperndara nga grupe studentesh dhe nxenesish te shkollave te mesme. Organizatoret nuk jane deklaruar publikisht dhe ende nuk dihen emrat e tyre, apo se kush ndermori iniciativen, pasi ne to nuk jepet asnje e dhene per shoqate apo forum. Mesditen e djeshme, ne dyert e shtepive ne te gjithe qytetin, jane shperndare disa letra ku shpjegohej edhe me qarte rreziku i centralit berthamor. Posterat jane vendosur ne vende te dukshme, ku shkruhet nder te tjera; &#8220;Ndal centralit nuklear ne Shkoder!&#8221;, &#8220;Ndal Bombes Atomike!&#8221;, &#8220;Ndal Vdekjes!&#8221;, &#8220;Ndal shkaterrimit te qytetit tone!&#8221;, apo &#8220;Ndal Radioaktivitetit!&#8221;. Posteri ka dhe disa foto me femije me deformime fizike, shperthime etj. Ato jane vendosur ne nje rreze relativisht te madhe, duke nisur nga vendi ku dikur ishin te vendosur &#8220;5 Heronjte e Vigut&#8221;, me pamje nga rruga qe vjen nga &#8220;Parruca&#8221;, ndersa posterat e tjere jane vendosur mbi xhamat e tabelave te reklamave te ngjitura ne toke, apo perballe prefektures.<\/p>\n<p><strong>Centrali<\/strong><\/p>\n<p>Centrali do te ndertohet nga kompania kroate &#8220;Hrvastka Hrvatskoj&#8221; dhe do te kushtoje 4 miliarde euro. Kete muaj, qeveria shqiptare pritet te nenshkruaje marreveshjen me Kroacine per ndertimin dhe lajmi eshte publikuar ne faqen e internetit te gazetes &#8220;Wall Street Italia&#8221;. Kapaciteti i tij do te jete rreth 1500 megavat. Ndertimi do t&#8217;i besohet &#8220;Elektro-ekonomise kroate&#8221; dhe pjesa me e madhe e energjise se prodhuar do te shkoje ne Kroaci. Por ky projekt kundershtohet fort nga Mali i Zi, i cili e cileson te rrezikshem per komunitetin. Madje kryeministri i sapozgjedhur, Milo Gjykanovic, ka reaguar dje duke sqaruar se marreveshja nuk eshte firmosur ende. Vete kryeministri kroat, Ivo Sanader, pak kohe me pare ka deklaruar se vendi i tij eshte i interesuar per pjesemarrjen e Bosnje-Hercegovines dhe Malit te Zi ne realizimin e projektit. Por Podgorica e ndalon me ligj ndertimin e centraleve berthamore.<\/p>\n<p><strong><\/strong><\/p>\n<p><strong>Mali i Zi: Nje incident, fshin nga harta qytete te tera<\/strong><\/p>\n<p>Ndersa nuk shihet ndonje reagim zyrtar i shoqatave mjedisore dhe i specialisteve, alarmi vjen nga ekspertet e Malit te Zi, te cilet ndihen shume te revoltuar per rrezikun e madh qe sjell ndertimi i centralit berthamor, per liqenin e Shkodres dhe te gjithe zonen. Eksperti i ndertimeve, Cedomir Cejovic, ka paralajmeruar per rreziqet e ndertimit te nje impianti te tille ne nje zone qe njihet per aktivitetin sizmik. &#8220;Riviera jone eshte 30 kilometra larg atij rajoni, cdo incident do te fshinte qytete te tera nga harta. Liqeni i Shkodres, edhe pa incidente do te vihej ne rrezik nga puna e impiantit, pasi temperatura do te rritet ne disa grade&#8221;, jane shprehur specialistet.<\/p>\n<p><strong>Petro Koci, deputet<\/strong><\/p>\n<p>I mberritur ne Shkoder per kete problem, deputeti Petro Koci eshte shprehur se ndertimi i centralit duhet te behet me referendum. &#8220;Qeveria duhet te krijoje mundesine per zhvillimin e nje referendumi lokal mbarepopullor, ne te cilin te perfshihet jo vetem qyteti, por edhe i gjithe rrethi i Shkodres. Vetem nese merret miratimi popullor nga ky referendum, mund te flitet per ndertimin e tij&#8221;, ka thene dje deputeti Petro Koci.<\/p>\n<p><strong>Alban Deda, student<\/strong><\/p>\n<p>&#8220;Une do thoja se kjo puna e centralit berthamor fryhet kot nga mediet per panik dhe e perdorin politikisht ne favor te PS-se. Nuk ka shanse qe dy shtete si Shqiperia dhe Kroacia te kene te ardhurat per te ndertuar nje central berthamor dhe te lejohen te ndertojne nje te tille ne zemer te Europes ne nje kohe ku po i behet presion shteteve si Irani, kundra nje veprimi te tille. Kjo eshte vecse nje fushate dhe asgje tjeter&#8221;<\/p>\n<p><strong>Doriana Metja, mesuese<\/strong><\/p>\n<p>&#8220;Jemi ne neokolonializem. Mosreagimi jone i ben gjerat shume te lehta per ata zoterinjte. Ne s&#8217;e kemi edukaten dhe as kulturen e reagimit. Ne Greqi vazhdojne protesta prej muajsh per shkak te vrasjes se nje adoleshenti nga nje polic gjate nje proteste, te ne, ne Gerdec vdiqen 26 persona dhe u plagosen qindra te tjere dhe nuk reagoi njeri. Ku ishim ne shqiptaret ne kete rast dhe ku jemi tani, ndaj ketij fenomeni te ri?&#8221;.<\/p>\n<p><strong>Pjerin Tabani, infermier<\/strong><\/p>\n<p>&#8220;Kroacia ka leke, kjo eshte pergjigjja. Ne i shitem te gjitha tek te huajt, sa keq. Shtrohet pyetja, a mund te pretendojme ne, per nje ekonomi tonen neser?. Fakti qe gjithcka eshte shitur, le pak per te deshiruar. U tha qe financimin e ndertimit do ta bejne kroatet, atehere lind pyetja, pse nuk e bejne kroatet kete central ne vendin e tyre, meqenese paska dhe pluse financiare dhe punesimi, po na e lene ne dere neve shqiptareve ?&#8221;.<\/p>\n<p><strong><\/strong><\/p>\n<p><strong>Altina Lacaj, mjeke<\/strong><\/p>\n<p>&#8220;Ne jemi mesuar me urdhra nga lart dhe nuk reagojme per asgje. Une kam lindur dhe jam rritur ne Shkoder dhe e mbaj mend shume mire jetesen e tipit 1 jave pa drita, uje me orar edhe nuk e vrisnim shume mendjen. Kur na shtrohet ndonje rruge ne lagje na duket bukur, zhvillim i madh. Une i them jo centralit berthamor ne Shkoder dhe duhet te organizohemi. Por Kam frike se mos shkon puna si me TEC-in ne Vlore. Gjithsesi nuk duhet lejuar ndertimi&#8221;.<\/p>\n<p><strong>Rudina Llazari, Koha Jone <\/strong><\/p>\n<p><strong>\n\t\t<style type=\"text\/css\">\n\t\t\t#gallery-1 {\n\t\t\t\tmargin: auto;\n\t\t\t}\n\t\t\t#gallery-1 .gallery-item {\n\t\t\t\tfloat: left;\n\t\t\t\tmargin-top: 10px;\n\t\t\t\ttext-align: center;\n\t\t\t\twidth: 20%;\n\t\t\t}\n\t\t\t#gallery-1 img {\n\t\t\t\tborder: 2px solid #cfcfcf;\n\t\t\t}\n\t\t\t#gallery-1 .gallery-caption {\n\t\t\t\tmargin-left: 0;\n\t\t\t}\n\t\t\t\/* see gallery_shortcode() in wp-includes\/media.php *\/\n\t\t<\/style>\n\t\t<div id='gallery-1' class='gallery galleryid-18419 gallery-columns-5 gallery-size-thumbnail'><dl class='gallery-item'>\n\t\t\t<dt class='gallery-icon landscape'>\n\t\t\t\t<a href='https:\/\/www.visit-ulcinj.com\/blog\/2009\/04\/19\/ulqini-dhe-shkodra-jo-ndertimit-te-centralit-berthamor\/posterat-kunder-centralit-nuklear1\/'><img width=\"150\" height=\"150\" src=\"https:\/\/www.visit-ulcinj.com\/blog\/wp-content\/uploads\/2009\/04\/posterat-kunder-centralit-nuklear1-150x150.jpg\" class=\"attachment-thumbnail size-thumbnail\" alt=\"\" loading=\"lazy\" \/><\/a>\n\t\t\t<\/dt><\/dl>\n\t\t\t<br style='clear: both' \/>\n\t\t<\/div>\n<\/p>\n<p><\/strong><\/p>\n<p><strong><\/strong><\/p>\n<p><strong><\/strong><\/p>\n","protected":false},"excerpt":{"rendered":"<p>Lajmi se n\u00eb Shkod\u00ebr do t\u00eb nd\u00ebrtohet nj\u00eb central b\u00ebrthamor, i b\u00ebr\u00eb publik vet\u00ebm pak dit\u00eb m\u00eb par\u00eb, ka ngjallur nj\u00eb reagim shum\u00eb t\u00eb madh tek shkodran\u00ebt. Nd\u00ebrsa jan\u00eb kund\u00ebr nd\u00ebrtimit t\u00eb k\u00ebtij centrali, shkodran\u00ebt pohojn\u00eb se nuk do t\u00eb lejojn\u00eb n\u00eb asnj\u00eb m\u00ebnyr\u00eb nd\u00ebrtimin e k\u00ebtij centrali, pasi ai do t\u00eb thot\u00eb vdekje p\u00ebr [&hellip;]<\/p>\n","protected":false},"author":1,"featured_media":0,"comment_status":"open","ping_status":"closed","sticky":false,"template":"","format":"standard","meta":{"spay_email":"","jetpack_publicize_message":"","jetpack_is_tweetstorm":false,"jetpack_publicize_feature_enabled":true},"categories":[1],"tags":[9401,3617,19,18,9357],"jetpack_publicize_connections":[],"yoast_head":"<!-- This site is optimized with the Yoast SEO plugin v19.1 - https:\/\/yoast.com\/wordpress\/plugins\/seo\/ -->\n<title>Ulqini dhe Shkodra: &quot;Jo&quot; nd\u00c3\u00abrtimit t\u00c3\u00ab centralit b\u00c3\u00abrthamor | Lajme Nga Ulqini<\/title>\n<meta name=\"description\" content=\"Lajme Nga Ulqini | Ulqini dhe Shkodra: &quot;Jo&quot; nd\u00c3\u00abrtimit t\u00c3\u00ab centralit b\u00c3\u00abrthamor\" \/>\n<meta name=\"robots\" content=\"index, follow, max-snippet:-1, max-image-preview:large, max-video-preview:-1\" \/>\n<link rel=\"canonical\" href=\"https:\/\/www.visit-ulcinj.com\/blog\/2009\/04\/19\/ulqini-dhe-shkodra-jo-ndertimit-te-centralit-berthamor\/\" \/>\n<meta property=\"og:locale\" content=\"en_US\" \/>\n<meta property=\"og:type\" content=\"article\" \/>\n<meta property=\"og:title\" content=\"Ulqini dhe Shkodra: &quot;Jo&quot; nd\u00c3\u00abrtimit t\u00c3\u00ab centralit b\u00c3\u00abrthamor | Lajme Nga Ulqini\" \/>\n<meta property=\"og:description\" content=\"Lajme Nga Ulqini | Ulqini dhe Shkodra: &quot;Jo&quot; nd\u00c3\u00abrtimit t\u00c3\u00ab centralit b\u00c3\u00abrthamor\" \/>\n<meta property=\"og:url\" content=\"https:\/\/www.visit-ulcinj.com\/blog\/2009\/04\/19\/ulqini-dhe-shkodra-jo-ndertimit-te-centralit-berthamor\/\" \/>\n<meta property=\"og:site_name\" content=\"Lajme nga Ulqini\" \/>\n<meta property=\"article:published_time\" content=\"2009-04-19T09:19:29+00:00\" \/>\n<meta property=\"article:modified_time\" content=\"2009-04-20T15:17:12+00:00\" \/>\n<meta property=\"og:image\" content=\"https:\/\/www.visit-ulcinj.com\/blog\/wp-content\/uploads\/2009\/04\/danger.gif\" \/>\n<meta name=\"twitter:label1\" content=\"Written by\" \/>\n\t<meta name=\"twitter:data1\" content=\"ulqini\" \/>\n\t<meta name=\"twitter:label2\" content=\"Est. reading time\" \/>\n\t<meta name=\"twitter:data2\" content=\"12 minutes\" \/>\n<script type=\"application\/ld+json\" class=\"yoast-schema-graph\">{\"@context\":\"https:\/\/schema.org\",\"@graph\":[{\"@type\":\"WebSite\",\"@id\":\"https:\/\/www.visit-ulcinj.com\/blog\/#website\",\"url\":\"https:\/\/www.visit-ulcinj.com\/blog\/\",\"name\":\"Lajme nga Ulqini\",\"description\":\"Lajme,Vijesti,Ulqini,Ulqin,Crna Gora,Mali i Zi\",\"potentialAction\":[{\"@type\":\"SearchAction\",\"target\":{\"@type\":\"EntryPoint\",\"urlTemplate\":\"https:\/\/www.visit-ulcinj.com\/blog\/?s={search_term_string}\"},\"query-input\":\"required name=search_term_string\"}],\"inLanguage\":\"en-US\"},{\"@type\":\"ImageObject\",\"inLanguage\":\"en-US\",\"@id\":\"https:\/\/www.visit-ulcinj.com\/blog\/2009\/04\/19\/ulqini-dhe-shkodra-jo-ndertimit-te-centralit-berthamor\/#primaryimage\",\"url\":\"https:\/\/www.visit-ulcinj.com\/blog\/wp-content\/uploads\/2009\/04\/posterat-kunder-centralit-nuklear1.jpg\",\"contentUrl\":\"https:\/\/www.visit-ulcinj.com\/blog\/wp-content\/uploads\/2009\/04\/posterat-kunder-centralit-nuklear1.jpg\",\"width\":\"290\",\"height\":\"216\"},{\"@type\":\"WebPage\",\"@id\":\"https:\/\/www.visit-ulcinj.com\/blog\/2009\/04\/19\/ulqini-dhe-shkodra-jo-ndertimit-te-centralit-berthamor\/#webpage\",\"url\":\"https:\/\/www.visit-ulcinj.com\/blog\/2009\/04\/19\/ulqini-dhe-shkodra-jo-ndertimit-te-centralit-berthamor\/\",\"name\":\"Ulqini dhe Shkodra: \\\"Jo\\\" nd\u00c3\u00abrtimit t\u00c3\u00ab centralit b\u00c3\u00abrthamor | Lajme Nga Ulqini\",\"isPartOf\":{\"@id\":\"https:\/\/www.visit-ulcinj.com\/blog\/#website\"},\"primaryImageOfPage\":{\"@id\":\"https:\/\/www.visit-ulcinj.com\/blog\/2009\/04\/19\/ulqini-dhe-shkodra-jo-ndertimit-te-centralit-berthamor\/#primaryimage\"},\"datePublished\":\"2009-04-19T09:19:29+00:00\",\"dateModified\":\"2009-04-20T15:17:12+00:00\",\"author\":{\"@id\":\"https:\/\/www.visit-ulcinj.com\/blog\/#\/schema\/person\/dcab619c614d3038751c63bc2aadc06d\"},\"description\":\"Lajme Nga Ulqini | Ulqini dhe Shkodra: \\\"Jo\\\" nd\u00c3\u00abrtimit t\u00c3\u00ab centralit b\u00c3\u00abrthamor\",\"breadcrumb\":{\"@id\":\"https:\/\/www.visit-ulcinj.com\/blog\/2009\/04\/19\/ulqini-dhe-shkodra-jo-ndertimit-te-centralit-berthamor\/#breadcrumb\"},\"inLanguage\":\"en-US\",\"potentialAction\":[{\"@type\":\"ReadAction\",\"target\":[\"https:\/\/www.visit-ulcinj.com\/blog\/2009\/04\/19\/ulqini-dhe-shkodra-jo-ndertimit-te-centralit-berthamor\/\"]}]},{\"@type\":\"BreadcrumbList\",\"@id\":\"https:\/\/www.visit-ulcinj.com\/blog\/2009\/04\/19\/ulqini-dhe-shkodra-jo-ndertimit-te-centralit-berthamor\/#breadcrumb\",\"itemListElement\":[{\"@type\":\"ListItem\",\"position\":1,\"name\":\"Ulqini dhe Shkodra: &#8220;Jo&#8221; nd\u00ebrtimit t\u00eb centralit b\u00ebrthamor\"}]},{\"@type\":\"Person\",\"@id\":\"https:\/\/www.visit-ulcinj.com\/blog\/#\/schema\/person\/dcab619c614d3038751c63bc2aadc06d\",\"name\":\"ulqini\",\"sameAs\":[\"http:\/\/www.visit-ulcinj.com\"],\"url\":\"https:\/\/www.visit-ulcinj.com\/blog\/author\/admin\/\"}]}<\/script>\n<!-- \/ Yoast SEO plugin. -->","yoast_head_json":{"title":"Ulqini dhe Shkodra: \"Jo\" nd\u00c3\u00abrtimit t\u00c3\u00ab centralit b\u00c3\u00abrthamor | Lajme Nga Ulqini","description":"Lajme Nga Ulqini | Ulqini dhe Shkodra: \"Jo\" nd\u00c3\u00abrtimit t\u00c3\u00ab centralit b\u00c3\u00abrthamor","robots":{"index":"index","follow":"follow","max-snippet":"max-snippet:-1","max-image-preview":"max-image-preview:large","max-video-preview":"max-video-preview:-1"},"canonical":"https:\/\/www.visit-ulcinj.com\/blog\/2009\/04\/19\/ulqini-dhe-shkodra-jo-ndertimit-te-centralit-berthamor\/","og_locale":"en_US","og_type":"article","og_title":"Ulqini dhe Shkodra: \"Jo\" nd\u00c3\u00abrtimit t\u00c3\u00ab centralit b\u00c3\u00abrthamor | Lajme Nga Ulqini","og_description":"Lajme Nga Ulqini | Ulqini dhe Shkodra: \"Jo\" nd\u00c3\u00abrtimit t\u00c3\u00ab centralit b\u00c3\u00abrthamor","og_url":"https:\/\/www.visit-ulcinj.com\/blog\/2009\/04\/19\/ulqini-dhe-shkodra-jo-ndertimit-te-centralit-berthamor\/","og_site_name":"Lajme nga Ulqini","article_published_time":"2009-04-19T09:19:29+00:00","article_modified_time":"2009-04-20T15:17:12+00:00","og_image":[{"url":"https:\/\/www.visit-ulcinj.com\/blog\/wp-content\/uploads\/2009\/04\/danger.gif"}],"twitter_misc":{"Written by":"ulqini","Est. reading time":"12 minutes"},"schema":{"@context":"https:\/\/schema.org","@graph":[{"@type":"WebSite","@id":"https:\/\/www.visit-ulcinj.com\/blog\/#website","url":"https:\/\/www.visit-ulcinj.com\/blog\/","name":"Lajme nga Ulqini","description":"Lajme,Vijesti,Ulqini,Ulqin,Crna Gora,Mali i Zi","potentialAction":[{"@type":"SearchAction","target":{"@type":"EntryPoint","urlTemplate":"https:\/\/www.visit-ulcinj.com\/blog\/?s={search_term_string}"},"query-input":"required name=search_term_string"}],"inLanguage":"en-US"},{"@type":"ImageObject","inLanguage":"en-US","@id":"https:\/\/www.visit-ulcinj.com\/blog\/2009\/04\/19\/ulqini-dhe-shkodra-jo-ndertimit-te-centralit-berthamor\/#primaryimage","url":"https:\/\/www.visit-ulcinj.com\/blog\/wp-content\/uploads\/2009\/04\/posterat-kunder-centralit-nuklear1.jpg","contentUrl":"https:\/\/www.visit-ulcinj.com\/blog\/wp-content\/uploads\/2009\/04\/posterat-kunder-centralit-nuklear1.jpg","width":"290","height":"216"},{"@type":"WebPage","@id":"https:\/\/www.visit-ulcinj.com\/blog\/2009\/04\/19\/ulqini-dhe-shkodra-jo-ndertimit-te-centralit-berthamor\/#webpage","url":"https:\/\/www.visit-ulcinj.com\/blog\/2009\/04\/19\/ulqini-dhe-shkodra-jo-ndertimit-te-centralit-berthamor\/","name":"Ulqini dhe Shkodra: \"Jo\" nd\u00c3\u00abrtimit t\u00c3\u00ab centralit b\u00c3\u00abrthamor | Lajme Nga Ulqini","isPartOf":{"@id":"https:\/\/www.visit-ulcinj.com\/blog\/#website"},"primaryImageOfPage":{"@id":"https:\/\/www.visit-ulcinj.com\/blog\/2009\/04\/19\/ulqini-dhe-shkodra-jo-ndertimit-te-centralit-berthamor\/#primaryimage"},"datePublished":"2009-04-19T09:19:29+00:00","dateModified":"2009-04-20T15:17:12+00:00","author":{"@id":"https:\/\/www.visit-ulcinj.com\/blog\/#\/schema\/person\/dcab619c614d3038751c63bc2aadc06d"},"description":"Lajme Nga Ulqini | Ulqini dhe Shkodra: \"Jo\" nd\u00c3\u00abrtimit t\u00c3\u00ab centralit b\u00c3\u00abrthamor","breadcrumb":{"@id":"https:\/\/www.visit-ulcinj.com\/blog\/2009\/04\/19\/ulqini-dhe-shkodra-jo-ndertimit-te-centralit-berthamor\/#breadcrumb"},"inLanguage":"en-US","potentialAction":[{"@type":"ReadAction","target":["https:\/\/www.visit-ulcinj.com\/blog\/2009\/04\/19\/ulqini-dhe-shkodra-jo-ndertimit-te-centralit-berthamor\/"]}]},{"@type":"BreadcrumbList","@id":"https:\/\/www.visit-ulcinj.com\/blog\/2009\/04\/19\/ulqini-dhe-shkodra-jo-ndertimit-te-centralit-berthamor\/#breadcrumb","itemListElement":[{"@type":"ListItem","position":1,"name":"Ulqini dhe Shkodra: &#8220;Jo&#8221; nd\u00ebrtimit t\u00eb centralit b\u00ebrthamor"}]},{"@type":"Person","@id":"https:\/\/www.visit-ulcinj.com\/blog\/#\/schema\/person\/dcab619c614d3038751c63bc2aadc06d","name":"ulqini","sameAs":["http:\/\/www.visit-ulcinj.com"],"url":"https:\/\/www.visit-ulcinj.com\/blog\/author\/admin\/"}]}},"jetpack_featured_media_url":"","jetpack_sharing_enabled":true,"jetpack_shortlink":"https:\/\/wp.me\/pe6lTn-4N5","_links":{"self":[{"href":"https:\/\/www.visit-ulcinj.com\/blog\/wp-json\/wp\/v2\/posts\/18419"}],"collection":[{"href":"https:\/\/www.visit-ulcinj.com\/blog\/wp-json\/wp\/v2\/posts"}],"about":[{"href":"https:\/\/www.visit-ulcinj.com\/blog\/wp-json\/wp\/v2\/types\/post"}],"author":[{"embeddable":true,"href":"https:\/\/www.visit-ulcinj.com\/blog\/wp-json\/wp\/v2\/users\/1"}],"replies":[{"embeddable":true,"href":"https:\/\/www.visit-ulcinj.com\/blog\/wp-json\/wp\/v2\/comments?post=18419"}],"version-history":[{"count":0,"href":"https:\/\/www.visit-ulcinj.com\/blog\/wp-json\/wp\/v2\/posts\/18419\/revisions"}],"wp:attachment":[{"href":"https:\/\/www.visit-ulcinj.com\/blog\/wp-json\/wp\/v2\/media?parent=18419"}],"wp:term":[{"taxonomy":"category","embeddable":true,"href":"https:\/\/www.visit-ulcinj.com\/blog\/wp-json\/wp\/v2\/categories?post=18419"},{"taxonomy":"post_tag","embeddable":true,"href":"https:\/\/www.visit-ulcinj.com\/blog\/wp-json\/wp\/v2\/tags?post=18419"}],"curies":[{"name":"wp","href":"https:\/\/api.w.org\/{rel}","templated":true}]}}