{"id":18490,"date":"2009-04-19T22:20:40","date_gmt":"2009-04-19T20:20:40","guid":{"rendered":"http:\/\/www.visit-ulcinj.com\/blog\/?p=18490"},"modified":"2009-04-19T22:20:40","modified_gmt":"2009-04-19T20:20:40","slug":"u-ulcinju-napokon-luka-i-marina","status":"publish","type":"post","link":"https:\/\/www.visit-ulcinj.com\/blog\/2009\/04\/19\/u-ulcinju-napokon-luka-i-marina\/","title":{"rendered":"U Ulcinju, napokon, luka i marina"},"content":{"rendered":"<p><strong><a href=\"http:\/\/www.visit-ulcinj.com\/blog\/wp-content\/uploads\/2009\/04\/izgradnja-male-lucice-_kaceme_ulcinj.jpg\"><img loading=\"lazy\" class=\"alignleft size-full wp-image-18495\" title=\"izgradnja-male-lucice-_kaceme_ulcinj\" src=\"http:\/\/www.visit-ulcinj.com\/blog\/wp-content\/uploads\/2009\/04\/izgradnja-male-lucice-_kaceme_ulcinj.jpg\" alt=\"izgradnja-male-lucice-_kaceme_ulcinj\" width=\"570\" height=\"400\" \/><\/a>Gradona?elnik Gzim Hajdinaga najavio nove investicije u najju\u017enijem primorskom gradu<\/strong><br \/>\nU Ulcinju ?e, uskoro, po?eti izgradnja &#8220;male lu?ice&#8221;, koja ?e imati kapacitet 50 do 60 vezova, namijenjenih prete\u017eno gra?anima koji se bave ribarstvom. To je prvi korak do velikog projekta budu?e marine, koja ?e da &#8220;nikne&#8221; iza Staroga grada, najavio je za &#8220;Pobjedu&#8221; gradona?elnik Gzim Gajdinaga. On je naglasio da ?e mala luka biti izgra?ena do Male pla\u017ee. Njena izgradnja po?e?e ovih dana, a finansijer je Javno preduze?e &#8220;Morsko dobro&#8221;.<br \/>\n-Mora?emo, mo\u017eda, ako je ne zavr\u0161imo do kraja, prekinuti radove na po?etku glavne turisti?ke sezone, i onda, za\u0161to ne, nastaviti u septembru i to finalizirati do kraja. Vrijednost ove investicije iznosi oko 800 hiljada eura, uklju?uju?i i finalno &#8220;poplo?avanje&#8221; tog dijela obale.<br \/>\nOn je istakao da se &#8220;lu?ica&#8221; finansira potpuno od strane &#8220;Morskog dobra&#8221;. Normalno, uz dobar &#8220;partnerizam&#8221; i saradnju Op\u0161tina.<br \/>\n-Dogovorili smo se da investicije koje su planirane za ovu i za pro\u0161lu godinu \u201cakumuliramo\u201d, ako mogu tako da ka\u017eem, u ovaj projekat, jer je veoma zna?ajan. Luka ?e se nalaziti u prelijepom ambijentu, ispred zidina Staroga grada. Nadam se, ideja mi je takva, \u017eelja mi je takva, da ?emo kompletno \u0161etali\u0161te na Maloj pla\u017ei &#8220;poplo?avati&#8221; ovako kao \u0161to smo i ulicu gore polo?ali &#8211; na kru\u017enom toku u Staroj ?ar\u0161iji.<br \/>\nHajdinaga je naglasio da je tako?e planirana i marine, koja se ne mo\u017ee izgraditi u naredne dvije do tri godine, jer su njeni kapaciteti takvi.<br \/>\nIna?e, dobro je poznata tradicija, da je Ulcinj, jo\u0161 u starom i srednjem vijeku imao luku, i da su tu svra?ali najpoznatiji ljudi tada\u0161njice, me?u njima i slavni Miguel Servantes, te moreplovci toga doba, koji su to ovjekovje?ili u svojim neprolaznim djelima.<br \/>\n<strong><br \/>\n&#8220;D\u017eamija pomoraca&#8221; do glavne sezone<\/strong><\/p>\n<p>Pripreme za turisti?ku sezonu u Ulcinju su u punom zamahu, pogotovo na Maloj pla\u017ei, pa ?e gosti mo?i ponovo da u\u017eivaju u predivnom ambijentu ispred Starog grada, na jednoj od najljep\u0161ih crnogorskih pla\u017ea.<br \/>\nPo svemu sude?i, za predstoje?u sezoni bi?e otvoreni i novoizgra?eni hoteli, tik uz Malu pla\u017eu, a uveliko se odvijaju radovi i na obnavljanju &#8220;Yamije pomoraca&#8221;, koja se nalazi u njihovoj blizini. &#8220;Yamija pomoraca&#8221; je, ina?e, sru\u0161ena tridesetih godina pro\u0161log vijeka.<br \/>\nVlasnik i direktor ulcinjske RTV &#8220;Teuta&#8221;, Dino Ramovi?, je za &#8220;Pobjedu&#8221; istakao da su se u njoj sve do tada molili gusari ulcinjski i moreplovci koji su ovdje dolazili prije odlaska na brod i poslije dolaska sa putovanja.<br \/>\n<strong><br \/>\nD. Cvijovi?<br \/>\nPobjeda<\/strong><\/p>\n\n\t\t<style type=\"text\/css\">\n\t\t\t#gallery-1 {\n\t\t\t\tmargin: auto;\n\t\t\t}\n\t\t\t#gallery-1 .gallery-item {\n\t\t\t\tfloat: left;\n\t\t\t\tmargin-top: 10px;\n\t\t\t\ttext-align: center;\n\t\t\t\twidth: 50%;\n\t\t\t}\n\t\t\t#gallery-1 img {\n\t\t\t\tborder: 2px solid #cfcfcf;\n\t\t\t}\n\t\t\t#gallery-1 .gallery-caption {\n\t\t\t\tmargin-left: 0;\n\t\t\t}\n\t\t\t\/* see gallery_shortcode() in wp-includes\/media.php *\/\n\t\t<\/style>\n\t\t<div id='gallery-1' class='gallery galleryid-18490 gallery-columns-2 gallery-size-thumbnail'><dl class='gallery-item'>\n\t\t\t<dt class='gallery-icon landscape'>\n\t\t\t\t<a href='https:\/\/www.visit-ulcinj.com\/blog\/2009\/04\/19\/u-ulcinju-napokon-luka-i-marina\/izgradnja-male-lucice-_kaceme_ulcinj1\/'><img width=\"150\" height=\"150\" src=\"https:\/\/www.visit-ulcinj.com\/blog\/wp-content\/uploads\/2009\/04\/izgradnja-male-lucice-_kaceme_ulcinj1-150x150.jpg\" class=\"attachment-thumbnail size-thumbnail\" alt=\"\" loading=\"lazy\" \/><\/a>\n\t\t\t<\/dt><\/dl><dl class='gallery-item'>\n\t\t\t<dt class='gallery-icon landscape'>\n\t\t\t\t<a href='https:\/\/www.visit-ulcinj.com\/blog\/2009\/04\/19\/u-ulcinju-napokon-luka-i-marina\/izgradnja-male-lucice-_kaceme_ulcinj\/'><img width=\"150\" height=\"150\" src=\"https:\/\/www.visit-ulcinj.com\/blog\/wp-content\/uploads\/2009\/04\/izgradnja-male-lucice-_kaceme_ulcinj-150x150.jpg\" class=\"attachment-thumbnail size-thumbnail\" alt=\"\" loading=\"lazy\" \/><\/a>\n\t\t\t<\/dt><\/dl><br style=\"clear: both\" \/>\n\t\t<\/div>\n\n","protected":false},"excerpt":{"rendered":"<p>Gradona?elnik Gzim Hajdinaga najavio nove investicije u najju\u017enijem primorskom gradu U Ulcinju ?e, uskoro, po?eti izgradnja &#8220;male lu?ice&#8221;, koja ?e imati kapacitet 50 do 60 vezova, namijenjenih prete\u017eno gra?anima koji se bave ribarstvom. To je prvi korak do velikog projekta budu?e marine, koja ?e da &#8220;nikne&#8221; iza Staroga grada, najavio je za &#8220;Pobjedu&#8221; gradona?elnik Gzim [&hellip;]<\/p>\n","protected":false},"author":1,"featured_media":0,"comment_status":"open","ping_status":"closed","sticky":false,"template":"","format":"standard","meta":{"spay_email":"","jetpack_publicize_message":"","jetpack_is_tweetstorm":false,"jetpack_publicize_feature_enabled":true},"categories":[8337],"tags":[9378,9377,9376,2781],"jetpack_publicize_connections":[],"yoast_head":"<!-- This site is optimized with the Yoast SEO plugin v19.1 - https:\/\/yoast.com\/wordpress\/plugins\/seo\/ -->\n<title>U Ulcinju, napokon, luka i marina - Lajme nga Ulqini<\/title>\n<meta name=\"description\" content=\"Gradona?elnik Gzim Hajdinaga najavio nove investicije u najju\u017enijem primorskom gradu U Ulcinju ?e, uskoro, po?eti izgradnja &quot;male lu?ice&quot;, koja ?e imati\" \/>\n<meta name=\"robots\" content=\"index, follow, max-snippet:-1, max-image-preview:large, max-video-preview:-1\" \/>\n<link rel=\"canonical\" href=\"https:\/\/www.visit-ulcinj.com\/blog\/2009\/04\/19\/u-ulcinju-napokon-luka-i-marina\/\" \/>\n<meta property=\"og:locale\" content=\"en_US\" \/>\n<meta property=\"og:type\" content=\"article\" \/>\n<meta property=\"og:title\" content=\"U Ulcinju, napokon, luka i marina - Lajme nga Ulqini\" \/>\n<meta property=\"og:description\" content=\"Gradona?elnik Gzim Hajdinaga najavio nove investicije u najju\u017enijem primorskom gradu U Ulcinju ?e, uskoro, po?eti izgradnja &quot;male lu?ice&quot;, koja ?e imati\" \/>\n<meta property=\"og:url\" content=\"https:\/\/www.visit-ulcinj.com\/blog\/2009\/04\/19\/u-ulcinju-napokon-luka-i-marina\/\" \/>\n<meta property=\"og:site_name\" content=\"Lajme nga Ulqini\" \/>\n<meta property=\"article:published_time\" content=\"2009-04-19T20:20:40+00:00\" \/>\n<meta property=\"og:image\" content=\"https:\/\/www.visit-ulcinj.com\/blog\/wp-content\/uploads\/2009\/04\/izgradnja-male-lucice-_kaceme_ulcinj1-150x150.jpg\" \/>\n<meta name=\"twitter:label1\" content=\"Written by\" \/>\n\t<meta name=\"twitter:data1\" content=\"ulqini\" \/>\n\t<meta name=\"twitter:label2\" content=\"Est. reading time\" \/>\n\t<meta name=\"twitter:data2\" content=\"2 minutes\" \/>\n<script type=\"application\/ld+json\" class=\"yoast-schema-graph\">{\"@context\":\"https:\/\/schema.org\",\"@graph\":[{\"@type\":\"WebSite\",\"@id\":\"https:\/\/www.visit-ulcinj.com\/blog\/#website\",\"url\":\"https:\/\/www.visit-ulcinj.com\/blog\/\",\"name\":\"Lajme nga Ulqini\",\"description\":\"Lajme,Vijesti,Ulqini,Ulqin,Crna Gora,Mali i Zi\",\"potentialAction\":[{\"@type\":\"SearchAction\",\"target\":{\"@type\":\"EntryPoint\",\"urlTemplate\":\"https:\/\/www.visit-ulcinj.com\/blog\/?s={search_term_string}\"},\"query-input\":\"required name=search_term_string\"}],\"inLanguage\":\"en-US\"},{\"@type\":\"ImageObject\",\"inLanguage\":\"en-US\",\"@id\":\"https:\/\/www.visit-ulcinj.com\/blog\/2009\/04\/19\/u-ulcinju-napokon-luka-i-marina\/#primaryimage\",\"url\":\"https:\/\/www.visit-ulcinj.com\/blog\/wp-content\/uploads\/2009\/04\/izgradnja-male-lucice-_kaceme_ulcinj.jpg\",\"contentUrl\":\"https:\/\/www.visit-ulcinj.com\/blog\/wp-content\/uploads\/2009\/04\/izgradnja-male-lucice-_kaceme_ulcinj.jpg\",\"width\":\"1200\",\"height\":\"900\"},{\"@type\":\"WebPage\",\"@id\":\"https:\/\/www.visit-ulcinj.com\/blog\/2009\/04\/19\/u-ulcinju-napokon-luka-i-marina\/#webpage\",\"url\":\"https:\/\/www.visit-ulcinj.com\/blog\/2009\/04\/19\/u-ulcinju-napokon-luka-i-marina\/\",\"name\":\"U Ulcinju, napokon, luka i marina - Lajme nga Ulqini\",\"isPartOf\":{\"@id\":\"https:\/\/www.visit-ulcinj.com\/blog\/#website\"},\"primaryImageOfPage\":{\"@id\":\"https:\/\/www.visit-ulcinj.com\/blog\/2009\/04\/19\/u-ulcinju-napokon-luka-i-marina\/#primaryimage\"},\"datePublished\":\"2009-04-19T20:20:40+00:00\",\"dateModified\":\"2009-04-19T20:20:40+00:00\",\"author\":{\"@id\":\"https:\/\/www.visit-ulcinj.com\/blog\/#\/schema\/person\/dcab619c614d3038751c63bc2aadc06d\"},\"description\":\"Gradona?elnik Gzim Hajdinaga najavio nove investicije u najju\u017enijem primorskom gradu U Ulcinju ?e, uskoro, po?eti izgradnja \\\"male lu?ice\\\", koja ?e imati\",\"breadcrumb\":{\"@id\":\"https:\/\/www.visit-ulcinj.com\/blog\/2009\/04\/19\/u-ulcinju-napokon-luka-i-marina\/#breadcrumb\"},\"inLanguage\":\"en-US\",\"potentialAction\":[{\"@type\":\"ReadAction\",\"target\":[\"https:\/\/www.visit-ulcinj.com\/blog\/2009\/04\/19\/u-ulcinju-napokon-luka-i-marina\/\"]}]},{\"@type\":\"BreadcrumbList\",\"@id\":\"https:\/\/www.visit-ulcinj.com\/blog\/2009\/04\/19\/u-ulcinju-napokon-luka-i-marina\/#breadcrumb\",\"itemListElement\":[{\"@type\":\"ListItem\",\"position\":1,\"name\":\"U Ulcinju, napokon, luka i marina\"}]},{\"@type\":\"Person\",\"@id\":\"https:\/\/www.visit-ulcinj.com\/blog\/#\/schema\/person\/dcab619c614d3038751c63bc2aadc06d\",\"name\":\"ulqini\",\"sameAs\":[\"http:\/\/www.visit-ulcinj.com\"],\"url\":\"https:\/\/www.visit-ulcinj.com\/blog\/author\/admin\/\"}]}<\/script>\n<!-- \/ Yoast SEO plugin. -->","yoast_head_json":{"title":"U Ulcinju, napokon, luka i marina - Lajme nga Ulqini","description":"Gradona?elnik Gzim Hajdinaga najavio nove investicije u najju\u017enijem primorskom gradu U Ulcinju ?e, uskoro, po?eti izgradnja \"male lu?ice\", koja ?e imati","robots":{"index":"index","follow":"follow","max-snippet":"max-snippet:-1","max-image-preview":"max-image-preview:large","max-video-preview":"max-video-preview:-1"},"canonical":"https:\/\/www.visit-ulcinj.com\/blog\/2009\/04\/19\/u-ulcinju-napokon-luka-i-marina\/","og_locale":"en_US","og_type":"article","og_title":"U Ulcinju, napokon, luka i marina - Lajme nga Ulqini","og_description":"Gradona?elnik Gzim Hajdinaga najavio nove investicije u najju\u017enijem primorskom gradu U Ulcinju ?e, uskoro, po?eti izgradnja \"male lu?ice\", koja ?e imati","og_url":"https:\/\/www.visit-ulcinj.com\/blog\/2009\/04\/19\/u-ulcinju-napokon-luka-i-marina\/","og_site_name":"Lajme nga Ulqini","article_published_time":"2009-04-19T20:20:40+00:00","og_image":[{"url":"https:\/\/www.visit-ulcinj.com\/blog\/wp-content\/uploads\/2009\/04\/izgradnja-male-lucice-_kaceme_ulcinj1-150x150.jpg"}],"twitter_misc":{"Written by":"ulqini","Est. reading time":"2 minutes"},"schema":{"@context":"https:\/\/schema.org","@graph":[{"@type":"WebSite","@id":"https:\/\/www.visit-ulcinj.com\/blog\/#website","url":"https:\/\/www.visit-ulcinj.com\/blog\/","name":"Lajme nga Ulqini","description":"Lajme,Vijesti,Ulqini,Ulqin,Crna Gora,Mali i Zi","potentialAction":[{"@type":"SearchAction","target":{"@type":"EntryPoint","urlTemplate":"https:\/\/www.visit-ulcinj.com\/blog\/?s={search_term_string}"},"query-input":"required name=search_term_string"}],"inLanguage":"en-US"},{"@type":"ImageObject","inLanguage":"en-US","@id":"https:\/\/www.visit-ulcinj.com\/blog\/2009\/04\/19\/u-ulcinju-napokon-luka-i-marina\/#primaryimage","url":"https:\/\/www.visit-ulcinj.com\/blog\/wp-content\/uploads\/2009\/04\/izgradnja-male-lucice-_kaceme_ulcinj.jpg","contentUrl":"https:\/\/www.visit-ulcinj.com\/blog\/wp-content\/uploads\/2009\/04\/izgradnja-male-lucice-_kaceme_ulcinj.jpg","width":"1200","height":"900"},{"@type":"WebPage","@id":"https:\/\/www.visit-ulcinj.com\/blog\/2009\/04\/19\/u-ulcinju-napokon-luka-i-marina\/#webpage","url":"https:\/\/www.visit-ulcinj.com\/blog\/2009\/04\/19\/u-ulcinju-napokon-luka-i-marina\/","name":"U Ulcinju, napokon, luka i marina - Lajme nga Ulqini","isPartOf":{"@id":"https:\/\/www.visit-ulcinj.com\/blog\/#website"},"primaryImageOfPage":{"@id":"https:\/\/www.visit-ulcinj.com\/blog\/2009\/04\/19\/u-ulcinju-napokon-luka-i-marina\/#primaryimage"},"datePublished":"2009-04-19T20:20:40+00:00","dateModified":"2009-04-19T20:20:40+00:00","author":{"@id":"https:\/\/www.visit-ulcinj.com\/blog\/#\/schema\/person\/dcab619c614d3038751c63bc2aadc06d"},"description":"Gradona?elnik Gzim Hajdinaga najavio nove investicije u najju\u017enijem primorskom gradu U Ulcinju ?e, uskoro, po?eti izgradnja \"male lu?ice\", koja ?e imati","breadcrumb":{"@id":"https:\/\/www.visit-ulcinj.com\/blog\/2009\/04\/19\/u-ulcinju-napokon-luka-i-marina\/#breadcrumb"},"inLanguage":"en-US","potentialAction":[{"@type":"ReadAction","target":["https:\/\/www.visit-ulcinj.com\/blog\/2009\/04\/19\/u-ulcinju-napokon-luka-i-marina\/"]}]},{"@type":"BreadcrumbList","@id":"https:\/\/www.visit-ulcinj.com\/blog\/2009\/04\/19\/u-ulcinju-napokon-luka-i-marina\/#breadcrumb","itemListElement":[{"@type":"ListItem","position":1,"name":"U Ulcinju, napokon, luka i marina"}]},{"@type":"Person","@id":"https:\/\/www.visit-ulcinj.com\/blog\/#\/schema\/person\/dcab619c614d3038751c63bc2aadc06d","name":"ulqini","sameAs":["http:\/\/www.visit-ulcinj.com"],"url":"https:\/\/www.visit-ulcinj.com\/blog\/author\/admin\/"}]}},"jetpack_featured_media_url":"","jetpack_sharing_enabled":true,"jetpack_shortlink":"https:\/\/wp.me\/pe6lTn-4Oe","_links":{"self":[{"href":"https:\/\/www.visit-ulcinj.com\/blog\/wp-json\/wp\/v2\/posts\/18490"}],"collection":[{"href":"https:\/\/www.visit-ulcinj.com\/blog\/wp-json\/wp\/v2\/posts"}],"about":[{"href":"https:\/\/www.visit-ulcinj.com\/blog\/wp-json\/wp\/v2\/types\/post"}],"author":[{"embeddable":true,"href":"https:\/\/www.visit-ulcinj.com\/blog\/wp-json\/wp\/v2\/users\/1"}],"replies":[{"embeddable":true,"href":"https:\/\/www.visit-ulcinj.com\/blog\/wp-json\/wp\/v2\/comments?post=18490"}],"version-history":[{"count":0,"href":"https:\/\/www.visit-ulcinj.com\/blog\/wp-json\/wp\/v2\/posts\/18490\/revisions"}],"wp:attachment":[{"href":"https:\/\/www.visit-ulcinj.com\/blog\/wp-json\/wp\/v2\/media?parent=18490"}],"wp:term":[{"taxonomy":"category","embeddable":true,"href":"https:\/\/www.visit-ulcinj.com\/blog\/wp-json\/wp\/v2\/categories?post=18490"},{"taxonomy":"post_tag","embeddable":true,"href":"https:\/\/www.visit-ulcinj.com\/blog\/wp-json\/wp\/v2\/tags?post=18490"}],"curies":[{"name":"wp","href":"https:\/\/api.w.org\/{rel}","templated":true}]}}