{"id":18504,"date":"2009-04-19T23:47:23","date_gmt":"2009-04-19T21:47:23","guid":{"rendered":"http:\/\/www.visit-ulcinj.com\/blog\/?p=18504"},"modified":"2009-04-19T23:50:39","modified_gmt":"2009-04-19T21:50:39","slug":"blero-dhe-dostat-me-%e2%80%9cla-vida-loka%e2%80%9d","status":"publish","type":"post","link":"https:\/\/www.visit-ulcinj.com\/blog\/2009\/04\/19\/blero-dhe-dostat-me-%e2%80%9cla-vida-loka%e2%80%9d\/","title":{"rendered":"Blero dhe Dostat me \u201cLa Vida Loka\u201d Remix"},"content":{"rendered":"<p><a href=\"http:\/\/www.visit-ulcinj.com\/blog\/wp-content\/uploads\/2009\/04\/blero-_f-kay_skillz_kaos_mc-kresha_lyrica.jpg\"><img loading=\"lazy\" class=\"alignleft size-full wp-image-18505\" title=\"blero-_f-kay_skillz_kaos_mc-kresha_lyrica\" src=\"http:\/\/www.visit-ulcinj.com\/blog\/wp-content\/uploads\/2009\/04\/blero-_f-kay_skillz_kaos_mc-kresha_lyrica.jpg\" alt=\"blero-_f-kay_skillz_kaos_mc-kresha_lyrica\" width=\"570\" height=\"350\" \/><\/a>Blero ka hedhur n\u00eb treg single-in e tij m\u00eb t\u00eb ri t\u00eb versionit t\u00eb k\u00ebng\u00ebs &#8220;La Vida Loca, t\u00eb cilin me par\u00eb i kishte k\u00ebnduar n\u00eb bashk\u00ebpunim me Dafina Zeqiri.<br \/>\nPor, edhe versioni i ri, t\u00eb cilin Blero e ka b\u00ebr\u00eb me dostat e tij po pritet q\u00eb t\u00eb jet\u00eb nj\u00eb hit i madh n\u00eb Kosov\u00eb por edhe n\u00eb Shqip\u00ebri, sidomos tani kur pritet t\u00eb vin\u00eb edhe pushimet verore.<br \/>\nMe par\u00eb ishte th\u00ebn\u00eb se Dafina Zeqiri nuk ka k\u00ebnduar n\u00eb k\u00ebt\u00eb spot p\u00ebr shkak se nuk ka qen\u00eb e k\u00ebnaqur me spotin e par\u00eb ku \u00ebsht\u00eb paraqitur me Bleron.<br \/>\nSpoti i ri i &#8220;La Vida Loco&#8221;<br \/>\n<strong><br \/>\nGazeta Express<\/strong><\/p>\n<!--YouTube Error: bad URL entered-->\n","protected":false},"excerpt":{"rendered":"<p>Blero ka hedhur n\u00eb treg single-in e tij m\u00eb t\u00eb ri t\u00eb versionit t\u00eb k\u00ebng\u00ebs &#8220;La Vida Loca, t\u00eb cilin me par\u00eb i kishte k\u00ebnduar n\u00eb bashk\u00ebpunim me Dafina Zeqiri. Por, edhe versioni i ri, t\u00eb cilin Blero e ka b\u00ebr\u00eb me dostat e tij po pritet q\u00eb t\u00eb jet\u00eb nj\u00eb hit i madh n\u00eb [&hellip;]<\/p>\n","protected":false},"author":1,"featured_media":0,"comment_status":"open","ping_status":"closed","sticky":false,"template":"","format":"standard","meta":{"spay_email":"","jetpack_publicize_message":"","jetpack_is_tweetstorm":false,"jetpack_publicize_feature_enabled":true},"categories":[1],"tags":[9384,9380,9379,9381,9383,9382,7006],"jetpack_publicize_connections":[],"yoast_head":"<!-- This site is optimized with the Yoast SEO plugin v19.1 - https:\/\/yoast.com\/wordpress\/plugins\/seo\/ -->\n<title>Blero dhe Dostat me \u201cLa Vida Loka\u201d Remix - Lajme nga Ulqini<\/title>\n<meta name=\"description\" content=\"Blero ka hedhur n\u00eb treg single-in e tij m\u00eb t\u00eb ri t\u00eb versionit t\u00eb k\u00ebng\u00ebs &quot;La Vida Loca, t\u00eb cilin me par\u00eb i kishte k\u00ebnduar n\u00eb bashk\u00ebpunim me Dafina Zeqiri.\" \/>\n<meta name=\"robots\" content=\"index, follow, max-snippet:-1, max-image-preview:large, max-video-preview:-1\" \/>\n<link rel=\"canonical\" href=\"https:\/\/www.visit-ulcinj.com\/blog\/2009\/04\/19\/blero-dhe-dostat-me-\u201cla-vida-loka\u201d\/\" \/>\n<meta property=\"og:locale\" content=\"en_US\" \/>\n<meta property=\"og:type\" content=\"article\" \/>\n<meta property=\"og:title\" content=\"Blero dhe Dostat me \u201cLa Vida Loka\u201d Remix - Lajme nga Ulqini\" \/>\n<meta property=\"og:description\" content=\"Blero ka hedhur n\u00eb treg single-in e tij m\u00eb t\u00eb ri t\u00eb versionit t\u00eb k\u00ebng\u00ebs &quot;La Vida Loca, t\u00eb cilin me par\u00eb i kishte k\u00ebnduar n\u00eb bashk\u00ebpunim me Dafina Zeqiri.\" \/>\n<meta property=\"og:url\" content=\"https:\/\/www.visit-ulcinj.com\/blog\/2009\/04\/19\/blero-dhe-dostat-me-\u201cla-vida-loka\u201d\/\" \/>\n<meta property=\"og:site_name\" content=\"Lajme nga Ulqini\" \/>\n<meta property=\"article:published_time\" content=\"2009-04-19T21:47:23+00:00\" \/>\n<meta property=\"article:modified_time\" content=\"2009-04-19T21:50:39+00:00\" \/>\n<meta property=\"og:image\" content=\"http:\/\/www.visit-ulcinj.com\/blog\/wp-content\/uploads\/2009\/04\/blero-_f-kay_skillz_kaos_mc-kresha_lyrica.jpg\" \/>\n<meta name=\"twitter:label1\" content=\"Written by\" \/>\n\t<meta name=\"twitter:data1\" content=\"ulqini\" \/>\n\t<meta name=\"twitter:label2\" content=\"Est. reading time\" \/>\n\t<meta name=\"twitter:data2\" content=\"1 minute\" \/>\n<script type=\"application\/ld+json\" class=\"yoast-schema-graph\">{\"@context\":\"https:\/\/schema.org\",\"@graph\":[{\"@type\":\"WebSite\",\"@id\":\"https:\/\/www.visit-ulcinj.com\/blog\/#website\",\"url\":\"https:\/\/www.visit-ulcinj.com\/blog\/\",\"name\":\"Lajme nga Ulqini\",\"description\":\"Lajme,Vijesti,Ulqini,Ulqin,Crna Gora,Mali i Zi\",\"potentialAction\":[{\"@type\":\"SearchAction\",\"target\":{\"@type\":\"EntryPoint\",\"urlTemplate\":\"https:\/\/www.visit-ulcinj.com\/blog\/?s={search_term_string}\"},\"query-input\":\"required name=search_term_string\"}],\"inLanguage\":\"en-US\"},{\"@type\":\"ImageObject\",\"inLanguage\":\"en-US\",\"@id\":\"https:\/\/www.visit-ulcinj.com\/blog\/2009\/04\/19\/blero-dhe-dostat-me-%e2%80%9cla-vida-loka%e2%80%9d\/#primaryimage\",\"url\":\"http:\/\/www.visit-ulcinj.com\/blog\/wp-content\/uploads\/2009\/04\/blero-_f-kay_skillz_kaos_mc-kresha_lyrica.jpg\",\"contentUrl\":\"http:\/\/www.visit-ulcinj.com\/blog\/wp-content\/uploads\/2009\/04\/blero-_f-kay_skillz_kaos_mc-kresha_lyrica.jpg\"},{\"@type\":\"WebPage\",\"@id\":\"https:\/\/www.visit-ulcinj.com\/blog\/2009\/04\/19\/blero-dhe-dostat-me-%e2%80%9cla-vida-loka%e2%80%9d\/#webpage\",\"url\":\"https:\/\/www.visit-ulcinj.com\/blog\/2009\/04\/19\/blero-dhe-dostat-me-%e2%80%9cla-vida-loka%e2%80%9d\/\",\"name\":\"Blero dhe Dostat me \u201cLa Vida Loka\u201d Remix - Lajme nga Ulqini\",\"isPartOf\":{\"@id\":\"https:\/\/www.visit-ulcinj.com\/blog\/#website\"},\"primaryImageOfPage\":{\"@id\":\"https:\/\/www.visit-ulcinj.com\/blog\/2009\/04\/19\/blero-dhe-dostat-me-%e2%80%9cla-vida-loka%e2%80%9d\/#primaryimage\"},\"datePublished\":\"2009-04-19T21:47:23+00:00\",\"dateModified\":\"2009-04-19T21:50:39+00:00\",\"author\":{\"@id\":\"https:\/\/www.visit-ulcinj.com\/blog\/#\/schema\/person\/dcab619c614d3038751c63bc2aadc06d\"},\"description\":\"Blero ka hedhur n\u00eb treg single-in e tij m\u00eb t\u00eb ri t\u00eb versionit t\u00eb k\u00ebng\u00ebs \\\"La Vida Loca, t\u00eb cilin me par\u00eb i kishte k\u00ebnduar n\u00eb bashk\u00ebpunim me Dafina Zeqiri.\",\"breadcrumb\":{\"@id\":\"https:\/\/www.visit-ulcinj.com\/blog\/2009\/04\/19\/blero-dhe-dostat-me-%e2%80%9cla-vida-loka%e2%80%9d\/#breadcrumb\"},\"inLanguage\":\"en-US\",\"potentialAction\":[{\"@type\":\"ReadAction\",\"target\":[\"https:\/\/www.visit-ulcinj.com\/blog\/2009\/04\/19\/blero-dhe-dostat-me-%e2%80%9cla-vida-loka%e2%80%9d\/\"]}]},{\"@type\":\"BreadcrumbList\",\"@id\":\"https:\/\/www.visit-ulcinj.com\/blog\/2009\/04\/19\/blero-dhe-dostat-me-%e2%80%9cla-vida-loka%e2%80%9d\/#breadcrumb\",\"itemListElement\":[{\"@type\":\"ListItem\",\"position\":1,\"name\":\"Blero dhe Dostat me \u201cLa Vida Loka\u201d Remix\"}]},{\"@type\":\"Person\",\"@id\":\"https:\/\/www.visit-ulcinj.com\/blog\/#\/schema\/person\/dcab619c614d3038751c63bc2aadc06d\",\"name\":\"ulqini\",\"sameAs\":[\"http:\/\/www.visit-ulcinj.com\"],\"url\":\"https:\/\/www.visit-ulcinj.com\/blog\/author\/admin\/\"}]}<\/script>\n<!-- \/ Yoast SEO plugin. -->","yoast_head_json":{"title":"Blero dhe Dostat me \u201cLa Vida Loka\u201d Remix - Lajme nga Ulqini","description":"Blero ka hedhur n\u00eb treg single-in e tij m\u00eb t\u00eb ri t\u00eb versionit t\u00eb k\u00ebng\u00ebs \"La Vida Loca, t\u00eb cilin me par\u00eb i kishte k\u00ebnduar n\u00eb bashk\u00ebpunim me Dafina Zeqiri.","robots":{"index":"index","follow":"follow","max-snippet":"max-snippet:-1","max-image-preview":"max-image-preview:large","max-video-preview":"max-video-preview:-1"},"canonical":"https:\/\/www.visit-ulcinj.com\/blog\/2009\/04\/19\/blero-dhe-dostat-me-\u201cla-vida-loka\u201d\/","og_locale":"en_US","og_type":"article","og_title":"Blero dhe Dostat me \u201cLa Vida Loka\u201d Remix - Lajme nga Ulqini","og_description":"Blero ka hedhur n\u00eb treg single-in e tij m\u00eb t\u00eb ri t\u00eb versionit t\u00eb k\u00ebng\u00ebs \"La Vida Loca, t\u00eb cilin me par\u00eb i kishte k\u00ebnduar n\u00eb bashk\u00ebpunim me Dafina Zeqiri.","og_url":"https:\/\/www.visit-ulcinj.com\/blog\/2009\/04\/19\/blero-dhe-dostat-me-\u201cla-vida-loka\u201d\/","og_site_name":"Lajme nga Ulqini","article_published_time":"2009-04-19T21:47:23+00:00","article_modified_time":"2009-04-19T21:50:39+00:00","og_image":[{"url":"http:\/\/www.visit-ulcinj.com\/blog\/wp-content\/uploads\/2009\/04\/blero-_f-kay_skillz_kaos_mc-kresha_lyrica.jpg"}],"twitter_misc":{"Written by":"ulqini","Est. reading time":"1 minute"},"schema":{"@context":"https:\/\/schema.org","@graph":[{"@type":"WebSite","@id":"https:\/\/www.visit-ulcinj.com\/blog\/#website","url":"https:\/\/www.visit-ulcinj.com\/blog\/","name":"Lajme nga Ulqini","description":"Lajme,Vijesti,Ulqini,Ulqin,Crna Gora,Mali i Zi","potentialAction":[{"@type":"SearchAction","target":{"@type":"EntryPoint","urlTemplate":"https:\/\/www.visit-ulcinj.com\/blog\/?s={search_term_string}"},"query-input":"required name=search_term_string"}],"inLanguage":"en-US"},{"@type":"ImageObject","inLanguage":"en-US","@id":"https:\/\/www.visit-ulcinj.com\/blog\/2009\/04\/19\/blero-dhe-dostat-me-%e2%80%9cla-vida-loka%e2%80%9d\/#primaryimage","url":"http:\/\/www.visit-ulcinj.com\/blog\/wp-content\/uploads\/2009\/04\/blero-_f-kay_skillz_kaos_mc-kresha_lyrica.jpg","contentUrl":"http:\/\/www.visit-ulcinj.com\/blog\/wp-content\/uploads\/2009\/04\/blero-_f-kay_skillz_kaos_mc-kresha_lyrica.jpg"},{"@type":"WebPage","@id":"https:\/\/www.visit-ulcinj.com\/blog\/2009\/04\/19\/blero-dhe-dostat-me-%e2%80%9cla-vida-loka%e2%80%9d\/#webpage","url":"https:\/\/www.visit-ulcinj.com\/blog\/2009\/04\/19\/blero-dhe-dostat-me-%e2%80%9cla-vida-loka%e2%80%9d\/","name":"Blero dhe Dostat me \u201cLa Vida Loka\u201d Remix - Lajme nga Ulqini","isPartOf":{"@id":"https:\/\/www.visit-ulcinj.com\/blog\/#website"},"primaryImageOfPage":{"@id":"https:\/\/www.visit-ulcinj.com\/blog\/2009\/04\/19\/blero-dhe-dostat-me-%e2%80%9cla-vida-loka%e2%80%9d\/#primaryimage"},"datePublished":"2009-04-19T21:47:23+00:00","dateModified":"2009-04-19T21:50:39+00:00","author":{"@id":"https:\/\/www.visit-ulcinj.com\/blog\/#\/schema\/person\/dcab619c614d3038751c63bc2aadc06d"},"description":"Blero ka hedhur n\u00eb treg single-in e tij m\u00eb t\u00eb ri t\u00eb versionit t\u00eb k\u00ebng\u00ebs \"La Vida Loca, t\u00eb cilin me par\u00eb i kishte k\u00ebnduar n\u00eb bashk\u00ebpunim me Dafina Zeqiri.","breadcrumb":{"@id":"https:\/\/www.visit-ulcinj.com\/blog\/2009\/04\/19\/blero-dhe-dostat-me-%e2%80%9cla-vida-loka%e2%80%9d\/#breadcrumb"},"inLanguage":"en-US","potentialAction":[{"@type":"ReadAction","target":["https:\/\/www.visit-ulcinj.com\/blog\/2009\/04\/19\/blero-dhe-dostat-me-%e2%80%9cla-vida-loka%e2%80%9d\/"]}]},{"@type":"BreadcrumbList","@id":"https:\/\/www.visit-ulcinj.com\/blog\/2009\/04\/19\/blero-dhe-dostat-me-%e2%80%9cla-vida-loka%e2%80%9d\/#breadcrumb","itemListElement":[{"@type":"ListItem","position":1,"name":"Blero dhe Dostat me \u201cLa Vida Loka\u201d Remix"}]},{"@type":"Person","@id":"https:\/\/www.visit-ulcinj.com\/blog\/#\/schema\/person\/dcab619c614d3038751c63bc2aadc06d","name":"ulqini","sameAs":["http:\/\/www.visit-ulcinj.com"],"url":"https:\/\/www.visit-ulcinj.com\/blog\/author\/admin\/"}]}},"jetpack_featured_media_url":"","jetpack_sharing_enabled":true,"jetpack_shortlink":"https:\/\/wp.me\/pe6lTn-4Os","_links":{"self":[{"href":"https:\/\/www.visit-ulcinj.com\/blog\/wp-json\/wp\/v2\/posts\/18504"}],"collection":[{"href":"https:\/\/www.visit-ulcinj.com\/blog\/wp-json\/wp\/v2\/posts"}],"about":[{"href":"https:\/\/www.visit-ulcinj.com\/blog\/wp-json\/wp\/v2\/types\/post"}],"author":[{"embeddable":true,"href":"https:\/\/www.visit-ulcinj.com\/blog\/wp-json\/wp\/v2\/users\/1"}],"replies":[{"embeddable":true,"href":"https:\/\/www.visit-ulcinj.com\/blog\/wp-json\/wp\/v2\/comments?post=18504"}],"version-history":[{"count":0,"href":"https:\/\/www.visit-ulcinj.com\/blog\/wp-json\/wp\/v2\/posts\/18504\/revisions"}],"wp:attachment":[{"href":"https:\/\/www.visit-ulcinj.com\/blog\/wp-json\/wp\/v2\/media?parent=18504"}],"wp:term":[{"taxonomy":"category","embeddable":true,"href":"https:\/\/www.visit-ulcinj.com\/blog\/wp-json\/wp\/v2\/categories?post=18504"},{"taxonomy":"post_tag","embeddable":true,"href":"https:\/\/www.visit-ulcinj.com\/blog\/wp-json\/wp\/v2\/tags?post=18504"}],"curies":[{"name":"wp","href":"https:\/\/api.w.org\/{rel}","templated":true}]}}