{"id":18529,"date":"2009-04-20T11:45:00","date_gmt":"2009-04-20T09:45:00","guid":{"rendered":"http:\/\/www.visit-ulcinj.com\/blog\/?p=18529"},"modified":"2009-04-20T11:45:00","modified_gmt":"2009-04-20T09:45:00","slug":"i-cittadini-di-ulcinj-rivendicano-il-golfo-di-valdanos","status":"publish","type":"post","link":"https:\/\/www.visit-ulcinj.com\/blog\/2009\/04\/20\/i-cittadini-di-ulcinj-rivendicano-il-golfo-di-valdanos\/","title":{"rendered":"I cittadini di Ulcinj rivendicano il golfo di Valdanos"},"content":{"rendered":"<p><a href=\"http:\/\/www.visit-ulcinj.com\/blog\/wp-content\/uploads\/2009\/04\/del-golfo-di-valdanos_ulcinj_montenegro.jpg\"><img loading=\"lazy\" class=\"alignleft size-full wp-image-18530\" title=\"del-golfo-di-valdanos_ulcinj_montenegro\" src=\"http:\/\/www.visit-ulcinj.com\/blog\/wp-content\/uploads\/2009\/04\/del-golfo-di-valdanos_ulcinj_montenegro.jpg\" alt=\"del-golfo-di-valdanos_ulcinj_montenegro\" width=\"570\" height=\"400\" \/><\/a>Il Governo montenegrino ha dato il via al procedimento di privatizzazione del Golfo di Valdanos, e rivendica l\u2019espropriazione del terreno dei cittadini albanesi di Ulcinj avvenuta nel 1978. I cittadini di Ulcinj, nonostante ci\u00f2, non hanno alcuna intenzione di rassegnarsi, e promettono una lotta decisa e determinata, considerando la grande posta in gioco.<\/p>\n<p>Il Governo montenegrino ha dato il via al procedimento di privatizzazione del Golfo di Valdanos, e rivendica l\u2019espropriazione del terreno dei cittadini albanesi di Ulcinj avvenuta nel 1978. Un terreno di particolare importanza che ospita un uliveto centenario, essenziale per l\u2019ecosistema economica della comunit\u00e0 della citt\u00e0 di Ulcinj. \u00c8 impossibile infatti separare la vita di quell&#8217;uliveto che ha pi\u00f9 di 500 anni dall\u2019esistenza della citt\u00e0 di Ulcinj, che \u00e8 collegata, da meno di quattro chilometri di strada al golfo di Valdanos, completamente ricoperto da ulivi da cui si ottiene la produzione di olio di tutta la zona. La sorte di quel golfo preoccupa ormai da tre decenni gli abitanti di Ulcinj, e i recenti provvedimenti di privatizzazione del Governo montenegrino hanno riportato su di esso l\u2019attenzione delle autorit\u00e0 locali e di quelle nazionali.<\/p>\n<p>I proprietari gli uliveti hanno subito ricevuto l\u2019ordine di espropriazione, e cos\u00ec anche le somme di risarcimento, nel 1978 da parte del governo della ex-Jugoslavia per fare posto ai lavori di rafforzamento dell\u2019infrastruttura portuale e di costruzione di una grande base marittima. La presunta base militare, tuttavia non e\u2019 mai stata costruita e l\u2019Uliveto e\u2019 rimasto cos\u00ec com\u2019era anni fa, sennonch\u00e9, nel frattempo, il Governo ha dato il via libera alla costruzione di un complesso turistico occupando circa il 5% della superficie. Quando il Governo del Montenegro ha iniziato il processo di risarcimento e di compensazione delle propriet\u00e0, il comune di Ulcinj ha deciso di interrogare i legittimi proprietari originari della terra espropriata. Le autorit\u00e0 di Podgorica non hanno tuttavia riconosciuto la sentenza per la restituzione delle propriet\u00e0, affermando che si tratta di una &#8220;propriet\u00e0 statale espropriata nell&#8217;interesse pubblico contro il pagamento avvenuto nel 1978&#8221;. I cittadini di Ulcinj, nonostante ci\u00f2, non hanno alcuna intenzione di rassegnarsi, e promettono una lotta decisa e determinata, considerando la grande posta in gioco.<\/p>\n<p>Infatti, secondo i cittadini di Ulcinj, quest\u2019azione di esproprio potrebbe cambiare il confine etnico tra gli albanesi e i montenegrini, toccando cos\u00ec una questione delicata ampiamente affrontata dai politici albanesi in Montenegro. L\u2019Associazione che rappresenta gli ex-proprietari, ha annunciato ieri che ha dato iniziato alla guerra legale e politica nei confronti del Parlamento del Montenegro, e \u201cse ve ne sar\u00e0 il bisogno, anche presso la Corte di Strasburgo\u201d. Infatti i proprietari affermano che l\u2019espropriazione e\u2019 avvenuta dietro forti pressioni ed &#8220;eseguita dalle autorit\u00e0 di uno Stato poliziesco&#8221;, aggiungendo inoltre che &#8220;sono pronti a restituire i soldi ottenuto al loro valore attualizzato&#8221;. La loro argomentazione pi\u00f9 forte sta nell\u2019accusa del cambiamento della destinazione, che costituisce una grave violazione legale. Infatti nonostante l\u2019espropriazione \u00e8 stata svolta in teoria per l\u2019interesse pubblico della difesa nazionale, la base della Marina Militare non \u00e8 stata mai costruita, facendo posto bens\u00ec ad un complesso turistico.<\/p>\n<p><strong>Alketa Alibali<\/strong><\/p>\n<p><a href=\"http:\/\/rinascitabalcanica.com\/?read=9400&amp;\" target=\"_blank\"><strong>rinascitabalcanica<\/strong><\/a><\/p>\n\n\t\t<style type=\"text\/css\">\n\t\t\t#gallery-1 {\n\t\t\t\tmargin: auto;\n\t\t\t}\n\t\t\t#gallery-1 .gallery-item {\n\t\t\t\tfloat: left;\n\t\t\t\tmargin-top: 10px;\n\t\t\t\ttext-align: center;\n\t\t\t\twidth: 33%;\n\t\t\t}\n\t\t\t#gallery-1 img {\n\t\t\t\tborder: 2px solid #cfcfcf;\n\t\t\t}\n\t\t\t#gallery-1 .gallery-caption {\n\t\t\t\tmargin-left: 0;\n\t\t\t}\n\t\t\t\/* see gallery_shortcode() in wp-includes\/media.php *\/\n\t\t<\/style>\n\t\t<div id='gallery-1' class='gallery galleryid-18529 gallery-columns-3 gallery-size-thumbnail'><dl class='gallery-item'>\n\t\t\t<dt class='gallery-icon landscape'>\n\t\t\t\t<a href='https:\/\/www.visit-ulcinj.com\/blog\/2009\/04\/20\/i-cittadini-di-ulcinj-rivendicano-il-golfo-di-valdanos\/del-golfo-di-valdanos_ulcinj_montenegro\/'><img width=\"150\" height=\"150\" src=\"https:\/\/www.visit-ulcinj.com\/blog\/wp-content\/uploads\/2009\/04\/del-golfo-di-valdanos_ulcinj_montenegro-150x150.jpg\" class=\"attachment-thumbnail size-thumbnail\" alt=\"\" loading=\"lazy\" \/><\/a>\n\t\t\t<\/dt><\/dl><dl class='gallery-item'>\n\t\t\t<dt class='gallery-icon landscape'>\n\t\t\t\t<a href='https:\/\/www.visit-ulcinj.com\/blog\/2009\/04\/20\/i-cittadini-di-ulcinj-rivendicano-il-golfo-di-valdanos\/del-golfo-di-valdanos_ulcinj_montenegro1\/'><img width=\"150\" height=\"150\" src=\"https:\/\/www.visit-ulcinj.com\/blog\/wp-content\/uploads\/2009\/04\/del-golfo-di-valdanos_ulcinj_montenegro1-150x150.jpg\" class=\"attachment-thumbnail size-thumbnail\" alt=\"\" loading=\"lazy\" \/><\/a>\n\t\t\t<\/dt><\/dl><dl class='gallery-item'>\n\t\t\t<dt class='gallery-icon landscape'>\n\t\t\t\t<a href='https:\/\/www.visit-ulcinj.com\/blog\/2009\/04\/20\/i-cittadini-di-ulcinj-rivendicano-il-golfo-di-valdanos\/del-golfo-di-valdanos_ulcinj_montenegro2\/'><img width=\"150\" height=\"150\" src=\"https:\/\/www.visit-ulcinj.com\/blog\/wp-content\/uploads\/2009\/04\/del-golfo-di-valdanos_ulcinj_montenegro2-150x150.jpg\" class=\"attachment-thumbnail size-thumbnail\" alt=\"\" loading=\"lazy\" \/><\/a>\n\t\t\t<\/dt><\/dl><br style=\"clear: both\" \/><dl class='gallery-item'>\n\t\t\t<dt class='gallery-icon landscape'>\n\t\t\t\t<a href='https:\/\/www.visit-ulcinj.com\/blog\/2009\/04\/20\/i-cittadini-di-ulcinj-rivendicano-il-golfo-di-valdanos\/del-golfo-di-valdanos_ulcinj_montenegro3\/'><img width=\"150\" height=\"150\" src=\"https:\/\/www.visit-ulcinj.com\/blog\/wp-content\/uploads\/2009\/04\/del-golfo-di-valdanos_ulcinj_montenegro3-150x150.jpg\" class=\"attachment-thumbnail size-thumbnail\" alt=\"\" loading=\"lazy\" \/><\/a>\n\t\t\t<\/dt><\/dl><dl class='gallery-item'>\n\t\t\t<dt class='gallery-icon landscape'>\n\t\t\t\t<a href='https:\/\/www.visit-ulcinj.com\/blog\/2009\/04\/20\/i-cittadini-di-ulcinj-rivendicano-il-golfo-di-valdanos\/del-golfo-di-valdanos_ulcinj_montenegro4\/'><img width=\"150\" height=\"150\" src=\"https:\/\/www.visit-ulcinj.com\/blog\/wp-content\/uploads\/2009\/04\/del-golfo-di-valdanos_ulcinj_montenegro4-150x150.jpg\" class=\"attachment-thumbnail size-thumbnail\" alt=\"\" loading=\"lazy\" \/><\/a>\n\t\t\t<\/dt><\/dl><dl class='gallery-item'>\n\t\t\t<dt class='gallery-icon landscape'>\n\t\t\t\t<a href='https:\/\/www.visit-ulcinj.com\/blog\/2009\/04\/20\/i-cittadini-di-ulcinj-rivendicano-il-golfo-di-valdanos\/del-golfo-di-valdanos_ulcinj_montenegro5\/'><img width=\"150\" height=\"150\" src=\"https:\/\/www.visit-ulcinj.com\/blog\/wp-content\/uploads\/2009\/04\/del-golfo-di-valdanos_ulcinj_montenegro5-150x150.jpg\" class=\"attachment-thumbnail size-thumbnail\" alt=\"\" loading=\"lazy\" \/><\/a>\n\t\t\t<\/dt><\/dl><br style=\"clear: both\" \/><dl class='gallery-item'>\n\t\t\t<dt class='gallery-icon landscape'>\n\t\t\t\t<a href='https:\/\/www.visit-ulcinj.com\/blog\/2009\/04\/20\/i-cittadini-di-ulcinj-rivendicano-il-golfo-di-valdanos\/del-golfo-di-valdanos_ulcinj_montenegro6\/'><img width=\"150\" height=\"150\" src=\"https:\/\/www.visit-ulcinj.com\/blog\/wp-content\/uploads\/2009\/04\/del-golfo-di-valdanos_ulcinj_montenegro6-150x150.jpg\" class=\"attachment-thumbnail size-thumbnail\" alt=\"\" loading=\"lazy\" \/><\/a>\n\t\t\t<\/dt><\/dl><dl class='gallery-item'>\n\t\t\t<dt class='gallery-icon landscape'>\n\t\t\t\t<a href='https:\/\/www.visit-ulcinj.com\/blog\/2009\/04\/20\/i-cittadini-di-ulcinj-rivendicano-il-golfo-di-valdanos\/del-golfo-di-valdanos_ulcinj_montenegro7\/'><img width=\"150\" height=\"150\" src=\"https:\/\/www.visit-ulcinj.com\/blog\/wp-content\/uploads\/2009\/04\/del-golfo-di-valdanos_ulcinj_montenegro7-150x150.jpg\" class=\"attachment-thumbnail size-thumbnail\" alt=\"\" loading=\"lazy\" \/><\/a>\n\t\t\t<\/dt><\/dl><dl class='gallery-item'>\n\t\t\t<dt class='gallery-icon landscape'>\n\t\t\t\t<a href='https:\/\/www.visit-ulcinj.com\/blog\/2009\/04\/20\/i-cittadini-di-ulcinj-rivendicano-il-golfo-di-valdanos\/del-golfo-di-valdanos_ulcinj_montenegro8\/'><img width=\"150\" height=\"150\" src=\"https:\/\/www.visit-ulcinj.com\/blog\/wp-content\/uploads\/2009\/04\/del-golfo-di-valdanos_ulcinj_montenegro8-150x150.jpg\" class=\"attachment-thumbnail size-thumbnail\" alt=\"\" loading=\"lazy\" \/><\/a>\n\t\t\t<\/dt><\/dl><br style=\"clear: both\" \/>\n\t\t<\/div>\n\n","protected":false},"excerpt":{"rendered":"<p>Il Governo montenegrino ha dato il via al procedimento di privatizzazione del Golfo di Valdanos, e rivendica l\u2019espropriazione del terreno dei cittadini albanesi di Ulcinj avvenuta nel 1978. I cittadini di Ulcinj, nonostante ci\u00f2, non hanno alcuna intenzione di rassegnarsi, e promettono una lotta decisa e determinata, considerando la grande posta in gioco. Il Governo [&hellip;]<\/p>\n","protected":false},"author":1,"featured_media":0,"comment_status":"open","ping_status":"closed","sticky":false,"template":"","format":"standard","meta":{"spay_email":"","jetpack_publicize_message":"","jetpack_is_tweetstorm":false,"jetpack_publicize_feature_enabled":true},"categories":[8337],"tags":[9391,79],"jetpack_publicize_connections":[],"yoast_head":"<!-- This site is optimized with the Yoast SEO plugin v19.1 - https:\/\/yoast.com\/wordpress\/plugins\/seo\/ -->\n<title>I cittadini di Ulcinj rivendicano il golfo di Valdanos - Lajme nga Ulqini<\/title>\n<meta name=\"description\" content=\"Il Governo montenegrino ha dato il via al procedimento di privatizzazione del Golfo di Valdanos, e rivendica l\u2019espropriazione del terreno dei cittadini\" \/>\n<meta name=\"robots\" content=\"index, follow, max-snippet:-1, max-image-preview:large, max-video-preview:-1\" \/>\n<link rel=\"canonical\" href=\"https:\/\/www.visit-ulcinj.com\/blog\/2009\/04\/20\/i-cittadini-di-ulcinj-rivendicano-il-golfo-di-valdanos\/\" \/>\n<meta property=\"og:locale\" content=\"en_US\" \/>\n<meta property=\"og:type\" content=\"article\" \/>\n<meta property=\"og:title\" content=\"I cittadini di Ulcinj rivendicano il golfo di Valdanos - Lajme nga Ulqini\" \/>\n<meta property=\"og:description\" content=\"Il Governo montenegrino ha dato il via al procedimento di privatizzazione del Golfo di Valdanos, e rivendica l\u2019espropriazione del terreno dei cittadini\" \/>\n<meta property=\"og:url\" content=\"https:\/\/www.visit-ulcinj.com\/blog\/2009\/04\/20\/i-cittadini-di-ulcinj-rivendicano-il-golfo-di-valdanos\/\" \/>\n<meta property=\"og:site_name\" content=\"Lajme nga Ulqini\" \/>\n<meta property=\"article:published_time\" content=\"2009-04-20T09:45:00+00:00\" \/>\n<meta property=\"og:image\" content=\"https:\/\/www.visit-ulcinj.com\/blog\/wp-content\/uploads\/2009\/04\/del-golfo-di-valdanos_ulcinj_montenegro-150x150.jpg\" \/>\n<meta name=\"twitter:label1\" content=\"Written by\" \/>\n\t<meta name=\"twitter:data1\" content=\"ulqini\" \/>\n\t<meta name=\"twitter:label2\" content=\"Est. reading time\" \/>\n\t<meta name=\"twitter:data2\" content=\"3 minutes\" \/>\n<script type=\"application\/ld+json\" class=\"yoast-schema-graph\">{\"@context\":\"https:\/\/schema.org\",\"@graph\":[{\"@type\":\"WebSite\",\"@id\":\"https:\/\/www.visit-ulcinj.com\/blog\/#website\",\"url\":\"https:\/\/www.visit-ulcinj.com\/blog\/\",\"name\":\"Lajme nga Ulqini\",\"description\":\"Lajme,Vijesti,Ulqini,Ulqin,Crna Gora,Mali i Zi\",\"potentialAction\":[{\"@type\":\"SearchAction\",\"target\":{\"@type\":\"EntryPoint\",\"urlTemplate\":\"https:\/\/www.visit-ulcinj.com\/blog\/?s={search_term_string}\"},\"query-input\":\"required name=search_term_string\"}],\"inLanguage\":\"en-US\"},{\"@type\":\"ImageObject\",\"inLanguage\":\"en-US\",\"@id\":\"https:\/\/www.visit-ulcinj.com\/blog\/2009\/04\/20\/i-cittadini-di-ulcinj-rivendicano-il-golfo-di-valdanos\/#primaryimage\",\"url\":\"https:\/\/www.visit-ulcinj.com\/blog\/wp-content\/uploads\/2009\/04\/del-golfo-di-valdanos_ulcinj_montenegro.jpg\",\"contentUrl\":\"https:\/\/www.visit-ulcinj.com\/blog\/wp-content\/uploads\/2009\/04\/del-golfo-di-valdanos_ulcinj_montenegro.jpg\",\"width\":\"800\",\"height\":\"600\"},{\"@type\":\"WebPage\",\"@id\":\"https:\/\/www.visit-ulcinj.com\/blog\/2009\/04\/20\/i-cittadini-di-ulcinj-rivendicano-il-golfo-di-valdanos\/#webpage\",\"url\":\"https:\/\/www.visit-ulcinj.com\/blog\/2009\/04\/20\/i-cittadini-di-ulcinj-rivendicano-il-golfo-di-valdanos\/\",\"name\":\"I cittadini di Ulcinj rivendicano il golfo di Valdanos - Lajme nga Ulqini\",\"isPartOf\":{\"@id\":\"https:\/\/www.visit-ulcinj.com\/blog\/#website\"},\"primaryImageOfPage\":{\"@id\":\"https:\/\/www.visit-ulcinj.com\/blog\/2009\/04\/20\/i-cittadini-di-ulcinj-rivendicano-il-golfo-di-valdanos\/#primaryimage\"},\"datePublished\":\"2009-04-20T09:45:00+00:00\",\"dateModified\":\"2009-04-20T09:45:00+00:00\",\"author\":{\"@id\":\"https:\/\/www.visit-ulcinj.com\/blog\/#\/schema\/person\/dcab619c614d3038751c63bc2aadc06d\"},\"description\":\"Il Governo montenegrino ha dato il via al procedimento di privatizzazione del Golfo di Valdanos, e rivendica l\u2019espropriazione del terreno dei cittadini\",\"breadcrumb\":{\"@id\":\"https:\/\/www.visit-ulcinj.com\/blog\/2009\/04\/20\/i-cittadini-di-ulcinj-rivendicano-il-golfo-di-valdanos\/#breadcrumb\"},\"inLanguage\":\"en-US\",\"potentialAction\":[{\"@type\":\"ReadAction\",\"target\":[\"https:\/\/www.visit-ulcinj.com\/blog\/2009\/04\/20\/i-cittadini-di-ulcinj-rivendicano-il-golfo-di-valdanos\/\"]}]},{\"@type\":\"BreadcrumbList\",\"@id\":\"https:\/\/www.visit-ulcinj.com\/blog\/2009\/04\/20\/i-cittadini-di-ulcinj-rivendicano-il-golfo-di-valdanos\/#breadcrumb\",\"itemListElement\":[{\"@type\":\"ListItem\",\"position\":1,\"name\":\"I cittadini di Ulcinj rivendicano il golfo di Valdanos\"}]},{\"@type\":\"Person\",\"@id\":\"https:\/\/www.visit-ulcinj.com\/blog\/#\/schema\/person\/dcab619c614d3038751c63bc2aadc06d\",\"name\":\"ulqini\",\"sameAs\":[\"http:\/\/www.visit-ulcinj.com\"],\"url\":\"https:\/\/www.visit-ulcinj.com\/blog\/author\/admin\/\"}]}<\/script>\n<!-- \/ Yoast SEO plugin. -->","yoast_head_json":{"title":"I cittadini di Ulcinj rivendicano il golfo di Valdanos - Lajme nga Ulqini","description":"Il Governo montenegrino ha dato il via al procedimento di privatizzazione del Golfo di Valdanos, e rivendica l\u2019espropriazione del terreno dei cittadini","robots":{"index":"index","follow":"follow","max-snippet":"max-snippet:-1","max-image-preview":"max-image-preview:large","max-video-preview":"max-video-preview:-1"},"canonical":"https:\/\/www.visit-ulcinj.com\/blog\/2009\/04\/20\/i-cittadini-di-ulcinj-rivendicano-il-golfo-di-valdanos\/","og_locale":"en_US","og_type":"article","og_title":"I cittadini di Ulcinj rivendicano il golfo di Valdanos - Lajme nga Ulqini","og_description":"Il Governo montenegrino ha dato il via al procedimento di privatizzazione del Golfo di Valdanos, e rivendica l\u2019espropriazione del terreno dei cittadini","og_url":"https:\/\/www.visit-ulcinj.com\/blog\/2009\/04\/20\/i-cittadini-di-ulcinj-rivendicano-il-golfo-di-valdanos\/","og_site_name":"Lajme nga Ulqini","article_published_time":"2009-04-20T09:45:00+00:00","og_image":[{"url":"https:\/\/www.visit-ulcinj.com\/blog\/wp-content\/uploads\/2009\/04\/del-golfo-di-valdanos_ulcinj_montenegro-150x150.jpg"}],"twitter_misc":{"Written by":"ulqini","Est. reading time":"3 minutes"},"schema":{"@context":"https:\/\/schema.org","@graph":[{"@type":"WebSite","@id":"https:\/\/www.visit-ulcinj.com\/blog\/#website","url":"https:\/\/www.visit-ulcinj.com\/blog\/","name":"Lajme nga Ulqini","description":"Lajme,Vijesti,Ulqini,Ulqin,Crna Gora,Mali i Zi","potentialAction":[{"@type":"SearchAction","target":{"@type":"EntryPoint","urlTemplate":"https:\/\/www.visit-ulcinj.com\/blog\/?s={search_term_string}"},"query-input":"required name=search_term_string"}],"inLanguage":"en-US"},{"@type":"ImageObject","inLanguage":"en-US","@id":"https:\/\/www.visit-ulcinj.com\/blog\/2009\/04\/20\/i-cittadini-di-ulcinj-rivendicano-il-golfo-di-valdanos\/#primaryimage","url":"https:\/\/www.visit-ulcinj.com\/blog\/wp-content\/uploads\/2009\/04\/del-golfo-di-valdanos_ulcinj_montenegro.jpg","contentUrl":"https:\/\/www.visit-ulcinj.com\/blog\/wp-content\/uploads\/2009\/04\/del-golfo-di-valdanos_ulcinj_montenegro.jpg","width":"800","height":"600"},{"@type":"WebPage","@id":"https:\/\/www.visit-ulcinj.com\/blog\/2009\/04\/20\/i-cittadini-di-ulcinj-rivendicano-il-golfo-di-valdanos\/#webpage","url":"https:\/\/www.visit-ulcinj.com\/blog\/2009\/04\/20\/i-cittadini-di-ulcinj-rivendicano-il-golfo-di-valdanos\/","name":"I cittadini di Ulcinj rivendicano il golfo di Valdanos - Lajme nga Ulqini","isPartOf":{"@id":"https:\/\/www.visit-ulcinj.com\/blog\/#website"},"primaryImageOfPage":{"@id":"https:\/\/www.visit-ulcinj.com\/blog\/2009\/04\/20\/i-cittadini-di-ulcinj-rivendicano-il-golfo-di-valdanos\/#primaryimage"},"datePublished":"2009-04-20T09:45:00+00:00","dateModified":"2009-04-20T09:45:00+00:00","author":{"@id":"https:\/\/www.visit-ulcinj.com\/blog\/#\/schema\/person\/dcab619c614d3038751c63bc2aadc06d"},"description":"Il Governo montenegrino ha dato il via al procedimento di privatizzazione del Golfo di Valdanos, e rivendica l\u2019espropriazione del terreno dei cittadini","breadcrumb":{"@id":"https:\/\/www.visit-ulcinj.com\/blog\/2009\/04\/20\/i-cittadini-di-ulcinj-rivendicano-il-golfo-di-valdanos\/#breadcrumb"},"inLanguage":"en-US","potentialAction":[{"@type":"ReadAction","target":["https:\/\/www.visit-ulcinj.com\/blog\/2009\/04\/20\/i-cittadini-di-ulcinj-rivendicano-il-golfo-di-valdanos\/"]}]},{"@type":"BreadcrumbList","@id":"https:\/\/www.visit-ulcinj.com\/blog\/2009\/04\/20\/i-cittadini-di-ulcinj-rivendicano-il-golfo-di-valdanos\/#breadcrumb","itemListElement":[{"@type":"ListItem","position":1,"name":"I cittadini di Ulcinj rivendicano il golfo di Valdanos"}]},{"@type":"Person","@id":"https:\/\/www.visit-ulcinj.com\/blog\/#\/schema\/person\/dcab619c614d3038751c63bc2aadc06d","name":"ulqini","sameAs":["http:\/\/www.visit-ulcinj.com"],"url":"https:\/\/www.visit-ulcinj.com\/blog\/author\/admin\/"}]}},"jetpack_featured_media_url":"","jetpack_sharing_enabled":true,"jetpack_shortlink":"https:\/\/wp.me\/pe6lTn-4OR","_links":{"self":[{"href":"https:\/\/www.visit-ulcinj.com\/blog\/wp-json\/wp\/v2\/posts\/18529"}],"collection":[{"href":"https:\/\/www.visit-ulcinj.com\/blog\/wp-json\/wp\/v2\/posts"}],"about":[{"href":"https:\/\/www.visit-ulcinj.com\/blog\/wp-json\/wp\/v2\/types\/post"}],"author":[{"embeddable":true,"href":"https:\/\/www.visit-ulcinj.com\/blog\/wp-json\/wp\/v2\/users\/1"}],"replies":[{"embeddable":true,"href":"https:\/\/www.visit-ulcinj.com\/blog\/wp-json\/wp\/v2\/comments?post=18529"}],"version-history":[{"count":0,"href":"https:\/\/www.visit-ulcinj.com\/blog\/wp-json\/wp\/v2\/posts\/18529\/revisions"}],"wp:attachment":[{"href":"https:\/\/www.visit-ulcinj.com\/blog\/wp-json\/wp\/v2\/media?parent=18529"}],"wp:term":[{"taxonomy":"category","embeddable":true,"href":"https:\/\/www.visit-ulcinj.com\/blog\/wp-json\/wp\/v2\/categories?post=18529"},{"taxonomy":"post_tag","embeddable":true,"href":"https:\/\/www.visit-ulcinj.com\/blog\/wp-json\/wp\/v2\/tags?post=18529"}],"curies":[{"name":"wp","href":"https:\/\/api.w.org\/{rel}","templated":true}]}}