{"id":18543,"date":"2009-04-20T13:41:17","date_gmt":"2009-04-20T11:41:17","guid":{"rendered":"http:\/\/www.visit-ulcinj.com\/blog\/?p=18543"},"modified":"2009-04-20T13:42:10","modified_gmt":"2009-04-20T11:42:10","slug":"berisha-ringrazia-scutari-con-il-nucleare","status":"publish","type":"post","link":"https:\/\/www.visit-ulcinj.com\/blog\/2009\/04\/20\/berisha-ringrazia-scutari-con-il-nucleare\/","title":{"rendered":"Berisha ringrazia Scutari con il nucleare"},"content":{"rendered":"<p><a href=\"http:\/\/www.visit-ulcinj.com\/blog\/wp-content\/uploads\/2009\/04\/sanader_berisha.jpg\"><img loading=\"lazy\" class=\"alignleft size-full wp-image-18544\" title=\"sanader_berisha\" src=\"http:\/\/www.visit-ulcinj.com\/blog\/wp-content\/uploads\/2009\/04\/sanader_berisha.jpg\" alt=\"sanader_berisha\" width=\"570\" height=\"350\" \/><\/a>Ero molto felice quando un anno fa, ho visitato Scutari e ho notato che stava riprendendo a \u201cfiorire\u201d di nuovo dopo 17 anni di emarginazione post-comunista dai governi di sinistra, e dall\u2019amnesia della destra (probabilmente dovuta alla mancanza di esperienza governativa), per la quale Scutari ha sempre votato.<\/p>\n<p>Ho sempre sostenuto l\u2019idea del Premier Berisha di trasformare l\u2019Albania in un paradiso turistico e mi \u00e8 sembrato che finalmente anche per Scutari, citt\u00e0 antichissima, ricca di storia e attrazioni archeologiche, culturali e paesaggistiche, fosse arrivato il momento di proiettarsi nel futuro. La mia fiducia\u00a0 si sta esaurendo piano-piano assieme alla speranza di poter vedere la mia citt\u00e0 diventare una delle mete preferite dei turisti. Come pu\u00f2 essere altrimenti quando il Lago di Scutari, il pi\u00f9 grande dei Balcani, si sta trasformando in una pantana e alla sua riva al posto delle barche galleggiano i rifiuti, oppure quando ai piedi del Monte Tarabosh, zona protetta in cui le costruzioni sono vietate, parte della classe politica continua a costruire ville abusive.<\/p>\n<p>Come se non bastasse tutto questo, molto presto il Governo Berisha metter\u00e0 la ciliegina sulla torta. Nei giorni scorsi, Berisha ha firmato un accordo bilaterale con il suo omologo croato Sanader per la costruzione di una centrale nucleare a Scutari. Un gruppo di specialisti elaborer\u00e0 un piano sull\u2019implementazione del progetto che molto probabilmente sar\u00e0 costruito sul Lago di Scutari al confine col Montenegro. Podgorica ha reagito opponendosi al progetto perch\u00e9 la zona \u00e8 sismica, la sua realizzazione comporterebbe la distruzione della flora e fauna e la legislazione montenegrina vieta progetti di questa natura.<\/p>\n<p>Sicuramente, appena sapranno la notizia, turisti da tutto il mondo correranno a prenotare una visita al lago di Scutari. Questa \u00e8 l\u2019ultima trovata del Premier Berisha che avr\u00e0 avuto in mente il piano per lo sviluppo turistico della zona quando ha optato per il nucleare. Avr\u00e0 pensato che la centrale atomica avr\u00e0 un impatto positivo per lo smaltimento dei rifiuti che hanno invaso le acque del lago. Avr\u00e0 pensato ai nuovi posti di lavoro di cui potranno usufruire i cittadini albanesi che rischieranno di subire conseguenze peggiori di quanto succede a Elbasan dal fumo e le discariche emanate dalle fabbriche. Avr\u00e0 anche pensato di\u00a0 \u201crafforzare\u201d una volta per tutte l\u2019amicizia con il Montenegro che \u201cnon vedeva\u00a0 l\u2019ora\u201d che arrivasse questo giorno.<\/p>\n<p>Ma \u00e8 veramente questo quello che si meritano i scutarini? E\u2019 questa la riconoscenza di Berisha per la citt\u00e0 che non lo ha mai abbandonato? Sono molto curioso di sapere che cosa dir\u00e0 agli scutarini questa volta per riconfermagli la fiducia, considerando che sta facendo completamente l\u2019opposto di quello che ha promesso?!<\/p>\n<p>Non pu\u00f2 essere che un paese che guarda al futuro, non impari dagli errori degli altri. Quando il mondo sta migliorando le tecnologie per sfruttare l\u2019energia rinnovabile, noi \u201cabbracciamo\u201d il nucleare (i paesi che hanno il nucleare, pagano una tassa internazionale molto salata) e per giunta, il nucleare che verr\u00e0 costruito a Scutari, servir\u00e0 soprattutto a fornire di energia elettrica la Croazia e non l\u2019Albania.<\/p>\n<p>Rimango della convinzione che Scutari, cos\u00ec come non ha mai accettato compromessi quando i suoi interessi e diritti sono stati violati, sapr\u00e0 reagire e fermare questa catastrofe, la quale paralizzer\u00e0 eternamente una delle pi\u00f9 belle perle della natura albanese e balcanica.<\/p>\n<h2><a href=\"http:\/\/www.albanianews.it\/opinioni\/berisha-ringrazia-scutari-con-il-nucleare\" target=\"_blank\"><small><strong>Albania News<\/strong><\/small><\/a><\/h2>\n<p><strong><!-- vimeo error: not a vimeo video --><\/p>\n<p><\/strong><\/p>\n","protected":false},"excerpt":{"rendered":"<p>Ero molto felice quando un anno fa, ho visitato Scutari e ho notato che stava riprendendo a \u201cfiorire\u201d di nuovo dopo 17 anni di emarginazione post-comunista dai governi di sinistra, e dall\u2019amnesia della destra (probabilmente dovuta alla mancanza di esperienza governativa), per la quale Scutari ha sempre votato. Ho sempre sostenuto l\u2019idea del Premier Berisha [&hellip;]<\/p>\n","protected":false},"author":1,"featured_media":0,"comment_status":"open","ping_status":"closed","sticky":false,"template":"","format":"standard","meta":{"spay_email":"","jetpack_publicize_message":"","jetpack_is_tweetstorm":false,"jetpack_publicize_feature_enabled":true},"categories":[8337],"tags":[9392,9394,9396,9395,9393],"jetpack_publicize_connections":[],"yoast_head":"<!-- This site is optimized with the Yoast SEO plugin v19.1 - https:\/\/yoast.com\/wordpress\/plugins\/seo\/ -->\n<title>Berisha ringrazia Scutari con il nucleare - Lajme nga Ulqini<\/title>\n<meta name=\"description\" content=\"Ero molto felice quando un anno fa, ho visitato Scutari e ho notato che stava riprendendo a \u201cfiorire\u201d di nuovo dopo 17 anni di emarginazione\" \/>\n<meta name=\"robots\" content=\"index, follow, max-snippet:-1, max-image-preview:large, max-video-preview:-1\" \/>\n<link rel=\"canonical\" href=\"https:\/\/www.visit-ulcinj.com\/blog\/2009\/04\/20\/berisha-ringrazia-scutari-con-il-nucleare\/\" \/>\n<meta property=\"og:locale\" content=\"en_US\" \/>\n<meta property=\"og:type\" content=\"article\" \/>\n<meta property=\"og:title\" content=\"Berisha ringrazia Scutari con il nucleare - Lajme nga Ulqini\" \/>\n<meta property=\"og:description\" content=\"Ero molto felice quando un anno fa, ho visitato Scutari e ho notato che stava riprendendo a \u201cfiorire\u201d di nuovo dopo 17 anni di emarginazione\" \/>\n<meta property=\"og:url\" content=\"https:\/\/www.visit-ulcinj.com\/blog\/2009\/04\/20\/berisha-ringrazia-scutari-con-il-nucleare\/\" \/>\n<meta property=\"og:site_name\" content=\"Lajme nga Ulqini\" \/>\n<meta property=\"article:published_time\" content=\"2009-04-20T11:41:17+00:00\" \/>\n<meta property=\"article:modified_time\" content=\"2009-04-20T11:42:10+00:00\" \/>\n<meta property=\"og:image\" content=\"http:\/\/www.visit-ulcinj.com\/blog\/wp-content\/uploads\/2009\/04\/sanader_berisha.jpg\" \/>\n<meta name=\"twitter:label1\" content=\"Written by\" \/>\n\t<meta name=\"twitter:data1\" content=\"ulqini\" \/>\n\t<meta name=\"twitter:label2\" content=\"Est. reading time\" \/>\n\t<meta name=\"twitter:data2\" content=\"3 minutes\" \/>\n<script type=\"application\/ld+json\" class=\"yoast-schema-graph\">{\"@context\":\"https:\/\/schema.org\",\"@graph\":[{\"@type\":\"WebSite\",\"@id\":\"https:\/\/www.visit-ulcinj.com\/blog\/#website\",\"url\":\"https:\/\/www.visit-ulcinj.com\/blog\/\",\"name\":\"Lajme nga Ulqini\",\"description\":\"Lajme,Vijesti,Ulqini,Ulqin,Crna Gora,Mali i Zi\",\"potentialAction\":[{\"@type\":\"SearchAction\",\"target\":{\"@type\":\"EntryPoint\",\"urlTemplate\":\"https:\/\/www.visit-ulcinj.com\/blog\/?s={search_term_string}\"},\"query-input\":\"required name=search_term_string\"}],\"inLanguage\":\"en-US\"},{\"@type\":\"ImageObject\",\"inLanguage\":\"en-US\",\"@id\":\"https:\/\/www.visit-ulcinj.com\/blog\/2009\/04\/20\/berisha-ringrazia-scutari-con-il-nucleare\/#primaryimage\",\"url\":\"https:\/\/www.visit-ulcinj.com\/blog\/wp-content\/uploads\/2009\/04\/sanader_berisha.jpg\",\"contentUrl\":\"https:\/\/www.visit-ulcinj.com\/blog\/wp-content\/uploads\/2009\/04\/sanader_berisha.jpg\",\"width\":\"493\",\"height\":\"350\"},{\"@type\":\"WebPage\",\"@id\":\"https:\/\/www.visit-ulcinj.com\/blog\/2009\/04\/20\/berisha-ringrazia-scutari-con-il-nucleare\/#webpage\",\"url\":\"https:\/\/www.visit-ulcinj.com\/blog\/2009\/04\/20\/berisha-ringrazia-scutari-con-il-nucleare\/\",\"name\":\"Berisha ringrazia Scutari con il nucleare - Lajme nga Ulqini\",\"isPartOf\":{\"@id\":\"https:\/\/www.visit-ulcinj.com\/blog\/#website\"},\"primaryImageOfPage\":{\"@id\":\"https:\/\/www.visit-ulcinj.com\/blog\/2009\/04\/20\/berisha-ringrazia-scutari-con-il-nucleare\/#primaryimage\"},\"datePublished\":\"2009-04-20T11:41:17+00:00\",\"dateModified\":\"2009-04-20T11:42:10+00:00\",\"author\":{\"@id\":\"https:\/\/www.visit-ulcinj.com\/blog\/#\/schema\/person\/dcab619c614d3038751c63bc2aadc06d\"},\"description\":\"Ero molto felice quando un anno fa, ho visitato Scutari e ho notato che stava riprendendo a \u201cfiorire\u201d di nuovo dopo 17 anni di emarginazione\",\"breadcrumb\":{\"@id\":\"https:\/\/www.visit-ulcinj.com\/blog\/2009\/04\/20\/berisha-ringrazia-scutari-con-il-nucleare\/#breadcrumb\"},\"inLanguage\":\"en-US\",\"potentialAction\":[{\"@type\":\"ReadAction\",\"target\":[\"https:\/\/www.visit-ulcinj.com\/blog\/2009\/04\/20\/berisha-ringrazia-scutari-con-il-nucleare\/\"]}]},{\"@type\":\"BreadcrumbList\",\"@id\":\"https:\/\/www.visit-ulcinj.com\/blog\/2009\/04\/20\/berisha-ringrazia-scutari-con-il-nucleare\/#breadcrumb\",\"itemListElement\":[{\"@type\":\"ListItem\",\"position\":1,\"name\":\"Berisha ringrazia Scutari con il nucleare\"}]},{\"@type\":\"Person\",\"@id\":\"https:\/\/www.visit-ulcinj.com\/blog\/#\/schema\/person\/dcab619c614d3038751c63bc2aadc06d\",\"name\":\"ulqini\",\"sameAs\":[\"http:\/\/www.visit-ulcinj.com\"],\"url\":\"https:\/\/www.visit-ulcinj.com\/blog\/author\/admin\/\"}]}<\/script>\n<!-- \/ Yoast SEO plugin. -->","yoast_head_json":{"title":"Berisha ringrazia Scutari con il nucleare - Lajme nga Ulqini","description":"Ero molto felice quando un anno fa, ho visitato Scutari e ho notato che stava riprendendo a \u201cfiorire\u201d di nuovo dopo 17 anni di emarginazione","robots":{"index":"index","follow":"follow","max-snippet":"max-snippet:-1","max-image-preview":"max-image-preview:large","max-video-preview":"max-video-preview:-1"},"canonical":"https:\/\/www.visit-ulcinj.com\/blog\/2009\/04\/20\/berisha-ringrazia-scutari-con-il-nucleare\/","og_locale":"en_US","og_type":"article","og_title":"Berisha ringrazia Scutari con il nucleare - Lajme nga Ulqini","og_description":"Ero molto felice quando un anno fa, ho visitato Scutari e ho notato che stava riprendendo a \u201cfiorire\u201d di nuovo dopo 17 anni di emarginazione","og_url":"https:\/\/www.visit-ulcinj.com\/blog\/2009\/04\/20\/berisha-ringrazia-scutari-con-il-nucleare\/","og_site_name":"Lajme nga Ulqini","article_published_time":"2009-04-20T11:41:17+00:00","article_modified_time":"2009-04-20T11:42:10+00:00","og_image":[{"url":"http:\/\/www.visit-ulcinj.com\/blog\/wp-content\/uploads\/2009\/04\/sanader_berisha.jpg"}],"twitter_misc":{"Written by":"ulqini","Est. reading time":"3 minutes"},"schema":{"@context":"https:\/\/schema.org","@graph":[{"@type":"WebSite","@id":"https:\/\/www.visit-ulcinj.com\/blog\/#website","url":"https:\/\/www.visit-ulcinj.com\/blog\/","name":"Lajme nga Ulqini","description":"Lajme,Vijesti,Ulqini,Ulqin,Crna Gora,Mali i Zi","potentialAction":[{"@type":"SearchAction","target":{"@type":"EntryPoint","urlTemplate":"https:\/\/www.visit-ulcinj.com\/blog\/?s={search_term_string}"},"query-input":"required name=search_term_string"}],"inLanguage":"en-US"},{"@type":"ImageObject","inLanguage":"en-US","@id":"https:\/\/www.visit-ulcinj.com\/blog\/2009\/04\/20\/berisha-ringrazia-scutari-con-il-nucleare\/#primaryimage","url":"https:\/\/www.visit-ulcinj.com\/blog\/wp-content\/uploads\/2009\/04\/sanader_berisha.jpg","contentUrl":"https:\/\/www.visit-ulcinj.com\/blog\/wp-content\/uploads\/2009\/04\/sanader_berisha.jpg","width":"493","height":"350"},{"@type":"WebPage","@id":"https:\/\/www.visit-ulcinj.com\/blog\/2009\/04\/20\/berisha-ringrazia-scutari-con-il-nucleare\/#webpage","url":"https:\/\/www.visit-ulcinj.com\/blog\/2009\/04\/20\/berisha-ringrazia-scutari-con-il-nucleare\/","name":"Berisha ringrazia Scutari con il nucleare - Lajme nga Ulqini","isPartOf":{"@id":"https:\/\/www.visit-ulcinj.com\/blog\/#website"},"primaryImageOfPage":{"@id":"https:\/\/www.visit-ulcinj.com\/blog\/2009\/04\/20\/berisha-ringrazia-scutari-con-il-nucleare\/#primaryimage"},"datePublished":"2009-04-20T11:41:17+00:00","dateModified":"2009-04-20T11:42:10+00:00","author":{"@id":"https:\/\/www.visit-ulcinj.com\/blog\/#\/schema\/person\/dcab619c614d3038751c63bc2aadc06d"},"description":"Ero molto felice quando un anno fa, ho visitato Scutari e ho notato che stava riprendendo a \u201cfiorire\u201d di nuovo dopo 17 anni di emarginazione","breadcrumb":{"@id":"https:\/\/www.visit-ulcinj.com\/blog\/2009\/04\/20\/berisha-ringrazia-scutari-con-il-nucleare\/#breadcrumb"},"inLanguage":"en-US","potentialAction":[{"@type":"ReadAction","target":["https:\/\/www.visit-ulcinj.com\/blog\/2009\/04\/20\/berisha-ringrazia-scutari-con-il-nucleare\/"]}]},{"@type":"BreadcrumbList","@id":"https:\/\/www.visit-ulcinj.com\/blog\/2009\/04\/20\/berisha-ringrazia-scutari-con-il-nucleare\/#breadcrumb","itemListElement":[{"@type":"ListItem","position":1,"name":"Berisha ringrazia Scutari con il nucleare"}]},{"@type":"Person","@id":"https:\/\/www.visit-ulcinj.com\/blog\/#\/schema\/person\/dcab619c614d3038751c63bc2aadc06d","name":"ulqini","sameAs":["http:\/\/www.visit-ulcinj.com"],"url":"https:\/\/www.visit-ulcinj.com\/blog\/author\/admin\/"}]}},"jetpack_featured_media_url":"","jetpack_sharing_enabled":true,"jetpack_shortlink":"https:\/\/wp.me\/pe6lTn-4P5","_links":{"self":[{"href":"https:\/\/www.visit-ulcinj.com\/blog\/wp-json\/wp\/v2\/posts\/18543"}],"collection":[{"href":"https:\/\/www.visit-ulcinj.com\/blog\/wp-json\/wp\/v2\/posts"}],"about":[{"href":"https:\/\/www.visit-ulcinj.com\/blog\/wp-json\/wp\/v2\/types\/post"}],"author":[{"embeddable":true,"href":"https:\/\/www.visit-ulcinj.com\/blog\/wp-json\/wp\/v2\/users\/1"}],"replies":[{"embeddable":true,"href":"https:\/\/www.visit-ulcinj.com\/blog\/wp-json\/wp\/v2\/comments?post=18543"}],"version-history":[{"count":0,"href":"https:\/\/www.visit-ulcinj.com\/blog\/wp-json\/wp\/v2\/posts\/18543\/revisions"}],"wp:attachment":[{"href":"https:\/\/www.visit-ulcinj.com\/blog\/wp-json\/wp\/v2\/media?parent=18543"}],"wp:term":[{"taxonomy":"category","embeddable":true,"href":"https:\/\/www.visit-ulcinj.com\/blog\/wp-json\/wp\/v2\/categories?post=18543"},{"taxonomy":"post_tag","embeddable":true,"href":"https:\/\/www.visit-ulcinj.com\/blog\/wp-json\/wp\/v2\/tags?post=18543"}],"curies":[{"name":"wp","href":"https:\/\/api.w.org\/{rel}","templated":true}]}}