{"id":18562,"date":"2009-04-20T14:28:45","date_gmt":"2009-04-20T12:28:45","guid":{"rendered":"http:\/\/www.visit-ulcinj.com\/blog\/?p=18562"},"modified":"2009-04-20T14:28:45","modified_gmt":"2009-04-20T12:28:45","slug":"pad-rane-predsezone","status":"publish","type":"post","link":"https:\/\/www.visit-ulcinj.com\/blog\/2009\/04\/20\/pad-rane-predsezone\/","title":{"rendered":"Pad rane predsezone"},"content":{"rendered":"<p><a href=\"http:\/\/www.visit-ulcinj.com\/blog\/wp-content\/uploads\/2009\/04\/rade-ratkovic_profesor-turisticke-ekonomije.jpg\"><img loading=\"lazy\" class=\"alignleft size-full wp-image-18563\" title=\"rade-ratkovic_profesor-turisticke-ekonomije\" src=\"http:\/\/www.visit-ulcinj.com\/blog\/wp-content\/uploads\/2009\/04\/rade-ratkovic_profesor-turisticke-ekonomije.jpg\" alt=\"rade-ratkovic_profesor-turisticke-ekonomije\" width=\"343\" height=\"224\" \/><\/a>Za\u0161to recesijsko ljeto u Crnoj Gori ne mogu spasiti gosti iz regiona? Je li se zakasnilo s objavom sni\u017eenja hotelskih cijena? Zbog ?ega nema Crne Gore u katalozima najva\u017enijeg turisti?kog tr\u017ei\u0161ta u Evropi? Kakve su prognoze za sezonu koja je ve? u startu pokazala pad potra\u017enje?<\/p>\n<p>O tim i drugim turisti?kim aktuelnostima Radiju Slobodna Evropa RSE odgovore je dao profesor turisti?ke ekonomije Rade Ratkovi?.<\/p>\n<p><strong>RSE: Pro\u0161le godine u aprilu, dio hotela na rivijeri, je bio pun. Bilo je prvih kupa?a. Ima li vjesnika ovogodi\u0161nje sezone?<\/strong><\/p>\n<p>Ratkovi?: Ima, ali ne kao pro\u0161le godine. U hotelu, koji je prvi otvorio svoje kapije, bili su vi\u0161e komerc nego odmori\u0161ni gosti. Ostali hoteli tek sada primaju goste u zapa\u017eenom broju, tako da je o?igledno da u odnosu na pro\u0161lu godinu imamo pad rane predsezone. Statistika u Crnoj Gori, koja nije a\u017eurna i zadnji podaci su za februar, pokazuje skoro 14 odsto manje turisti?kog prometa nego u istom periodu prethodne godine.<\/p>\n<p><strong>RSE: Hotelijeri su snizili cijene od 20 do 30, a restorateri oko 10 odsto. To je objavljeno tek nakon \u0161to su zavr\u0161ene sve velike evropske berze. Je li se zakasnilo?<\/strong><\/p>\n<p>Ratkovi?: Mislim da je dugo bilo oklijevanja i bilo je najava da ne?emo sni\u017eavati cijene. Znamo da su nas Nijemci prije dvije godine napustili zbog toga \u0161to su smatrali da su na\u0161e cijene previsoke u odnosu na kvalitet. Mislim da je to relativno kasno, ali bolnije je ka\u0161njenje u stabilizaciji pozicije ili povratku nekada\u0161njih pozicija na tr\u017ei\u0161te Evropske unije, posebno na tr\u017ei\u0161te Njema?ke. Skoro je nezapa\u017eeno u ovda\u0161njoj profesionalnoj i stru?noj javnosti pro\u0161la vijest da nas je prije dvije godine napustio Nekerman, da nas nema u katalozima velikih tour-operatora, a mi smo avio destinacija. Ljudi su vjerovali da ?e to kompenzirati Rusima, koji su tada pla?ali dosta visoke cijene ne pitaju?i mnogo za kvalitet. Tu ne mislim samo na kvalitet hotelske usluge, nego na ukupan kvalitet destinacije. Kod nas su bile nesnosne gu\u017eve, radovi na putu, prenatrpane pla\u017ee. Sve to obara kvalitet turisti?kog proizvoda Crne Gore.<\/p>\n<p>RSE: Turisti?ki analiti?ari ka\u017eu da ?e se zbog krize turisti orjentisati prije svega na bli\u017ee destinacije, pa se spas sezone tra\u017ei u gostima iz regiona. To pokazuje primjer Hrvatske, koja, po prvi put u nizu godina, animira srpsko tr\u017eite. Da li mislite da tr\u017ei\u0161te regiona mo\u017ee spasiti ovu sezonu?<\/p>\n<p>Ratkovi?: Ono mo\u017ee da je ubla\u017ei. Mi smo ?itavih 13 godina bili oslonjeni na tr\u017ei\u0161te regiona i nama je turizam bio na ivici kolapsa. Da nije do\u0161lo do povratka inostranih turista, ne bi smo imali nikakvog upori\u0161ta za gradnju hotela koji su napravljeni. Ne \u017eelim da podcijenim to tr\u017ei\u0161te, ali mislim da na du\u017ei rok hoteli ne mogu da \u017eive na doma?em tr\u017ei\u0161tu, ali privremeno mogu da poprave situaciju. Zbog toga moramo oboriti cijene i prilagoditi je zahtjevima regionalnog tr\u017ei\u0161ta. Ina?e, u na\u0161oj marketing strategiji, regionalno tr\u017ei\u0161te je potencijal za takozvane komplementarne smje\u0161tajne kapacitete, dok osnovni smje\u0161tajni kapaciteti, i po master planu i po nekoj turisti?koj logici i turisti?kom iskustvu, mogu da se razvijaju na bazi tr\u017ei\u0161ta Evropske unije, prije svega tr\u017ei\u0161ta Njema?ke.<\/p>\n<p><strong>RSE: Ipak ?e turisti iz Srbije vjerovatno i ovog ljeta u velikom broju do?i na Crnogorsko primorje jer tu imaju svoje vikend stanove. Koliko je takvih stanova na primorju nikada niko nije prebrojao. Dok postoji to ilegalno tr\u017ei\u0161te, mo\u017ee li se iole ozbiljno govoriti o privatnom turisti?kom smje\u0161taju u Crnoj Gori?<\/strong><\/p>\n<p>Ratkovi?: Dominantan dio tog privatnog turisti?kog smje\u0161taja je u sivoj zoni i procjena tih kapaciteta jeste od 150.000 &#8211; 200.000 kreveta. Mi smo u tom pogledu jedan negativan \u0161ampion, tako da se bojim da ?e se taj vid nedostatka i dalje produbljivati.<\/p>\n<p><strong>RSE: Tek nakon \u0161to su konkurentske destinacije dobile beneficije od svojih dr\u017eava, kako bi se prebrodilo recesijsko ljeto, i crnogorsko Ministarstvo turizma je objavilo da ?e uvesti olak\u0161ice poput smanjenja poreza ili sni\u017eenja cijene struje za turisti?ke agencije i druga turisti?ka preduze?a. Jesu li te mjere dovoljne?<\/strong><\/p>\n<p>Ratkovi?: Ne treba mnogo polagati u te mjere. Crna Gora ra?una da ima turizam, ne kao granu koju subvencionira, nego kao granu koja daje veliki impakt ukopnom razvoju. Dono\u0161ene su neke mjere, ali ne mo\u017eemo da ra?unamo na to da turizam treba na neki na?in da \u017eivi od vladine podr\u0161ke, koja nema odakle tu podr\u0161ku da alimentira. Ono \u0161to je ve?a pomo? Vlade, po mom mi\u0161ljenju, nego \u0161to je davanje finansijskih olak\u0161ica turisti?koj privredi, jeste saobra?ajno otvaranje Crne Gore kao turisti?ke destinacije. Na tom planu se pone\u0161to radi, ali mislim da smo u odnosu na Hrvatsku i druge turisti?ke zemlje u velikom zaka\u0161njenju jer imamo hendikep da je avantura za auto-gosta i moto-turistu da do?e u Crnu Goru, tako da i dalje ostajemo avio destinacija. Mo\u017eda nismo dovoljno uradili da privu?emo nisko tarifne avione koji zna?ajno pojeftinjuju turisti?ki paket aran\u017eman, a to opet zna?i da u bud\u017eetu turiste mnogo vi\u0161e para ostaje za tro\u0161enje u samoj turisti?koj zemlji, za \u0161ta smo mi zainteresovani. To je zna?ajnija pomo? na dugi rok od finansijskih olak\u0161ica.<\/p>\n<p><strong>RSE: Kakve su same projektovane brojke kada je rije? o o?ekivanjima za ovu godinu? Ho?e li, prema va\u0161oj ocjeni, najgore pro?i destinacije masovnog turizma, poput crnogorske, jer ?e se putovanja prvo odre?i oni pli?eg d\u017eepa.<\/strong><\/p>\n<p>Ratkovi?: Upravo tako. U svakom slu?aju bi?emo pogo?eni \u0161to se ti?e tr\u017ei\u0161ta Evropske unije, kao pravog inostranog turisti?kog tr\u017ei\u0161ta. Doma?e tr\u017ei\u0161te ?e sigurno reagovati, kao \u0161to je reagovalo i pro\u0161le godine. Ne vjerujem da ?emo mi imati neki drasti?an pad u odnosu na pro\u0161lu godinu. Mogu?e da ?e se ponoviti \u0161aljiva pri?a u odre?enim terminima ljetne sezona moga prijatelja sa Svetog Stefana. Kada sam ga negdje po?etnom avgusta pitao kako si, on je rekao: &#8220;Elitno&#8221;. Rekoh: &#8220;Kako to&#8221;? On odgovori: &#8220;U mojoj ku?i sa 20 apartmana sami smo \u017eena i ja. Nemamo gostiju i osje?amo se najelitnije mogu?e&#8221;.<\/p>\n<p><strong>Jasna Vuki?evi?<br \/>\nIzvor \/ RSE<\/strong><\/p>\n<div><object width=\"570\" height=\"375\" data=\"http:\/\/videooglasi.net\/embed-player-280\" type=\"application\/x-shockwave-flash\"><param name=\"src\" value=\"http:\/\/videooglasi.net\/embed-player-280\" \/><\/object><\/div>\n","protected":false},"excerpt":{"rendered":"<p>Za\u0161to recesijsko ljeto u Crnoj Gori ne mogu spasiti gosti iz regiona? Je li se zakasnilo s objavom sni\u017eenja hotelskih cijena? Zbog ?ega nema Crne Gore u katalozima najva\u017enijeg turisti?kog tr\u017ei\u0161ta u Evropi? Kakve su prognoze za sezonu koja je ve? u startu pokazala pad potra\u017enje? O tim i drugim turisti?kim aktuelnostima Radiju Slobodna Evropa [&hellip;]<\/p>\n","protected":false},"author":1,"featured_media":0,"comment_status":"open","ping_status":"closed","sticky":false,"template":"","format":"standard","meta":{"spay_email":"","jetpack_publicize_message":"","jetpack_is_tweetstorm":false,"jetpack_publicize_feature_enabled":true},"categories":[8337],"tags":[9400,9399],"jetpack_publicize_connections":[],"yoast_head":"<!-- This site is optimized with the Yoast SEO plugin v19.1 - https:\/\/yoast.com\/wordpress\/plugins\/seo\/ -->\n<title>Pad rane predsezone - Lajme nga Ulqini<\/title>\n<meta name=\"description\" content=\"Za\u0161to recesijsko ljeto u Crnoj Gori ne mogu spasiti gosti iz regiona? Je li se zakasnilo s objavom sni\u017eenja hotelskih cijena? Zbog ?ega nema Crne Gore u\" \/>\n<meta name=\"robots\" content=\"index, follow, max-snippet:-1, max-image-preview:large, max-video-preview:-1\" \/>\n<link rel=\"canonical\" href=\"https:\/\/www.visit-ulcinj.com\/blog\/2009\/04\/20\/pad-rane-predsezone\/\" \/>\n<meta property=\"og:locale\" content=\"en_US\" \/>\n<meta property=\"og:type\" content=\"article\" \/>\n<meta property=\"og:title\" content=\"Pad rane predsezone - Lajme nga Ulqini\" \/>\n<meta property=\"og:description\" content=\"Za\u0161to recesijsko ljeto u Crnoj Gori ne mogu spasiti gosti iz regiona? Je li se zakasnilo s objavom sni\u017eenja hotelskih cijena? Zbog ?ega nema Crne Gore u\" \/>\n<meta property=\"og:url\" content=\"https:\/\/www.visit-ulcinj.com\/blog\/2009\/04\/20\/pad-rane-predsezone\/\" \/>\n<meta property=\"og:site_name\" content=\"Lajme nga Ulqini\" \/>\n<meta property=\"article:published_time\" content=\"2009-04-20T12:28:45+00:00\" \/>\n<meta property=\"og:image\" content=\"http:\/\/www.visit-ulcinj.com\/blog\/wp-content\/uploads\/2009\/04\/rade-ratkovic_profesor-turisticke-ekonomije.jpg\" \/>\n<meta name=\"twitter:label1\" content=\"Written by\" \/>\n\t<meta name=\"twitter:data1\" content=\"ulqini\" \/>\n\t<meta name=\"twitter:label2\" content=\"Est. reading time\" \/>\n\t<meta name=\"twitter:data2\" content=\"5 minutes\" \/>\n<script type=\"application\/ld+json\" class=\"yoast-schema-graph\">{\"@context\":\"https:\/\/schema.org\",\"@graph\":[{\"@type\":\"WebSite\",\"@id\":\"https:\/\/www.visit-ulcinj.com\/blog\/#website\",\"url\":\"https:\/\/www.visit-ulcinj.com\/blog\/\",\"name\":\"Lajme nga Ulqini\",\"description\":\"Lajme,Vijesti,Ulqini,Ulqin,Crna Gora,Mali i Zi\",\"potentialAction\":[{\"@type\":\"SearchAction\",\"target\":{\"@type\":\"EntryPoint\",\"urlTemplate\":\"https:\/\/www.visit-ulcinj.com\/blog\/?s={search_term_string}\"},\"query-input\":\"required name=search_term_string\"}],\"inLanguage\":\"en-US\"},{\"@type\":\"ImageObject\",\"inLanguage\":\"en-US\",\"@id\":\"https:\/\/www.visit-ulcinj.com\/blog\/2009\/04\/20\/pad-rane-predsezone\/#primaryimage\",\"url\":\"https:\/\/www.visit-ulcinj.com\/blog\/wp-content\/uploads\/2009\/04\/rade-ratkovic_profesor-turisticke-ekonomije.jpg\",\"contentUrl\":\"https:\/\/www.visit-ulcinj.com\/blog\/wp-content\/uploads\/2009\/04\/rade-ratkovic_profesor-turisticke-ekonomije.jpg\",\"width\":\"290\",\"height\":\"190\"},{\"@type\":\"WebPage\",\"@id\":\"https:\/\/www.visit-ulcinj.com\/blog\/2009\/04\/20\/pad-rane-predsezone\/#webpage\",\"url\":\"https:\/\/www.visit-ulcinj.com\/blog\/2009\/04\/20\/pad-rane-predsezone\/\",\"name\":\"Pad rane predsezone - Lajme nga Ulqini\",\"isPartOf\":{\"@id\":\"https:\/\/www.visit-ulcinj.com\/blog\/#website\"},\"primaryImageOfPage\":{\"@id\":\"https:\/\/www.visit-ulcinj.com\/blog\/2009\/04\/20\/pad-rane-predsezone\/#primaryimage\"},\"datePublished\":\"2009-04-20T12:28:45+00:00\",\"dateModified\":\"2009-04-20T12:28:45+00:00\",\"author\":{\"@id\":\"https:\/\/www.visit-ulcinj.com\/blog\/#\/schema\/person\/dcab619c614d3038751c63bc2aadc06d\"},\"description\":\"Za\u0161to recesijsko ljeto u Crnoj Gori ne mogu spasiti gosti iz regiona? Je li se zakasnilo s objavom sni\u017eenja hotelskih cijena? Zbog ?ega nema Crne Gore u\",\"breadcrumb\":{\"@id\":\"https:\/\/www.visit-ulcinj.com\/blog\/2009\/04\/20\/pad-rane-predsezone\/#breadcrumb\"},\"inLanguage\":\"en-US\",\"potentialAction\":[{\"@type\":\"ReadAction\",\"target\":[\"https:\/\/www.visit-ulcinj.com\/blog\/2009\/04\/20\/pad-rane-predsezone\/\"]}]},{\"@type\":\"BreadcrumbList\",\"@id\":\"https:\/\/www.visit-ulcinj.com\/blog\/2009\/04\/20\/pad-rane-predsezone\/#breadcrumb\",\"itemListElement\":[{\"@type\":\"ListItem\",\"position\":1,\"name\":\"Pad rane predsezone\"}]},{\"@type\":\"Person\",\"@id\":\"https:\/\/www.visit-ulcinj.com\/blog\/#\/schema\/person\/dcab619c614d3038751c63bc2aadc06d\",\"name\":\"ulqini\",\"sameAs\":[\"http:\/\/www.visit-ulcinj.com\"],\"url\":\"https:\/\/www.visit-ulcinj.com\/blog\/author\/admin\/\"}]}<\/script>\n<!-- \/ Yoast SEO plugin. -->","yoast_head_json":{"title":"Pad rane predsezone - Lajme nga Ulqini","description":"Za\u0161to recesijsko ljeto u Crnoj Gori ne mogu spasiti gosti iz regiona? Je li se zakasnilo s objavom sni\u017eenja hotelskih cijena? Zbog ?ega nema Crne Gore u","robots":{"index":"index","follow":"follow","max-snippet":"max-snippet:-1","max-image-preview":"max-image-preview:large","max-video-preview":"max-video-preview:-1"},"canonical":"https:\/\/www.visit-ulcinj.com\/blog\/2009\/04\/20\/pad-rane-predsezone\/","og_locale":"en_US","og_type":"article","og_title":"Pad rane predsezone - Lajme nga Ulqini","og_description":"Za\u0161to recesijsko ljeto u Crnoj Gori ne mogu spasiti gosti iz regiona? Je li se zakasnilo s objavom sni\u017eenja hotelskih cijena? Zbog ?ega nema Crne Gore u","og_url":"https:\/\/www.visit-ulcinj.com\/blog\/2009\/04\/20\/pad-rane-predsezone\/","og_site_name":"Lajme nga Ulqini","article_published_time":"2009-04-20T12:28:45+00:00","og_image":[{"url":"http:\/\/www.visit-ulcinj.com\/blog\/wp-content\/uploads\/2009\/04\/rade-ratkovic_profesor-turisticke-ekonomije.jpg"}],"twitter_misc":{"Written by":"ulqini","Est. reading time":"5 minutes"},"schema":{"@context":"https:\/\/schema.org","@graph":[{"@type":"WebSite","@id":"https:\/\/www.visit-ulcinj.com\/blog\/#website","url":"https:\/\/www.visit-ulcinj.com\/blog\/","name":"Lajme nga Ulqini","description":"Lajme,Vijesti,Ulqini,Ulqin,Crna Gora,Mali i Zi","potentialAction":[{"@type":"SearchAction","target":{"@type":"EntryPoint","urlTemplate":"https:\/\/www.visit-ulcinj.com\/blog\/?s={search_term_string}"},"query-input":"required name=search_term_string"}],"inLanguage":"en-US"},{"@type":"ImageObject","inLanguage":"en-US","@id":"https:\/\/www.visit-ulcinj.com\/blog\/2009\/04\/20\/pad-rane-predsezone\/#primaryimage","url":"https:\/\/www.visit-ulcinj.com\/blog\/wp-content\/uploads\/2009\/04\/rade-ratkovic_profesor-turisticke-ekonomije.jpg","contentUrl":"https:\/\/www.visit-ulcinj.com\/blog\/wp-content\/uploads\/2009\/04\/rade-ratkovic_profesor-turisticke-ekonomije.jpg","width":"290","height":"190"},{"@type":"WebPage","@id":"https:\/\/www.visit-ulcinj.com\/blog\/2009\/04\/20\/pad-rane-predsezone\/#webpage","url":"https:\/\/www.visit-ulcinj.com\/blog\/2009\/04\/20\/pad-rane-predsezone\/","name":"Pad rane predsezone - Lajme nga Ulqini","isPartOf":{"@id":"https:\/\/www.visit-ulcinj.com\/blog\/#website"},"primaryImageOfPage":{"@id":"https:\/\/www.visit-ulcinj.com\/blog\/2009\/04\/20\/pad-rane-predsezone\/#primaryimage"},"datePublished":"2009-04-20T12:28:45+00:00","dateModified":"2009-04-20T12:28:45+00:00","author":{"@id":"https:\/\/www.visit-ulcinj.com\/blog\/#\/schema\/person\/dcab619c614d3038751c63bc2aadc06d"},"description":"Za\u0161to recesijsko ljeto u Crnoj Gori ne mogu spasiti gosti iz regiona? Je li se zakasnilo s objavom sni\u017eenja hotelskih cijena? Zbog ?ega nema Crne Gore u","breadcrumb":{"@id":"https:\/\/www.visit-ulcinj.com\/blog\/2009\/04\/20\/pad-rane-predsezone\/#breadcrumb"},"inLanguage":"en-US","potentialAction":[{"@type":"ReadAction","target":["https:\/\/www.visit-ulcinj.com\/blog\/2009\/04\/20\/pad-rane-predsezone\/"]}]},{"@type":"BreadcrumbList","@id":"https:\/\/www.visit-ulcinj.com\/blog\/2009\/04\/20\/pad-rane-predsezone\/#breadcrumb","itemListElement":[{"@type":"ListItem","position":1,"name":"Pad rane predsezone"}]},{"@type":"Person","@id":"https:\/\/www.visit-ulcinj.com\/blog\/#\/schema\/person\/dcab619c614d3038751c63bc2aadc06d","name":"ulqini","sameAs":["http:\/\/www.visit-ulcinj.com"],"url":"https:\/\/www.visit-ulcinj.com\/blog\/author\/admin\/"}]}},"jetpack_featured_media_url":"","jetpack_sharing_enabled":true,"jetpack_shortlink":"https:\/\/wp.me\/pe6lTn-4Po","_links":{"self":[{"href":"https:\/\/www.visit-ulcinj.com\/blog\/wp-json\/wp\/v2\/posts\/18562"}],"collection":[{"href":"https:\/\/www.visit-ulcinj.com\/blog\/wp-json\/wp\/v2\/posts"}],"about":[{"href":"https:\/\/www.visit-ulcinj.com\/blog\/wp-json\/wp\/v2\/types\/post"}],"author":[{"embeddable":true,"href":"https:\/\/www.visit-ulcinj.com\/blog\/wp-json\/wp\/v2\/users\/1"}],"replies":[{"embeddable":true,"href":"https:\/\/www.visit-ulcinj.com\/blog\/wp-json\/wp\/v2\/comments?post=18562"}],"version-history":[{"count":0,"href":"https:\/\/www.visit-ulcinj.com\/blog\/wp-json\/wp\/v2\/posts\/18562\/revisions"}],"wp:attachment":[{"href":"https:\/\/www.visit-ulcinj.com\/blog\/wp-json\/wp\/v2\/media?parent=18562"}],"wp:term":[{"taxonomy":"category","embeddable":true,"href":"https:\/\/www.visit-ulcinj.com\/blog\/wp-json\/wp\/v2\/categories?post=18562"},{"taxonomy":"post_tag","embeddable":true,"href":"https:\/\/www.visit-ulcinj.com\/blog\/wp-json\/wp\/v2\/tags?post=18562"}],"curies":[{"name":"wp","href":"https:\/\/api.w.org\/{rel}","templated":true}]}}