{"id":18594,"date":"2009-04-21T10:55:38","date_gmt":"2009-04-21T08:55:38","guid":{"rendered":"http:\/\/www.visit-ulcinj.com\/blog\/?p=18594"},"modified":"2009-04-21T10:55:38","modified_gmt":"2009-04-21T08:55:38","slug":"seici-zainteresovani-za-veliku-plazu-adu","status":"publish","type":"post","link":"https:\/\/www.visit-ulcinj.com\/blog\/2009\/04\/21\/seici-zainteresovani-za-veliku-plazu-adu\/","title":{"rendered":"\u0160eici zainteresovani za Veliku pla\u017eu, Adu&#8230;"},"content":{"rendered":"<p><a href=\"http:\/\/www.visit-ulcinj.com\/blog\/wp-content\/uploads\/2009\/04\/seici-zainteresovani-za-veliku-plazu-i-adu-bojanu.jpg\"><img loading=\"lazy\" class=\"alignleft size-full wp-image-18595\" title=\"seici-zainteresovani-za-veliku-plazu-i-adu-bojanu\" src=\"http:\/\/www.visit-ulcinj.com\/blog\/wp-content\/uploads\/2009\/04\/seici-zainteresovani-za-veliku-plazu-i-adu-bojanu.jpg\" alt=\"seici-zainteresovani-za-veliku-plazu-i-adu-bojanu\" width=\"570\" height=\"400\" \/><\/a>Investitori su iskazali poseban interes za lokacije biv\u0161e kasarne u Kumboru, Ostrvo cvije?a, kao i predstoje?e investicije, koje ?e nakon zavr\u0161enog masterplana biti realizovane u regionu Bjelasice i Komova, ka\u017ee Rade Ljumovi?, predstavnik Ministarstva za ekonomski razvoj i jedan od koordinatora projekta Velika Pla\u017ea<\/p>\n<p>Podgorica, 20. aprila &#8211; Investitori iz Ujedinjenih Arapskih Emirata, posebno iz najve?eg i najbogatijeg emirata &#8211; Abu Dabija, Katara, Bahreina, Egipta, kao i sa Novog Zelanda zainteresovani su za investicije u Crnu Goru- naro?ito Veliku pla\u017eu, Adu Bojanu&#8230; To se pokazalo na Sajmu \u201eCityscape Abu Dabi\u201c, jednom od najve?ih sjamova investicionih potencijala u svijetu koji je odr\u017ean u Abu Dabiju . Na ovom sajmu predstavnici Ministarstva za ekonomski razvoj i Agencije za promociju investicija predstavili su investicione mogu?nosti Crne Gore sa akcentom na grinfild projekte, a posebno aktuelne tendere za valorizaciju turisti?kih potencijala.<\/p>\n<p>Na sajmu je predstavljen aktuelni tender za valorizaciju Velike pla\u017ee, kao i tender za Adu Bojanu, a prezentovane su i predstoje?e grinfild investicije u na\u0161oj zemlji. Pored Velike pla\u017ee, investitori su iskazali poseban interes za lokacije biv\u0161e kasarne u Kumboru, Ostrvo cvije?a, kao i predstoje?e investicije, koje ?e nakon zavr\u0161enog masterplana biti realizovane u regionu Bjelasice i Komova, ka\u017ee Rade Ljumovi?, predstavnik Ministrstva za ekonomski razvoj i jedan od koordinatora projekta Velika Pla\u017ea.<\/p>\n<p>James Budget, investitor u Crnoj Gori i predstavnik Amathist, jedne od deset kompanija koje su se predstavile sa Ministarstvom za ekonomski razvoj smatra da je zadovoljstvo biti na \u0161tandu Crne Gore. Vrlo je promi\u0161ljen potez prezentacija na ovom tr\u017ei\u0161tu, jer je realno u svijetu, u trenutnom ekonomskom stanju, ovo najbolja mogu?a adresa za tra\u017eenje investitora i ulaga?a. U svakom slu?aju Crna Gora ima \u0161ta da ponudi. Li?no sam vrlo zadovoljan ostvarenim kontaktima na sajmu, ka\u017ee ovaj investiotor. Youseff Al Saraj, investitor u Crnoj Gori i predstavnik kompanije Monte Mena smatra da kompanija Monte Mena zajedno sa predstavicima Vlade Crne Gore i ostalim izlaga?ima ula\u017ee maksimalne napore da predstavi Crnu Goru, malu i jo\u0161 nedovoljno otkrivenu dr\u017eavu, ali i dr\u017eavu nevjerovatne ljepote i potencijala. Svakog dana front prijatelja Crne Gore ja?a.<\/p>\n<p>Crna Gora je jedina dr\u017eava iz Evrope koja se organizovano predstavila na ovom sajmu. Interesovanje je veliko. Ostvaren je niz kontakata sa novim investitorima, a va\u017enu ulogu u privla?enju investitora imale su i firme-izlaga?i na crnogorskom \u0161tandu. Njihovo iskustvo na projektima koje realizuju vrlo je bitno za ovo tr\u017ei\u0161te. U narednih nekoliko mjeseci o?ekujemo posjete vi\u0161e kompanija i investicionih fondova, kazao je Petar Ivanovi?, direktor crnogorske Agencije za promociju stranih investicija.<\/p>\n<p>U svim razgovorima sa potencijalnim investitorima nagla\u0161ena je neophodnost sajmovne prezentacije i takvog na?ina umre\u017eavanja, posebno sa tr\u017ei\u0161tem Bliskog istoka. Zdru\u017eena forma predstavljanja investicionih i turisti?kih potecnijala na pravi na?in predstavila je Crnu Goru kao destinaciju koju tek treba otkriti. Ove godine na sajmu u Abu Dabiju su se zajedni?ki predstavili: Ministarstvo za ekonomski razvoj, Ministarstvo turizma i za\u0161tite \u017eivotne sredine, Nacionalna turisti?ka organizacija Crne Gore i Agencija Crne Gore za promociju investicija izme?u kojih je potpisan Memorandum o saradnji na realizaciji projekta predstavljanja Crne Gore kao turisti?ke i investicione destinacije na sajmu \u201eCityscape Abu Dhabi 2009\u201c. Na sajmu se je predstavilo i deset kompanija iz oblasti tr\u017ei\u0161ta nekretnina i turizma, koje su u sklopu crnogorskog \u0161tanda imale mogu?nost predstavljanja svojih projekata, poslovnih aktivnosti i informisanja zainteresovanih posjetilaca o mogu?nostima investiranja u Crnu Goru, aktuelnim projektima, planiranim projektima i turisti?koj ponudi&#8230; To ?e zajedno pomo?i potvr?ivanju Crne Gore kao destinacije u kojoj se realizuju veliki projekti.<\/p>\n<p>Ovo je jedan od najve?ih sajmova u oblasti investicionih projekata u svijetu, koji se organizuje u Abu Dabiju do ?etvrtka, 22. aprila, a okupio je me?unarodne i regionalne investitore, inovativne developere iz oblasti nekretnina, dr\u017eavne zvani?nike i druge klju?ne odlu?ioce iz oblasti nekretnina kako bi razgovarali o sada\u0161njim promjenama na tr\u017ei\u0161tima i radikalnim strategijama.<\/p>\n<p>U 2008. godini na sajmu u Abu Dabiju izlagalo je 297 kompanija koje su privukle 48.357 posjetilaca-profesionalaca iz 107 zemalja svijeta-pored zemalja Srednjeg Istoka, izlaga?i i posjetici su iz Indije, Kine, Pakistana, SAD, Japana&#8230;<\/p>\n<p><strong>Mr.M.<br \/>\nIzvor \/ Pobjeda<\/strong><\/p>\n<!-- vimeo error: not a vimeo video -->\n","protected":false},"excerpt":{"rendered":"<p>Investitori su iskazali poseban interes za lokacije biv\u0161e kasarne u Kumboru, Ostrvo cvije?a, kao i predstoje?e investicije, koje ?e nakon zavr\u0161enog masterplana biti realizovane u regionu Bjelasice i Komova, ka\u017ee Rade Ljumovi?, predstavnik Ministarstva za ekonomski razvoj i jedan od koordinatora projekta Velika Pla\u017ea Podgorica, 20. aprila &#8211; Investitori iz Ujedinjenih Arapskih Emirata, posebno iz [&hellip;]<\/p>\n","protected":false},"author":1,"featured_media":0,"comment_status":"open","ping_status":"closed","sticky":false,"template":"","format":"standard","meta":{"spay_email":"","jetpack_publicize_message":"","jetpack_is_tweetstorm":false,"jetpack_publicize_feature_enabled":true},"categories":[8337],"tags":[20,19,9404],"jetpack_publicize_connections":[],"yoast_head":"<!-- This site is optimized with the Yoast SEO plugin v19.1 - https:\/\/yoast.com\/wordpress\/plugins\/seo\/ -->\n<title>\u0160eici zainteresovani za Veliku pla\u017eu, Adu... - Lajme nga Ulqini<\/title>\n<meta name=\"description\" content=\"Investitori su iskazali poseban interes za lokacije biv\u0161e kasarne u Kumboru, Ostrvo cvije?a, kao i predstoje?e investicije, koje ?e nakon zavr\u0161enog\" \/>\n<meta name=\"robots\" content=\"index, follow, max-snippet:-1, max-image-preview:large, max-video-preview:-1\" \/>\n<link rel=\"canonical\" href=\"https:\/\/www.visit-ulcinj.com\/blog\/2009\/04\/21\/seici-zainteresovani-za-veliku-plazu-adu\/\" \/>\n<meta property=\"og:locale\" content=\"en_US\" \/>\n<meta property=\"og:type\" content=\"article\" \/>\n<meta property=\"og:title\" content=\"\u0160eici zainteresovani za Veliku pla\u017eu, Adu... - Lajme nga Ulqini\" \/>\n<meta property=\"og:description\" content=\"Investitori su iskazali poseban interes za lokacije biv\u0161e kasarne u Kumboru, Ostrvo cvije?a, kao i predstoje?e investicije, koje ?e nakon zavr\u0161enog\" \/>\n<meta property=\"og:url\" content=\"https:\/\/www.visit-ulcinj.com\/blog\/2009\/04\/21\/seici-zainteresovani-za-veliku-plazu-adu\/\" \/>\n<meta property=\"og:site_name\" content=\"Lajme nga Ulqini\" \/>\n<meta property=\"article:published_time\" content=\"2009-04-21T08:55:38+00:00\" \/>\n<meta property=\"og:image\" content=\"http:\/\/www.visit-ulcinj.com\/blog\/wp-content\/uploads\/2009\/04\/seici-zainteresovani-za-veliku-plazu-i-adu-bojanu.jpg\" \/>\n<meta name=\"twitter:label1\" content=\"Written by\" \/>\n\t<meta name=\"twitter:data1\" content=\"ulqini\" \/>\n\t<meta name=\"twitter:label2\" content=\"Est. reading time\" \/>\n\t<meta name=\"twitter:data2\" content=\"4 minutes\" \/>\n<script type=\"application\/ld+json\" class=\"yoast-schema-graph\">{\"@context\":\"https:\/\/schema.org\",\"@graph\":[{\"@type\":\"WebSite\",\"@id\":\"https:\/\/www.visit-ulcinj.com\/blog\/#website\",\"url\":\"https:\/\/www.visit-ulcinj.com\/blog\/\",\"name\":\"Lajme nga Ulqini\",\"description\":\"Lajme,Vijesti,Ulqini,Ulqin,Crna Gora,Mali i Zi\",\"potentialAction\":[{\"@type\":\"SearchAction\",\"target\":{\"@type\":\"EntryPoint\",\"urlTemplate\":\"https:\/\/www.visit-ulcinj.com\/blog\/?s={search_term_string}\"},\"query-input\":\"required name=search_term_string\"}],\"inLanguage\":\"en-US\"},{\"@type\":\"ImageObject\",\"inLanguage\":\"en-US\",\"@id\":\"https:\/\/www.visit-ulcinj.com\/blog\/2009\/04\/21\/seici-zainteresovani-za-veliku-plazu-adu\/#primaryimage\",\"url\":\"https:\/\/www.visit-ulcinj.com\/blog\/wp-content\/uploads\/2009\/04\/seici-zainteresovani-za-veliku-plazu-i-adu-bojanu.jpg\",\"contentUrl\":\"https:\/\/www.visit-ulcinj.com\/blog\/wp-content\/uploads\/2009\/04\/seici-zainteresovani-za-veliku-plazu-i-adu-bojanu.jpg\",\"width\":\"640\",\"height\":\"480\"},{\"@type\":\"WebPage\",\"@id\":\"https:\/\/www.visit-ulcinj.com\/blog\/2009\/04\/21\/seici-zainteresovani-za-veliku-plazu-adu\/#webpage\",\"url\":\"https:\/\/www.visit-ulcinj.com\/blog\/2009\/04\/21\/seici-zainteresovani-za-veliku-plazu-adu\/\",\"name\":\"\u0160eici zainteresovani za Veliku pla\u017eu, Adu... - Lajme nga Ulqini\",\"isPartOf\":{\"@id\":\"https:\/\/www.visit-ulcinj.com\/blog\/#website\"},\"primaryImageOfPage\":{\"@id\":\"https:\/\/www.visit-ulcinj.com\/blog\/2009\/04\/21\/seici-zainteresovani-za-veliku-plazu-adu\/#primaryimage\"},\"datePublished\":\"2009-04-21T08:55:38+00:00\",\"dateModified\":\"2009-04-21T08:55:38+00:00\",\"author\":{\"@id\":\"https:\/\/www.visit-ulcinj.com\/blog\/#\/schema\/person\/dcab619c614d3038751c63bc2aadc06d\"},\"description\":\"Investitori su iskazali poseban interes za lokacije biv\u0161e kasarne u Kumboru, Ostrvo cvije?a, kao i predstoje?e investicije, koje ?e nakon zavr\u0161enog\",\"breadcrumb\":{\"@id\":\"https:\/\/www.visit-ulcinj.com\/blog\/2009\/04\/21\/seici-zainteresovani-za-veliku-plazu-adu\/#breadcrumb\"},\"inLanguage\":\"en-US\",\"potentialAction\":[{\"@type\":\"ReadAction\",\"target\":[\"https:\/\/www.visit-ulcinj.com\/blog\/2009\/04\/21\/seici-zainteresovani-za-veliku-plazu-adu\/\"]}]},{\"@type\":\"BreadcrumbList\",\"@id\":\"https:\/\/www.visit-ulcinj.com\/blog\/2009\/04\/21\/seici-zainteresovani-za-veliku-plazu-adu\/#breadcrumb\",\"itemListElement\":[{\"@type\":\"ListItem\",\"position\":1,\"name\":\"\u0160eici zainteresovani za Veliku pla\u017eu, Adu&#8230;\"}]},{\"@type\":\"Person\",\"@id\":\"https:\/\/www.visit-ulcinj.com\/blog\/#\/schema\/person\/dcab619c614d3038751c63bc2aadc06d\",\"name\":\"ulqini\",\"sameAs\":[\"http:\/\/www.visit-ulcinj.com\"],\"url\":\"https:\/\/www.visit-ulcinj.com\/blog\/author\/admin\/\"}]}<\/script>\n<!-- \/ Yoast SEO plugin. -->","yoast_head_json":{"title":"\u0160eici zainteresovani za Veliku pla\u017eu, Adu... - Lajme nga Ulqini","description":"Investitori su iskazali poseban interes za lokacije biv\u0161e kasarne u Kumboru, Ostrvo cvije?a, kao i predstoje?e investicije, koje ?e nakon zavr\u0161enog","robots":{"index":"index","follow":"follow","max-snippet":"max-snippet:-1","max-image-preview":"max-image-preview:large","max-video-preview":"max-video-preview:-1"},"canonical":"https:\/\/www.visit-ulcinj.com\/blog\/2009\/04\/21\/seici-zainteresovani-za-veliku-plazu-adu\/","og_locale":"en_US","og_type":"article","og_title":"\u0160eici zainteresovani za Veliku pla\u017eu, Adu... - Lajme nga Ulqini","og_description":"Investitori su iskazali poseban interes za lokacije biv\u0161e kasarne u Kumboru, Ostrvo cvije?a, kao i predstoje?e investicije, koje ?e nakon zavr\u0161enog","og_url":"https:\/\/www.visit-ulcinj.com\/blog\/2009\/04\/21\/seici-zainteresovani-za-veliku-plazu-adu\/","og_site_name":"Lajme nga Ulqini","article_published_time":"2009-04-21T08:55:38+00:00","og_image":[{"url":"http:\/\/www.visit-ulcinj.com\/blog\/wp-content\/uploads\/2009\/04\/seici-zainteresovani-za-veliku-plazu-i-adu-bojanu.jpg"}],"twitter_misc":{"Written by":"ulqini","Est. reading time":"4 minutes"},"schema":{"@context":"https:\/\/schema.org","@graph":[{"@type":"WebSite","@id":"https:\/\/www.visit-ulcinj.com\/blog\/#website","url":"https:\/\/www.visit-ulcinj.com\/blog\/","name":"Lajme nga Ulqini","description":"Lajme,Vijesti,Ulqini,Ulqin,Crna Gora,Mali i Zi","potentialAction":[{"@type":"SearchAction","target":{"@type":"EntryPoint","urlTemplate":"https:\/\/www.visit-ulcinj.com\/blog\/?s={search_term_string}"},"query-input":"required name=search_term_string"}],"inLanguage":"en-US"},{"@type":"ImageObject","inLanguage":"en-US","@id":"https:\/\/www.visit-ulcinj.com\/blog\/2009\/04\/21\/seici-zainteresovani-za-veliku-plazu-adu\/#primaryimage","url":"https:\/\/www.visit-ulcinj.com\/blog\/wp-content\/uploads\/2009\/04\/seici-zainteresovani-za-veliku-plazu-i-adu-bojanu.jpg","contentUrl":"https:\/\/www.visit-ulcinj.com\/blog\/wp-content\/uploads\/2009\/04\/seici-zainteresovani-za-veliku-plazu-i-adu-bojanu.jpg","width":"640","height":"480"},{"@type":"WebPage","@id":"https:\/\/www.visit-ulcinj.com\/blog\/2009\/04\/21\/seici-zainteresovani-za-veliku-plazu-adu\/#webpage","url":"https:\/\/www.visit-ulcinj.com\/blog\/2009\/04\/21\/seici-zainteresovani-za-veliku-plazu-adu\/","name":"\u0160eici zainteresovani za Veliku pla\u017eu, Adu... - Lajme nga Ulqini","isPartOf":{"@id":"https:\/\/www.visit-ulcinj.com\/blog\/#website"},"primaryImageOfPage":{"@id":"https:\/\/www.visit-ulcinj.com\/blog\/2009\/04\/21\/seici-zainteresovani-za-veliku-plazu-adu\/#primaryimage"},"datePublished":"2009-04-21T08:55:38+00:00","dateModified":"2009-04-21T08:55:38+00:00","author":{"@id":"https:\/\/www.visit-ulcinj.com\/blog\/#\/schema\/person\/dcab619c614d3038751c63bc2aadc06d"},"description":"Investitori su iskazali poseban interes za lokacije biv\u0161e kasarne u Kumboru, Ostrvo cvije?a, kao i predstoje?e investicije, koje ?e nakon zavr\u0161enog","breadcrumb":{"@id":"https:\/\/www.visit-ulcinj.com\/blog\/2009\/04\/21\/seici-zainteresovani-za-veliku-plazu-adu\/#breadcrumb"},"inLanguage":"en-US","potentialAction":[{"@type":"ReadAction","target":["https:\/\/www.visit-ulcinj.com\/blog\/2009\/04\/21\/seici-zainteresovani-za-veliku-plazu-adu\/"]}]},{"@type":"BreadcrumbList","@id":"https:\/\/www.visit-ulcinj.com\/blog\/2009\/04\/21\/seici-zainteresovani-za-veliku-plazu-adu\/#breadcrumb","itemListElement":[{"@type":"ListItem","position":1,"name":"\u0160eici zainteresovani za Veliku pla\u017eu, Adu&#8230;"}]},{"@type":"Person","@id":"https:\/\/www.visit-ulcinj.com\/blog\/#\/schema\/person\/dcab619c614d3038751c63bc2aadc06d","name":"ulqini","sameAs":["http:\/\/www.visit-ulcinj.com"],"url":"https:\/\/www.visit-ulcinj.com\/blog\/author\/admin\/"}]}},"jetpack_featured_media_url":"","jetpack_sharing_enabled":true,"jetpack_shortlink":"https:\/\/wp.me\/pe6lTn-4PU","_links":{"self":[{"href":"https:\/\/www.visit-ulcinj.com\/blog\/wp-json\/wp\/v2\/posts\/18594"}],"collection":[{"href":"https:\/\/www.visit-ulcinj.com\/blog\/wp-json\/wp\/v2\/posts"}],"about":[{"href":"https:\/\/www.visit-ulcinj.com\/blog\/wp-json\/wp\/v2\/types\/post"}],"author":[{"embeddable":true,"href":"https:\/\/www.visit-ulcinj.com\/blog\/wp-json\/wp\/v2\/users\/1"}],"replies":[{"embeddable":true,"href":"https:\/\/www.visit-ulcinj.com\/blog\/wp-json\/wp\/v2\/comments?post=18594"}],"version-history":[{"count":0,"href":"https:\/\/www.visit-ulcinj.com\/blog\/wp-json\/wp\/v2\/posts\/18594\/revisions"}],"wp:attachment":[{"href":"https:\/\/www.visit-ulcinj.com\/blog\/wp-json\/wp\/v2\/media?parent=18594"}],"wp:term":[{"taxonomy":"category","embeddable":true,"href":"https:\/\/www.visit-ulcinj.com\/blog\/wp-json\/wp\/v2\/categories?post=18594"},{"taxonomy":"post_tag","embeddable":true,"href":"https:\/\/www.visit-ulcinj.com\/blog\/wp-json\/wp\/v2\/tags?post=18594"}],"curies":[{"name":"wp","href":"https:\/\/api.w.org\/{rel}","templated":true}]}}