{"id":18601,"date":"2009-04-21T11:27:17","date_gmt":"2009-04-21T09:27:17","guid":{"rendered":"http:\/\/www.visit-ulcinj.com\/blog\/?p=18601"},"modified":"2009-04-27T13:55:24","modified_gmt":"2009-04-27T11:55:24","slug":"konference-per-media-me-rastin-e-mbylljes-se-tenderit-per-valdanos","status":"publish","type":"post","link":"https:\/\/www.visit-ulcinj.com\/blog\/2009\/04\/21\/konference-per-media-me-rastin-e-mbylljes-se-tenderit-per-valdanos\/","title":{"rendered":"Konferenc\u00eb p\u00ebr media me rastin e mbylljes s\u00eb tenderit p\u00ebr Valdanos"},"content":{"rendered":"<p><a href=\"http:\/\/www.visit-ulcinj.com\/blog\/wp-content\/uploads\/2009\/04\/xhaudet-cakuli_ulqin_-mali-i-zi.jpg\"><img loading=\"lazy\" class=\"alignleft size-full wp-image-18602\" title=\"xhaudet-cakuli_ulqin_-mali-i-zi\" src=\"http:\/\/www.visit-ulcinj.com\/blog\/wp-content\/uploads\/2009\/04\/xhaudet-cakuli_ulqin_-mali-i-zi.jpg\" alt=\"xhaudet-cakuli_ulqin_-mali-i-zi\" width=\"570\" height=\"364\" \/><\/a>K\u00ebt\u00eb konferenc\u00eb do ta filloj mecitimin e deklarat\u00ebs s\u00eb grofit Jakob Rotshilld i cili edhe gjat\u00eb vitit 2006 kaqen\u00eb i interesuar t\u00eb marr\u00eb pjes\u00eb n\u00eb tenderin p\u00ebr Valdanos dhe me k\u00ebt\u00eb rast kadeklaruar:&#8221;Jav\u00ebn e kaluar, duke shikuar Valdanosin, instinkti trhoshte sek\u00ebtu ka shum\u00eb pyetje q\u00eb duhet t\u00eb zgjidhen, n\u00eb mesin e t\u00eb cilave edhe pron\u00ebsia etoka ve por edhe faktin se n\u00eb k\u00ebto troje shum\u00eb familje me gjenerata\u00a0kultivojn\u00eb e ullinj\u00ebt, e ne nuk do t\u00eb d\u00ebshironim q\u00eb ta nd\u00ebrpresimk\u00ebt\u00eb.(Vijesti, teksti \u201cRotshild\u00ebt vrojtojn\u00eb autostrad\u00ebn dhe Valdanosin\u201d, viti2006).<\/p>\n<p align=\"justify\">Kjo deklarat\u00eb duhet ti nxisinvestitor\u00ebt t\u00eb cil\u00ebt i kan\u00eb dor\u00ebzuar ofertat e veta p\u00ebr marrjen me qira t\u00ebgjirit t\u00eb Valldanosit me ullisht\u00eb dhe rreth 2,5 milion m2 t\u00eb malit t\u00eb af\u00ebrtMendra, duhet ta ken\u00eb t\u00eb qart\u00eb faktin se lidhur me pron\u00ebsin\u00eb e gjirit t\u00ebValdanosit akoma po zhvillohen procese gjyq\u00ebsore n\u00eb Mal t\u00eb Zi dhe se shum\u00eb prejk\u00ebtyre l\u00ebnd\u00ebve kan\u00eb mb\u00ebrritur edhe n\u00eb Gjykat\u00ebn Nd\u00ebrkomb\u00ebtare p\u00ebr mbrojtjen e t\u00ebdrejtave t\u00eb njeriut n\u00eb Strazburg, dhe se ata do t\u00eb hasin n\u00eb p\u00ebngesa t\u00eb m\u00ebdhagjat\u00eb realizimit t\u00eb investimeve t\u00eb parapara, k\u00ebshtu q\u00eb, edhe nj\u00ebher\u00eb duhet t\u00ebmendojn\u00eb mir\u00eb p\u00ebr rezultatin \u00a0p\u00ebrfundimtar t\u00eb \u00a0investimeve t\u00eb m\u00ebdhat\u00eb kapitalit t\u00eb tyre.<\/p>\n<p align=\"justify\">Ne edhe m\u00eb p\u00ebrpara jemi munduar q\u00eb t\u2019jut\u00ebrheqim v\u00ebm\u00ebndjen politikan\u00ebve vendas p\u00ebr rregullimin e kthimit t\u00eb pron\u00ebsis\u00ebs\u00eb Valdanosit, dhe n\u00eb k\u00ebt\u00eb m\u00ebnyr\u00eb do ti mund\u00ebsonte gjyqit q\u00eb n\u00eb m\u00ebnyr\u00eb t\u00ebpavarur t\u00eb kryej pun\u00ebn e vet dhe k\u00ebshtu t\u00eb nd\u00ebrpes\u00eb mar\u00ebdh\u00ebnjet diskriminuesendaj pronar\u00ebve legjitim.<\/p>\n<p align=\"justify\">Prodeset gjyq\u00ebsore n\u00eb lidhje mekthimin e pronave, t\u00eb cilat akoma nuk kan\u00eb p\u00ebrfunduar, jan\u00eb m\u00eb shum\u00eb \u00e7\u00ebshtjepolitike se sa juridike, sepse ligjet e Malit t\u00eb Zi jan\u00eb padyshim n\u00eb an\u00ebn e ishpronar\u00ebve. Mir\u00ebpo p\u00ebrfaq\u00ebsuesit politik n\u00eb nivel komunal dhe republikan p\u00ebrmesValdanosit deri m\u00eb tani, me premtimet se do t\u00eb kthejn\u00eb ullisht\u00ebn e Valdanosit,kan\u00eb fituar benefite politike, gjegj\u00ebsisht blerje t\u00eb votave n\u00eb shum\u00eb zgjedhjelokale dhe republikane. Kjo blerje e votave me premtime iu ka mund\u00ebsuar q\u00eb,nd\u00ebrmjet tjerave, t\u00ebr\u00eb Valdanosin dhe Mendren ta p\u00ebrfshijn\u00eb n\u00eb t\u00eb Mirat Detaredhe k\u00ebshtu t\u00eb veprojn\u00eb n\u00eb kund\u00ebrshtim me principet e proklamuara p\u00ebr decentralizim.<\/p>\n<p align=\"justify\">Me Vendimin e Kuvendit komunal p\u00ebrkthimin gjegj\u00ebsisht deekspropiimin e vitit 2007(Fl. zyrtare e MZ, dispozitatkomunale nr.18 e dat\u00ebs 18.05.2007) dhe me protesta masive, investitor\u00ebvepotencial ju kemi treguar dhe ju tregojm\u00eb faktin se gjiri i Valdanosit duhet t\u2019iukthehet pronar\u00ebve t\u00eb m\u00ebparsh\u00ebm. Marr\u00ebveshtje eventuale dhe kontrata p\u00ebrinvestime n\u00eb Valdanos mund t\u00eb pasojn\u00eb vet\u00ebm pas kthimit t\u00eb ullishtave pronar\u00ebvet\u00eb atjesh\u00ebm.<\/p>\n<p align=\"justify\"><a href=\"http:\/\/www.visit-ulcinj.com\/gallery\/main.php?g2_itemId=5488\" target=\"_blank\"><img loading=\"lazy\" style=\"margin-left: 5px;\" src=\"http:\/\/forca.me\/images\/stories\/valdanos-buchtulcin1.jpg\" alt=\"\" width=\"254\" height=\"175\" align=\"right\" \/><\/a>M\u00eb k\u00ebt\u00eb rast edhe nj\u00ebher\u00eb ju b\u00ebjm\u00ebthirrje p\u00ebrfaq\u00ebsuesve t\u00eb Cubus Lux-it dhe MCG-Mos City Group dhe t\u00eb gjith\u00ebinvestuesve t\u00eb interesuar q\u00eb t\u00eb vizitojn\u00eb web faqen\u00a0<strong><a href=\"http:\/\/www.valdanos-ul.com\/\">www.valdanos-ul.com<\/a><\/strong> dhe m\u00eb af\u00ebr t\u00ebnjoftohen me problematik\u00ebn e pron\u00ebsis\u00eb n\u00eb Valdanos.<\/p>\n<p align=\"justify\">Si duket tani \u00ebsht\u00eb n\u00eb rend realizimii disa interesave t\u00eb tjera t\u00eb k\u00ebtyre strukturave politike dhe k\u00ebshtu duan ta japinme qira pronat e huaja p\u00ebr nj\u00eb vler\u00eb minore prej 15 cent p\u00ebr m2.&#8211;p\u00ebrs\u00ebris 15cent p\u00ebr m2.<\/p>\n<p align=\"justify\">Q\u00eb t\u00eb paguhet p\u00ebrmes rent\u00ebs s\u00ebofruar, \u00e7mimi minimal i tregut prej 150,00 EUR p\u00ebr m2, duhet t\u00eb kaloj\u00eb rafsh1000 vjet\u00eb, gjegj\u00ebsisht q\u00eb k\u00ebt\u00eb ta inkasojn\u00eb 40 gjeneratat e ardhshme, kurse n\u00ebfakultet ekonomik na kan\u00eb m\u00ebsuar se vlera e tok\u00ebs p\u00ebrcaktohet me vler\u00ebn erent\u00ebs s\u00eb paguar n\u00eb zgjatjen e nj\u00eb gjenerate, e kjo \u00ebsht\u00eb 25 vjet.\u00a0Ulinj\u00ebtnuk jan\u00eb llogaritur.<\/p>\n<p align=\"justify\">P\u00ebrfaq\u00ebsuesit e strukturaveqeveris\u00ebse n\u00eb Ulqin, konkretisht UDSH, PDS, duhet q\u00eb ish pronar\u00ebve dhe t\u00ebgjith\u00eb qytetar\u00ebve pa hamendje tu tregojn\u00eb se a jan\u00eb p\u00ebr zbatimin e ligjit dhep\u00ebr kthimin e tok\u00ebs s\u00eb marrur me dhun\u00eb ish pronar\u00ebve, dhe si pushtet ekzekutivt\u00eb zbatojn\u00eb Vendimin e vitit 2007, dhe jo q\u00eb me pjes\u00ebmarrje n\u00eb komisione \u00a0b\u00ebjn\u00eb kumari n\u00eb shitjen e pronave t\u00eb huaja, ashtusi\u00e7 b\u00ebn\u00eb kryebashkiaku, z. Hajdinaga.<\/p>\n<p align=\"justify\">\u00cbsht\u00eb i njohur fakti juridik se t\u00ebdrejtat e pron\u00ebsis\u00eb kurr nuk vjetrohen, prandaj \u00ebsht\u00eb m\u00eb mir\u00eb q\u00eb ne vet\u00eb sa m\u00ebpar\u00eb t\u00eb b\u00ebjm\u00eb kthinmin, sepse pasi q\u00eb k\u00ebt\u00eb ta gjykoj\u00eb Gjykata e strazburgut, dot\u2019na kushtoj\u00eb shum\u00eb shtrejt\u00eb.<\/p>\n<p align=\"justify\"><strong>Forca,<\/strong><\/p>\n<p><strong>N\u00ebnkryetari, Xhaudet Cakuli<\/strong><\/p>\n<p><strong><!--YouTube Error: bad URL entered--><br \/>\n<\/strong><\/p>\n<p align=\"justify\"><strong><\/strong><\/p>\n<p><strong><\/strong><\/p>\n","protected":false},"excerpt":{"rendered":"<p>K\u00ebt\u00eb konferenc\u00eb do ta filloj mecitimin e deklarat\u00ebs s\u00eb grofit Jakob Rotshilld i cili edhe gjat\u00eb vitit 2006 kaqen\u00eb i interesuar t\u00eb marr\u00eb pjes\u00eb n\u00eb tenderin p\u00ebr Valdanos dhe me k\u00ebt\u00eb rast kadeklaruar:&#8221;Jav\u00ebn e kaluar, duke shikuar Valdanosin, instinkti trhoshte sek\u00ebtu ka shum\u00eb pyetje q\u00eb duhet t\u00eb zgjidhen, n\u00eb mesin e t\u00eb cilave edhe pron\u00ebsia [&hellip;]<\/p>\n","protected":false},"author":1,"featured_media":0,"comment_status":"open","ping_status":"closed","sticky":false,"template":"","format":"standard","meta":{"spay_email":"","jetpack_publicize_message":"","jetpack_is_tweetstorm":false,"jetpack_publicize_feature_enabled":true},"categories":[6],"tags":[117,9405,95,9406,200,1797],"jetpack_publicize_connections":[],"yoast_head":"<!-- This site is optimized with the Yoast SEO plugin v19.1 - https:\/\/yoast.com\/wordpress\/plugins\/seo\/ -->\n<title>Konferenc\u00eb p\u00ebr media me rastin e mbylljes s\u00eb tenderit p\u00ebr Valdanos - Lajme nga Ulqini<\/title>\n<meta name=\"description\" content=\"K\u00ebt\u00eb konferenc\u00eb do ta filloj mecitimin e deklarat\u00ebs s\u00eb grofit Jakob Rotshilld i cili edhe gjat\u00eb vitit 2006 kaqen\u00eb i interesuar t\u00eb marr\u00eb pjes\u00eb n\u00eb tenderin\" \/>\n<meta name=\"robots\" content=\"index, follow, max-snippet:-1, max-image-preview:large, max-video-preview:-1\" \/>\n<link rel=\"canonical\" href=\"https:\/\/www.visit-ulcinj.com\/blog\/2009\/04\/21\/konference-per-media-me-rastin-e-mbylljes-se-tenderit-per-valdanos\/\" \/>\n<meta property=\"og:locale\" content=\"en_US\" \/>\n<meta property=\"og:type\" content=\"article\" \/>\n<meta property=\"og:title\" content=\"Konferenc\u00eb p\u00ebr media me rastin e mbylljes s\u00eb tenderit p\u00ebr Valdanos - Lajme nga Ulqini\" \/>\n<meta property=\"og:description\" content=\"K\u00ebt\u00eb konferenc\u00eb do ta filloj mecitimin e deklarat\u00ebs s\u00eb grofit Jakob Rotshilld i cili edhe gjat\u00eb vitit 2006 kaqen\u00eb i interesuar t\u00eb marr\u00eb pjes\u00eb n\u00eb tenderin\" \/>\n<meta property=\"og:url\" content=\"https:\/\/www.visit-ulcinj.com\/blog\/2009\/04\/21\/konference-per-media-me-rastin-e-mbylljes-se-tenderit-per-valdanos\/\" \/>\n<meta property=\"og:site_name\" content=\"Lajme nga Ulqini\" \/>\n<meta property=\"article:published_time\" content=\"2009-04-21T09:27:17+00:00\" \/>\n<meta property=\"article:modified_time\" content=\"2009-04-27T11:55:24+00:00\" \/>\n<meta property=\"og:image\" content=\"http:\/\/www.visit-ulcinj.com\/blog\/wp-content\/uploads\/2009\/04\/xhaudet-cakuli_ulqin_-mali-i-zi.jpg\" \/>\n<meta name=\"twitter:label1\" content=\"Written by\" \/>\n\t<meta name=\"twitter:data1\" content=\"ulqini\" \/>\n\t<meta name=\"twitter:label2\" content=\"Est. reading time\" \/>\n\t<meta name=\"twitter:data2\" content=\"4 minutes\" \/>\n<script type=\"application\/ld+json\" class=\"yoast-schema-graph\">{\"@context\":\"https:\/\/schema.org\",\"@graph\":[{\"@type\":\"WebSite\",\"@id\":\"https:\/\/www.visit-ulcinj.com\/blog\/#website\",\"url\":\"https:\/\/www.visit-ulcinj.com\/blog\/\",\"name\":\"Lajme nga Ulqini\",\"description\":\"Lajme,Vijesti,Ulqini,Ulqin,Crna Gora,Mali i Zi\",\"potentialAction\":[{\"@type\":\"SearchAction\",\"target\":{\"@type\":\"EntryPoint\",\"urlTemplate\":\"https:\/\/www.visit-ulcinj.com\/blog\/?s={search_term_string}\"},\"query-input\":\"required name=search_term_string\"}],\"inLanguage\":\"en-US\"},{\"@type\":\"ImageObject\",\"inLanguage\":\"en-US\",\"@id\":\"https:\/\/www.visit-ulcinj.com\/blog\/2009\/04\/21\/konference-per-media-me-rastin-e-mbylljes-se-tenderit-per-valdanos\/#primaryimage\",\"url\":\"https:\/\/www.visit-ulcinj.com\/blog\/wp-content\/uploads\/2009\/04\/xhaudet-cakuli_ulqin_-mali-i-zi.jpg\",\"contentUrl\":\"https:\/\/www.visit-ulcinj.com\/blog\/wp-content\/uploads\/2009\/04\/xhaudet-cakuli_ulqin_-mali-i-zi.jpg\",\"width\":\"500\",\"height\":\"364\"},{\"@type\":\"WebPage\",\"@id\":\"https:\/\/www.visit-ulcinj.com\/blog\/2009\/04\/21\/konference-per-media-me-rastin-e-mbylljes-se-tenderit-per-valdanos\/#webpage\",\"url\":\"https:\/\/www.visit-ulcinj.com\/blog\/2009\/04\/21\/konference-per-media-me-rastin-e-mbylljes-se-tenderit-per-valdanos\/\",\"name\":\"Konferenc\u00eb p\u00ebr media me rastin e mbylljes s\u00eb tenderit p\u00ebr Valdanos - Lajme nga Ulqini\",\"isPartOf\":{\"@id\":\"https:\/\/www.visit-ulcinj.com\/blog\/#website\"},\"primaryImageOfPage\":{\"@id\":\"https:\/\/www.visit-ulcinj.com\/blog\/2009\/04\/21\/konference-per-media-me-rastin-e-mbylljes-se-tenderit-per-valdanos\/#primaryimage\"},\"datePublished\":\"2009-04-21T09:27:17+00:00\",\"dateModified\":\"2009-04-27T11:55:24+00:00\",\"author\":{\"@id\":\"https:\/\/www.visit-ulcinj.com\/blog\/#\/schema\/person\/dcab619c614d3038751c63bc2aadc06d\"},\"description\":\"K\u00ebt\u00eb konferenc\u00eb do ta filloj mecitimin e deklarat\u00ebs s\u00eb grofit Jakob Rotshilld i cili edhe gjat\u00eb vitit 2006 kaqen\u00eb i interesuar t\u00eb marr\u00eb pjes\u00eb n\u00eb tenderin\",\"breadcrumb\":{\"@id\":\"https:\/\/www.visit-ulcinj.com\/blog\/2009\/04\/21\/konference-per-media-me-rastin-e-mbylljes-se-tenderit-per-valdanos\/#breadcrumb\"},\"inLanguage\":\"en-US\",\"potentialAction\":[{\"@type\":\"ReadAction\",\"target\":[\"https:\/\/www.visit-ulcinj.com\/blog\/2009\/04\/21\/konference-per-media-me-rastin-e-mbylljes-se-tenderit-per-valdanos\/\"]}]},{\"@type\":\"BreadcrumbList\",\"@id\":\"https:\/\/www.visit-ulcinj.com\/blog\/2009\/04\/21\/konference-per-media-me-rastin-e-mbylljes-se-tenderit-per-valdanos\/#breadcrumb\",\"itemListElement\":[{\"@type\":\"ListItem\",\"position\":1,\"name\":\"Konferenc\u00eb p\u00ebr media me rastin e mbylljes s\u00eb tenderit p\u00ebr Valdanos\"}]},{\"@type\":\"Person\",\"@id\":\"https:\/\/www.visit-ulcinj.com\/blog\/#\/schema\/person\/dcab619c614d3038751c63bc2aadc06d\",\"name\":\"ulqini\",\"sameAs\":[\"http:\/\/www.visit-ulcinj.com\"],\"url\":\"https:\/\/www.visit-ulcinj.com\/blog\/author\/admin\/\"}]}<\/script>\n<!-- \/ Yoast SEO plugin. -->","yoast_head_json":{"title":"Konferenc\u00eb p\u00ebr media me rastin e mbylljes s\u00eb tenderit p\u00ebr Valdanos - Lajme nga Ulqini","description":"K\u00ebt\u00eb konferenc\u00eb do ta filloj mecitimin e deklarat\u00ebs s\u00eb grofit Jakob Rotshilld i cili edhe gjat\u00eb vitit 2006 kaqen\u00eb i interesuar t\u00eb marr\u00eb pjes\u00eb n\u00eb tenderin","robots":{"index":"index","follow":"follow","max-snippet":"max-snippet:-1","max-image-preview":"max-image-preview:large","max-video-preview":"max-video-preview:-1"},"canonical":"https:\/\/www.visit-ulcinj.com\/blog\/2009\/04\/21\/konference-per-media-me-rastin-e-mbylljes-se-tenderit-per-valdanos\/","og_locale":"en_US","og_type":"article","og_title":"Konferenc\u00eb p\u00ebr media me rastin e mbylljes s\u00eb tenderit p\u00ebr Valdanos - Lajme nga Ulqini","og_description":"K\u00ebt\u00eb konferenc\u00eb do ta filloj mecitimin e deklarat\u00ebs s\u00eb grofit Jakob Rotshilld i cili edhe gjat\u00eb vitit 2006 kaqen\u00eb i interesuar t\u00eb marr\u00eb pjes\u00eb n\u00eb tenderin","og_url":"https:\/\/www.visit-ulcinj.com\/blog\/2009\/04\/21\/konference-per-media-me-rastin-e-mbylljes-se-tenderit-per-valdanos\/","og_site_name":"Lajme nga Ulqini","article_published_time":"2009-04-21T09:27:17+00:00","article_modified_time":"2009-04-27T11:55:24+00:00","og_image":[{"url":"http:\/\/www.visit-ulcinj.com\/blog\/wp-content\/uploads\/2009\/04\/xhaudet-cakuli_ulqin_-mali-i-zi.jpg"}],"twitter_misc":{"Written by":"ulqini","Est. reading time":"4 minutes"},"schema":{"@context":"https:\/\/schema.org","@graph":[{"@type":"WebSite","@id":"https:\/\/www.visit-ulcinj.com\/blog\/#website","url":"https:\/\/www.visit-ulcinj.com\/blog\/","name":"Lajme nga Ulqini","description":"Lajme,Vijesti,Ulqini,Ulqin,Crna Gora,Mali i Zi","potentialAction":[{"@type":"SearchAction","target":{"@type":"EntryPoint","urlTemplate":"https:\/\/www.visit-ulcinj.com\/blog\/?s={search_term_string}"},"query-input":"required name=search_term_string"}],"inLanguage":"en-US"},{"@type":"ImageObject","inLanguage":"en-US","@id":"https:\/\/www.visit-ulcinj.com\/blog\/2009\/04\/21\/konference-per-media-me-rastin-e-mbylljes-se-tenderit-per-valdanos\/#primaryimage","url":"https:\/\/www.visit-ulcinj.com\/blog\/wp-content\/uploads\/2009\/04\/xhaudet-cakuli_ulqin_-mali-i-zi.jpg","contentUrl":"https:\/\/www.visit-ulcinj.com\/blog\/wp-content\/uploads\/2009\/04\/xhaudet-cakuli_ulqin_-mali-i-zi.jpg","width":"500","height":"364"},{"@type":"WebPage","@id":"https:\/\/www.visit-ulcinj.com\/blog\/2009\/04\/21\/konference-per-media-me-rastin-e-mbylljes-se-tenderit-per-valdanos\/#webpage","url":"https:\/\/www.visit-ulcinj.com\/blog\/2009\/04\/21\/konference-per-media-me-rastin-e-mbylljes-se-tenderit-per-valdanos\/","name":"Konferenc\u00eb p\u00ebr media me rastin e mbylljes s\u00eb tenderit p\u00ebr Valdanos - Lajme nga Ulqini","isPartOf":{"@id":"https:\/\/www.visit-ulcinj.com\/blog\/#website"},"primaryImageOfPage":{"@id":"https:\/\/www.visit-ulcinj.com\/blog\/2009\/04\/21\/konference-per-media-me-rastin-e-mbylljes-se-tenderit-per-valdanos\/#primaryimage"},"datePublished":"2009-04-21T09:27:17+00:00","dateModified":"2009-04-27T11:55:24+00:00","author":{"@id":"https:\/\/www.visit-ulcinj.com\/blog\/#\/schema\/person\/dcab619c614d3038751c63bc2aadc06d"},"description":"K\u00ebt\u00eb konferenc\u00eb do ta filloj mecitimin e deklarat\u00ebs s\u00eb grofit Jakob Rotshilld i cili edhe gjat\u00eb vitit 2006 kaqen\u00eb i interesuar t\u00eb marr\u00eb pjes\u00eb n\u00eb tenderin","breadcrumb":{"@id":"https:\/\/www.visit-ulcinj.com\/blog\/2009\/04\/21\/konference-per-media-me-rastin-e-mbylljes-se-tenderit-per-valdanos\/#breadcrumb"},"inLanguage":"en-US","potentialAction":[{"@type":"ReadAction","target":["https:\/\/www.visit-ulcinj.com\/blog\/2009\/04\/21\/konference-per-media-me-rastin-e-mbylljes-se-tenderit-per-valdanos\/"]}]},{"@type":"BreadcrumbList","@id":"https:\/\/www.visit-ulcinj.com\/blog\/2009\/04\/21\/konference-per-media-me-rastin-e-mbylljes-se-tenderit-per-valdanos\/#breadcrumb","itemListElement":[{"@type":"ListItem","position":1,"name":"Konferenc\u00eb p\u00ebr media me rastin e mbylljes s\u00eb tenderit p\u00ebr Valdanos"}]},{"@type":"Person","@id":"https:\/\/www.visit-ulcinj.com\/blog\/#\/schema\/person\/dcab619c614d3038751c63bc2aadc06d","name":"ulqini","sameAs":["http:\/\/www.visit-ulcinj.com"],"url":"https:\/\/www.visit-ulcinj.com\/blog\/author\/admin\/"}]}},"jetpack_featured_media_url":"","jetpack_sharing_enabled":true,"jetpack_shortlink":"https:\/\/wp.me\/pe6lTn-4Q1","_links":{"self":[{"href":"https:\/\/www.visit-ulcinj.com\/blog\/wp-json\/wp\/v2\/posts\/18601"}],"collection":[{"href":"https:\/\/www.visit-ulcinj.com\/blog\/wp-json\/wp\/v2\/posts"}],"about":[{"href":"https:\/\/www.visit-ulcinj.com\/blog\/wp-json\/wp\/v2\/types\/post"}],"author":[{"embeddable":true,"href":"https:\/\/www.visit-ulcinj.com\/blog\/wp-json\/wp\/v2\/users\/1"}],"replies":[{"embeddable":true,"href":"https:\/\/www.visit-ulcinj.com\/blog\/wp-json\/wp\/v2\/comments?post=18601"}],"version-history":[{"count":0,"href":"https:\/\/www.visit-ulcinj.com\/blog\/wp-json\/wp\/v2\/posts\/18601\/revisions"}],"wp:attachment":[{"href":"https:\/\/www.visit-ulcinj.com\/blog\/wp-json\/wp\/v2\/media?parent=18601"}],"wp:term":[{"taxonomy":"category","embeddable":true,"href":"https:\/\/www.visit-ulcinj.com\/blog\/wp-json\/wp\/v2\/categories?post=18601"},{"taxonomy":"post_tag","embeddable":true,"href":"https:\/\/www.visit-ulcinj.com\/blog\/wp-json\/wp\/v2\/tags?post=18601"}],"curies":[{"name":"wp","href":"https:\/\/api.w.org\/{rel}","templated":true}]}}