{"id":18614,"date":"2009-04-21T15:05:07","date_gmt":"2009-04-21T13:05:07","guid":{"rendered":"http:\/\/www.visit-ulcinj.com\/blog\/?p=18614"},"modified":"2009-04-21T15:05:07","modified_gmt":"2009-04-21T13:05:07","slug":"da-se-poveca-cenzus-za-koalicije-forca-malo-je-tri-odsto","status":"publish","type":"post","link":"https:\/\/www.visit-ulcinj.com\/blog\/2009\/04\/21\/da-se-poveca-cenzus-za-koalicije-forca-malo-je-tri-odsto\/","title":{"rendered":"Da se pove?a cenzus za koalicije: Forca Malo je tri odsto"},"content":{"rendered":"<p><a href=\"http:\/\/www.visit-ulcinj.com\/blog\/wp-content\/uploads\/2009\/04\/lider-albanske-partije-_forca-_nazif-cungu.jpg\"><img loading=\"lazy\" class=\"alignleft size-full wp-image-18617\" title=\"lider-albanske-partije-_forca-_nazif-cungu\" src=\"http:\/\/www.visit-ulcinj.com\/blog\/wp-content\/uploads\/2009\/04\/lider-albanske-partije-_forca-_nazif-cungu.jpg\" alt=\"lider-albanske-partije-_forca-_nazif-cungu\" width=\"570\" height=\"358\" \/><\/a>Lider albanske partije FORCA Nazif Cungu rekao je da su ste?ena prava u Ustavu garantovana i da bi njihovo ukidanje zna?ilo ga\u017eenje najvi\u0161eg pravnog akta. On je saglasan sa predlogom da se pove?a cenzus za koalicije.<br \/>\n&#8211; Posebna izborna jedinica za Albance u Crnoj Gori je ne\u0161to \u0161to imamo ve? punu deceniju i njeno eventualno ukidanje zna?ilo bi grub udar na Ustav. \u0160to se drugih manjina ti?e, za nas nije nikakav problem da i za njih postoji isto pravo, ali o tome oni treba da misle &#8211; kazao je Cungu.<br \/>\nGovore?i o negodovanju politi?kih predstavnika Bo\u0161njaka, koji su tvrdili da je nelegitimno da samo jedna zajednica ima ekskluzivno pravo na posebnu jedinicu, on je rekao da &#8220;Muslimani imaju dosta predstavnika u drugim strankama&#8221;.<br \/>\n&#8211; Kod Albanaca DPS stalno gubi glasove i ve? imamo ?etiri nacionalne stranke u parlamentu. Nije tako sa Muslimanima &#8211; rekao je Cungu.<br \/>\n<strong><br \/>\nDAN<\/strong><\/p>\n","protected":false},"excerpt":{"rendered":"<p>Lider albanske partije FORCA Nazif Cungu rekao je da su ste?ena prava u Ustavu garantovana i da bi njihovo ukidanje zna?ilo ga\u017eenje najvi\u0161eg pravnog akta. On je saglasan sa predlogom da se pove?a cenzus za koalicije. &#8211; Posebna izborna jedinica za Albance u Crnoj Gori je ne\u0161to \u0161to imamo ve? punu deceniju i njeno eventualno [&hellip;]<\/p>\n","protected":false},"author":1,"featured_media":0,"comment_status":"open","ping_status":"closed","sticky":false,"template":"","format":"standard","meta":{"spay_email":"","jetpack_publicize_message":"","jetpack_is_tweetstorm":false,"jetpack_publicize_feature_enabled":true},"categories":[8337],"tags":[1520,20,9408,9409,19],"jetpack_publicize_connections":[],"yoast_head":"<!-- This site is optimized with the Yoast SEO plugin v19.1 - https:\/\/yoast.com\/wordpress\/plugins\/seo\/ -->\n<title>Da se pove?a cenzus za koalicije: Forca Malo je tri odsto - Lajme nga Ulqini<\/title>\n<meta name=\"description\" content=\"Lider albanske partije FORCA Nazif Cungu rekao je da su ste?ena prava u Ustavu garantovana i da bi njihovo ukidanje zna?ilo ga\u017eenje najvi\u0161eg pravnog akta.\" \/>\n<meta name=\"robots\" content=\"index, follow, max-snippet:-1, max-image-preview:large, max-video-preview:-1\" \/>\n<link rel=\"canonical\" href=\"https:\/\/www.visit-ulcinj.com\/blog\/2009\/04\/21\/da-se-poveca-cenzus-za-koalicije-forca-malo-je-tri-odsto\/\" \/>\n<meta property=\"og:locale\" content=\"en_US\" \/>\n<meta property=\"og:type\" content=\"article\" \/>\n<meta property=\"og:title\" content=\"Da se pove?a cenzus za koalicije: Forca Malo je tri odsto - Lajme nga Ulqini\" \/>\n<meta property=\"og:description\" content=\"Lider albanske partije FORCA Nazif Cungu rekao je da su ste?ena prava u Ustavu garantovana i da bi njihovo ukidanje zna?ilo ga\u017eenje najvi\u0161eg pravnog akta.\" \/>\n<meta property=\"og:url\" content=\"https:\/\/www.visit-ulcinj.com\/blog\/2009\/04\/21\/da-se-poveca-cenzus-za-koalicije-forca-malo-je-tri-odsto\/\" \/>\n<meta property=\"og:site_name\" content=\"Lajme nga Ulqini\" \/>\n<meta property=\"article:published_time\" content=\"2009-04-21T13:05:07+00:00\" \/>\n<meta property=\"og:image\" content=\"http:\/\/www.visit-ulcinj.com\/blog\/wp-content\/uploads\/2009\/04\/lider-albanske-partije-_forca-_nazif-cungu.jpg\" \/>\n<meta name=\"twitter:label1\" content=\"Written by\" \/>\n\t<meta name=\"twitter:data1\" content=\"ulqini\" \/>\n\t<meta name=\"twitter:label2\" content=\"Est. reading time\" \/>\n\t<meta name=\"twitter:data2\" content=\"1 minute\" \/>\n<script type=\"application\/ld+json\" class=\"yoast-schema-graph\">{\"@context\":\"https:\/\/schema.org\",\"@graph\":[{\"@type\":\"WebSite\",\"@id\":\"https:\/\/www.visit-ulcinj.com\/blog\/#website\",\"url\":\"https:\/\/www.visit-ulcinj.com\/blog\/\",\"name\":\"Lajme nga Ulqini\",\"description\":\"Lajme,Vijesti,Ulqini,Ulqin,Crna Gora,Mali i Zi\",\"potentialAction\":[{\"@type\":\"SearchAction\",\"target\":{\"@type\":\"EntryPoint\",\"urlTemplate\":\"https:\/\/www.visit-ulcinj.com\/blog\/?s={search_term_string}\"},\"query-input\":\"required name=search_term_string\"}],\"inLanguage\":\"en-US\"},{\"@type\":\"ImageObject\",\"inLanguage\":\"en-US\",\"@id\":\"https:\/\/www.visit-ulcinj.com\/blog\/2009\/04\/21\/da-se-poveca-cenzus-za-koalicije-forca-malo-je-tri-odsto\/#primaryimage\",\"url\":\"https:\/\/www.visit-ulcinj.com\/blog\/wp-content\/uploads\/2009\/04\/lider-albanske-partije-_forca-_nazif-cungu.jpg\",\"contentUrl\":\"https:\/\/www.visit-ulcinj.com\/blog\/wp-content\/uploads\/2009\/04\/lider-albanske-partije-_forca-_nazif-cungu.jpg\",\"width\":\"450\",\"height\":\"338\"},{\"@type\":\"WebPage\",\"@id\":\"https:\/\/www.visit-ulcinj.com\/blog\/2009\/04\/21\/da-se-poveca-cenzus-za-koalicije-forca-malo-je-tri-odsto\/#webpage\",\"url\":\"https:\/\/www.visit-ulcinj.com\/blog\/2009\/04\/21\/da-se-poveca-cenzus-za-koalicije-forca-malo-je-tri-odsto\/\",\"name\":\"Da se pove?a cenzus za koalicije: Forca Malo je tri odsto - Lajme nga Ulqini\",\"isPartOf\":{\"@id\":\"https:\/\/www.visit-ulcinj.com\/blog\/#website\"},\"primaryImageOfPage\":{\"@id\":\"https:\/\/www.visit-ulcinj.com\/blog\/2009\/04\/21\/da-se-poveca-cenzus-za-koalicije-forca-malo-je-tri-odsto\/#primaryimage\"},\"datePublished\":\"2009-04-21T13:05:07+00:00\",\"dateModified\":\"2009-04-21T13:05:07+00:00\",\"author\":{\"@id\":\"https:\/\/www.visit-ulcinj.com\/blog\/#\/schema\/person\/dcab619c614d3038751c63bc2aadc06d\"},\"description\":\"Lider albanske partije FORCA Nazif Cungu rekao je da su ste?ena prava u Ustavu garantovana i da bi njihovo ukidanje zna?ilo ga\u017eenje najvi\u0161eg pravnog akta.\",\"breadcrumb\":{\"@id\":\"https:\/\/www.visit-ulcinj.com\/blog\/2009\/04\/21\/da-se-poveca-cenzus-za-koalicije-forca-malo-je-tri-odsto\/#breadcrumb\"},\"inLanguage\":\"en-US\",\"potentialAction\":[{\"@type\":\"ReadAction\",\"target\":[\"https:\/\/www.visit-ulcinj.com\/blog\/2009\/04\/21\/da-se-poveca-cenzus-za-koalicije-forca-malo-je-tri-odsto\/\"]}]},{\"@type\":\"BreadcrumbList\",\"@id\":\"https:\/\/www.visit-ulcinj.com\/blog\/2009\/04\/21\/da-se-poveca-cenzus-za-koalicije-forca-malo-je-tri-odsto\/#breadcrumb\",\"itemListElement\":[{\"@type\":\"ListItem\",\"position\":1,\"name\":\"Da se pove?a cenzus za koalicije: Forca Malo je tri odsto\"}]},{\"@type\":\"Person\",\"@id\":\"https:\/\/www.visit-ulcinj.com\/blog\/#\/schema\/person\/dcab619c614d3038751c63bc2aadc06d\",\"name\":\"ulqini\",\"sameAs\":[\"http:\/\/www.visit-ulcinj.com\"],\"url\":\"https:\/\/www.visit-ulcinj.com\/blog\/author\/admin\/\"}]}<\/script>\n<!-- \/ Yoast SEO plugin. -->","yoast_head_json":{"title":"Da se pove?a cenzus za koalicije: Forca Malo je tri odsto - Lajme nga Ulqini","description":"Lider albanske partije FORCA Nazif Cungu rekao je da su ste?ena prava u Ustavu garantovana i da bi njihovo ukidanje zna?ilo ga\u017eenje najvi\u0161eg pravnog akta.","robots":{"index":"index","follow":"follow","max-snippet":"max-snippet:-1","max-image-preview":"max-image-preview:large","max-video-preview":"max-video-preview:-1"},"canonical":"https:\/\/www.visit-ulcinj.com\/blog\/2009\/04\/21\/da-se-poveca-cenzus-za-koalicije-forca-malo-je-tri-odsto\/","og_locale":"en_US","og_type":"article","og_title":"Da se pove?a cenzus za koalicije: Forca Malo je tri odsto - Lajme nga Ulqini","og_description":"Lider albanske partije FORCA Nazif Cungu rekao je da su ste?ena prava u Ustavu garantovana i da bi njihovo ukidanje zna?ilo ga\u017eenje najvi\u0161eg pravnog akta.","og_url":"https:\/\/www.visit-ulcinj.com\/blog\/2009\/04\/21\/da-se-poveca-cenzus-za-koalicije-forca-malo-je-tri-odsto\/","og_site_name":"Lajme nga Ulqini","article_published_time":"2009-04-21T13:05:07+00:00","og_image":[{"url":"http:\/\/www.visit-ulcinj.com\/blog\/wp-content\/uploads\/2009\/04\/lider-albanske-partije-_forca-_nazif-cungu.jpg"}],"twitter_misc":{"Written by":"ulqini","Est. reading time":"1 minute"},"schema":{"@context":"https:\/\/schema.org","@graph":[{"@type":"WebSite","@id":"https:\/\/www.visit-ulcinj.com\/blog\/#website","url":"https:\/\/www.visit-ulcinj.com\/blog\/","name":"Lajme nga Ulqini","description":"Lajme,Vijesti,Ulqini,Ulqin,Crna Gora,Mali i Zi","potentialAction":[{"@type":"SearchAction","target":{"@type":"EntryPoint","urlTemplate":"https:\/\/www.visit-ulcinj.com\/blog\/?s={search_term_string}"},"query-input":"required name=search_term_string"}],"inLanguage":"en-US"},{"@type":"ImageObject","inLanguage":"en-US","@id":"https:\/\/www.visit-ulcinj.com\/blog\/2009\/04\/21\/da-se-poveca-cenzus-za-koalicije-forca-malo-je-tri-odsto\/#primaryimage","url":"https:\/\/www.visit-ulcinj.com\/blog\/wp-content\/uploads\/2009\/04\/lider-albanske-partije-_forca-_nazif-cungu.jpg","contentUrl":"https:\/\/www.visit-ulcinj.com\/blog\/wp-content\/uploads\/2009\/04\/lider-albanske-partije-_forca-_nazif-cungu.jpg","width":"450","height":"338"},{"@type":"WebPage","@id":"https:\/\/www.visit-ulcinj.com\/blog\/2009\/04\/21\/da-se-poveca-cenzus-za-koalicije-forca-malo-je-tri-odsto\/#webpage","url":"https:\/\/www.visit-ulcinj.com\/blog\/2009\/04\/21\/da-se-poveca-cenzus-za-koalicije-forca-malo-je-tri-odsto\/","name":"Da se pove?a cenzus za koalicije: Forca Malo je tri odsto - Lajme nga Ulqini","isPartOf":{"@id":"https:\/\/www.visit-ulcinj.com\/blog\/#website"},"primaryImageOfPage":{"@id":"https:\/\/www.visit-ulcinj.com\/blog\/2009\/04\/21\/da-se-poveca-cenzus-za-koalicije-forca-malo-je-tri-odsto\/#primaryimage"},"datePublished":"2009-04-21T13:05:07+00:00","dateModified":"2009-04-21T13:05:07+00:00","author":{"@id":"https:\/\/www.visit-ulcinj.com\/blog\/#\/schema\/person\/dcab619c614d3038751c63bc2aadc06d"},"description":"Lider albanske partije FORCA Nazif Cungu rekao je da su ste?ena prava u Ustavu garantovana i da bi njihovo ukidanje zna?ilo ga\u017eenje najvi\u0161eg pravnog akta.","breadcrumb":{"@id":"https:\/\/www.visit-ulcinj.com\/blog\/2009\/04\/21\/da-se-poveca-cenzus-za-koalicije-forca-malo-je-tri-odsto\/#breadcrumb"},"inLanguage":"en-US","potentialAction":[{"@type":"ReadAction","target":["https:\/\/www.visit-ulcinj.com\/blog\/2009\/04\/21\/da-se-poveca-cenzus-za-koalicije-forca-malo-je-tri-odsto\/"]}]},{"@type":"BreadcrumbList","@id":"https:\/\/www.visit-ulcinj.com\/blog\/2009\/04\/21\/da-se-poveca-cenzus-za-koalicije-forca-malo-je-tri-odsto\/#breadcrumb","itemListElement":[{"@type":"ListItem","position":1,"name":"Da se pove?a cenzus za koalicije: Forca Malo je tri odsto"}]},{"@type":"Person","@id":"https:\/\/www.visit-ulcinj.com\/blog\/#\/schema\/person\/dcab619c614d3038751c63bc2aadc06d","name":"ulqini","sameAs":["http:\/\/www.visit-ulcinj.com"],"url":"https:\/\/www.visit-ulcinj.com\/blog\/author\/admin\/"}]}},"jetpack_featured_media_url":"","jetpack_sharing_enabled":true,"jetpack_shortlink":"https:\/\/wp.me\/pe6lTn-4Qe","_links":{"self":[{"href":"https:\/\/www.visit-ulcinj.com\/blog\/wp-json\/wp\/v2\/posts\/18614"}],"collection":[{"href":"https:\/\/www.visit-ulcinj.com\/blog\/wp-json\/wp\/v2\/posts"}],"about":[{"href":"https:\/\/www.visit-ulcinj.com\/blog\/wp-json\/wp\/v2\/types\/post"}],"author":[{"embeddable":true,"href":"https:\/\/www.visit-ulcinj.com\/blog\/wp-json\/wp\/v2\/users\/1"}],"replies":[{"embeddable":true,"href":"https:\/\/www.visit-ulcinj.com\/blog\/wp-json\/wp\/v2\/comments?post=18614"}],"version-history":[{"count":0,"href":"https:\/\/www.visit-ulcinj.com\/blog\/wp-json\/wp\/v2\/posts\/18614\/revisions"}],"wp:attachment":[{"href":"https:\/\/www.visit-ulcinj.com\/blog\/wp-json\/wp\/v2\/media?parent=18614"}],"wp:term":[{"taxonomy":"category","embeddable":true,"href":"https:\/\/www.visit-ulcinj.com\/blog\/wp-json\/wp\/v2\/categories?post=18614"},{"taxonomy":"post_tag","embeddable":true,"href":"https:\/\/www.visit-ulcinj.com\/blog\/wp-json\/wp\/v2\/tags?post=18614"}],"curies":[{"name":"wp","href":"https:\/\/api.w.org\/{rel}","templated":true}]}}