{"id":18646,"date":"2009-04-21T17:57:21","date_gmt":"2009-04-21T15:57:21","guid":{"rendered":"http:\/\/www.visit-ulcinj.com\/blog\/?p=18646"},"modified":"2009-08-29T12:30:28","modified_gmt":"2009-08-29T10:30:28","slug":"le-montenegro-vise-le-tourisme-de-luxe","status":"publish","type":"post","link":"https:\/\/www.visit-ulcinj.com\/blog\/2009\/04\/21\/le-montenegro-vise-le-tourisme-de-luxe\/","title":{"rendered":"Le Montenegro vise le tourisme de luxe"},"content":{"rendered":"<p><strong><a href=\"http:\/\/www.visit-ulcinj.com\/blog\/wp-content\/uploads\/2009\/04\/grande-plage-de-ulcinj-montenegro.jpg\"><img loading=\"lazy\" class=\"alignleft size-full wp-image-18647\" title=\"grande-plage-de-ulcinj-montenegro\" src=\"http:\/\/www.visit-ulcinj.com\/blog\/wp-content\/uploads\/2009\/04\/grande-plage-de-ulcinj-montenegro.jpg\" alt=\"grande-plage-de-ulcinj-montenegro\" width=\"570\" height=\"370\" \/><\/a>Six stations baln\u00e9aires seront prochainement ouvertes aux investisseurs \u00e9trangers, notamment Velika Plaza.<\/strong><br \/>\nLe gouvernement du Montenegro a d\u00e9cid\u00e9 de valoriser son littoral, dans l&#8217;espoir d&#8217;attirer les touristes de luxe. Il ouvre six stations baln\u00e9aires aux investisseurs \u00e9trangers, dont Velika Plaza, une plage de 13 km bord\u00e9e par une ceinture de verdure pr\u00e8s de la ville d&#8217;Ulcinj, au sud de la c\u00f4te. Selon le minist\u00e8re, la valeur de ce projet pourrait d\u00e9passer plusieurs milliards d&#8217;euros<\/p>\n<p><a href=\"http:\/\/www.lechotouristique.com\/le-montenegro-vise-le-tourisme-de-luxe.137326\" target=\"_blank\"><strong>lechotouristique.com<\/strong><\/a><br \/>\n<strong><!--YouTube Error: bad URL entered--><br \/>\n<\/strong><\/p>\n<p><strong><a href=\"mailto:lajmengaulqini@gmail.com\" target=\"_blank\">Email: info.ulqini@gmail.com<\/a><\/strong><\/p>\n<p><strong> Link:  <a href=\"http:\/\/www.visit-ulcinj.com\" target=\"_blank\">http:\/\/www.visit-ulcinj.com<\/a><\/strong><br \/>\n<a title=\"Accommodation Holiday House in Ulcinj-Montenegro,from 7\u20ac pers\" href=\"http:\/\/www.visit-ulcinj.com\/\" target=\"_blank\"><img loading=\"lazy\" class=\"alignleft size-full wp-image-22793\" title=\"Travel, Ulcinj, Vacation,chambres \u00e0 louer \u00e0 ulcinj, location de vacance, location saisonni\u00e8res, louer villa,location de vacance, Locations vacance, h\u00e9bergements vacances, locations villa, logements de vacances, location maison avec piscine, Location vacance, locations de vacance, h\u00e9bergements de vacances, location villa, locations entre particulier, logements vacance, vacances \u00e0 Mont\u00e9n\u00e9gro - location \u00e0 Ulcinj ,location  de bigorre,A  Aarau,  Abtwil,  Adelboden,  Aeschi,  Aeschlen,  Aigle,  Airolo,  Albinen,  Alpnachstad,  Altst\u00e4tten,  Amsteg,  Andermatt,  Appenzell,  Arosa,  Ascona,  Ausserberg,  Avenches,  Avry devant Pont,  B  Bad Ragaz,  Bad-Schwarzsee,  Baden,  Bazel,  Beatenberg,  Beckenried,  Bedretto,  Bellinzona,  Belmont-sur-Lausanne,  Berg\u00fcn,  Berikon,  Bern,  Bettmeralp,  Bevaix,  Bevers,  Biasca,  Biel,  Binningen,  Birsfelden,  Bissone,  Bivio,  Blatten,  Boltigen,  Bonaduz,  Boudevilliers,  Bourg-Saint-Pierre,  Brienz,  Brig,  Brissago,  Brunnen,  B\u00fclach,  Bulle,  Buochs,  Burgdorf,  Busingen am Hochrhein,  Bussigny,  C  Cadro,  Carona,  Carouge,  Caslano,  Caux,  Celerina,  Cergnat,  Cham,  Champ\u00e9ry,  Champex,  Champoussin,  Charmey,  Ch\u00e2teau-d?Oex,  Chavannes-de-Bogis,  Cheseaux,  Chexbres,  Chur,  Cinuos-Chel,  Cointrin,  Conters,  Cortaillod,  Cossonay,  Crans-Montana,  Cr\u00e9suz,  Cudrefin,  D  D\u00e4llikon,  Davos Dorf,  Davos Platz,  Diegten,  Dietikon,  Disentis,  Dornach,  D\u00fcbendorf,  Duggingen,  E  Ebikon,  Egerkingen,  Eglisau,  Elgg,  Emmenbr\u00fccke,  Engelberg,  Eptingen,  Erstfeld,  Eschenz,  F  Fanas,  Faulensee,  Fiesch,  Flims,  Flims Waldhaus,  Fluelen,  Fl\u00fceli,  Fl\u00fchli,  Flumserberg,  Frauenfeld,  Fribourg,  Frutigen,  Ftan,  G  Geneve,  Geroldswil,  Gerzensee,  Giswil,  Glattbrugg,  Glion,  Goldiwil,  Goldswil,  G\u00f6schenen,  Gottlieben,  Gr\u00e4chen,  Grenchen,  Grimentz,  Grindelwald,  Gr\u00fcsch,  Gruy\u00e8res,  Gstaad,  Gsteigwiler,  Guarda,  Gundlischwand,  Gunten,  H  Habkern,  Hausernmoos Bern,  Heiden,  Heiligenschwendi,  Hergiswil,  Hilterfingen,  Holderbank,  Horgen,  Horn,  Horw,  H\u00fcnibach,  Hurden,  I  Interlaken,  Iseltwald,  K  Kandersteg,  Kastanienbaum,  Kiental,  Klosters Dorf,  Klosters Platz,  Klosters Serneus,  Kloten,  Konolfingen,  Kreuzlingen,  Kriens,  K\u00fcblis,  K\u00fcsnacht,  L  L'Etivaz,  La Chaux-de-Fonds,  La L\u00e9cherette,  La Vue des Alpes,  Langenthal,  Langwies,  Laufen,  Lausanne,  Lauterbrunnen,  Lavorgo,  Le Locle,  Le Prese,  Le Sentier,  Leissigen,  Lenk,  Lenzburg,  Lenzerheide,  Les Brenets,  Les Diablerets,  Les Mar\u00e9cottes,  Les Mosses,  Leukerbad,  Leysin,  Liestal,  Lisone,  Littau,  Locarno,  Losone,  Lugano,  Lully,  Lumino,  Luterbach,  Lutry,  Luzern,  M  Maienfeld,  Maloja,  Malters,  Martigny-Ville,  Matten,  Meggen,  Meiringen,  Mendrisio,  Mergoscia,  Merligen,  Merlischachen,  Minusio,  Mollens,  Monte Carasso,  Mont\u00e9zillon,  Montreux,  Morges,  Morgins,  Mugena,  Muntelier,  M\u00fcrren,  Murten,  M\u00fcstair,  Muttenz,  N  Naters,  Neuch\u00e2tel,  Nods,  Nottwil,  Nyon,  O  Oberhofen,  Obermeilen,  Oberwald,  Oberwil,  Oensingen,  Olivone,  Olten,  Opfikon,  Origlio,  P  Perlen,  Pf\u00e4ffikon,  Pf\u00e4ffikon,  Piotta,  Plan-les-Ouates,  Ponte Tresa,  Pontresina,  Portalban- Dessous,  Porto Ronco,  Pragg-Jenaz,  Pura,  Q  Quartino,  R  Ramsen,  Rapperswil,  Reckingen,  Regensdorf,  Rheinfelden,  Riederalp,  Rigi Kaltbad,  Ringgenberg,  Rodi,  Rohr,  Romainm\u00f4tier,  Romanel,  Ronchini,  Ronco,  Rorschacherberg,  Rothenburg,  Rovio,  R\u00fcmlang,  R\u00fcschlikon,  S  Saanen,  Saanenm\u00f6ser,  Saas-Almagel,  Saas-Fee,  Saas-Grund,  Sachseln,  Saillon,  Saint-Blaise,  Saint-Sulpice,  Samedan,  Samnaun,  San Bernardino,  Sankt Gallen,  Santa Maria,  Sant?Antonio,  Sargans,  Sarnen,  Savognin,  Scanfs,  Schaffhausen,  Schangnau,  Schlieren,  Sch\u00f6nenwerd,  Sch\u00f6nried,  Schwefelbergbad,  Scuol,  Sedrun,  Segl-Maria,  Sent,  Sessa,  Sierre,  Silvaplana,  Sion,  Solothurn,  S\u00f6renberg,  Speicher,  Spiez,  Spreitenbach,  St. Moritz,  Stans,  Stein am Rhein,  Stettlen,  Stoos,  Suhr,  Sursee,  T  Tarasp,  T\u00e4sch,  Tegna,  Thalwil,  Thun,  Thusis,  Tschierv,  Twann,  U  Uetliberg,  Unter\u00e4geri,  Unteriberg,  Unterwasser,  V  Vacallo,  Val d?Illiez,  Vercorin,  Versoix,  Vevey,  Villars-sur-Ollon,  Visp,  Vitznau,  Vulpera,  W  Wallisellen,  Walzenhausen,  Wangen an der Aare,  Weesen,  Weggis,  Weissbad,  Wengen,  Wetzikon,  Widnau,  Wiesen,  Wilderswil,  Wildhaus,  Winterthur,  Y  Yverdon,  Z  Zermatt,  Zernez,  Zillis,  Zug,  Zuoz,  Z\u00fcrich,  Zurzach,  Zweisimmen ,\" src=\"http:\/\/www.visit-ulcinj.com\/blog\/wp-content\/uploads\/2009\/06\/ulcinj-info_holiday-in-montenegro.png\" alt=\"ulcinj-info_holiday-in-montenegro,Simply, travel, Ulcinj,Ulqin,Long Beach,ada bojana, Holidays in montenegro, apartments, cottages, hotels, accommodation, information, maps, holiday, tour operators, car hire, winter,travel, holiday in ulcinj, book, flights in montenegro, booking ulcinj montenegro,holiday apartments in montenegro,beaches in montenegro,all inclusive montenegro,montenegro adriatic sea,Apartmani, Appartements, booking, buy, car, Cobi House, Estate, hire, holiday, Home, Hotel, House, Land, last minute, Montenegro, Plots, Properties, Property, Real, Realtor, rent, rental, room, Travel, Ulcinj, Ulqini, Vacation, \" width=\"580\" height=\"125\" \/><\/a><br \/>\n<!-- vimeo error: not a vimeo video --><\/p>\n","protected":false},"excerpt":{"rendered":"<p>Six stations baln\u00e9aires seront prochainement ouvertes aux investisseurs \u00e9trangers, notamment Velika Plaza. Le gouvernement du Montenegro a d\u00e9cid\u00e9 de valoriser son littoral, dans l&#8217;espoir d&#8217;attirer les touristes de luxe. Il ouvre six stations baln\u00e9aires aux investisseurs \u00e9trangers, dont Velika Plaza, une plage de 13 km bord\u00e9e par une ceinture de verdure pr\u00e8s de la ville [&hellip;]<\/p>\n","protected":false},"author":1,"featured_media":0,"comment_status":"open","ping_status":"closed","sticky":false,"template":"","format":"standard","meta":{"spay_email":"","jetpack_publicize_message":"","jetpack_is_tweetstorm":false,"jetpack_publicize_feature_enabled":true},"categories":[15],"tags":[138,2212,2118,9426,9425,79,2378,19,136,265],"jetpack_publicize_connections":[],"yoast_head":"<!-- This site is optimized with the Yoast SEO plugin v19.1 - https:\/\/yoast.com\/wordpress\/plugins\/seo\/ -->\n<title>Le Montenegro vise le tourisme de luxe - Lajme nga Ulqini<\/title>\n<meta name=\"description\" content=\"Six stations baln\u00e9aires seront prochainement ouvertes aux investisseurs \u00e9trangers, notamment Velika Plaza. Le gouvernement du Montenegro a d\u00e9cid\u00e9 de\" \/>\n<meta name=\"robots\" content=\"index, follow, max-snippet:-1, max-image-preview:large, max-video-preview:-1\" \/>\n<link rel=\"canonical\" href=\"https:\/\/www.visit-ulcinj.com\/blog\/2009\/04\/21\/le-montenegro-vise-le-tourisme-de-luxe\/\" \/>\n<meta property=\"og:locale\" content=\"en_US\" \/>\n<meta property=\"og:type\" content=\"article\" \/>\n<meta property=\"og:title\" content=\"Le Montenegro vise le tourisme de luxe - Lajme nga Ulqini\" \/>\n<meta property=\"og:description\" content=\"Six stations baln\u00e9aires seront prochainement ouvertes aux investisseurs \u00e9trangers, notamment Velika Plaza. Le gouvernement du Montenegro a d\u00e9cid\u00e9 de\" \/>\n<meta property=\"og:url\" content=\"https:\/\/www.visit-ulcinj.com\/blog\/2009\/04\/21\/le-montenegro-vise-le-tourisme-de-luxe\/\" \/>\n<meta property=\"og:site_name\" content=\"Lajme nga Ulqini\" \/>\n<meta property=\"article:published_time\" content=\"2009-04-21T15:57:21+00:00\" \/>\n<meta property=\"article:modified_time\" content=\"2009-08-29T10:30:28+00:00\" \/>\n<meta property=\"og:image\" content=\"http:\/\/www.visit-ulcinj.com\/blog\/wp-content\/uploads\/2009\/04\/grande-plage-de-ulcinj-montenegro.jpg\" \/>\n<meta name=\"twitter:label1\" content=\"Written by\" \/>\n\t<meta name=\"twitter:data1\" content=\"ulqini\" \/>\n\t<meta name=\"twitter:label2\" content=\"Est. reading time\" \/>\n\t<meta name=\"twitter:data2\" content=\"1 minute\" \/>\n<script type=\"application\/ld+json\" class=\"yoast-schema-graph\">{\"@context\":\"https:\/\/schema.org\",\"@graph\":[{\"@type\":\"WebSite\",\"@id\":\"https:\/\/www.visit-ulcinj.com\/blog\/#website\",\"url\":\"https:\/\/www.visit-ulcinj.com\/blog\/\",\"name\":\"Lajme nga Ulqini\",\"description\":\"Lajme,Vijesti,Ulqini,Ulqin,Crna Gora,Mali i Zi\",\"potentialAction\":[{\"@type\":\"SearchAction\",\"target\":{\"@type\":\"EntryPoint\",\"urlTemplate\":\"https:\/\/www.visit-ulcinj.com\/blog\/?s={search_term_string}\"},\"query-input\":\"required name=search_term_string\"}],\"inLanguage\":\"en-US\"},{\"@type\":\"ImageObject\",\"inLanguage\":\"en-US\",\"@id\":\"https:\/\/www.visit-ulcinj.com\/blog\/2009\/04\/21\/le-montenegro-vise-le-tourisme-de-luxe\/#primaryimage\",\"url\":\"https:\/\/www.visit-ulcinj.com\/blog\/wp-content\/uploads\/2009\/04\/grande-plage-de-ulcinj-montenegro.jpg\",\"contentUrl\":\"https:\/\/www.visit-ulcinj.com\/blog\/wp-content\/uploads\/2009\/04\/grande-plage-de-ulcinj-montenegro.jpg\",\"width\":\"640\",\"height\":\"423\"},{\"@type\":\"WebPage\",\"@id\":\"https:\/\/www.visit-ulcinj.com\/blog\/2009\/04\/21\/le-montenegro-vise-le-tourisme-de-luxe\/#webpage\",\"url\":\"https:\/\/www.visit-ulcinj.com\/blog\/2009\/04\/21\/le-montenegro-vise-le-tourisme-de-luxe\/\",\"name\":\"Le Montenegro vise le tourisme de luxe - Lajme nga Ulqini\",\"isPartOf\":{\"@id\":\"https:\/\/www.visit-ulcinj.com\/blog\/#website\"},\"primaryImageOfPage\":{\"@id\":\"https:\/\/www.visit-ulcinj.com\/blog\/2009\/04\/21\/le-montenegro-vise-le-tourisme-de-luxe\/#primaryimage\"},\"datePublished\":\"2009-04-21T15:57:21+00:00\",\"dateModified\":\"2009-08-29T10:30:28+00:00\",\"author\":{\"@id\":\"https:\/\/www.visit-ulcinj.com\/blog\/#\/schema\/person\/dcab619c614d3038751c63bc2aadc06d\"},\"description\":\"Six stations baln\u00e9aires seront prochainement ouvertes aux investisseurs \u00e9trangers, notamment Velika Plaza. Le gouvernement du Montenegro a d\u00e9cid\u00e9 de\",\"breadcrumb\":{\"@id\":\"https:\/\/www.visit-ulcinj.com\/blog\/2009\/04\/21\/le-montenegro-vise-le-tourisme-de-luxe\/#breadcrumb\"},\"inLanguage\":\"en-US\",\"potentialAction\":[{\"@type\":\"ReadAction\",\"target\":[\"https:\/\/www.visit-ulcinj.com\/blog\/2009\/04\/21\/le-montenegro-vise-le-tourisme-de-luxe\/\"]}]},{\"@type\":\"BreadcrumbList\",\"@id\":\"https:\/\/www.visit-ulcinj.com\/blog\/2009\/04\/21\/le-montenegro-vise-le-tourisme-de-luxe\/#breadcrumb\",\"itemListElement\":[{\"@type\":\"ListItem\",\"position\":1,\"name\":\"Le Montenegro vise le tourisme de luxe\"}]},{\"@type\":\"Person\",\"@id\":\"https:\/\/www.visit-ulcinj.com\/blog\/#\/schema\/person\/dcab619c614d3038751c63bc2aadc06d\",\"name\":\"ulqini\",\"sameAs\":[\"http:\/\/www.visit-ulcinj.com\"],\"url\":\"https:\/\/www.visit-ulcinj.com\/blog\/author\/admin\/\"}]}<\/script>\n<!-- \/ Yoast SEO plugin. -->","yoast_head_json":{"title":"Le Montenegro vise le tourisme de luxe - Lajme nga Ulqini","description":"Six stations baln\u00e9aires seront prochainement ouvertes aux investisseurs \u00e9trangers, notamment Velika Plaza. Le gouvernement du Montenegro a d\u00e9cid\u00e9 de","robots":{"index":"index","follow":"follow","max-snippet":"max-snippet:-1","max-image-preview":"max-image-preview:large","max-video-preview":"max-video-preview:-1"},"canonical":"https:\/\/www.visit-ulcinj.com\/blog\/2009\/04\/21\/le-montenegro-vise-le-tourisme-de-luxe\/","og_locale":"en_US","og_type":"article","og_title":"Le Montenegro vise le tourisme de luxe - Lajme nga Ulqini","og_description":"Six stations baln\u00e9aires seront prochainement ouvertes aux investisseurs \u00e9trangers, notamment Velika Plaza. Le gouvernement du Montenegro a d\u00e9cid\u00e9 de","og_url":"https:\/\/www.visit-ulcinj.com\/blog\/2009\/04\/21\/le-montenegro-vise-le-tourisme-de-luxe\/","og_site_name":"Lajme nga Ulqini","article_published_time":"2009-04-21T15:57:21+00:00","article_modified_time":"2009-08-29T10:30:28+00:00","og_image":[{"url":"http:\/\/www.visit-ulcinj.com\/blog\/wp-content\/uploads\/2009\/04\/grande-plage-de-ulcinj-montenegro.jpg"}],"twitter_misc":{"Written by":"ulqini","Est. reading time":"1 minute"},"schema":{"@context":"https:\/\/schema.org","@graph":[{"@type":"WebSite","@id":"https:\/\/www.visit-ulcinj.com\/blog\/#website","url":"https:\/\/www.visit-ulcinj.com\/blog\/","name":"Lajme nga Ulqini","description":"Lajme,Vijesti,Ulqini,Ulqin,Crna Gora,Mali i Zi","potentialAction":[{"@type":"SearchAction","target":{"@type":"EntryPoint","urlTemplate":"https:\/\/www.visit-ulcinj.com\/blog\/?s={search_term_string}"},"query-input":"required name=search_term_string"}],"inLanguage":"en-US"},{"@type":"ImageObject","inLanguage":"en-US","@id":"https:\/\/www.visit-ulcinj.com\/blog\/2009\/04\/21\/le-montenegro-vise-le-tourisme-de-luxe\/#primaryimage","url":"https:\/\/www.visit-ulcinj.com\/blog\/wp-content\/uploads\/2009\/04\/grande-plage-de-ulcinj-montenegro.jpg","contentUrl":"https:\/\/www.visit-ulcinj.com\/blog\/wp-content\/uploads\/2009\/04\/grande-plage-de-ulcinj-montenegro.jpg","width":"640","height":"423"},{"@type":"WebPage","@id":"https:\/\/www.visit-ulcinj.com\/blog\/2009\/04\/21\/le-montenegro-vise-le-tourisme-de-luxe\/#webpage","url":"https:\/\/www.visit-ulcinj.com\/blog\/2009\/04\/21\/le-montenegro-vise-le-tourisme-de-luxe\/","name":"Le Montenegro vise le tourisme de luxe - Lajme nga Ulqini","isPartOf":{"@id":"https:\/\/www.visit-ulcinj.com\/blog\/#website"},"primaryImageOfPage":{"@id":"https:\/\/www.visit-ulcinj.com\/blog\/2009\/04\/21\/le-montenegro-vise-le-tourisme-de-luxe\/#primaryimage"},"datePublished":"2009-04-21T15:57:21+00:00","dateModified":"2009-08-29T10:30:28+00:00","author":{"@id":"https:\/\/www.visit-ulcinj.com\/blog\/#\/schema\/person\/dcab619c614d3038751c63bc2aadc06d"},"description":"Six stations baln\u00e9aires seront prochainement ouvertes aux investisseurs \u00e9trangers, notamment Velika Plaza. Le gouvernement du Montenegro a d\u00e9cid\u00e9 de","breadcrumb":{"@id":"https:\/\/www.visit-ulcinj.com\/blog\/2009\/04\/21\/le-montenegro-vise-le-tourisme-de-luxe\/#breadcrumb"},"inLanguage":"en-US","potentialAction":[{"@type":"ReadAction","target":["https:\/\/www.visit-ulcinj.com\/blog\/2009\/04\/21\/le-montenegro-vise-le-tourisme-de-luxe\/"]}]},{"@type":"BreadcrumbList","@id":"https:\/\/www.visit-ulcinj.com\/blog\/2009\/04\/21\/le-montenegro-vise-le-tourisme-de-luxe\/#breadcrumb","itemListElement":[{"@type":"ListItem","position":1,"name":"Le Montenegro vise le tourisme de luxe"}]},{"@type":"Person","@id":"https:\/\/www.visit-ulcinj.com\/blog\/#\/schema\/person\/dcab619c614d3038751c63bc2aadc06d","name":"ulqini","sameAs":["http:\/\/www.visit-ulcinj.com"],"url":"https:\/\/www.visit-ulcinj.com\/blog\/author\/admin\/"}]}},"jetpack_featured_media_url":"","jetpack_sharing_enabled":true,"jetpack_shortlink":"https:\/\/wp.me\/pe6lTn-4QK","_links":{"self":[{"href":"https:\/\/www.visit-ulcinj.com\/blog\/wp-json\/wp\/v2\/posts\/18646"}],"collection":[{"href":"https:\/\/www.visit-ulcinj.com\/blog\/wp-json\/wp\/v2\/posts"}],"about":[{"href":"https:\/\/www.visit-ulcinj.com\/blog\/wp-json\/wp\/v2\/types\/post"}],"author":[{"embeddable":true,"href":"https:\/\/www.visit-ulcinj.com\/blog\/wp-json\/wp\/v2\/users\/1"}],"replies":[{"embeddable":true,"href":"https:\/\/www.visit-ulcinj.com\/blog\/wp-json\/wp\/v2\/comments?post=18646"}],"version-history":[{"count":0,"href":"https:\/\/www.visit-ulcinj.com\/blog\/wp-json\/wp\/v2\/posts\/18646\/revisions"}],"wp:attachment":[{"href":"https:\/\/www.visit-ulcinj.com\/blog\/wp-json\/wp\/v2\/media?parent=18646"}],"wp:term":[{"taxonomy":"category","embeddable":true,"href":"https:\/\/www.visit-ulcinj.com\/blog\/wp-json\/wp\/v2\/categories?post=18646"},{"taxonomy":"post_tag","embeddable":true,"href":"https:\/\/www.visit-ulcinj.com\/blog\/wp-json\/wp\/v2\/tags?post=18646"}],"curies":[{"name":"wp","href":"https:\/\/api.w.org\/{rel}","templated":true}]}}