{"id":1865,"date":"2008-06-03T11:34:42","date_gmt":"2008-06-03T16:34:42","guid":{"rendered":"http:\/\/www.visit-ulcinj.com\/blog\/?p=1865"},"modified":"2008-06-03T11:38:40","modified_gmt":"2008-06-03T16:38:40","slug":"policia-nuk-lejoi-mbajtjen-e-protestesper-kthimin-e-prones-ne-valdanos","status":"publish","type":"post","link":"https:\/\/www.visit-ulcinj.com\/blog\/2008\/06\/03\/policia-nuk-lejoi-mbajtjen-e-protestesper-kthimin-e-prones-ne-valdanos\/","title":{"rendered":"Policia nuk lejoi mbajtjen e protest\u00ebs&#8221;P\u00ebr kthimin e pron\u00ebs n\u00eb Valdanos&#8221;"},"content":{"rendered":"<p><a title=\"protesta ne ulqin per valdanos\" href=\"http:\/\/www.visit-ulcinj.com\/blog\/2008\/06\/02\/protestna-setnja-%e2%80%9evratite-imovinu-u-valdanosu%e2%80%9c\/\" target=\"_blank\"><img loading=\"lazy\" class=\"alignleft\" style=\"float: left;\" src=\"http:\/\/www.visit-ulcinj.com\/blog\/wp-content\/uploads\/2008\/06\/protestna-setnja-e2809evratite-imovinu-u-valdanosue2809c29.jpg\" alt=\"Valdanos Bucht_ulcinj.\" width=\"194\" height=\"186\" \/><\/a>Ulqin &#8211; Protesta dhe performanca e parashikuar t\u00eb mbahet t\u00eb h\u00ebn\u00ebn me moton &#8220;P\u00ebr kthimin e pron\u00ebs n\u00eb Valdanos&#8221; \u00ebsht\u00eb shtyr\u00eb p\u00ebr nj\u00eb koh\u00eb t\u00eb m\u00ebvonshme.<br \/>\nOrganizator\u00ebt e k\u00ebsaj proteste, Shoqata e Ullishtar\u00ebve &#8220;Ulqini&#8221;, K\u00ebshilli p\u00ebr Kthimin e Ullisht\u00ebs s\u00eb Valdanosit dhe disa organizata joqeveritare t\u00eb Ulqinit, kan\u00eb njoftuar se shkak p\u00ebr k\u00ebt\u00eb ka qen\u00eb mosdh\u00ebnia e lejes nga Drejtoria e Policis\u00eb, si\u00e7 thuhet n\u00eb njoftimin p\u00ebr shtyp, &#8220;p\u00ebr shkaqe formale&#8221;.<br \/>\nProtesta dhe performanca ishte parashikuar t\u00eb fillonte para nd\u00ebrtes\u00ebs s\u00eb Komun\u00ebs s\u00eb Ulqinit, kurse shkas p\u00ebr mbajtjen e saj \u00ebsht\u00eb ftesa e Qeveris\u00eb s\u00eb Malit t\u00eb Zi b\u00ebr\u00eb investitor\u00ebve p\u00ebr t\u00eb shfaqur interesimin q\u00eb n\u00eb Valdanos t\u00eb nd\u00ebrtohen kapacitete hotelierike si dhe shpallja e tenderit p\u00ebr dh\u00ebnien me qira t\u00eb Gjirit t\u00eb Valdanosit dhe Mendr\u00ebs.Organizator\u00ebt kan\u00eb njoftuar se protesta do t\u00eb mbahet t\u00eb h\u00ebn\u00ebn.<strong><br \/>\nI.Kallaba<\/strong><strong><br \/>\nKOHA JAVORE <\/strong><br \/>\n<a title=\"Holiday accommodation in Ulcinj, Montenegro\" href=\"http:\/\/www.visit-ulcinj.com\/tourism\/\" target=\"_blank\"><img loading=\"lazy\" style=\"vertical-align: middle;\" src=\"http:\/\/www.visit-ulcinj.com\/blog\/wp-content\/uploads\/2008\/05\/holiday-rental-ulcinj_ulqin_montenegro2.jpg\" alt=\"Holiday accommodation in Ulcinj, Montenegro\" width=\"424\" height=\"110\" \/><\/a><\/p>\n","protected":false},"excerpt":{"rendered":"<p><img loading=\"lazy\" class=\"alignleft\" style=\"float: left;\" src=\"http:\/\/www.visit-ulcinj.com\/blog\/wp-content\/uploads\/2008\/06\/protestna-setnja-e2809evratite-imovinu-u-valdanosue2809c29.jpg\" alt=\"Valdanos Bucht_ulcinj.\" width=\"140\" height=\"140\" \/><\/p>\n","protected":false},"author":1,"featured_media":0,"comment_status":"open","ping_status":"closed","sticky":false,"template":"","format":"standard","meta":{"spay_email":"","jetpack_publicize_message":"","jetpack_is_tweetstorm":false,"jetpack_publicize_feature_enabled":true},"categories":[4,11,12],"tags":[3694,3695,3693,3692,200,136],"jetpack_publicize_connections":[],"yoast_head":"<!-- This site is optimized with the Yoast SEO plugin v19.1 - https:\/\/yoast.com\/wordpress\/plugins\/seo\/ -->\n<title>Policia nuk lejoi mbajtjen e protest\u00ebs&quot;P\u00ebr kthimin e pron\u00ebs n\u00eb Valdanos&quot; - Lajme nga Ulqini<\/title>\n<meta name=\"robots\" content=\"index, follow, max-snippet:-1, max-image-preview:large, max-video-preview:-1\" \/>\n<link rel=\"canonical\" href=\"https:\/\/www.visit-ulcinj.com\/blog\/2008\/06\/03\/policia-nuk-lejoi-mbajtjen-e-protestesper-kthimin-e-prones-ne-valdanos\/\" \/>\n<meta property=\"og:locale\" content=\"en_US\" \/>\n<meta property=\"og:type\" content=\"article\" \/>\n<meta property=\"og:title\" content=\"Policia nuk lejoi mbajtjen e protest\u00ebs&quot;P\u00ebr kthimin e pron\u00ebs n\u00eb Valdanos&quot; - Lajme nga Ulqini\" \/>\n<meta property=\"og:url\" content=\"https:\/\/www.visit-ulcinj.com\/blog\/2008\/06\/03\/policia-nuk-lejoi-mbajtjen-e-protestesper-kthimin-e-prones-ne-valdanos\/\" \/>\n<meta property=\"og:site_name\" content=\"Lajme nga Ulqini\" \/>\n<meta property=\"article:published_time\" content=\"2008-06-03T16:34:42+00:00\" \/>\n<meta property=\"article:modified_time\" content=\"2008-06-03T16:38:40+00:00\" \/>\n<meta property=\"og:image\" content=\"http:\/\/www.visit-ulcinj.com\/blog\/wp-content\/uploads\/2008\/06\/protestna-setnja-e2809evratite-imovinu-u-valdanosue2809c29.jpg\" \/>\n<meta name=\"twitter:label1\" content=\"Written by\" \/>\n\t<meta name=\"twitter:data1\" content=\"ulqini\" \/>\n\t<meta name=\"twitter:label2\" content=\"Est. reading time\" \/>\n\t<meta name=\"twitter:data2\" content=\"1 minute\" \/>\n<script type=\"application\/ld+json\" class=\"yoast-schema-graph\">{\"@context\":\"https:\/\/schema.org\",\"@graph\":[{\"@type\":\"WebSite\",\"@id\":\"https:\/\/www.visit-ulcinj.com\/blog\/#website\",\"url\":\"https:\/\/www.visit-ulcinj.com\/blog\/\",\"name\":\"Lajme nga Ulqini\",\"description\":\"Lajme,Vijesti,Ulqini,Ulqin,Crna Gora,Mali i Zi\",\"potentialAction\":[{\"@type\":\"SearchAction\",\"target\":{\"@type\":\"EntryPoint\",\"urlTemplate\":\"https:\/\/www.visit-ulcinj.com\/blog\/?s={search_term_string}\"},\"query-input\":\"required name=search_term_string\"}],\"inLanguage\":\"en-US\"},{\"@type\":\"ImageObject\",\"inLanguage\":\"en-US\",\"@id\":\"https:\/\/www.visit-ulcinj.com\/blog\/2008\/06\/03\/policia-nuk-lejoi-mbajtjen-e-protestesper-kthimin-e-prones-ne-valdanos\/#primaryimage\",\"url\":\"http:\/\/www.visit-ulcinj.com\/blog\/wp-content\/uploads\/2008\/06\/protestna-setnja-e2809evratite-imovinu-u-valdanosue2809c29.jpg\",\"contentUrl\":\"http:\/\/www.visit-ulcinj.com\/blog\/wp-content\/uploads\/2008\/06\/protestna-setnja-e2809evratite-imovinu-u-valdanosue2809c29.jpg\"},{\"@type\":\"WebPage\",\"@id\":\"https:\/\/www.visit-ulcinj.com\/blog\/2008\/06\/03\/policia-nuk-lejoi-mbajtjen-e-protestesper-kthimin-e-prones-ne-valdanos\/#webpage\",\"url\":\"https:\/\/www.visit-ulcinj.com\/blog\/2008\/06\/03\/policia-nuk-lejoi-mbajtjen-e-protestesper-kthimin-e-prones-ne-valdanos\/\",\"name\":\"Policia nuk lejoi mbajtjen e protest\u00ebs\\\"P\u00ebr kthimin e pron\u00ebs n\u00eb Valdanos\\\" - Lajme nga Ulqini\",\"isPartOf\":{\"@id\":\"https:\/\/www.visit-ulcinj.com\/blog\/#website\"},\"primaryImageOfPage\":{\"@id\":\"https:\/\/www.visit-ulcinj.com\/blog\/2008\/06\/03\/policia-nuk-lejoi-mbajtjen-e-protestesper-kthimin-e-prones-ne-valdanos\/#primaryimage\"},\"datePublished\":\"2008-06-03T16:34:42+00:00\",\"dateModified\":\"2008-06-03T16:38:40+00:00\",\"author\":{\"@id\":\"https:\/\/www.visit-ulcinj.com\/blog\/#\/schema\/person\/dcab619c614d3038751c63bc2aadc06d\"},\"breadcrumb\":{\"@id\":\"https:\/\/www.visit-ulcinj.com\/blog\/2008\/06\/03\/policia-nuk-lejoi-mbajtjen-e-protestesper-kthimin-e-prones-ne-valdanos\/#breadcrumb\"},\"inLanguage\":\"en-US\",\"potentialAction\":[{\"@type\":\"ReadAction\",\"target\":[\"https:\/\/www.visit-ulcinj.com\/blog\/2008\/06\/03\/policia-nuk-lejoi-mbajtjen-e-protestesper-kthimin-e-prones-ne-valdanos\/\"]}]},{\"@type\":\"BreadcrumbList\",\"@id\":\"https:\/\/www.visit-ulcinj.com\/blog\/2008\/06\/03\/policia-nuk-lejoi-mbajtjen-e-protestesper-kthimin-e-prones-ne-valdanos\/#breadcrumb\",\"itemListElement\":[{\"@type\":\"ListItem\",\"position\":1,\"name\":\"Policia nuk lejoi mbajtjen e protest\u00ebs&#8221;P\u00ebr kthimin e pron\u00ebs n\u00eb Valdanos&#8221;\"}]},{\"@type\":\"Person\",\"@id\":\"https:\/\/www.visit-ulcinj.com\/blog\/#\/schema\/person\/dcab619c614d3038751c63bc2aadc06d\",\"name\":\"ulqini\",\"sameAs\":[\"http:\/\/www.visit-ulcinj.com\"],\"url\":\"https:\/\/www.visit-ulcinj.com\/blog\/author\/admin\/\"}]}<\/script>\n<!-- \/ Yoast SEO plugin. -->","yoast_head_json":{"title":"Policia nuk lejoi mbajtjen e protest\u00ebs\"P\u00ebr kthimin e pron\u00ebs n\u00eb Valdanos\" - Lajme nga Ulqini","robots":{"index":"index","follow":"follow","max-snippet":"max-snippet:-1","max-image-preview":"max-image-preview:large","max-video-preview":"max-video-preview:-1"},"canonical":"https:\/\/www.visit-ulcinj.com\/blog\/2008\/06\/03\/policia-nuk-lejoi-mbajtjen-e-protestesper-kthimin-e-prones-ne-valdanos\/","og_locale":"en_US","og_type":"article","og_title":"Policia nuk lejoi mbajtjen e protest\u00ebs\"P\u00ebr kthimin e pron\u00ebs n\u00eb Valdanos\" - Lajme nga Ulqini","og_url":"https:\/\/www.visit-ulcinj.com\/blog\/2008\/06\/03\/policia-nuk-lejoi-mbajtjen-e-protestesper-kthimin-e-prones-ne-valdanos\/","og_site_name":"Lajme nga Ulqini","article_published_time":"2008-06-03T16:34:42+00:00","article_modified_time":"2008-06-03T16:38:40+00:00","og_image":[{"url":"http:\/\/www.visit-ulcinj.com\/blog\/wp-content\/uploads\/2008\/06\/protestna-setnja-e2809evratite-imovinu-u-valdanosue2809c29.jpg"}],"twitter_misc":{"Written by":"ulqini","Est. reading time":"1 minute"},"schema":{"@context":"https:\/\/schema.org","@graph":[{"@type":"WebSite","@id":"https:\/\/www.visit-ulcinj.com\/blog\/#website","url":"https:\/\/www.visit-ulcinj.com\/blog\/","name":"Lajme nga Ulqini","description":"Lajme,Vijesti,Ulqini,Ulqin,Crna Gora,Mali i Zi","potentialAction":[{"@type":"SearchAction","target":{"@type":"EntryPoint","urlTemplate":"https:\/\/www.visit-ulcinj.com\/blog\/?s={search_term_string}"},"query-input":"required name=search_term_string"}],"inLanguage":"en-US"},{"@type":"ImageObject","inLanguage":"en-US","@id":"https:\/\/www.visit-ulcinj.com\/blog\/2008\/06\/03\/policia-nuk-lejoi-mbajtjen-e-protestesper-kthimin-e-prones-ne-valdanos\/#primaryimage","url":"http:\/\/www.visit-ulcinj.com\/blog\/wp-content\/uploads\/2008\/06\/protestna-setnja-e2809evratite-imovinu-u-valdanosue2809c29.jpg","contentUrl":"http:\/\/www.visit-ulcinj.com\/blog\/wp-content\/uploads\/2008\/06\/protestna-setnja-e2809evratite-imovinu-u-valdanosue2809c29.jpg"},{"@type":"WebPage","@id":"https:\/\/www.visit-ulcinj.com\/blog\/2008\/06\/03\/policia-nuk-lejoi-mbajtjen-e-protestesper-kthimin-e-prones-ne-valdanos\/#webpage","url":"https:\/\/www.visit-ulcinj.com\/blog\/2008\/06\/03\/policia-nuk-lejoi-mbajtjen-e-protestesper-kthimin-e-prones-ne-valdanos\/","name":"Policia nuk lejoi mbajtjen e protest\u00ebs\"P\u00ebr kthimin e pron\u00ebs n\u00eb Valdanos\" - Lajme nga Ulqini","isPartOf":{"@id":"https:\/\/www.visit-ulcinj.com\/blog\/#website"},"primaryImageOfPage":{"@id":"https:\/\/www.visit-ulcinj.com\/blog\/2008\/06\/03\/policia-nuk-lejoi-mbajtjen-e-protestesper-kthimin-e-prones-ne-valdanos\/#primaryimage"},"datePublished":"2008-06-03T16:34:42+00:00","dateModified":"2008-06-03T16:38:40+00:00","author":{"@id":"https:\/\/www.visit-ulcinj.com\/blog\/#\/schema\/person\/dcab619c614d3038751c63bc2aadc06d"},"breadcrumb":{"@id":"https:\/\/www.visit-ulcinj.com\/blog\/2008\/06\/03\/policia-nuk-lejoi-mbajtjen-e-protestesper-kthimin-e-prones-ne-valdanos\/#breadcrumb"},"inLanguage":"en-US","potentialAction":[{"@type":"ReadAction","target":["https:\/\/www.visit-ulcinj.com\/blog\/2008\/06\/03\/policia-nuk-lejoi-mbajtjen-e-protestesper-kthimin-e-prones-ne-valdanos\/"]}]},{"@type":"BreadcrumbList","@id":"https:\/\/www.visit-ulcinj.com\/blog\/2008\/06\/03\/policia-nuk-lejoi-mbajtjen-e-protestesper-kthimin-e-prones-ne-valdanos\/#breadcrumb","itemListElement":[{"@type":"ListItem","position":1,"name":"Policia nuk lejoi mbajtjen e protest\u00ebs&#8221;P\u00ebr kthimin e pron\u00ebs n\u00eb Valdanos&#8221;"}]},{"@type":"Person","@id":"https:\/\/www.visit-ulcinj.com\/blog\/#\/schema\/person\/dcab619c614d3038751c63bc2aadc06d","name":"ulqini","sameAs":["http:\/\/www.visit-ulcinj.com"],"url":"https:\/\/www.visit-ulcinj.com\/blog\/author\/admin\/"}]}},"jetpack_featured_media_url":"","jetpack_sharing_enabled":true,"jetpack_shortlink":"https:\/\/wp.me\/pe6lTn-u5","_links":{"self":[{"href":"https:\/\/www.visit-ulcinj.com\/blog\/wp-json\/wp\/v2\/posts\/1865"}],"collection":[{"href":"https:\/\/www.visit-ulcinj.com\/blog\/wp-json\/wp\/v2\/posts"}],"about":[{"href":"https:\/\/www.visit-ulcinj.com\/blog\/wp-json\/wp\/v2\/types\/post"}],"author":[{"embeddable":true,"href":"https:\/\/www.visit-ulcinj.com\/blog\/wp-json\/wp\/v2\/users\/1"}],"replies":[{"embeddable":true,"href":"https:\/\/www.visit-ulcinj.com\/blog\/wp-json\/wp\/v2\/comments?post=1865"}],"version-history":[{"count":0,"href":"https:\/\/www.visit-ulcinj.com\/blog\/wp-json\/wp\/v2\/posts\/1865\/revisions"}],"wp:attachment":[{"href":"https:\/\/www.visit-ulcinj.com\/blog\/wp-json\/wp\/v2\/media?parent=1865"}],"wp:term":[{"taxonomy":"category","embeddable":true,"href":"https:\/\/www.visit-ulcinj.com\/blog\/wp-json\/wp\/v2\/categories?post=1865"},{"taxonomy":"post_tag","embeddable":true,"href":"https:\/\/www.visit-ulcinj.com\/blog\/wp-json\/wp\/v2\/tags?post=1865"}],"curies":[{"name":"wp","href":"https:\/\/api.w.org\/{rel}","templated":true}]}}