{"id":18655,"date":"2009-04-21T18:59:49","date_gmt":"2009-04-21T16:59:49","guid":{"rendered":"http:\/\/www.visit-ulcinj.com\/blog\/?p=18655"},"modified":"2009-04-21T18:59:49","modified_gmt":"2009-04-21T16:59:49","slug":"dafina-qe-po-thur-kuroren-e-lavdise","status":"publish","type":"post","link":"https:\/\/www.visit-ulcinj.com\/blog\/2009\/04\/21\/dafina-qe-po-thur-kuroren-e-lavdise\/","title":{"rendered":"Dafina q\u00eb po thur kuror\u00ebn e lavdis\u00eb!"},"content":{"rendered":"<p><strong><a href=\"http:\/\/www.visit-ulcinj.com\/blog\/wp-content\/uploads\/2009\/04\/dafina-zeqiri1.jpg\"><img loading=\"lazy\" class=\"alignleft size-full wp-image-18656\" title=\"dafina-zeqiri1\" src=\"http:\/\/www.visit-ulcinj.com\/blog\/wp-content\/uploads\/2009\/04\/dafina-zeqiri1.jpg\" alt=\"dafina-zeqiri1\" width=\"299\" height=\"526\" \/><\/a>K\u00ebng\u00ebtarja e re dhe e talentuar, Dafina Zeqiri, po arrin suksese n\u00eb shum\u00eb fronte, qoft\u00eb n\u00eb muzik\u00eb, vall\u00ebzim, por edhe n\u00eb modeliz\u00ebm. Ajo, qysh tashti po ia thur\u00eb vetes kuror\u00ebn e lavdis\u00eb. Me sharmin dhe vullnetin e \u00e7elnik\u00ebt, ajo qysh n\u00eb fillim t\u00eb karrier\u00ebs artistike, po d\u00ebshmon se n\u00eb muzik\u00ebn ton\u00eb po vjen nj\u00eb z\u00eb i bukur dhe me perspektiv\u00eb t\u00eb madhe.<\/strong><\/p>\n<p><strong><em>Intervistoi: Gazmend Kajtazi<\/em><\/strong><\/p>\n<p>Llapjanka ekstravagante dhe e bukur Dafin\u00eb, karrier\u00ebn e kishte filluar n\u00eb \u201cPolifest 2007\u201d me k\u00ebng\u00ebn \u201cRrall\u00eb e p\u00ebrmall\u201d, kurse m\u00eb von\u00eb ka qen\u00eb n\u00eb \u201cGramafon entertainment\u201d, t\u00eb cilin e braktis m\u00eb pas, duke vazhduar karrier\u00ebn individualisht\u2026Me k\u00ebng\u00ebt \u201cPa bes\u00eb\u201d, \u201cHello Amerika\u201d, \u201cRrall\u00eb e p\u00ebr mall\u201d, e k\u00ebng\u00eb t\u00eb tjera, Dafina Zeqiri po dep\u00ebrton fuqish\u00ebm n\u00eb estrad\u00ebn ton\u00eb, duke fituar edhe shum\u00eb \u00e7mime t\u00eb r\u00ebnd\u00ebsishme.<\/p>\n<p><strong>Dafina, pse ka ardhur k\u00ebnga \u2018\u201dPa bes\u00eb\u201d. \u00cbsht\u00eb nj\u00eb zhg\u00ebnjim yti n\u00eb dik\u00eb, apo?<\/strong><\/p>\n<p>Thjesht\u00eb, k\u00ebshtu \u00ebsht\u00eb k\u00ebnga, nuk jam e zhg\u00ebnjyer n\u00eb ask\u00ebnd.<\/p>\n<p><strong>\u00c7ka paraqet k\u00ebnga p\u00ebr ju?<\/strong><\/p>\n<p>K\u00ebnga p\u00ebr mua \u00ebsht\u00eb gjith\u00e7ka, jeta ime \u00ebsht\u00eb vet muzika dhe normalisht vall\u00ebzimi,<\/p>\n<p><strong>Kujt ia dedikoni suksesin n\u00eb sken\u00eb? <a href=\"http:\/\/www.visit-ulcinj.com\/blog\/wp-content\/uploads\/2009\/04\/dafina-zeqiri.jpg\"><img loading=\"lazy\" class=\"alignright size-full wp-image-18657\" title=\"dafina-zeqiri\" src=\"http:\/\/www.visit-ulcinj.com\/blog\/wp-content\/uploads\/2009\/04\/dafina-zeqiri.jpg\" alt=\"dafina-zeqiri\" width=\"290\" height=\"526\" \/><\/a><\/strong><\/p>\n<p>S\u00eb pari vetes dhe, normalisht mamit (ka qen\u00eb edhe ajo dikur k\u00ebng\u00ebtare).<\/p>\n<p><strong>A i kushtoni kujdes dukjes dhe veshjes?<\/strong><\/p>\n<p>Normal q\u00eb i kushtoj shum\u00eb vetes p\u00ebr dukjes dhe veshjes sime, s\u00eb pari si fem\u00ebr dhe pastaj si k\u00ebng\u00ebtare.<\/p>\n<p><strong>Po p\u00ebr grimin kush kujdeset? <\/strong><\/p>\n<p>P\u00ebr dukjen time (grimin) kujdesem vet, por ndonj\u00ebher\u00eb, n\u00eb raste t\u00eb ve\u00e7anta, p\u00ebrkujdesen grimere t\u00eb ndryshme.<\/p>\n<p><strong>Sa po arrini ta p\u00ebrcillni trendin bot\u00ebror?<\/strong><\/p>\n<p>Mundohem sa m\u00eb shum\u00eb t\u2019i p\u00ebrcjelli trend\u00ebt bot\u00ebror, k\u00ebt\u00eb e vler\u00ebsojn\u00eb edhe adhuruesit e mi.<\/p>\n<p><strong>Cili ka qen\u00eb harxhimi i fundit dhe m\u00eb i madh p\u00ebr veshje?<\/strong><\/p>\n<p><a href=\"http:\/\/www.visit-ulcinj.com\/blog\/wp-content\/uploads\/2009\/04\/dafina-zeqiri2.jpg\"><img loading=\"lazy\" class=\"alignleft size-full wp-image-18658\" title=\"dafina-zeqiri2\" src=\"http:\/\/www.visit-ulcinj.com\/blog\/wp-content\/uploads\/2009\/04\/dafina-zeqiri2.jpg\" alt=\"dafina-zeqiri2\" width=\"299\" height=\"528\" \/><\/a>K\u00ebpuc\u00ebt e mija (gladiator shoes) t\u00eb cilat kan\u00eb qen\u00eb mjaft\u00eb t\u00eb shtrenjta.<\/p>\n<p><strong>Jeni shum\u00eb e angazhuar, a keni koh\u00eb t\u00eb lir\u00eb dhe si e kaloni at\u00eb?<\/strong><\/p>\n<p>Gjej koh\u00eb t\u00eb lir\u00eb dhe at\u00eb ia p\u00ebrkushtoj familjes sime n\u00eb Suedi dhe n\u00eb Kosov\u00eb. Po ashtu, nj\u00eb pjes\u00eb t\u00eb koh\u00ebs ia p\u00ebrkushtoj edhe shoq\u00ebris\u00eb sime.<\/p>\n<p><strong>A po troket dikush n\u00eb port\u00ebn t\u00ebnde t\u00eb dashuris\u00eb?<\/strong><\/p>\n<p>Kam d\u00ebshir\u00eb ta kem jet\u00ebn time private.<\/p>\n<p><strong>A keni n\u00eb plan ndonj\u00eb videoklip t\u00eb ri?<\/strong><\/p>\n<p>Po, s\u00eb shpejti do ta kem nj\u00eb videoklip t\u00eb ri t\u00eb cilin do ta realizoj produksioni \u201cPulla\u201d.<\/p>\n<p><strong>Cila \u00ebsht\u00eb brenga juaj e p\u00ebrditshme?<\/strong><\/p>\n<p>Brenga ime e vetme \u00ebsht\u00eb q\u00eb ta kem familjen time m\u00eb af\u00ebr vetes.<\/p>\n<p><strong>Sa e p\u00eblqen jet\u00ebn e nat\u00ebs?<\/strong><\/p>\n<p>E p\u00eblqej vet\u00ebm n\u00eb raste t\u00eb ve\u00e7anta me shoq\u00ebrin\u00eb time.<\/p>\n<p><strong>Cila \u00ebsht\u00eb ajo q\u00eb m\u00eb s\u00eb shumti e vler\u00ebsoni tek vetja?<\/strong><\/p>\n<p>Karakteri.<\/p>\n<p><strong>Jeni n\u00eb faz\u00ebn m\u00eb t\u00eb mir\u00eb krijuese. \u00c7ka presim n\u00eb nj\u00eb t\u00eb ardhme t\u00eb af\u00ebrt?<\/strong><\/p>\n<p>M\u00eb shum\u00eb suksese&#8230;<\/p>\n<p><strong>\u00c7far\u00eb muzike d\u00ebgjoni p\u00ebr qejfin tuaj?<\/strong><br \/>\nRnB &#8211; hip-hop<\/p>\n<p><strong>\u00c7far\u00eb e b\u00ebn t\u00eb lumtur dhe \u00e7far\u00eb e nervozon Dafin\u00ebn?<\/strong><\/p>\n<p>Njer\u00ebzit q\u00eb i kam p\u00ebrreth m\u00eb b\u00ebjn\u00eb t\u00eb lumtur, nd\u00ebrsa gj\u00ebrat q\u00eb m\u00eb b\u00ebjn\u00eb nervoz jan\u00eb shum\u00eb t\u00eb pakta.<\/p>\n<p><strong>A keni \u00ebnd\u00ebrruar t\u00eb b\u00ebheni VIP nj\u00eb dit\u00eb?<\/strong><\/p>\n<p>Kur kam qen\u00eb e vog\u00ebl kam \u00ebnd\u00ebrruar t\u00eb jem nj\u00eb Vip bot\u00ebror, sikurse secili krijues tjet\u00ebr.<\/p>\n<p><strong>Kush e p\u00ebrb\u00ebn familjen t\u00ebnde?<\/strong><\/p>\n<p>Jan\u00eb mami dhe dy motrat e mia q\u00eb i dua shum\u00eb.<\/p>\n<p><strong>Udh\u00ebtoni vet\u00ebm apo m\u00eb dik\u00ebnd?<a href=\"http:\/\/www.visit-ulcinj.com\/blog\/wp-content\/uploads\/2009\/04\/dafina-zeqiri3.jpg\"><img loading=\"lazy\" class=\"alignright size-full wp-image-18659\" title=\"dafina-zeqiri3\" src=\"http:\/\/www.visit-ulcinj.com\/blog\/wp-content\/uploads\/2009\/04\/dafina-zeqiri3.jpg\" alt=\"dafina-zeqiri3\" width=\"268\" height=\"487\" \/><\/a><\/strong><\/p>\n<p>Gjithmon\u00eb me dik\u00ebnd, por vizitat n\u00eb Suedi, te familja ime, i b\u00ebj vet\u00ebm.<\/p>\n<p><strong>A jeni xheloze?<\/strong><\/p>\n<p>Aspak.<\/p>\n<p><strong>I ke realizuar d\u00ebshirat?<\/strong><\/p>\n<p>Po , besoj q\u00eb deri m\u00eb tani i kam realizuar d\u00ebshirat e mia, por ende jo t\u00eb gjitha!<\/p>\n<p><strong>Si duket nj\u00eb dit\u00eb e juaja? <\/strong><\/p>\n<p>Normal, si e gjith\u00eb t\u00eb tjer\u00ebve, por edhe kam pun\u00eb me muzik\u00eb n\u00eb studio (incizime, etj).<\/p>\n<p><strong>Porosia juaj p\u00ebr t\u00eb rejat tona?<\/strong><\/p>\n<p>Shkoni mbas \u00ebndrrave tuaja (Follow ur dreams)!<\/p>\n<p><strong>VIP Press<\/strong><\/p>\n<p><strong><!--YouTube Error: bad URL entered--><br \/>\n<\/strong><\/p>\n","protected":false},"excerpt":{"rendered":"<p>K\u00ebng\u00ebtarja e re dhe e talentuar, Dafina Zeqiri, po arrin suksese n\u00eb shum\u00eb fronte, qoft\u00eb n\u00eb muzik\u00eb, vall\u00ebzim, por edhe n\u00eb modeliz\u00ebm. Ajo, qysh tashti po ia thur\u00eb vetes kuror\u00ebn e lavdis\u00eb. Me sharmin dhe vullnetin e \u00e7elnik\u00ebt, ajo qysh n\u00eb fillim t\u00eb karrier\u00ebs artistike, po d\u00ebshmon se n\u00eb muzik\u00ebn ton\u00eb po vjen nj\u00eb z\u00eb [&hellip;]<\/p>\n","protected":false},"author":1,"featured_media":0,"comment_status":"open","ping_status":"closed","sticky":false,"template":"","format":"standard","meta":{"spay_email":"","jetpack_publicize_message":"","jetpack_is_tweetstorm":false,"jetpack_publicize_feature_enabled":true},"categories":[1],"tags":[9440,4926],"jetpack_publicize_connections":[],"yoast_head":"<!-- This site is optimized with the Yoast SEO plugin v19.1 - https:\/\/yoast.com\/wordpress\/plugins\/seo\/ -->\n<title>Dafina q\u00eb po thur kuror\u00ebn e lavdis\u00eb! - Lajme nga Ulqini<\/title>\n<meta name=\"description\" content=\"K\u00ebng\u00ebtarja e re dhe e talentuar, Dafina Zeqiri, po arrin suksese n\u00eb shum\u00eb fronte, qoft\u00eb n\u00eb muzik\u00eb, vall\u00ebzim, por edhe n\u00eb modeliz\u00ebm. Ajo, qysh tashti po ia\" \/>\n<meta name=\"robots\" content=\"index, follow, max-snippet:-1, max-image-preview:large, max-video-preview:-1\" \/>\n<link rel=\"canonical\" href=\"https:\/\/www.visit-ulcinj.com\/blog\/2009\/04\/21\/dafina-qe-po-thur-kuroren-e-lavdise\/\" \/>\n<meta property=\"og:locale\" content=\"en_US\" \/>\n<meta property=\"og:type\" content=\"article\" \/>\n<meta property=\"og:title\" content=\"Dafina q\u00eb po thur kuror\u00ebn e lavdis\u00eb! - Lajme nga Ulqini\" \/>\n<meta property=\"og:description\" content=\"K\u00ebng\u00ebtarja e re dhe e talentuar, Dafina Zeqiri, po arrin suksese n\u00eb shum\u00eb fronte, qoft\u00eb n\u00eb muzik\u00eb, vall\u00ebzim, por edhe n\u00eb modeliz\u00ebm. Ajo, qysh tashti po ia\" \/>\n<meta property=\"og:url\" content=\"https:\/\/www.visit-ulcinj.com\/blog\/2009\/04\/21\/dafina-qe-po-thur-kuroren-e-lavdise\/\" \/>\n<meta property=\"og:site_name\" content=\"Lajme nga Ulqini\" \/>\n<meta property=\"article:published_time\" content=\"2009-04-21T16:59:49+00:00\" \/>\n<meta property=\"og:image\" content=\"http:\/\/www.visit-ulcinj.com\/blog\/wp-content\/uploads\/2009\/04\/dafina-zeqiri1.jpg\" \/>\n<meta name=\"twitter:label1\" content=\"Written by\" \/>\n\t<meta name=\"twitter:data1\" content=\"ulqini\" \/>\n\t<meta name=\"twitter:label2\" content=\"Est. reading time\" \/>\n\t<meta name=\"twitter:data2\" content=\"4 minutes\" \/>\n<script type=\"application\/ld+json\" class=\"yoast-schema-graph\">{\"@context\":\"https:\/\/schema.org\",\"@graph\":[{\"@type\":\"WebSite\",\"@id\":\"https:\/\/www.visit-ulcinj.com\/blog\/#website\",\"url\":\"https:\/\/www.visit-ulcinj.com\/blog\/\",\"name\":\"Lajme nga Ulqini\",\"description\":\"Lajme,Vijesti,Ulqini,Ulqin,Crna Gora,Mali i Zi\",\"potentialAction\":[{\"@type\":\"SearchAction\",\"target\":{\"@type\":\"EntryPoint\",\"urlTemplate\":\"https:\/\/www.visit-ulcinj.com\/blog\/?s={search_term_string}\"},\"query-input\":\"required name=search_term_string\"}],\"inLanguage\":\"en-US\"},{\"@type\":\"ImageObject\",\"inLanguage\":\"en-US\",\"@id\":\"https:\/\/www.visit-ulcinj.com\/blog\/2009\/04\/21\/dafina-qe-po-thur-kuroren-e-lavdise\/#primaryimage\",\"url\":\"http:\/\/www.visit-ulcinj.com\/blog\/wp-content\/uploads\/2009\/04\/dafina-zeqiri1.jpg\",\"contentUrl\":\"http:\/\/www.visit-ulcinj.com\/blog\/wp-content\/uploads\/2009\/04\/dafina-zeqiri1.jpg\"},{\"@type\":\"WebPage\",\"@id\":\"https:\/\/www.visit-ulcinj.com\/blog\/2009\/04\/21\/dafina-qe-po-thur-kuroren-e-lavdise\/#webpage\",\"url\":\"https:\/\/www.visit-ulcinj.com\/blog\/2009\/04\/21\/dafina-qe-po-thur-kuroren-e-lavdise\/\",\"name\":\"Dafina q\u00eb po thur kuror\u00ebn e lavdis\u00eb! - Lajme nga Ulqini\",\"isPartOf\":{\"@id\":\"https:\/\/www.visit-ulcinj.com\/blog\/#website\"},\"primaryImageOfPage\":{\"@id\":\"https:\/\/www.visit-ulcinj.com\/blog\/2009\/04\/21\/dafina-qe-po-thur-kuroren-e-lavdise\/#primaryimage\"},\"datePublished\":\"2009-04-21T16:59:49+00:00\",\"dateModified\":\"2009-04-21T16:59:49+00:00\",\"author\":{\"@id\":\"https:\/\/www.visit-ulcinj.com\/blog\/#\/schema\/person\/dcab619c614d3038751c63bc2aadc06d\"},\"description\":\"K\u00ebng\u00ebtarja e re dhe e talentuar, Dafina Zeqiri, po arrin suksese n\u00eb shum\u00eb fronte, qoft\u00eb n\u00eb muzik\u00eb, vall\u00ebzim, por edhe n\u00eb modeliz\u00ebm. Ajo, qysh tashti po ia\",\"breadcrumb\":{\"@id\":\"https:\/\/www.visit-ulcinj.com\/blog\/2009\/04\/21\/dafina-qe-po-thur-kuroren-e-lavdise\/#breadcrumb\"},\"inLanguage\":\"en-US\",\"potentialAction\":[{\"@type\":\"ReadAction\",\"target\":[\"https:\/\/www.visit-ulcinj.com\/blog\/2009\/04\/21\/dafina-qe-po-thur-kuroren-e-lavdise\/\"]}]},{\"@type\":\"BreadcrumbList\",\"@id\":\"https:\/\/www.visit-ulcinj.com\/blog\/2009\/04\/21\/dafina-qe-po-thur-kuroren-e-lavdise\/#breadcrumb\",\"itemListElement\":[{\"@type\":\"ListItem\",\"position\":1,\"name\":\"Dafina q\u00eb po thur kuror\u00ebn e lavdis\u00eb!\"}]},{\"@type\":\"Person\",\"@id\":\"https:\/\/www.visit-ulcinj.com\/blog\/#\/schema\/person\/dcab619c614d3038751c63bc2aadc06d\",\"name\":\"ulqini\",\"sameAs\":[\"http:\/\/www.visit-ulcinj.com\"],\"url\":\"https:\/\/www.visit-ulcinj.com\/blog\/author\/admin\/\"}]}<\/script>\n<!-- \/ Yoast SEO plugin. -->","yoast_head_json":{"title":"Dafina q\u00eb po thur kuror\u00ebn e lavdis\u00eb! - Lajme nga Ulqini","description":"K\u00ebng\u00ebtarja e re dhe e talentuar, Dafina Zeqiri, po arrin suksese n\u00eb shum\u00eb fronte, qoft\u00eb n\u00eb muzik\u00eb, vall\u00ebzim, por edhe n\u00eb modeliz\u00ebm. Ajo, qysh tashti po ia","robots":{"index":"index","follow":"follow","max-snippet":"max-snippet:-1","max-image-preview":"max-image-preview:large","max-video-preview":"max-video-preview:-1"},"canonical":"https:\/\/www.visit-ulcinj.com\/blog\/2009\/04\/21\/dafina-qe-po-thur-kuroren-e-lavdise\/","og_locale":"en_US","og_type":"article","og_title":"Dafina q\u00eb po thur kuror\u00ebn e lavdis\u00eb! - Lajme nga Ulqini","og_description":"K\u00ebng\u00ebtarja e re dhe e talentuar, Dafina Zeqiri, po arrin suksese n\u00eb shum\u00eb fronte, qoft\u00eb n\u00eb muzik\u00eb, vall\u00ebzim, por edhe n\u00eb modeliz\u00ebm. Ajo, qysh tashti po ia","og_url":"https:\/\/www.visit-ulcinj.com\/blog\/2009\/04\/21\/dafina-qe-po-thur-kuroren-e-lavdise\/","og_site_name":"Lajme nga Ulqini","article_published_time":"2009-04-21T16:59:49+00:00","og_image":[{"url":"http:\/\/www.visit-ulcinj.com\/blog\/wp-content\/uploads\/2009\/04\/dafina-zeqiri1.jpg"}],"twitter_misc":{"Written by":"ulqini","Est. reading time":"4 minutes"},"schema":{"@context":"https:\/\/schema.org","@graph":[{"@type":"WebSite","@id":"https:\/\/www.visit-ulcinj.com\/blog\/#website","url":"https:\/\/www.visit-ulcinj.com\/blog\/","name":"Lajme nga Ulqini","description":"Lajme,Vijesti,Ulqini,Ulqin,Crna Gora,Mali i Zi","potentialAction":[{"@type":"SearchAction","target":{"@type":"EntryPoint","urlTemplate":"https:\/\/www.visit-ulcinj.com\/blog\/?s={search_term_string}"},"query-input":"required name=search_term_string"}],"inLanguage":"en-US"},{"@type":"ImageObject","inLanguage":"en-US","@id":"https:\/\/www.visit-ulcinj.com\/blog\/2009\/04\/21\/dafina-qe-po-thur-kuroren-e-lavdise\/#primaryimage","url":"http:\/\/www.visit-ulcinj.com\/blog\/wp-content\/uploads\/2009\/04\/dafina-zeqiri1.jpg","contentUrl":"http:\/\/www.visit-ulcinj.com\/blog\/wp-content\/uploads\/2009\/04\/dafina-zeqiri1.jpg"},{"@type":"WebPage","@id":"https:\/\/www.visit-ulcinj.com\/blog\/2009\/04\/21\/dafina-qe-po-thur-kuroren-e-lavdise\/#webpage","url":"https:\/\/www.visit-ulcinj.com\/blog\/2009\/04\/21\/dafina-qe-po-thur-kuroren-e-lavdise\/","name":"Dafina q\u00eb po thur kuror\u00ebn e lavdis\u00eb! - Lajme nga Ulqini","isPartOf":{"@id":"https:\/\/www.visit-ulcinj.com\/blog\/#website"},"primaryImageOfPage":{"@id":"https:\/\/www.visit-ulcinj.com\/blog\/2009\/04\/21\/dafina-qe-po-thur-kuroren-e-lavdise\/#primaryimage"},"datePublished":"2009-04-21T16:59:49+00:00","dateModified":"2009-04-21T16:59:49+00:00","author":{"@id":"https:\/\/www.visit-ulcinj.com\/blog\/#\/schema\/person\/dcab619c614d3038751c63bc2aadc06d"},"description":"K\u00ebng\u00ebtarja e re dhe e talentuar, Dafina Zeqiri, po arrin suksese n\u00eb shum\u00eb fronte, qoft\u00eb n\u00eb muzik\u00eb, vall\u00ebzim, por edhe n\u00eb modeliz\u00ebm. Ajo, qysh tashti po ia","breadcrumb":{"@id":"https:\/\/www.visit-ulcinj.com\/blog\/2009\/04\/21\/dafina-qe-po-thur-kuroren-e-lavdise\/#breadcrumb"},"inLanguage":"en-US","potentialAction":[{"@type":"ReadAction","target":["https:\/\/www.visit-ulcinj.com\/blog\/2009\/04\/21\/dafina-qe-po-thur-kuroren-e-lavdise\/"]}]},{"@type":"BreadcrumbList","@id":"https:\/\/www.visit-ulcinj.com\/blog\/2009\/04\/21\/dafina-qe-po-thur-kuroren-e-lavdise\/#breadcrumb","itemListElement":[{"@type":"ListItem","position":1,"name":"Dafina q\u00eb po thur kuror\u00ebn e lavdis\u00eb!"}]},{"@type":"Person","@id":"https:\/\/www.visit-ulcinj.com\/blog\/#\/schema\/person\/dcab619c614d3038751c63bc2aadc06d","name":"ulqini","sameAs":["http:\/\/www.visit-ulcinj.com"],"url":"https:\/\/www.visit-ulcinj.com\/blog\/author\/admin\/"}]}},"jetpack_featured_media_url":"","jetpack_sharing_enabled":true,"jetpack_shortlink":"https:\/\/wp.me\/pe6lTn-4QT","_links":{"self":[{"href":"https:\/\/www.visit-ulcinj.com\/blog\/wp-json\/wp\/v2\/posts\/18655"}],"collection":[{"href":"https:\/\/www.visit-ulcinj.com\/blog\/wp-json\/wp\/v2\/posts"}],"about":[{"href":"https:\/\/www.visit-ulcinj.com\/blog\/wp-json\/wp\/v2\/types\/post"}],"author":[{"embeddable":true,"href":"https:\/\/www.visit-ulcinj.com\/blog\/wp-json\/wp\/v2\/users\/1"}],"replies":[{"embeddable":true,"href":"https:\/\/www.visit-ulcinj.com\/blog\/wp-json\/wp\/v2\/comments?post=18655"}],"version-history":[{"count":0,"href":"https:\/\/www.visit-ulcinj.com\/blog\/wp-json\/wp\/v2\/posts\/18655\/revisions"}],"wp:attachment":[{"href":"https:\/\/www.visit-ulcinj.com\/blog\/wp-json\/wp\/v2\/media?parent=18655"}],"wp:term":[{"taxonomy":"category","embeddable":true,"href":"https:\/\/www.visit-ulcinj.com\/blog\/wp-json\/wp\/v2\/categories?post=18655"},{"taxonomy":"post_tag","embeddable":true,"href":"https:\/\/www.visit-ulcinj.com\/blog\/wp-json\/wp\/v2\/tags?post=18655"}],"curies":[{"name":"wp","href":"https:\/\/api.w.org\/{rel}","templated":true}]}}