{"id":18669,"date":"2009-04-21T19:53:57","date_gmt":"2009-04-21T17:53:57","guid":{"rendered":"http:\/\/www.visit-ulcinj.com\/blog\/?p=18669"},"modified":"2009-04-21T20:02:26","modified_gmt":"2009-04-21T18:02:26","slug":"yllka-gashi-flet-per-adoleshencen-e-saj","status":"publish","type":"post","link":"https:\/\/www.visit-ulcinj.com\/blog\/2009\/04\/21\/yllka-gashi-flet-per-adoleshencen-e-saj\/","title":{"rendered":"Yllka Gashi flet p\u00ebr adoleshenc\u00ebn e saj"},"content":{"rendered":"<p><span style=\"color: #ff0000;\"><span style=\"color: #000000;\"><strong><a href=\"http:\/\/www.visit-ulcinj.com\/blog\/wp-content\/uploads\/2009\/04\/yllka-gashi-_aktore.jpg\"><img loading=\"lazy\" class=\"alignleft size-full wp-image-18670\" title=\"yllka-gashi-_aktore\" src=\"http:\/\/www.visit-ulcinj.com\/blog\/wp-content\/uploads\/2009\/04\/yllka-gashi-_aktore.jpg\" alt=\"yllka-gashi-_aktore\" width=\"336\" height=\"545\" \/><\/a>Gjithmon\u00eb shembullore<\/strong><\/span><strong><\/p>\n<p>\u201d Si nx\u00ebn\u00ebse shembullore q\u00eb kam qen\u00eb, m\u00eb kan\u00eb t\u00ebrhequr shum\u00eb shkencat natyrore, kam qen\u00eb gjithmon\u00eb e shk\u00eblqyeshme n\u00eb matematik\u00eb. Prandaj shpesh kam menduar q\u00eb kur t\u00eb \u201crritem\u201d do t\u00eb merrem me ndonj\u00eb profesion tjet\u00ebr,\u201d ka th\u00ebn\u00eb Yllka&#8230;<\/strong><\/span><\/p>\n<p><strong><span class=\"Subline\">Aktorja Yllka Gashi <\/span><\/strong><\/p>\n<p><strong>Yllka Gashi<\/strong>, tani aktore n\u00eb serin\u00eb \u201cFamilja moderne\u201d,\u00a0 kur ishte vajz\u00eb e re ishte e dh\u00ebn\u00eb pas m\u00ebsimit. Ka qen\u00eb nj\u00eb nx\u00ebn\u00ebse e shk\u00eblqyeshme, e interesuar p\u00ebr t\u00eb m\u00ebsuar \u00e7do gj\u00eb. Si adoleshente nuk ka menduar n\u00eb profesionin q\u00eb e zot\u00ebron sot, ndon\u00ebse ka pasur prirje p\u00ebr shkenca shoq\u00ebrore. Yllka gjat\u00eb adoleshenc\u00ebs s\u00eb saj ka p\u00ebrjetuar edhe koh\u00ebn e luft\u00ebs, t\u00eb cil\u00ebn e ka kaluar me mjaft v\u00ebshtir\u00ebsi. Momentet m\u00eb t\u00eb v\u00ebshtira ajo i kujton kur shqiptar\u00ebt u d\u00ebbuan nga sht\u00ebpit\u00eb, nd\u00ebrsa moment m\u00eb t\u00eb lumtur p\u00ebr t\u00eb ka qen\u00eb kthimi pas p\u00ebrfundimit t\u00eb luft\u00ebs n\u00eb sht\u00ebpin\u00eb e saj. M\u00eb shum\u00eb rreth adoleshenc\u00ebs s\u00eb saj, Yllka Gashi flet p\u00ebr \u201cKosov\u00ebn Sot\u201d.<\/p>\n<p><strong><\/p>\n<p>M\u00eb shum\u00eb shok\u00eb se shoqe<\/strong><\/p>\n<p><strong>\u201cKosova Sot\u201d:<\/strong> Si e kujtoni koh\u00ebn kur keni qen\u00eb adoleshente?<\/p>\n<p><strong>Yllka Gashi: <\/strong>Tash m\u00eb qeshet me shum\u00eb gj\u00ebra q\u00eb kam mundur t\u2019i b\u00ebj apo t\u2019i mendoj n\u00eb at\u00eb koh\u00eb. Koh\u00ebn e adoleshenc\u00ebs e kujtoj si faz\u00eb shum\u00eb t\u00eb mir\u00eb n\u00eb jet\u00ebn time, kur kam filluar t\u00eb formoj personalitetin tim, bindjet e mia\u00a0 si dhe t\u00eb formoj rrethin dhe shoq\u00ebrin\u00eb time.<\/p>\n<p><a href=\"http:\/\/www.visit-ulcinj.com\/blog\/wp-content\/uploads\/2009\/04\/yllka-gashi-_familja-moderne.jpg\"><img loading=\"lazy\" class=\"alignleft size-full wp-image-18671\" title=\"yllka-gashi-_familja-moderne\" src=\"http:\/\/www.visit-ulcinj.com\/blog\/wp-content\/uploads\/2009\/04\/yllka-gashi-_familja-moderne.jpg\" alt=\"yllka-gashi-_familja-moderne\" width=\"570\" height=\"350\" \/><\/a><\/p>\n<p><strong>\u201cKosova Sot\u201d:<\/strong> Sa jeni shoq\u00ebruar dhe me cil\u00ebn shoqe apo shok keni q\u00ebndruar m\u00eb shum\u00eb?<\/p>\n<p><strong>Yllka Gashi: <\/strong>Un\u00eb ndjehem me shum\u00eb fat q\u00eb kam tri motra m\u00eb t\u00eb m\u00ebdha se un\u00eb, t\u00eb cilat gjithmon\u00eb i kam pasur shoqet m\u00eb t\u00eb mira. Megjithat\u00eb, gjat\u00eb adoleshenc\u00ebs jam shoq\u00ebruar me shum\u00eb njer\u00ebz t\u00eb moshave dhe t\u00eb profileve t\u00eb ndryshme. Si n\u00eb f\u00ebmij\u00ebri po ashtu edhe gjat\u00eb adoleshenc\u00ebs m\u00eb shum\u00eb kam pasur shok\u00eb sesa shoqe.<\/p>\n<p><strong><\/p>\n<p>\u201cKosova Sot\u201d:<\/strong> \u00c7\u2019nx\u00ebn\u00ebse keni qen\u00eb?<\/p>\n<p><strong>Yllka Gashi:<\/strong> Kam qen\u00eb nx\u00ebn\u00ebse e shk\u00eblqyeshme. Isha shembullore, notat i kam pasur t\u00eb gjitha pesa. Gjithmon\u00eb shembullore!<\/p>\n<p><strong>\u201cKosova Sot\u201d: <\/strong>At\u00ebbot\u00eb, ku e keni kaluar koh\u00ebn e lir\u00eb?<a href=\"http:\/\/www.visit-ulcinj.com\/blog\/wp-content\/uploads\/2009\/04\/yllka-gashi-_familja-moderne1.jpg\"><img loading=\"lazy\" class=\"alignleft size-full wp-image-18672\" title=\"yllka-gashi-_familja-moderne1\" src=\"http:\/\/www.visit-ulcinj.com\/blog\/wp-content\/uploads\/2009\/04\/yllka-gashi-_familja-moderne1.jpg\" alt=\"yllka-gashi-_familja-moderne1\" width=\"318\" height=\"687\" \/><\/a><\/p>\n<p><strong>Yllka Gashi:<\/strong> Adoleshenca ime dhe e gjenerat\u00ebs sime ka kaluar n\u00ebp\u00ebr nj\u00eb faz\u00eb kur Kosova ishte n\u00ebn presion t\u00eb tmerrsh\u00ebm politik t\u00eb Serbis\u00eb, kur prind\u00ebrit tan\u00eb ishin larguar me dhun\u00eb nga vendet e tyre t\u00eb pun\u00ebs dhe kushtet ekonomike ishin shum\u00eb t\u00eb v\u00ebshtira. Prandaj, koh\u00ebn e lir\u00eb kryesisht e kam kaluar n\u00eb sht\u00ebpi duke lexuar, sepse at\u00ebher\u00eb interneti dhe k\u00ebto p\u00ebrpar\u00ebsit\u00eb e koh\u00ebs s\u00eb sotme p\u00ebr ne nuk ekzistonin. M\u00eb kujtohen ndejat q\u00eb u b\u00ebnin n\u00ebp\u00ebr sht\u00ebpi t\u00eb shok\u00ebve t\u00eb mi, t\u00eb cilat ishin jasht\u00ebzakonisht t\u00eb hareshme dhe t\u00eb paharruara p\u00ebr mua!<\/p>\n<p><strong><\/p>\n<p>\u201cKosova Sot\u201d:<\/strong> Ku i keni kaluar pushimet?<\/p>\n<p><strong>Yllka Gashi:<\/strong> Hahaha. N\u00eb Ulqin!<\/p>\n<p><strong>\u201cKosova Sot\u201d<\/strong>: Me \u00e7far\u00eb problemesh jeni ballafaquar n\u00eb at\u00eb mosh\u00eb?<\/p>\n<p><strong>Yllka Gashi:<\/strong> Ballafaqoheshim me shkollat e ndara, pastaj me shkollat \u201csht\u00ebpi\u201d si dhe me atmosfer\u00ebn e luft\u00ebs q\u00eb arrinte gradualisht.<\/p>\n<p><strong>Rikthimi n\u00eb sht\u00ebpi,momenti m\u00eb i lumtur<\/strong><\/p>\n<p><strong>\u201cKosova Sot\u201d:<\/strong> A keni menduar n\u00eb karrier\u00ebn t\u00eb cil\u00ebn e keni arritur sot?<\/p>\n<p><strong>Yllka Gashi:<\/strong> Jo edhe aq. Si nx\u00ebn\u00ebse shembullore q\u00eb kam qen\u00eb m\u00eb kan\u00eb t\u00ebrhequr shum\u00eb shkencat natyrore, kam qen\u00eb gjithmon\u00eb e shk\u00eblqyeshme n\u00eb matematik\u00eb. Prandaj shpesh kam menduar q\u00eb kur t\u00eb \u201crritem\u201d do t\u00eb merrem me ndonj\u00eb profesion tjet\u00ebr.<\/p>\n<p><strong><\/p>\n<p>\u201cKosova Sot\u201d:<\/strong> Cili ka qen\u00eb momenti m\u00eb i lumtur dhe m\u00eb i hidhur q\u00eb e rikujtoni?<\/p>\n<p><strong>Yllka Gashi: <\/strong>Kam p\u00ebrjetuar koh\u00ebn e luft\u00ebs.<\/p>\n<p>Pra, momenti m\u00eb i hidhur ishte fillimi i luft\u00ebs dhe tmerri i t\u00eb qenit \u201cmysafir n\u00eb sht\u00ebpin\u00eb t\u00ebnde\u201d. Nd\u00ebrsa momenti m\u00eb i lumtur ishte kthimi nga \u201crefugjatll\u00ebku\u201d n\u00eb sht\u00ebpi, n\u00eb Kosov\u00ebn e lir\u00eb!<\/p>\n<p><strong>\u201cKosova Sot\u201d:<\/strong> \u00c7far\u00eb k\u00ebshille do t\u2019u kishe dh\u00ebn\u00eb adoleshent\u00ebve tan\u00eb?<\/p>\n<p><strong>Yllka Gashi: <\/strong>K\u00ebnaquni sa m\u00eb shum\u00eb. Jetoni k\u00ebto dit\u00eb me shum\u00eb dashuri e p\u00ebrkushtim, sepse nuk do t\u00eb kthehen m\u00eb!<\/p>\n<p><strong>K. Bajrami<\/p>\n<p>Kosova Sot<\/strong><\/p>\n<p><strong>1.<br \/>\n<\/strong><\/p>\n<p><strong><!--YouTube Error: bad URL entered--><\/strong><\/p>\n<p><strong>2.<\/strong><\/p>\n<p><strong><!--YouTube Error: bad URL entered--><br \/>\n<\/strong><\/p>\n<p><strong><br \/>\n<\/strong><\/p>\n","protected":false},"excerpt":{"rendered":"<p>Gjithmon\u00eb shembullore \u201d Si nx\u00ebn\u00ebse shembullore q\u00eb kam qen\u00eb, m\u00eb kan\u00eb t\u00ebrhequr shum\u00eb shkencat natyrore, kam qen\u00eb gjithmon\u00eb e shk\u00eblqyeshme n\u00eb matematik\u00eb. Prandaj shpesh kam menduar q\u00eb kur t\u00eb \u201crritem\u201d do t\u00eb merrem me ndonj\u00eb profesion tjet\u00ebr,\u201d ka th\u00ebn\u00eb Yllka&#8230; Aktorja Yllka Gashi Yllka Gashi, tani aktore n\u00eb serin\u00eb \u201cFamilja moderne\u201d,\u00a0 kur ishte vajz\u00eb e [&hellip;]<\/p>\n","protected":false},"author":1,"featured_media":0,"comment_status":"open","ping_status":"closed","sticky":false,"template":"","format":"standard","meta":{"spay_email":"","jetpack_publicize_message":"","jetpack_is_tweetstorm":false,"jetpack_publicize_feature_enabled":true},"categories":[1],"tags":[9446,9445,5251,4927],"jetpack_publicize_connections":[],"yoast_head":"<!-- This site is optimized with the Yoast SEO plugin v19.1 - https:\/\/yoast.com\/wordpress\/plugins\/seo\/ -->\n<title>Yllka Gashi flet p\u00ebr adoleshenc\u00ebn e saj - Lajme nga Ulqini<\/title>\n<meta name=\"description\" content=\"Gjithmon\u00eb shembullore \u201d Si nx\u00ebn\u00ebse shembullore q\u00eb kam qen\u00eb, m\u00eb kan\u00eb t\u00ebrhequr shum\u00eb shkencat natyrore, kam qen\u00eb gjithmon\u00eb e shk\u00eblqyeshme n\u00eb matematik\u00eb.\" \/>\n<meta name=\"robots\" content=\"index, follow, max-snippet:-1, max-image-preview:large, max-video-preview:-1\" \/>\n<link rel=\"canonical\" href=\"https:\/\/www.visit-ulcinj.com\/blog\/2009\/04\/21\/yllka-gashi-flet-per-adoleshencen-e-saj\/\" \/>\n<meta property=\"og:locale\" content=\"en_US\" \/>\n<meta property=\"og:type\" content=\"article\" \/>\n<meta property=\"og:title\" content=\"Yllka Gashi flet p\u00ebr adoleshenc\u00ebn e saj - Lajme nga Ulqini\" \/>\n<meta property=\"og:description\" content=\"Gjithmon\u00eb shembullore \u201d Si nx\u00ebn\u00ebse shembullore q\u00eb kam qen\u00eb, m\u00eb kan\u00eb t\u00ebrhequr shum\u00eb shkencat natyrore, kam qen\u00eb gjithmon\u00eb e shk\u00eblqyeshme n\u00eb matematik\u00eb.\" \/>\n<meta property=\"og:url\" content=\"https:\/\/www.visit-ulcinj.com\/blog\/2009\/04\/21\/yllka-gashi-flet-per-adoleshencen-e-saj\/\" \/>\n<meta property=\"og:site_name\" content=\"Lajme nga Ulqini\" \/>\n<meta property=\"article:published_time\" content=\"2009-04-21T17:53:57+00:00\" \/>\n<meta property=\"article:modified_time\" content=\"2009-04-21T18:02:26+00:00\" \/>\n<meta property=\"og:image\" content=\"http:\/\/www.visit-ulcinj.com\/blog\/wp-content\/uploads\/2009\/04\/yllka-gashi-_aktore.jpg\" \/>\n<meta name=\"twitter:label1\" content=\"Written by\" \/>\n\t<meta name=\"twitter:data1\" content=\"ulqini\" \/>\n\t<meta name=\"twitter:label2\" content=\"Est. reading time\" \/>\n\t<meta name=\"twitter:data2\" content=\"4 minutes\" \/>\n<script type=\"application\/ld+json\" class=\"yoast-schema-graph\">{\"@context\":\"https:\/\/schema.org\",\"@graph\":[{\"@type\":\"WebSite\",\"@id\":\"https:\/\/www.visit-ulcinj.com\/blog\/#website\",\"url\":\"https:\/\/www.visit-ulcinj.com\/blog\/\",\"name\":\"Lajme nga Ulqini\",\"description\":\"Lajme,Vijesti,Ulqini,Ulqin,Crna Gora,Mali i Zi\",\"potentialAction\":[{\"@type\":\"SearchAction\",\"target\":{\"@type\":\"EntryPoint\",\"urlTemplate\":\"https:\/\/www.visit-ulcinj.com\/blog\/?s={search_term_string}\"},\"query-input\":\"required name=search_term_string\"}],\"inLanguage\":\"en-US\"},{\"@type\":\"ImageObject\",\"inLanguage\":\"en-US\",\"@id\":\"https:\/\/www.visit-ulcinj.com\/blog\/2009\/04\/21\/yllka-gashi-flet-per-adoleshencen-e-saj\/#primaryimage\",\"url\":\"http:\/\/www.visit-ulcinj.com\/blog\/wp-content\/uploads\/2009\/04\/yllka-gashi-_aktore.jpg\",\"contentUrl\":\"http:\/\/www.visit-ulcinj.com\/blog\/wp-content\/uploads\/2009\/04\/yllka-gashi-_aktore.jpg\"},{\"@type\":\"WebPage\",\"@id\":\"https:\/\/www.visit-ulcinj.com\/blog\/2009\/04\/21\/yllka-gashi-flet-per-adoleshencen-e-saj\/#webpage\",\"url\":\"https:\/\/www.visit-ulcinj.com\/blog\/2009\/04\/21\/yllka-gashi-flet-per-adoleshencen-e-saj\/\",\"name\":\"Yllka Gashi flet p\u00ebr adoleshenc\u00ebn e saj - Lajme nga Ulqini\",\"isPartOf\":{\"@id\":\"https:\/\/www.visit-ulcinj.com\/blog\/#website\"},\"primaryImageOfPage\":{\"@id\":\"https:\/\/www.visit-ulcinj.com\/blog\/2009\/04\/21\/yllka-gashi-flet-per-adoleshencen-e-saj\/#primaryimage\"},\"datePublished\":\"2009-04-21T17:53:57+00:00\",\"dateModified\":\"2009-04-21T18:02:26+00:00\",\"author\":{\"@id\":\"https:\/\/www.visit-ulcinj.com\/blog\/#\/schema\/person\/dcab619c614d3038751c63bc2aadc06d\"},\"description\":\"Gjithmon\u00eb shembullore \u201d Si nx\u00ebn\u00ebse shembullore q\u00eb kam qen\u00eb, m\u00eb kan\u00eb t\u00ebrhequr shum\u00eb shkencat natyrore, kam qen\u00eb gjithmon\u00eb e shk\u00eblqyeshme n\u00eb matematik\u00eb.\",\"breadcrumb\":{\"@id\":\"https:\/\/www.visit-ulcinj.com\/blog\/2009\/04\/21\/yllka-gashi-flet-per-adoleshencen-e-saj\/#breadcrumb\"},\"inLanguage\":\"en-US\",\"potentialAction\":[{\"@type\":\"ReadAction\",\"target\":[\"https:\/\/www.visit-ulcinj.com\/blog\/2009\/04\/21\/yllka-gashi-flet-per-adoleshencen-e-saj\/\"]}]},{\"@type\":\"BreadcrumbList\",\"@id\":\"https:\/\/www.visit-ulcinj.com\/blog\/2009\/04\/21\/yllka-gashi-flet-per-adoleshencen-e-saj\/#breadcrumb\",\"itemListElement\":[{\"@type\":\"ListItem\",\"position\":1,\"name\":\"Yllka Gashi flet p\u00ebr adoleshenc\u00ebn e saj\"}]},{\"@type\":\"Person\",\"@id\":\"https:\/\/www.visit-ulcinj.com\/blog\/#\/schema\/person\/dcab619c614d3038751c63bc2aadc06d\",\"name\":\"ulqini\",\"sameAs\":[\"http:\/\/www.visit-ulcinj.com\"],\"url\":\"https:\/\/www.visit-ulcinj.com\/blog\/author\/admin\/\"}]}<\/script>\n<!-- \/ Yoast SEO plugin. -->","yoast_head_json":{"title":"Yllka Gashi flet p\u00ebr adoleshenc\u00ebn e saj - Lajme nga Ulqini","description":"Gjithmon\u00eb shembullore \u201d Si nx\u00ebn\u00ebse shembullore q\u00eb kam qen\u00eb, m\u00eb kan\u00eb t\u00ebrhequr shum\u00eb shkencat natyrore, kam qen\u00eb gjithmon\u00eb e shk\u00eblqyeshme n\u00eb matematik\u00eb.","robots":{"index":"index","follow":"follow","max-snippet":"max-snippet:-1","max-image-preview":"max-image-preview:large","max-video-preview":"max-video-preview:-1"},"canonical":"https:\/\/www.visit-ulcinj.com\/blog\/2009\/04\/21\/yllka-gashi-flet-per-adoleshencen-e-saj\/","og_locale":"en_US","og_type":"article","og_title":"Yllka Gashi flet p\u00ebr adoleshenc\u00ebn e saj - Lajme nga Ulqini","og_description":"Gjithmon\u00eb shembullore \u201d Si nx\u00ebn\u00ebse shembullore q\u00eb kam qen\u00eb, m\u00eb kan\u00eb t\u00ebrhequr shum\u00eb shkencat natyrore, kam qen\u00eb gjithmon\u00eb e shk\u00eblqyeshme n\u00eb matematik\u00eb.","og_url":"https:\/\/www.visit-ulcinj.com\/blog\/2009\/04\/21\/yllka-gashi-flet-per-adoleshencen-e-saj\/","og_site_name":"Lajme nga Ulqini","article_published_time":"2009-04-21T17:53:57+00:00","article_modified_time":"2009-04-21T18:02:26+00:00","og_image":[{"url":"http:\/\/www.visit-ulcinj.com\/blog\/wp-content\/uploads\/2009\/04\/yllka-gashi-_aktore.jpg"}],"twitter_misc":{"Written by":"ulqini","Est. reading time":"4 minutes"},"schema":{"@context":"https:\/\/schema.org","@graph":[{"@type":"WebSite","@id":"https:\/\/www.visit-ulcinj.com\/blog\/#website","url":"https:\/\/www.visit-ulcinj.com\/blog\/","name":"Lajme nga Ulqini","description":"Lajme,Vijesti,Ulqini,Ulqin,Crna Gora,Mali i Zi","potentialAction":[{"@type":"SearchAction","target":{"@type":"EntryPoint","urlTemplate":"https:\/\/www.visit-ulcinj.com\/blog\/?s={search_term_string}"},"query-input":"required name=search_term_string"}],"inLanguage":"en-US"},{"@type":"ImageObject","inLanguage":"en-US","@id":"https:\/\/www.visit-ulcinj.com\/blog\/2009\/04\/21\/yllka-gashi-flet-per-adoleshencen-e-saj\/#primaryimage","url":"http:\/\/www.visit-ulcinj.com\/blog\/wp-content\/uploads\/2009\/04\/yllka-gashi-_aktore.jpg","contentUrl":"http:\/\/www.visit-ulcinj.com\/blog\/wp-content\/uploads\/2009\/04\/yllka-gashi-_aktore.jpg"},{"@type":"WebPage","@id":"https:\/\/www.visit-ulcinj.com\/blog\/2009\/04\/21\/yllka-gashi-flet-per-adoleshencen-e-saj\/#webpage","url":"https:\/\/www.visit-ulcinj.com\/blog\/2009\/04\/21\/yllka-gashi-flet-per-adoleshencen-e-saj\/","name":"Yllka Gashi flet p\u00ebr adoleshenc\u00ebn e saj - Lajme nga Ulqini","isPartOf":{"@id":"https:\/\/www.visit-ulcinj.com\/blog\/#website"},"primaryImageOfPage":{"@id":"https:\/\/www.visit-ulcinj.com\/blog\/2009\/04\/21\/yllka-gashi-flet-per-adoleshencen-e-saj\/#primaryimage"},"datePublished":"2009-04-21T17:53:57+00:00","dateModified":"2009-04-21T18:02:26+00:00","author":{"@id":"https:\/\/www.visit-ulcinj.com\/blog\/#\/schema\/person\/dcab619c614d3038751c63bc2aadc06d"},"description":"Gjithmon\u00eb shembullore \u201d Si nx\u00ebn\u00ebse shembullore q\u00eb kam qen\u00eb, m\u00eb kan\u00eb t\u00ebrhequr shum\u00eb shkencat natyrore, kam qen\u00eb gjithmon\u00eb e shk\u00eblqyeshme n\u00eb matematik\u00eb.","breadcrumb":{"@id":"https:\/\/www.visit-ulcinj.com\/blog\/2009\/04\/21\/yllka-gashi-flet-per-adoleshencen-e-saj\/#breadcrumb"},"inLanguage":"en-US","potentialAction":[{"@type":"ReadAction","target":["https:\/\/www.visit-ulcinj.com\/blog\/2009\/04\/21\/yllka-gashi-flet-per-adoleshencen-e-saj\/"]}]},{"@type":"BreadcrumbList","@id":"https:\/\/www.visit-ulcinj.com\/blog\/2009\/04\/21\/yllka-gashi-flet-per-adoleshencen-e-saj\/#breadcrumb","itemListElement":[{"@type":"ListItem","position":1,"name":"Yllka Gashi flet p\u00ebr adoleshenc\u00ebn e saj"}]},{"@type":"Person","@id":"https:\/\/www.visit-ulcinj.com\/blog\/#\/schema\/person\/dcab619c614d3038751c63bc2aadc06d","name":"ulqini","sameAs":["http:\/\/www.visit-ulcinj.com"],"url":"https:\/\/www.visit-ulcinj.com\/blog\/author\/admin\/"}]}},"jetpack_featured_media_url":"","jetpack_sharing_enabled":true,"jetpack_shortlink":"https:\/\/wp.me\/pe6lTn-4R7","_links":{"self":[{"href":"https:\/\/www.visit-ulcinj.com\/blog\/wp-json\/wp\/v2\/posts\/18669"}],"collection":[{"href":"https:\/\/www.visit-ulcinj.com\/blog\/wp-json\/wp\/v2\/posts"}],"about":[{"href":"https:\/\/www.visit-ulcinj.com\/blog\/wp-json\/wp\/v2\/types\/post"}],"author":[{"embeddable":true,"href":"https:\/\/www.visit-ulcinj.com\/blog\/wp-json\/wp\/v2\/users\/1"}],"replies":[{"embeddable":true,"href":"https:\/\/www.visit-ulcinj.com\/blog\/wp-json\/wp\/v2\/comments?post=18669"}],"version-history":[{"count":0,"href":"https:\/\/www.visit-ulcinj.com\/blog\/wp-json\/wp\/v2\/posts\/18669\/revisions"}],"wp:attachment":[{"href":"https:\/\/www.visit-ulcinj.com\/blog\/wp-json\/wp\/v2\/media?parent=18669"}],"wp:term":[{"taxonomy":"category","embeddable":true,"href":"https:\/\/www.visit-ulcinj.com\/blog\/wp-json\/wp\/v2\/categories?post=18669"},{"taxonomy":"post_tag","embeddable":true,"href":"https:\/\/www.visit-ulcinj.com\/blog\/wp-json\/wp\/v2\/tags?post=18669"}],"curies":[{"name":"wp","href":"https:\/\/api.w.org\/{rel}","templated":true}]}}